{"id":78387,"date":"2013-06-06T16:01:03","date_gmt":"2013-06-06T16:01:03","guid":{"rendered":"https:\/\/dev.president-ksgov.net\/govor-predsednice-jahjaga-na-ceremoniji-otvaranja-globalnog-samita-ena-2\/"},"modified":"2013-06-06T16:01:03","modified_gmt":"2013-06-06T16:01:03","slug":"govor-predsednice-jahjaga-na-ceremoniji-otvaranja-globalnog-samita-ena-2","status":"publish","type":"post","link":"https:\/\/president-ksgov.net\/sr\/govor-predsednice-jahjaga-na-ceremoniji-otvaranja-globalnog-samita-ena-2\/","title":{"rendered":"Govor Predsednice Jahjaga na ceremoniji otvaranja Globalnog Samita &#142;ena"},"content":{"rendered":"<p>Predsednica Republike Kosovo, gospo\u0111a Atifete Jahjaga, je prisustvovala slu&#382;benom otvaranju radova Globalnog Samita &#381;ena, gde je odr&#382;ala uvodno izlaganje, zajedno sa zamenicom predsednika Vijetnama, Nguyen Thi Doan, i premijerom Malezije, Dato&#8217; Sri Mahd Najib bin Tun Abdul Razak.<\/p>\n<p>U delegaciji Kosova u ovoj konferenciji ucestvuje i predsednica &#381;enske Privredne Komore Kosova, Aferdita Saracini-Keljmendi, te predstavnica Mre&#382;e grupa &#382;ena Kosova, Mirljinda Kusari &#8211; Purrini.<\/p>\n<p>U nastavku sledi govor Predsednice Jahjaga odr&#382;an ovom prilikom:<\/p>\n<p>Po&#353;tovane dame i gospodo,<br \/>\nUcesnici Samita,<\/p>\n<p>Imam posebnu cast i zadovoljstvo da vam se obratim, vama &#382;enama iz celog sveta, prikupljene u ovo divno mesto, i odlucne da vode napred promene koje &#382;elite da ugledate u va&#353;a dru&#353;tva, promene\u00a0 koje cine svet u kojem &#382;ivimo.<\/p>\n<p>Osecam se ponosnom kada vidim toliko hrabrih &#382;ena, koje su donele takvu hrabru odluku da preuzmu u svoje ruke njihovu sudbinu, da odlucuju o sebi i poka&#382;u celom svetu da ravnopravnost rodova nije samo moralni imperativ, nego je jedini nacin u pravcu ustrajnog razvoja na&#353;eg dru&#353;tva. <\/p>\n<p>&#381;elim cestitati organizatorima ovog divnog samita biznisa &#382;ena, koji ove godine slavi 23 godi&#353;njicu. Globalni Samit &#381;ena je ostvario jedan impresivan rad tokom ovih godina, pokazujuci da su &#382;ene kljucni pokretaci ekonomskog rasta i transformirajuci ovu platformu u glavnom globalnom dogadaju za &#382;ene preduzetnice, rezultate koje vidimo svakog dana.<\/p>\n<p>Ne uzimajuci u obzir na&#353;e poreklo, na&#353;e kretanje do postizanja vodecih polo&#382;aja u politici, na&#353; trud za osnivanje jednog biznisa ili da se naga&#382;ujemo i propagiramo ili primenimo stroga\u00a0 pravila etike i dajemo primer kako treba da se pona&#353;a jedna osoba kada na sebe stavlja odecu jednog javnog autoriteta, mi smo bile ujedinjene u na&#353;oj misiji: da jacamo &#382;ene da bi postale nosioci svoje sudbine.<\/p>\n<p>Vi ste prikazali ovu vrstu promene, vizije i rukovodenja, preko potrebne za ovo vreme. Vreme, u kojemu trebamo imati vi&#353;e ravnopravnosti, vi&#353;e mogucnosti, vi&#353;e ustrajnog pristupa prema izvorima i vi&#353;e balansiranih politika. Vreme u kome trebamo imati vi&#353;e glasa i uticaja u javnu oblast, vi&#353;e politickog predstavljanja , vi&#353;e izgleda za obezbedenje &#382;ivota za na&#353;e porodice i vecu ulogu pri osnivanju i napretku ka jednog pravednog dru&#353;tva.<\/p>\n<p>Ova platforma ideja ivizija, bolje prakse i strategije, mre&#382;a i partnerstva u kojima &#382;ene prelaze granice i razlike, krute ideologije i uske politike, govoreci sve jednoglasno, nudi jednu shemu za pobolj&#353;anje &#382;ivota svake od vas. I, s tim u vezi, va&#353;i ce &#382;ivoti uticati na &#382;ivot mnogih drugih. Jer &#382;ene su stub: svaka odluka koju one donose obezbeduje benefit za decu, porodicu, zajednicu, dru&#353;tvo i zemlju.<\/p>\n<p>Vi cete se udaljiti sa ovog samita osna&#382;ene. I, vi cete steci nacin kako da ojacate mnoge druge u va&#353;u zajednicu, pro&#353;irujuci va&#353; biznis, zapo&#353;ljavajuci vi&#353;e ljudi i daljnjim investiranjem u obrazovanje va&#353;e dece i uzdi&#382;uci va&#353;e cerke i sinove kao ravnopravne.<\/p>\n<p>Iz razloga &#353;to su &#382;ene katalizator promena, &#382;ene su samo dru&#353;tvo.<\/p>\n<p>Ja sna&#382;no verujem da investiranje na &#382;ene jeste fundamentalno za pokretanje dru&#353;tvenih promena i privreda za koje imamo potrebe kao globalno dru&#353;tvo. Ohrabrujem vas da nemate strahovanje i da verujete va&#353;im snagama transformacije.<\/p>\n<p>Svakog dana se suceljavamo sa jednim velikim brojem istra&#382;ivanja, cinjenica i iskustava koje pokazuju da je ekonomski potencijal &#382;ena bitan za sve vrste privreda i povecanjem nivo zapo&#353;ljavanja &#382;ena do nivo zaposlenosti mu&#353;karacda, mi cemo moci garantovati jedan br&#382;i ekonomski rast.<\/p>\n<p>Ne obuhvatanje &#382;ena u ekonomski razvoje jedne dr&#382;ave osiroma&#353;uje samu tu dr&#382;avu.<\/p>\n<p>Ekonomsko i politicko jacanje &#382;ena jeste isto tako fundamentalno za mir i demokratiju, fundamentalan je ustrajni za razvoj i socijalnu pravdu i fundamentalan je za sni&#382;avanje siroma&#353;tva i postizanje ekonomskog rasta.<\/p>\n<p>I to je takode jedan zajednicki imenitelj za dru&#353;tvo proizi&#353;la iz konflikata i dru&#353;tva u tranziciji, kao i za zemlje u razvoj i one razvijene. Mudrost i imperativ je da se jednacini dodaje talenat &#382;ena kako bi se na&#353;la re&#353;enja za na&#353;e zajednicke izazove.<\/p>\n<p>U jednom svetu u kome se izvori sve vi&#353;e smanjuju, jedan svet u globalnoj recesiji i jedna medu zavisnost\u00a0 u porastu, uloga &#382;ene je neodvojiv od brzine na&#353;eg razvoja. &#381;ene se sve vi&#353;e smatraju kao pokretaci ekonomskog razvoja.<\/p>\n<p>&#381;ene cine polovinu na&#353;eg dru&#353;tva i predstavljaju polovinu ljudskog kapitala bilo koje dr&#382;ave. Talenat i sposobnosti koje &#382;ene mogu doneti radnoj snazi mogu biti odgovor za potrebe sve vi&#353;e takmicarkih tr&#382;i&#353;ta.<\/p>\n<p>Mi vidimo kako &#382;ene preduzetnice upravljaju ekonomskim razvojem zemalja u razvoj, u kojima su &#382;ene vlasnice oko cetrdeset posto malih i srednjih preduzeca, koja su motor na&#353;ih privreda.<\/p>\n<p>Ekonomsko jacanje &#382;ena nije samo mudro poslovno re&#353;enje, nego i mudar poslovni prioritet, jer njihova potro&#353;acka snaga njih pretvara u katalizator, cinjenica koja se ne mo&#382;e zapostaviti. &#381;ene se pretvaraju u najvece potro&#353;ace u svetu i imperativ je da se &#382;ene ukljuce u odborima korporacija i visokim polo&#382;ajima.<\/p>\n<p>Dok smo cekali da socijalni i ekonomski argumenti donose potrebne promene u stavovima i percepcijama o ulozi &#382;ena u na&#353;a dru&#353;tva i koje ce rezultirati jednim vecim predstavljanjem &#382;ena u vecima gde se kreiraju politike i donose odluke, &#382;ene su jo&#353; uvek manje predstavljene i nedovoljno ukljucene u politicku i privatnu arenu.<\/p>\n<p>&#381;ene se jo&#353; uvek u njihovim dru&#353;tvrime ugledaju kao dadilje svoje dece i pomagaci svojih mu&#382;eva. Medutim, svakog dana sve vi&#353;e vidimo kako &#382;ene donose odluke koje uticu na\u00a0 blagostanje njihovih porodica. Svakog dana mo&#382;emo videti kako &#382;ene mogu da budu i dadilej i donosioci odluka.<\/p>\n<p>Kao &#353;to je rekla\u00a0 moja dragta prijateljica, biv&#353;i Dr&#382;avni sekretar, po&#353;tovana Hillary Clinton: &#8220;&#381;ene nisu &#382;rtve. Mi smo katalizatori promena. Mi smo upravljaci napretka&#8220;.<\/p>\n<p>Zaista, &#382;ene kao zainteresovana strana dru&#353;tva, svakog dana igraju svoju ulogu boreci se za ljudska prava, sprecavajuci sukobe, olak&#353;avajuci tranziciju, gradeci demokratiju i obnavljajuci razorene ekonomije.<\/p>\n<p>Po&#353;tovanje Dame i Gospodo, <\/p>\n<p>Mi ulazimo u ovaj vek sa impresivnim dostignucima u stvaranju jedne raznorodne sredine. Ali neravnopravnosti su jo&#353; uvek dramaticne. Na jednom kraju sveta ima &#382;ena i devojaka koje se ubijaju jer &#382;ele da se obrazuju, &#382;ena u koja se baca kamenje do smrti, &#382;ena kojima se osporava svako pravo.\u00a0 Osporava im se ljudsko dostojanstvo.<\/p>\n<p>U ovom samitu, u kome slavimo nova dostignuca, trebamo priznati njihovu bol i patnju. Prema recima moje prijateljice, Kongresmena Harma: &#8220;Mi ne trebamo samo da poka&#382;emo u pravcu problema, mi trebamo naci jedno re&#353;enje problema&#8220;.<\/p>\n<p>Mi trebamo naci hrabrost u svakog od nas za okoncamo ove neravnopravnosti. Mi trebamo da razumemo da su mi i da smo mi jedno!<\/p>\n<p>Videla sam snagu kojom raspola&#382;u &#382;ene za menjanje pravca istorije.<\/p>\n<p>U Liberiji, &#382;ene koje su bile &#382;rtve jednog nevidenog nasilja, su doveli do okoncanja jednog cetrnaest godi&#353;njeg civilnog rada, koji je za sobom ostavio dvesto pedest hiljada mrtvih.<\/p>\n<p>Po ulicama Egipta, &#382;ene su podigle svoj glas i sru&#353;ile su jednog mizernog diktatora.<\/p>\n<p>U Bosni i Hercegovini, desetgodi&#353;nja upornost &#382;ena Srebrenice za pronalazak kostiju osam hiljada ubijenih mu&#382;eva i sinova tokom rata, obezbedilo je njima jedno mesto stalnog pocinka \/mirovanja. One su kanalizirale svoj bol, svoj gubitak, u pravcu nalaza pravde i dovodenja aktera pred sud.<\/p>\n<p>&#381;ene mog mesta takode poznaju patnje rata. &#381;elim sa vama deliti jednu istoriju oko sela Kru&#353;a, selo kome se cesto referiraju kao selu bez mu&#353;karaca, jedna mala zajednica kojoj je natovaren jedan te&#382;ak teret ne samo bola od gubitka nego i odgovornosti za obezbedenje &#382;ivota za njihove porodice, od ratnog pepela.<\/p>\n<p>Ove &#382;ene su istiniti heroji, za koje se ne govori u vestima, ali koje su razorile svaku vrstu prepreke radi obezbedenja ekzistencije svojih porodica. One su preuzele na sebe uloge koje se tradicionalno ne pripisuju &#382;enama, kao &#353;to je rad na njivama i njihova promocija kao preduzetnice, menjajuci zauvek na&#353;e dru&#353;tvo.<\/p>\n<p>Niti Kosovo niti Bosna nisu jedinstvene. Takvih istorija ima na pretek po zemljama koje su razorene od u&#382;asa rata. Ono &#353;to je sna&#382;no u ovoj istoriji jeste da su one mobilizirane gledati napred u pravcu buducnosti, da bi nalazile mogucnost izgradnje prosperitetnog dru&#353;tva da nikada ne dozvole da rat razbije snovi novih generacija.<\/p>\n<p>Po drugim zemljama, bitke &#382;ena imaju druge dimenzije. Sve vi&#353;e, &#382;ene cine vecinu onih koji diplomiraju po univerzitetima. One predstavljaju polovinu globalne radne snage, dok se jo&#353; uvek placaju manje od mu&#353;karaca za isti posao, bez mogucnosti da razbiju stakleni plafon.<\/p>\n<p>Prosecno, one nastavljaju biti vlasnice samo malog postotka svojina, li&#353;ene od ekonomske sigurnost &#8211; kao &#353;to su pocetni kapital, bankarski zajmovi, bez kojih one ne mogu poceti da se ozbiljno bave biznisom.<\/p>\n<p>Ekonomsko jacanje &#382;ena ce osloboditi talenat svakog clana dru&#353;tva. Ovo s toga &#353;to &#382;ene investiraju u najvecem delu u njihovim porodicnim prihodima, investiranjem za njihovu decu.<\/p>\n<p>&#381;ene nisu manje sposobne od mu&#353;karaca; one nisu manje sna&#382;ne da obavljaju tradicionalne zadatke, koje se tradicionalno pripisuju mu&#353;karcima. &#381;ene su upravljacka snaga dru&#353;tvenog razvija. Svugde gde su &#382;ene nezavisne i ekonomski sna&#382;ne, onda njihova sloboda nije mnogo ugro&#382;ena i njihovo dostojanstvo je po&#353;tovana.<br \/>\n\u00a0\u00a0\u00a0<br \/>\nEkonomska nezavisnost &#382;ena je bitna za njihov razvoj i razvoj celokupnog dru&#353;tva. Ekonomska zavisnost &#382;ena od porodice mu&#382;a ili nekog drugog clana dru&#353;tva ce dr&#382;ati njen &#382;ivot u zamku zavisnosti i necemo moci postici ono &#353;to danas ciljamo: jacanje &#382;ene, po&#353;tovanje ljudskih prava &#382;ena, i iznad svega, rodnu jednakost.<\/p>\n<p>Kljuc brige prema prosperitetnim dru&#353;tvima i ustrajnim dr&#382;avama stoji u uce&#353;cu &#382;ena u politici i dono&#353;enje odluka, ekonomsko jacanje &#382;ena i pristup izvorima i bezbednosti te pristup &#382;ena u pravni sistem. <\/p>\n<p>Pro&#353;le godine sam organizovala prvi medunarodni samit &#382;ena u regiji, pod nazivom: &#8220;Partnerstvo za mir, jacanje &#382;ena&#8220;. Mi smo se skupile zajedno da bismo galvanizirale promene u na&#353;ima dru&#353;tvima, deleci iskustva i nacin na koji mo&#382;emo pobolj&#353;ati ulogu &#382;ena.<\/p>\n<p>Mi trebamo preduzeti ovaj trospratni pristup da bismo mogli okoncati rodnu nejednakost u na&#353;im dru&#353;tvima. Jer se ovo ne cini samo radi menjanja polo&#382;aja &#382;ena nego za obezbedenje jednog razvijenog dru&#353;tva.<\/p>\n<p>Vlade, lideri biznisa i donosioci odluka treba da ponovo razmatraju ulogu koju daju &#382;enama u institucijama kojima oni upravljaju.<\/p>\n<p>Rodni konvencionalizam treba da se pretvara u na&#353; objetiv kada stvaramo politike i zakonodavstvo, kako bi se obezbdili da smo obuhvatili i potrebe i limite mu&#353;karaca i &#382;ena, uzimajuci u obzir njihove kapacitete i doprinos, kako bismo stvorili balansirane politike .<br \/>\nMi trebamo menjati kulturna gledi&#353;ta i socijalne norme koje smatraju &#382;ene kao potcinjene u dru&#353;tvu. Mi trebamo ulogu &#382;ena smatrati bitnom i ravnopravnom sa ulogom mu&#353;karaca kada se odlucuje kako cemo voditi na&#353;u zemlju i cinimo predvidanja o razvoju zemlje.<\/p>\n<p>Ponekad trebamo da se oslanjama na privremene mere kao &#353;to su kvote za povecanje predatavljanja &#382;ena u javni i privatni sektor, olak&#353;avajuci tako br&#382;e ukljucivanje &#382;ena u svim segmentima.<\/p>\n<p>Putem kvota, mi nastojimo kolicinski povecati broj &#382;ena, ali nastojimo povecati diverzitet i kvalitet odlucivanja. U ovo vreme novih tehnologija, kada mi shvatamo da svaka osoba predstavlja jednu dodatnu vrednost i kada smo u toku podsticanja inovacija kako bismo suzbijali siroma&#353;tvo, efekat plime klimatskih promena, pristup cistoj vodi i sprecavanje epidemija koje prete na&#353;im &#382;ivotima.<\/p>\n<p>Mi trebamo zatvarati prostor koji jo&#353; uvek postoji izmedu &#382;ena i finansijskih izvora, izmedu potencijala &#382;ena i njihove uloge koju ocekuje dru&#353;tvo.<\/p>\n<p>Mi trebamo podr&#382;ati podsticanjem vi&#353;e &#382;ena da se ukljuce u tr&#382;i&#353;te rada, da se ukljuce kao radna snaga i da postave sevi visoke ciljeve, postankom deo odlucivanja u njihova dru&#353;tva.<\/p>\n<p>O svim ovim pitanjima, mi imamo potrebe za vi&#353;e zakonodavstvo, bolje prakse i bolje sprovodenje.<\/p>\n<p>Ali, iznad svega, kao &#353;to sam gore navela, imamo potrebe za jednu kriticnu meru kulturne promene. Mi imamo potrebe za jednu zajednicku platformu zajednickog cvrstog opredeljenja za ostvarivanje ovih reformi u odnosnim zajednicama. Mo trebamo ispoljiti onu hrabrost, koja je na radikalan nacin transformirala na&#353;a dru&#353;tva.<\/p>\n<p>Ohrabrujem vas da istra&#382;ite partnerstva koja ce povecati ulogu koju cete vi odigrati u buduce u va&#353;im zemlja, onde gde te uloge ranije nisu postojale;\u00a0 medu akademije i kreatora politike, medu preduzeca i javne administracije, medu nacije i suseda.<\/p>\n<p>Mi trebamo nastaviti da preduzimamo nove inicijative predstavljajuci i promocijom pitanja jacanja &#382;ena u celom svetu.<\/p>\n<p>Mi trebamo nastaviti raditi na jacanje &#382;ena, jer mi &#382;elimo da svaka osoba u na&#353;e dru&#353;tvo u&#382;iva njegova prava datih od Boga i da koristi svoj potencijal dat od Boga.<\/p>\n<p>Mi trebamo nastaviti anga&#382;ovanje o ovom pitanju, jer &#382;elimo da na&#353;a deca sticu bolje obrazovanje, da na&#353;e porodice jacaju i da ugledamo da na&#353;a dru&#353;tva cvetaju i da na&#353;e dr&#382;ave napreduju. Jer mi &#382;elimo da zavlada mir.<\/p>\n<p>Hvala vam.<\/p>\n","protected":false},"excerpt":{"rendered":"<p>Predsednica Republike Kosovo, gospo\u0111a Atifete Jahjaga, je prisustvovala slu&#382;benom otvaranju radova Globalnog Samita &#381;ena, gde je odr&#382;ala uvodno izlaganje, zajedno sa zamenicom predsednika Vijetnama, Nguyen Thi Doan, i premijerom Malezije, Dato&#8217; Sri Mahd Najib bin Tun Abdul Razak.<\/p>\n","protected":false},"author":1,"featured_media":50906,"comment_status":"open","ping_status":"closed","sticky":false,"template":"","format":"standard","meta":{"_eb_attr":"","footnotes":""},"categories":[101],"tags":[],"class_list":["post-78387","post","type-post","status-publish","format-standard","has-post-thumbnail","hentry","category-vesti"],"yoast_head":"<!-- This site is optimized with the Yoast SEO plugin v23.5 - https:\/\/yoast.com\/wordpress\/plugins\/seo\/ -->\n<title>Govor Predsednice Jahjaga na ceremoniji otvaranja Globalnog Samita &#142;ena - Predsednik Republike Kosovo - DR. VJOSA OSMANI - SADRIU<\/title>\n<meta name=\"description\" content=\"Govor Predsednice Jahjaga na ceremoniji otvaranja Globalnog Samita &#142;ena - Predsednik Republike Kosovo - DR. VJOSA OSMANI - SADRIU -\" \/>\n<meta name=\"robots\" content=\"index, follow, max-snippet:-1, max-image-preview:large, max-video-preview:-1\" \/>\n<link rel=\"canonical\" href=\"https:\/\/president-ksgov.net\/fjalimi-i-presidentes-jahjaga-ne-ceremonine-e-hapjes-se-samitit-global-te-grave-2\/\" \/>\n<meta property=\"og:locale\" content=\"sr_RS\" \/>\n<meta property=\"og:type\" content=\"article\" \/>\n<meta property=\"og:title\" content=\"Govor Predsednice Jahjaga na ceremoniji otvaranja Globalnog Samita &#142;ena - Predsednik Republike Kosovo - DR. VJOSA OSMANI - SADRIU\" \/>\n<meta property=\"og:description\" content=\"Govor Predsednice Jahjaga na ceremoniji otvaranja Globalnog Samita &#142;ena - Predsednik Republike Kosovo - DR. VJOSA OSMANI - SADRIU -\" \/>\n<meta property=\"og:url\" content=\"https:\/\/president-ksgov.net\/fjalimi-i-presidentes-jahjaga-ne-ceremonine-e-hapjes-se-samitit-global-te-grave-2\/\" \/>\n<meta property=\"og:site_name\" content=\"Predsednik Republike Kosovo - DR. VJOSA OSMANI - SADRIU\" \/>\n<meta property=\"article:published_time\" content=\"2013-06-06T16:01:03+00:00\" \/>\n<meta property=\"og:image\" content=\"https:\/\/president-ksgov.net\/wp-content\/uploads\/06.06.2013_fjala_1.jpg\" \/>\n\t<meta property=\"og:image:width\" content=\"800\" \/>\n\t<meta property=\"og:image:height\" content=\"533\" \/>\n\t<meta property=\"og:image:type\" content=\"image\/jpeg\" \/>\n<meta name=\"author\" content=\"admin\" \/>\n<meta name=\"twitter:card\" content=\"summary_large_image\" \/>\n<meta name=\"twitter:label1\" content=\"\u041d\u0430\u043f\u0438\u0441\u0430\u043d\u043e \u043e\u0434\" \/>\n\t<meta name=\"twitter:data1\" content=\"admin\" \/>\n\t<meta name=\"twitter:label2\" content=\"\u041f\u0440\u043e\u0446\u0435\u045a\u0435\u043d\u043e \u0432\u0440\u0435\u043c\u0435 \u0447\u0438\u0442\u0430\u045a\u0430\" \/>\n\t<meta name=\"twitter:data2\" content=\"11 \u043c\u0438\u043d\u0443\u0442\u0430\" \/>\n<script type=\"application\/ld+json\" class=\"yoast-schema-graph\">{\"@context\":\"https:\/\/schema.org\",\"@graph\":[{\"@type\":\"WebPage\",\"@id\":\"https:\/\/president-ksgov.net\/fjalimi-i-presidentes-jahjaga-ne-ceremonine-e-hapjes-se-samitit-global-te-grave-2\/\",\"url\":\"https:\/\/president-ksgov.net\/fjalimi-i-presidentes-jahjaga-ne-ceremonine-e-hapjes-se-samitit-global-te-grave-2\/\",\"name\":\"Govor Predsednice Jahjaga na ceremoniji otvaranja Globalnog Samita &#142;ena - Predsednik Republike Kosovo - DR. VJOSA OSMANI - SADRIU\",\"isPartOf\":{\"@id\":\"https:\/\/president-ksgov.net\/#website\"},\"primaryImageOfPage\":{\"@id\":\"https:\/\/president-ksgov.net\/fjalimi-i-presidentes-jahjaga-ne-ceremonine-e-hapjes-se-samitit-global-te-grave-2\/#primaryimage\"},\"image\":{\"@id\":\"https:\/\/president-ksgov.net\/fjalimi-i-presidentes-jahjaga-ne-ceremonine-e-hapjes-se-samitit-global-te-grave-2\/#primaryimage\"},\"thumbnailUrl\":\"https:\/\/president-ksgov.net\/wp-content\/uploads\/06.06.2013_fjala_1.jpg\",\"datePublished\":\"2013-06-06T16:01:03+00:00\",\"dateModified\":\"2013-06-06T16:01:03+00:00\",\"author\":{\"@id\":\"https:\/\/president-ksgov.net\/#\/schema\/person\/bb4337a5fb147cb2046d80548172cbee\"},\"description\":\"Govor Predsednice Jahjaga na ceremoniji otvaranja Globalnog Samita &#142;ena - Predsednik Republike Kosovo - DR. VJOSA OSMANI - SADRIU -\",\"breadcrumb\":{\"@id\":\"https:\/\/president-ksgov.net\/fjalimi-i-presidentes-jahjaga-ne-ceremonine-e-hapjes-se-samitit-global-te-grave-2\/#breadcrumb\"},\"inLanguage\":\"sr-RS\",\"potentialAction\":[{\"@type\":\"ReadAction\",\"target\":[\"https:\/\/president-ksgov.net\/fjalimi-i-presidentes-jahjaga-ne-ceremonine-e-hapjes-se-samitit-global-te-grave-2\/\"]}]},{\"@type\":\"ImageObject\",\"inLanguage\":\"sr-RS\",\"@id\":\"https:\/\/president-ksgov.net\/fjalimi-i-presidentes-jahjaga-ne-ceremonine-e-hapjes-se-samitit-global-te-grave-2\/#primaryimage\",\"url\":\"https:\/\/president-ksgov.net\/wp-content\/uploads\/06.06.2013_fjala_1.jpg\",\"contentUrl\":\"https:\/\/president-ksgov.net\/wp-content\/uploads\/06.06.2013_fjala_1.jpg\",\"width\":800,\"height\":533},{\"@type\":\"BreadcrumbList\",\"@id\":\"https:\/\/president-ksgov.net\/fjalimi-i-presidentes-jahjaga-ne-ceremonine-e-hapjes-se-samitit-global-te-grave-2\/#breadcrumb\",\"itemListElement\":[{\"@type\":\"ListItem\",\"position\":1,\"name\":\"Home\",\"item\":\"https:\/\/president-ksgov.net\/sr\/\"},{\"@type\":\"ListItem\",\"position\":2,\"name\":\"Govor Predsednice Jahjaga na ceremoniji otvaranja Globalnog Samita &#142;ena\"}]},{\"@type\":\"WebSite\",\"@id\":\"https:\/\/president-ksgov.net\/#website\",\"url\":\"https:\/\/president-ksgov.net\/\",\"name\":\"Presidente e Republik\u00ebs s\u00eb Kosov\u00ebs\",\"description\":\"Presidente e Republik\u00ebs s\u00eb Kosov\u00ebs\",\"alternateName\":\"DR. VJOSA OSMANI - SADRIU\",\"potentialAction\":[{\"@type\":\"SearchAction\",\"target\":{\"@type\":\"EntryPoint\",\"urlTemplate\":\"https:\/\/president-ksgov.net\/?s={search_term_string}\"},\"query-input\":{\"@type\":\"PropertyValueSpecification\",\"valueRequired\":true,\"valueName\":\"search_term_string\"}}],\"inLanguage\":\"sr-RS\"},{\"@type\":\"Person\",\"@id\":\"https:\/\/president-ksgov.net\/#\/schema\/person\/bb4337a5fb147cb2046d80548172cbee\",\"name\":\"admin\",\"image\":{\"@type\":\"ImageObject\",\"inLanguage\":\"sr-RS\",\"@id\":\"https:\/\/president-ksgov.net\/#\/schema\/person\/image\/\",\"url\":\"https:\/\/secure.gravatar.com\/avatar\/36156ca0fa3b8d9d25174f146e16beea0cf28f37adf1b9e19b6c9c279a7c9dd3?s=96&d=mm&r=g\",\"contentUrl\":\"https:\/\/secure.gravatar.com\/avatar\/36156ca0fa3b8d9d25174f146e16beea0cf28f37adf1b9e19b6c9c279a7c9dd3?s=96&d=mm&r=g\",\"caption\":\"admin\"},\"sameAs\":[\"https:\/\/president-ksgov.net\"]}]}<\/script>\n<!-- \/ Yoast SEO plugin. -->","yoast_head_json":{"title":"Govor Predsednice Jahjaga na ceremoniji otvaranja Globalnog Samita &#142;ena - Predsednik Republike Kosovo - DR. VJOSA OSMANI - SADRIU","description":"Govor Predsednice Jahjaga na ceremoniji otvaranja Globalnog Samita &#142;ena - Predsednik Republike Kosovo - DR. VJOSA OSMANI - SADRIU -","robots":{"index":"index","follow":"follow","max-snippet":"max-snippet:-1","max-image-preview":"max-image-preview:large","max-video-preview":"max-video-preview:-1"},"canonical":"https:\/\/president-ksgov.net\/fjalimi-i-presidentes-jahjaga-ne-ceremonine-e-hapjes-se-samitit-global-te-grave-2\/","og_locale":"sr_RS","og_type":"article","og_title":"Govor Predsednice Jahjaga na ceremoniji otvaranja Globalnog Samita &#142;ena - Predsednik Republike Kosovo - DR. VJOSA OSMANI - SADRIU","og_description":"Govor Predsednice Jahjaga na ceremoniji otvaranja Globalnog Samita &#142;ena - Predsednik Republike Kosovo - DR. VJOSA OSMANI - SADRIU -","og_url":"https:\/\/president-ksgov.net\/fjalimi-i-presidentes-jahjaga-ne-ceremonine-e-hapjes-se-samitit-global-te-grave-2\/","og_site_name":"Predsednik Republike Kosovo - DR. VJOSA OSMANI - SADRIU","article_published_time":"2013-06-06T16:01:03+00:00","og_image":[{"width":800,"height":533,"url":"https:\/\/president-ksgov.net\/wp-content\/uploads\/06.06.2013_fjala_1.jpg","type":"image\/jpeg"}],"author":"admin","twitter_card":"summary_large_image","twitter_misc":{"\u041d\u0430\u043f\u0438\u0441\u0430\u043d\u043e \u043e\u0434":"admin","\u041f\u0440\u043e\u0446\u0435\u045a\u0435\u043d\u043e \u0432\u0440\u0435\u043c\u0435 \u0447\u0438\u0442\u0430\u045a\u0430":"11 \u043c\u0438\u043d\u0443\u0442\u0430"},"schema":{"@context":"https:\/\/schema.org","@graph":[{"@type":"WebPage","@id":"https:\/\/president-ksgov.net\/fjalimi-i-presidentes-jahjaga-ne-ceremonine-e-hapjes-se-samitit-global-te-grave-2\/","url":"https:\/\/president-ksgov.net\/fjalimi-i-presidentes-jahjaga-ne-ceremonine-e-hapjes-se-samitit-global-te-grave-2\/","name":"Govor Predsednice Jahjaga na ceremoniji otvaranja Globalnog Samita &#142;ena - Predsednik Republike Kosovo - DR. VJOSA OSMANI - SADRIU","isPartOf":{"@id":"https:\/\/president-ksgov.net\/#website"},"primaryImageOfPage":{"@id":"https:\/\/president-ksgov.net\/fjalimi-i-presidentes-jahjaga-ne-ceremonine-e-hapjes-se-samitit-global-te-grave-2\/#primaryimage"},"image":{"@id":"https:\/\/president-ksgov.net\/fjalimi-i-presidentes-jahjaga-ne-ceremonine-e-hapjes-se-samitit-global-te-grave-2\/#primaryimage"},"thumbnailUrl":"https:\/\/president-ksgov.net\/wp-content\/uploads\/06.06.2013_fjala_1.jpg","datePublished":"2013-06-06T16:01:03+00:00","dateModified":"2013-06-06T16:01:03+00:00","author":{"@id":"https:\/\/president-ksgov.net\/#\/schema\/person\/bb4337a5fb147cb2046d80548172cbee"},"description":"Govor Predsednice Jahjaga na ceremoniji otvaranja Globalnog Samita &#142;ena - Predsednik Republike Kosovo - DR. VJOSA OSMANI - SADRIU -","breadcrumb":{"@id":"https:\/\/president-ksgov.net\/fjalimi-i-presidentes-jahjaga-ne-ceremonine-e-hapjes-se-samitit-global-te-grave-2\/#breadcrumb"},"inLanguage":"sr-RS","potentialAction":[{"@type":"ReadAction","target":["https:\/\/president-ksgov.net\/fjalimi-i-presidentes-jahjaga-ne-ceremonine-e-hapjes-se-samitit-global-te-grave-2\/"]}]},{"@type":"ImageObject","inLanguage":"sr-RS","@id":"https:\/\/president-ksgov.net\/fjalimi-i-presidentes-jahjaga-ne-ceremonine-e-hapjes-se-samitit-global-te-grave-2\/#primaryimage","url":"https:\/\/president-ksgov.net\/wp-content\/uploads\/06.06.2013_fjala_1.jpg","contentUrl":"https:\/\/president-ksgov.net\/wp-content\/uploads\/06.06.2013_fjala_1.jpg","width":800,"height":533},{"@type":"BreadcrumbList","@id":"https:\/\/president-ksgov.net\/fjalimi-i-presidentes-jahjaga-ne-ceremonine-e-hapjes-se-samitit-global-te-grave-2\/#breadcrumb","itemListElement":[{"@type":"ListItem","position":1,"name":"Home","item":"https:\/\/president-ksgov.net\/sr\/"},{"@type":"ListItem","position":2,"name":"Govor Predsednice Jahjaga na ceremoniji otvaranja Globalnog Samita &#142;ena"}]},{"@type":"WebSite","@id":"https:\/\/president-ksgov.net\/#website","url":"https:\/\/president-ksgov.net\/","name":"Presidente e Republik\u00ebs s\u00eb Kosov\u00ebs","description":"Presidente e Republik\u00ebs s\u00eb Kosov\u00ebs","alternateName":"DR. VJOSA OSMANI - SADRIU","potentialAction":[{"@type":"SearchAction","target":{"@type":"EntryPoint","urlTemplate":"https:\/\/president-ksgov.net\/?s={search_term_string}"},"query-input":{"@type":"PropertyValueSpecification","valueRequired":true,"valueName":"search_term_string"}}],"inLanguage":"sr-RS"},{"@type":"Person","@id":"https:\/\/president-ksgov.net\/#\/schema\/person\/bb4337a5fb147cb2046d80548172cbee","name":"admin","image":{"@type":"ImageObject","inLanguage":"sr-RS","@id":"https:\/\/president-ksgov.net\/#\/schema\/person\/image\/","url":"https:\/\/secure.gravatar.com\/avatar\/36156ca0fa3b8d9d25174f146e16beea0cf28f37adf1b9e19b6c9c279a7c9dd3?s=96&d=mm&r=g","contentUrl":"https:\/\/secure.gravatar.com\/avatar\/36156ca0fa3b8d9d25174f146e16beea0cf28f37adf1b9e19b6c9c279a7c9dd3?s=96&d=mm&r=g","caption":"admin"},"sameAs":["https:\/\/president-ksgov.net"]}]}},"_links":{"self":[{"href":"https:\/\/president-ksgov.net\/sr\/wp-json\/wp\/v2\/posts\/78387","targetHints":{"allow":["GET"]}}],"collection":[{"href":"https:\/\/president-ksgov.net\/sr\/wp-json\/wp\/v2\/posts"}],"about":[{"href":"https:\/\/president-ksgov.net\/sr\/wp-json\/wp\/v2\/types\/post"}],"author":[{"embeddable":true,"href":"https:\/\/president-ksgov.net\/sr\/wp-json\/wp\/v2\/users\/1"}],"replies":[{"embeddable":true,"href":"https:\/\/president-ksgov.net\/sr\/wp-json\/wp\/v2\/comments?post=78387"}],"version-history":[{"count":0,"href":"https:\/\/president-ksgov.net\/sr\/wp-json\/wp\/v2\/posts\/78387\/revisions"}],"wp:featuredmedia":[{"embeddable":true,"href":"https:\/\/president-ksgov.net\/sr\/wp-json\/wp\/v2\/media\/50906"}],"wp:attachment":[{"href":"https:\/\/president-ksgov.net\/sr\/wp-json\/wp\/v2\/media?parent=78387"}],"wp:term":[{"taxonomy":"category","embeddable":true,"href":"https:\/\/president-ksgov.net\/sr\/wp-json\/wp\/v2\/categories?post=78387"},{"taxonomy":"post_tag","embeddable":true,"href":"https:\/\/president-ksgov.net\/sr\/wp-json\/wp\/v2\/tags?post=78387"}],"curies":[{"name":"wp","href":"https:\/\/api.w.org\/{rel}","templated":true}]}}