{"id":78368,"date":"2013-06-19T13:55:05","date_gmt":"2013-06-19T13:55:05","guid":{"rendered":"https:\/\/dev.president-ksgov.net\/predsednica-atifete-jahjaga-se-sastala-sa-predsednikom-austrije-heinz-fischer\/"},"modified":"2013-06-19T13:55:05","modified_gmt":"2013-06-19T13:55:05","slug":"predsednica-atifete-jahjaga-se-sastala-sa-predsednikom-austrije-heinz-fischer","status":"publish","type":"post","link":"https:\/\/president-ksgov.net\/sr\/predsednica-atifete-jahjaga-se-sastala-sa-predsednikom-austrije-heinz-fischer\/","title":{"rendered":"Predsednica Atifete Jahjaga se sastala sa Predsednikom Austrije, Heinz Fischer"},"content":{"rendered":"<p>Predsednica Republike Kosovo, gospo\u0111a Atifete Jahjaga, boravi u Republici Austriji u slu&#382;benu posetu na poziv Predsednica Austrije, dr. Heinz Fischer. Ona je do\u010dekana visokom dr&#382;avnom ceremonijom i danas je imala sastanak sa Predsednikom Fischer i predsednikom Parlamenta Republike Austrije, Barbara Prammer.<\/p>\n<p>Tokom sastanaka se razgovaralo o razvoju i unapre\u0111enju odnosa izme\u0111u Republike Kosovo i Republike Austrije, o zbivanjima u regionu, uz stavljanje posebnog naglaska na agendu evropskih integracija za Republiku Kosovo.\u00a0 <\/p>\n<p>Zvani\u010dnici Republike Austrije su dali punu podr&#353;ku Republici Kosovo u svim procesima kroz koje prolazi zemlja i tako\u0111e su pozdravili postignuti sporazum u Brisel izme\u0111u dva premijera za normalizaciju odnosa izme\u0111u Kosova i Srbije cene\u0107i to kao jedini\u00a0 put za nala&#382;enje re&#353;enja za sva pitanja.<br \/>\n\u00a0<br \/>\nPredsednik Fischer je, u \u010dast Predsednice Jahjaga i njene delegacije, organizovao jedan radni ru\u010dak.<br \/>\n\u00a0<br \/>\nPredsednica Jahjaga je tokom posete Austriji odr&#382;ala jednu konferenciju za medije, gde je istakla va&#382;nost podr&#353;ke Austrije za ja\u010danje me\u0111unarodne subjektivnosti Kosova, za unapre\u0111enje demokratskih principa u zemlji i politike vladanja reda i zakona.<\/p>\n<p>Sledi izjava Predsednice Jahjaga na konferenciji za medije:<\/p>\n<p>Na poziv Po&#353;tovanog Predsednika Republike Austrije, g, Heinz Fischer, imala sam jednu slu&#382;benu i prijateljsku posetu ovde, koju ja cenim kao vrlo plodnom.<\/p>\n<p>Sa predsednikom Fischer smo imali jedan vrlo dobar razgovor, razmatraju\u0107i pitanja bilateralnih odnosa izme\u0111u Republike Kosovo i Republike Austrije, o daljnjem ekonomskom, kulturnom razvoju\u00a0 kao i napretku u svim ostalim oblastima.<br \/>\n\u00a0<br \/>\nMi smo tako\u0111e razmenili na&#353;a gledi&#353;ta i o me\u0111unarodnim odnosima, sa posebnim naglaskom na odnose izme\u0111u Republike Kosovo i Republike Srbije, o dijalogu koji se odvija preko premijera Tha\u010di i Da\u010di\u0107, za postizanje i sprovo\u0111enje sporazuma koji vode u pravcu potpune normalizacije odnosa izme\u0111u Kosova i Srbije.<\/p>\n<p>Sa Predsednikom Fischer smo razgovarali posebno o ja\u010danju me\u0111unarodne subjektivnosti Republike Kosovo i o kretanju i konkretnom procesu za \u010dlanstvo Republike Kosovo u Evropsku Zajednicu.<\/p>\n<p>Naglasili smo da je jako potrebno \u010dlanstvo Kosova u svim forumima, inicijativama i regionalnim i me\u0111unarodnim organizacijama, jer samo tako na&#353;a zemlja mo&#382;e dati o\u010dekivani doprinos za unapre\u0111enje svih regionalnih i globalnih procesa.<\/p>\n<p>Zahvalila sam se Predsedniku Fischer za stalnu pomo\u0107 koju su, on li\u010dno i dr&#382;ava Austrija, dali mojoj zemlji tokom celog vremena i izrazila sam moje posve\u0107enje da je Republika Kosovo ve\u0107 jedna priznata realnost, jedan faktor mira i stabilnosti, jeste jedna demokratska zemlja izgra\u0111ena na gra\u0111anskom na\u010delu, u koju se po&#353;tuju sloboda i prava svih ljudi i u kojoj su svi gra\u0111ani, bez obzira na versku pripadnost i bez obzira na njihovom broju, potpuno su ravnopravni i ostvaruju sva njihova prava i slobode u skladu sa zakonima i Ustavom Republike Kosovo.<\/p>\n<p>Ubedila sam Predsednika Fischer da je budu\u0107nost Republike Kosovo u razvoju demokratskih\u00a0 procesa, ekonomske i politi\u010dke stabilnosti i da je \u010dlanstvo Kosova u Evropsku Zajednicu, isto kao i svih zemalja Zapadnog Balkana, jedina alternativa.<\/p>\n<p>Na ovom putu sve zemlje ispunjavaju svoje doma\u0107e zadatke samo kroz razvoj dobrosusednih odnosa i pomaganjem jedna-drugoj.<br \/>\n\u00a0<br \/>\nMi smo istakli da \u010dlanstvo Hrvatske u Evropsku Zajednicu jeste jedan uspeh Hrvatskog naroda i dr&#382;ave ali da je to ujedno i jedan uspeh politike pro&#353;irenja EZ-e i jedan podstrek za sve zemlje regije koje imaju aspiracije \u010dlanstva u Evropsku Zajednicu. <\/p>\n<p>Jo&#353; jednom se od srca zahvaljujem na poziv da posetim ovu prijateljsku zemlju. I ja tako\u0111e sam pozvala Predsednika Fischer da u jednoj bliskoj budu\u0107nosti poseti Republiku Kosovo.\u00a0<\/p>\n","protected":false},"excerpt":{"rendered":"<p>Predsednica Republike Kosovo, gospo\u0111a Atifete Jahjaga, boravi u Republici Austriji u slu&#382;benu posetu na poziv Predsednica Austrije, dr. Heinz Fischer. Ona je do\u010dekana visokom dr&#382;avnom ceremonijom i danas je imala sastanak sa Predsednikom Fischer i predsednikom Parlamenta Republike Austrije, Barbara Prammer.<\/p>\n","protected":false},"author":1,"featured_media":50631,"comment_status":"open","ping_status":"closed","sticky":false,"template":"","format":"standard","meta":{"_eb_attr":"","footnotes":""},"categories":[101],"tags":[],"class_list":["post-78368","post","type-post","status-publish","format-standard","has-post-thumbnail","hentry","category-vesti"],"yoast_head":"<!-- This site is optimized with the Yoast SEO plugin v23.5 - https:\/\/yoast.com\/wordpress\/plugins\/seo\/ -->\n<title>Predsednica Atifete Jahjaga se sastala sa Predsednikom Austrije, Heinz Fischer - Predsednik Republike Kosovo - DR. VJOSA OSMANI - SADRIU<\/title>\n<meta name=\"description\" content=\"Predsednica Atifete Jahjaga se sastala sa Predsednikom Austrije, Heinz Fischer - Predsednik Republike Kosovo - DR. VJOSA OSMANI - SADRIU -\" \/>\n<meta name=\"robots\" content=\"index, follow, max-snippet:-1, max-image-preview:large, max-video-preview:-1\" \/>\n<link rel=\"canonical\" href=\"https:\/\/president-ksgov.net\/sr\/predsednica-atifete-jahjaga-se-sastala-sa-predsednikom-austrije-heinz-fischer\/\" \/>\n<meta property=\"og:locale\" content=\"sr_RS\" \/>\n<meta property=\"og:type\" content=\"article\" \/>\n<meta property=\"og:title\" content=\"Predsednica Atifete Jahjaga se sastala sa Predsednikom Austrije, Heinz Fischer - Predsednik Republike Kosovo - DR. VJOSA OSMANI - SADRIU\" \/>\n<meta property=\"og:description\" content=\"Predsednica Atifete Jahjaga se sastala sa Predsednikom Austrije, Heinz Fischer - Predsednik Republike Kosovo - DR. VJOSA OSMANI - SADRIU -\" \/>\n<meta property=\"og:url\" content=\"https:\/\/president-ksgov.net\/sr\/predsednica-atifete-jahjaga-se-sastala-sa-predsednikom-austrije-heinz-fischer\/\" \/>\n<meta property=\"og:site_name\" content=\"Predsednik Republike Kosovo - DR. VJOSA OSMANI - SADRIU\" \/>\n<meta property=\"article:published_time\" content=\"2013-06-19T13:55:05+00:00\" \/>\n<meta property=\"og:image\" content=\"https:\/\/president-ksgov.net\/wp-content\/uploads\/000_19.06.2013.jpg\" \/>\n\t<meta property=\"og:image:width\" content=\"800\" \/>\n\t<meta property=\"og:image:height\" content=\"533\" \/>\n\t<meta property=\"og:image:type\" content=\"image\/jpeg\" \/>\n<meta name=\"author\" content=\"admin\" \/>\n<meta name=\"twitter:card\" content=\"summary_large_image\" \/>\n<meta name=\"twitter:label1\" content=\"\u041d\u0430\u043f\u0438\u0441\u0430\u043d\u043e \u043e\u0434\" \/>\n\t<meta name=\"twitter:data1\" content=\"admin\" \/>\n\t<meta name=\"twitter:label2\" content=\"\u041f\u0440\u043e\u0446\u0435\u045a\u0435\u043d\u043e \u0432\u0440\u0435\u043c\u0435 \u0447\u0438\u0442\u0430\u045a\u0430\" \/>\n\t<meta name=\"twitter:data2\" content=\"3 \u043c\u0438\u043d\u0443\u0442\u0430\" \/>\n<script type=\"application\/ld+json\" class=\"yoast-schema-graph\">{\"@context\":\"https:\/\/schema.org\",\"@graph\":[{\"@type\":\"WebPage\",\"@id\":\"https:\/\/president-ksgov.net\/sr\/predsednica-atifete-jahjaga-se-sastala-sa-predsednikom-austrije-heinz-fischer\/\",\"url\":\"https:\/\/president-ksgov.net\/sr\/predsednica-atifete-jahjaga-se-sastala-sa-predsednikom-austrije-heinz-fischer\/\",\"name\":\"Predsednica Atifete Jahjaga se sastala sa Predsednikom Austrije, Heinz Fischer - Predsednik Republike Kosovo - DR. VJOSA OSMANI - SADRIU\",\"isPartOf\":{\"@id\":\"https:\/\/president-ksgov.net\/#website\"},\"primaryImageOfPage\":{\"@id\":\"https:\/\/president-ksgov.net\/sr\/predsednica-atifete-jahjaga-se-sastala-sa-predsednikom-austrije-heinz-fischer\/#primaryimage\"},\"image\":{\"@id\":\"https:\/\/president-ksgov.net\/sr\/predsednica-atifete-jahjaga-se-sastala-sa-predsednikom-austrije-heinz-fischer\/#primaryimage\"},\"thumbnailUrl\":\"https:\/\/president-ksgov.net\/wp-content\/uploads\/000_19.06.2013.jpg\",\"datePublished\":\"2013-06-19T13:55:05+00:00\",\"dateModified\":\"2013-06-19T13:55:05+00:00\",\"author\":{\"@id\":\"https:\/\/president-ksgov.net\/#\/schema\/person\/bb4337a5fb147cb2046d80548172cbee\"},\"description\":\"Predsednica Atifete Jahjaga se sastala sa Predsednikom Austrije, Heinz Fischer - Predsednik Republike Kosovo - DR. VJOSA OSMANI - SADRIU -\",\"breadcrumb\":{\"@id\":\"https:\/\/president-ksgov.net\/sr\/predsednica-atifete-jahjaga-se-sastala-sa-predsednikom-austrije-heinz-fischer\/#breadcrumb\"},\"inLanguage\":\"sr-RS\",\"potentialAction\":[{\"@type\":\"ReadAction\",\"target\":[\"https:\/\/president-ksgov.net\/sr\/predsednica-atifete-jahjaga-se-sastala-sa-predsednikom-austrije-heinz-fischer\/\"]}]},{\"@type\":\"ImageObject\",\"inLanguage\":\"sr-RS\",\"@id\":\"https:\/\/president-ksgov.net\/sr\/predsednica-atifete-jahjaga-se-sastala-sa-predsednikom-austrije-heinz-fischer\/#primaryimage\",\"url\":\"https:\/\/president-ksgov.net\/wp-content\/uploads\/000_19.06.2013.jpg\",\"contentUrl\":\"https:\/\/president-ksgov.net\/wp-content\/uploads\/000_19.06.2013.jpg\",\"width\":800,\"height\":533},{\"@type\":\"BreadcrumbList\",\"@id\":\"https:\/\/president-ksgov.net\/sr\/predsednica-atifete-jahjaga-se-sastala-sa-predsednikom-austrije-heinz-fischer\/#breadcrumb\",\"itemListElement\":[{\"@type\":\"ListItem\",\"position\":1,\"name\":\"Home\",\"item\":\"https:\/\/president-ksgov.net\/sr\/\"},{\"@type\":\"ListItem\",\"position\":2,\"name\":\"Predsednica Atifete Jahjaga se sastala sa Predsednikom Austrije, Heinz Fischer\"}]},{\"@type\":\"WebSite\",\"@id\":\"https:\/\/president-ksgov.net\/#website\",\"url\":\"https:\/\/president-ksgov.net\/\",\"name\":\"Presidente e Republik\u00ebs s\u00eb Kosov\u00ebs\",\"description\":\"Presidente e Republik\u00ebs s\u00eb Kosov\u00ebs\",\"alternateName\":\"DR. VJOSA OSMANI - SADRIU\",\"potentialAction\":[{\"@type\":\"SearchAction\",\"target\":{\"@type\":\"EntryPoint\",\"urlTemplate\":\"https:\/\/president-ksgov.net\/?s={search_term_string}\"},\"query-input\":{\"@type\":\"PropertyValueSpecification\",\"valueRequired\":true,\"valueName\":\"search_term_string\"}}],\"inLanguage\":\"sr-RS\"},{\"@type\":\"Person\",\"@id\":\"https:\/\/president-ksgov.net\/#\/schema\/person\/bb4337a5fb147cb2046d80548172cbee\",\"name\":\"admin\",\"image\":{\"@type\":\"ImageObject\",\"inLanguage\":\"sr-RS\",\"@id\":\"https:\/\/president-ksgov.net\/#\/schema\/person\/image\/\",\"url\":\"https:\/\/secure.gravatar.com\/avatar\/36156ca0fa3b8d9d25174f146e16beea0cf28f37adf1b9e19b6c9c279a7c9dd3?s=96&d=mm&r=g\",\"contentUrl\":\"https:\/\/secure.gravatar.com\/avatar\/36156ca0fa3b8d9d25174f146e16beea0cf28f37adf1b9e19b6c9c279a7c9dd3?s=96&d=mm&r=g\",\"caption\":\"admin\"},\"sameAs\":[\"https:\/\/president-ksgov.net\"]}]}<\/script>\n<!-- \/ Yoast SEO plugin. -->","yoast_head_json":{"title":"Predsednica Atifete Jahjaga se sastala sa Predsednikom Austrije, Heinz Fischer - Predsednik Republike Kosovo - DR. VJOSA OSMANI - SADRIU","description":"Predsednica Atifete Jahjaga se sastala sa Predsednikom Austrije, Heinz Fischer - Predsednik Republike Kosovo - DR. VJOSA OSMANI - SADRIU -","robots":{"index":"index","follow":"follow","max-snippet":"max-snippet:-1","max-image-preview":"max-image-preview:large","max-video-preview":"max-video-preview:-1"},"canonical":"https:\/\/president-ksgov.net\/sr\/predsednica-atifete-jahjaga-se-sastala-sa-predsednikom-austrije-heinz-fischer\/","og_locale":"sr_RS","og_type":"article","og_title":"Predsednica Atifete Jahjaga se sastala sa Predsednikom Austrije, Heinz Fischer - Predsednik Republike Kosovo - DR. VJOSA OSMANI - SADRIU","og_description":"Predsednica Atifete Jahjaga se sastala sa Predsednikom Austrije, Heinz Fischer - Predsednik Republike Kosovo - DR. VJOSA OSMANI - SADRIU -","og_url":"https:\/\/president-ksgov.net\/sr\/predsednica-atifete-jahjaga-se-sastala-sa-predsednikom-austrije-heinz-fischer\/","og_site_name":"Predsednik Republike Kosovo - DR. VJOSA OSMANI - SADRIU","article_published_time":"2013-06-19T13:55:05+00:00","og_image":[{"width":800,"height":533,"url":"https:\/\/president-ksgov.net\/wp-content\/uploads\/000_19.06.2013.jpg","type":"image\/jpeg"}],"author":"admin","twitter_card":"summary_large_image","twitter_misc":{"\u041d\u0430\u043f\u0438\u0441\u0430\u043d\u043e \u043e\u0434":"admin","\u041f\u0440\u043e\u0446\u0435\u045a\u0435\u043d\u043e \u0432\u0440\u0435\u043c\u0435 \u0447\u0438\u0442\u0430\u045a\u0430":"3 \u043c\u0438\u043d\u0443\u0442\u0430"},"schema":{"@context":"https:\/\/schema.org","@graph":[{"@type":"WebPage","@id":"https:\/\/president-ksgov.net\/sr\/predsednica-atifete-jahjaga-se-sastala-sa-predsednikom-austrije-heinz-fischer\/","url":"https:\/\/president-ksgov.net\/sr\/predsednica-atifete-jahjaga-se-sastala-sa-predsednikom-austrije-heinz-fischer\/","name":"Predsednica Atifete Jahjaga se sastala sa Predsednikom Austrije, Heinz Fischer - Predsednik Republike Kosovo - DR. VJOSA OSMANI - SADRIU","isPartOf":{"@id":"https:\/\/president-ksgov.net\/#website"},"primaryImageOfPage":{"@id":"https:\/\/president-ksgov.net\/sr\/predsednica-atifete-jahjaga-se-sastala-sa-predsednikom-austrije-heinz-fischer\/#primaryimage"},"image":{"@id":"https:\/\/president-ksgov.net\/sr\/predsednica-atifete-jahjaga-se-sastala-sa-predsednikom-austrije-heinz-fischer\/#primaryimage"},"thumbnailUrl":"https:\/\/president-ksgov.net\/wp-content\/uploads\/000_19.06.2013.jpg","datePublished":"2013-06-19T13:55:05+00:00","dateModified":"2013-06-19T13:55:05+00:00","author":{"@id":"https:\/\/president-ksgov.net\/#\/schema\/person\/bb4337a5fb147cb2046d80548172cbee"},"description":"Predsednica Atifete Jahjaga se sastala sa Predsednikom Austrije, Heinz Fischer - Predsednik Republike Kosovo - DR. VJOSA OSMANI - SADRIU -","breadcrumb":{"@id":"https:\/\/president-ksgov.net\/sr\/predsednica-atifete-jahjaga-se-sastala-sa-predsednikom-austrije-heinz-fischer\/#breadcrumb"},"inLanguage":"sr-RS","potentialAction":[{"@type":"ReadAction","target":["https:\/\/president-ksgov.net\/sr\/predsednica-atifete-jahjaga-se-sastala-sa-predsednikom-austrije-heinz-fischer\/"]}]},{"@type":"ImageObject","inLanguage":"sr-RS","@id":"https:\/\/president-ksgov.net\/sr\/predsednica-atifete-jahjaga-se-sastala-sa-predsednikom-austrije-heinz-fischer\/#primaryimage","url":"https:\/\/president-ksgov.net\/wp-content\/uploads\/000_19.06.2013.jpg","contentUrl":"https:\/\/president-ksgov.net\/wp-content\/uploads\/000_19.06.2013.jpg","width":800,"height":533},{"@type":"BreadcrumbList","@id":"https:\/\/president-ksgov.net\/sr\/predsednica-atifete-jahjaga-se-sastala-sa-predsednikom-austrije-heinz-fischer\/#breadcrumb","itemListElement":[{"@type":"ListItem","position":1,"name":"Home","item":"https:\/\/president-ksgov.net\/sr\/"},{"@type":"ListItem","position":2,"name":"Predsednica Atifete Jahjaga se sastala sa Predsednikom Austrije, Heinz Fischer"}]},{"@type":"WebSite","@id":"https:\/\/president-ksgov.net\/#website","url":"https:\/\/president-ksgov.net\/","name":"Presidente e Republik\u00ebs s\u00eb Kosov\u00ebs","description":"Presidente e Republik\u00ebs s\u00eb Kosov\u00ebs","alternateName":"DR. VJOSA OSMANI - SADRIU","potentialAction":[{"@type":"SearchAction","target":{"@type":"EntryPoint","urlTemplate":"https:\/\/president-ksgov.net\/?s={search_term_string}"},"query-input":{"@type":"PropertyValueSpecification","valueRequired":true,"valueName":"search_term_string"}}],"inLanguage":"sr-RS"},{"@type":"Person","@id":"https:\/\/president-ksgov.net\/#\/schema\/person\/bb4337a5fb147cb2046d80548172cbee","name":"admin","image":{"@type":"ImageObject","inLanguage":"sr-RS","@id":"https:\/\/president-ksgov.net\/#\/schema\/person\/image\/","url":"https:\/\/secure.gravatar.com\/avatar\/36156ca0fa3b8d9d25174f146e16beea0cf28f37adf1b9e19b6c9c279a7c9dd3?s=96&d=mm&r=g","contentUrl":"https:\/\/secure.gravatar.com\/avatar\/36156ca0fa3b8d9d25174f146e16beea0cf28f37adf1b9e19b6c9c279a7c9dd3?s=96&d=mm&r=g","caption":"admin"},"sameAs":["https:\/\/president-ksgov.net"]}]}},"_links":{"self":[{"href":"https:\/\/president-ksgov.net\/sr\/wp-json\/wp\/v2\/posts\/78368","targetHints":{"allow":["GET"]}}],"collection":[{"href":"https:\/\/president-ksgov.net\/sr\/wp-json\/wp\/v2\/posts"}],"about":[{"href":"https:\/\/president-ksgov.net\/sr\/wp-json\/wp\/v2\/types\/post"}],"author":[{"embeddable":true,"href":"https:\/\/president-ksgov.net\/sr\/wp-json\/wp\/v2\/users\/1"}],"replies":[{"embeddable":true,"href":"https:\/\/president-ksgov.net\/sr\/wp-json\/wp\/v2\/comments?post=78368"}],"version-history":[{"count":0,"href":"https:\/\/president-ksgov.net\/sr\/wp-json\/wp\/v2\/posts\/78368\/revisions"}],"wp:featuredmedia":[{"embeddable":true,"href":"https:\/\/president-ksgov.net\/sr\/wp-json\/wp\/v2\/media\/50631"}],"wp:attachment":[{"href":"https:\/\/president-ksgov.net\/sr\/wp-json\/wp\/v2\/media?parent=78368"}],"wp:term":[{"taxonomy":"category","embeddable":true,"href":"https:\/\/president-ksgov.net\/sr\/wp-json\/wp\/v2\/categories?post=78368"},{"taxonomy":"post_tag","embeddable":true,"href":"https:\/\/president-ksgov.net\/sr\/wp-json\/wp\/v2\/tags?post=78368"}],"curies":[{"name":"wp","href":"https:\/\/api.w.org\/{rel}","templated":true}]}}