{"id":78364,"date":"2013-06-20T16:20:21","date_gmt":"2013-06-20T16:20:21","guid":{"rendered":"https:\/\/dev.president-ksgov.net\/govor-predsednice-republike-kosovo-pri-lansiranju-platforme-za-silovane-ene-tokom-rata-na-kosovu\/"},"modified":"2023-03-08T09:03:51","modified_gmt":"2023-03-08T09:03:51","slug":"govor-predsednice-republike-kosovo-pri-lansiranju-platforme-za-silovane-ene-tokom-rata-na-kosovu","status":"publish","type":"post","link":"https:\/\/president-ksgov.net\/sr\/govor-predsednice-republike-kosovo-pri-lansiranju-platforme-za-silovane-ene-tokom-rata-na-kosovu\/","title":{"rendered":"GOVOR PREDSEDNICE REPUBLIKE KOSOVO PRI LANSIRANJU PLATFORME ZA SILOVANE &#142;ENE TOKOM RATA NA KOSOVU"},"content":{"rendered":"<p>Dozvolite mi da se na pocetku zahvalim ambasadu SAD i ambasadu Velike Britanije na Kosovu i Centru  Kosova za Rehabilitaciju lica koji su pre&#382;iveli torture za anga&#382;ovanje da se zata&#353;ka glas o potrebama &#382;ena &#382;rtve neposrednog nasilja u poslednjem ratu na Kosovu.<\/p>\n<p>Po&#353;tovani prisutni,<br \/>\nDame i gospodo,<\/p>\n<p>Dozvolite mi da se na pocetku zahvalim ambasadu SAD i ambasadu Velike Britanije na Kosovu i Centru\u00a0 Kosova za Rehabilitaciju lica koji su pre&#382;iveli torture za anga&#382;ovanje da se zata&#353;ka glas o potrebama &#382;ena &#382;rtve neposrednog nasilja u poslednjem ratu na Kosovu.<\/p>\n<p>Ova organizovanja\u00a0 istovremeno u kontinuitetu podi&#382;u svest za sprecavanje\u00a0 nasilja kao sredstvo rata i doprinose\u00a0 za &#353;to efikasniju\u00a0 identifikaciju mera koje treba preduzeti radi adresiranja\u00a0 dugorocnih posledica\u00a0 koje ova vrsta nasilja ostavlja na dru&#353;tvima proiza&#353;le iz sukoba.<\/p>\n<p>Nasilje je ostavilo dubok trag na Kosovo. &#381;ena na Kosovu\u00a0 tokom citavog perioda rata je bila\u00a0 neodvojiv deo tragedije\u00a0 i zajednickih nastojanja radi obezbedenja bolje buducnosti. Kao takva\u00a0 ona je bila i najveca &#382;rtva citavog rata &#8211; u takvim te&#353;kim okolnostima\u00a0 &#353;to je te&#353;ko opisivati, ona je\u00a0 cesto snosila teret porodice i obezbedila je njenu egzistenciju.<\/p>\n<p>Na&#382;alost &#382;ene su bile neposredni ciljevi silovanja kao sredstvo rata, rata ovog koji za njih nikada nece imati jedan kraj. Jer silovane &#382;ene tokom sukoba\u00a0 ne samo &#353;to su &#382;rtve izvr&#353;ioca silovanja, koje su nad&#382;ivele nasilje nosioca\u00a0 ove te&#353;ke epizode vec cesto su i &#382;rtve okoline gde one &#382;ive zbog toga &#353;to se suocavaju\u00a0 sa prezirem i iskljucenjem iz dru&#353;tva za ciju su slobodu one mnogo &#382;rtvovale.<\/p>\n<p>Pre izvesnog vremena\u00a0 bili smo svedoci te&#353;kog razgovora oko statusa silovanih &#382;ena tokom rata na Kosovu i napada\u00a0 na aktiviste i poslanice na Kasovu koje su bez prestanka za&#353;titila dostojanstvo &#382;rtava rata.<\/p>\n<p>Kao predsednica Republike Kosova uputila sam poziv poslanicima Republike Kosova, parlamentarnim komisijama, vladinim mehanizmima, predstavnicima gradanskog dru&#353;tva i interesnim grupama &#8211; da se skupa usredsredimo na pronala&#382;enje i utvrdivanje\u00a0 naj povoljnije\u00a0 forme radi\u00a0 pru&#382;anja na&#353;e pomoci kao institucije i kao dru&#353;tvo seksualnim &#382;rtvama rata.<\/p>\n<p>Ponavljam ono &#353;to sam i ranije rekla &#8211; nikada necemo naci jednostavne odgovore na te&#353;ka pitanja. Ali to nije razlog\u00a0 da zaobidemo\u00a0 na&#353;u obavezu i na&#353;u brigu kao dru&#353;tvo za ovu kategoriju &#382;rtava.<\/p>\n<p>Ostajem pri mom obecanju da cu se licno pobrinuti, u okviru mojih ustavnih ovla&#353;cenja da ne dozvolim\u00a0 da se\u00a0 silovane &#382;ene ponovo &#382;rtvuju i stigmatizuju zbog na&#353;eg nemara\u00a0 iz licnih ubedenja, iz politickih nesuglasica ili zbog neodlucnosti koja dominira na&#353;u politicku sferu u odnosu na ovu kategoriju &#382;rtava.<\/p>\n<p>Jo&#353; jednom nagla&#353;avam: Na ovoj raspravi nema\u00a0 mi i one. Mi smo mi i jesmo jedno.<\/p>\n<p>Cilj koji smo pred sobom postavili da izgradimo dru&#353;tvo gde ce svaki gradanin imati jednak pristup uslugama koje su mu potrebne radi obezbedenja dostojanstvenog &#382;ivota, treba da se pretvori u realnost za svakog gradanina Kosova.<\/p>\n<p>Prema ovim &#382;enama i prema sebi du&#382;ni smo da priznamo njihove muke i da im ne okrenemo leda i da njih ne ostavljamo da pate u &#353;utnji.<\/p>\n<p>Po&#353;tovani ucesnici,<\/p>\n<p>Kao Predsednica Kosova i domacica\u00a0 medunarodnog samita &#382;ena odr&#382;anog na Kosovu\u00a0 pro&#353;le godine, u okviru Nacela Pri&#353;tine po prvi put smo tra&#382;ili\u00a0 da se silovanim &#382;enama priznaje pravni\u00a0 status kao &#382;rtve rata.<\/p>\n<p>Medutim, na&#353;a\u00a0 obaveza kao institucije i dru&#353;tvo prema silovanim &#382;enama nece se okoncati odgovorom zakonodavstva, moralnom podr&#353;kom i drugim rehabilitacionim merama.<\/p>\n<p>Povrh svega danas mi ne da tra&#382;imo pravdu za njih. &#381;rtvama seksualnog nasilja, a veruje se da na Kosovu bilo 20 hiljada silovanih albanskih &#382;ena, potrebna je pravda jer odgovorni nasilnici za gnusni zlocin ostali su do danas ne ka&#382;njeni.<\/p>\n<p>Nepravilno i neozbiljno adresiranje ovog ru&#382;nog fenomena rata i ne ka&#382;njavanje\u00a0 onih koji su bili nosioci ove strategije radi odredenih politickih ciljeva, i dalje &#382;rtvuje ove &#382;ene, koje su do&#382;ivele ovo nasilje, i dalje cini &#382;rtvama i ne dozvoljava njihovu integraciju.<\/p>\n<p>Hvala vam!<\/p>\n","protected":false},"excerpt":{"rendered":"<p>Dozvolite mi da se na pocetku zahvalim ambasadu SAD i ambasadu Velike Britanije na Kosovu i Centru  Kosova za Rehabilitaciju lica koji su pre&#382;iveli torture za anga&#382;ovanje da se zata&#353;ka glas o potrebama &#382;ena &#382;rtve neposrednog nasilja u poslednjem ratu na Kosovu.<\/p>\n","protected":false},"author":1,"featured_media":50573,"comment_status":"open","ping_status":"closed","sticky":false,"template":"","format":"standard","meta":{"_eb_attr":"","footnotes":""},"categories":[106],"tags":[],"class_list":["post-78364","post","type-post","status-publish","format-standard","has-post-thumbnail","hentry","category-govori"],"yoast_head":"<!-- This site is optimized with the Yoast SEO plugin v23.5 - https:\/\/yoast.com\/wordpress\/plugins\/seo\/ -->\n<title>GOVOR PREDSEDNICE REPUBLIKE KOSOVO PRI LANSIRANJU PLATFORME ZA SILOVANE &#142;ENE TOKOM RATA NA KOSOVU - Predsednik Republike Kosovo - DR. VJOSA OSMANI - SADRIU<\/title>\n<meta name=\"description\" content=\"GOVOR PREDSEDNICE REPUBLIKE KOSOVO PRI LANSIRANJU PLATFORME ZA SILOVANE &#142;ENE TOKOM RATA NA KOSOVU - Predsednik Republike Kosovo - DR. VJOSA OSMANI - SADRIU -\" \/>\n<meta name=\"robots\" content=\"index, follow, max-snippet:-1, max-image-preview:large, max-video-preview:-1\" \/>\n<link rel=\"canonical\" href=\"https:\/\/president-ksgov.net\/fjala-e-presidentes-jahjaga-ne-lansimin-e-platformes-per-grate-e-dhunuara-gjate-luftes-ne-kosove\/\" \/>\n<meta property=\"og:locale\" content=\"sr_RS\" \/>\n<meta property=\"og:type\" content=\"article\" \/>\n<meta property=\"og:title\" content=\"GOVOR PREDSEDNICE REPUBLIKE KOSOVO PRI LANSIRANJU PLATFORME ZA SILOVANE &#142;ENE TOKOM RATA NA KOSOVU - Predsednik Republike Kosovo - DR. VJOSA OSMANI - SADRIU\" \/>\n<meta property=\"og:description\" content=\"GOVOR PREDSEDNICE REPUBLIKE KOSOVO PRI LANSIRANJU PLATFORME ZA SILOVANE &#142;ENE TOKOM RATA NA KOSOVU - Predsednik Republike Kosovo - DR. VJOSA OSMANI - SADRIU -\" \/>\n<meta property=\"og:url\" content=\"https:\/\/president-ksgov.net\/fjala-e-presidentes-jahjaga-ne-lansimin-e-platformes-per-grate-e-dhunuara-gjate-luftes-ne-kosove\/\" \/>\n<meta property=\"og:site_name\" content=\"Predsednik Republike Kosovo - DR. VJOSA OSMANI - SADRIU\" \/>\n<meta property=\"article:published_time\" content=\"2013-06-20T16:20:21+00:00\" \/>\n<meta property=\"article:modified_time\" content=\"2023-03-08T09:03:51+00:00\" \/>\n<meta property=\"og:image\" content=\"https:\/\/president-ksgov.net\/wp-content\/uploads\/20_06_13_142016_FJALIMI_20.06.2013.jpg\" \/>\n\t<meta property=\"og:image:width\" content=\"1000\" \/>\n\t<meta property=\"og:image:height\" content=\"667\" \/>\n\t<meta property=\"og:image:type\" content=\"image\/jpeg\" \/>\n<meta name=\"author\" content=\"admin\" \/>\n<meta name=\"twitter:card\" content=\"summary_large_image\" \/>\n<meta name=\"twitter:label1\" content=\"\u041d\u0430\u043f\u0438\u0441\u0430\u043d\u043e \u043e\u0434\" \/>\n\t<meta name=\"twitter:data1\" content=\"admin\" \/>\n\t<meta name=\"twitter:label2\" content=\"\u041f\u0440\u043e\u0446\u0435\u045a\u0435\u043d\u043e \u0432\u0440\u0435\u043c\u0435 \u0447\u0438\u0442\u0430\u045a\u0430\" \/>\n\t<meta name=\"twitter:data2\" content=\"3 \u043c\u0438\u043d\u0443\u0442\u0430\" \/>\n<script type=\"application\/ld+json\" class=\"yoast-schema-graph\">{\"@context\":\"https:\/\/schema.org\",\"@graph\":[{\"@type\":\"WebPage\",\"@id\":\"https:\/\/president-ksgov.net\/fjala-e-presidentes-jahjaga-ne-lansimin-e-platformes-per-grate-e-dhunuara-gjate-luftes-ne-kosove\/\",\"url\":\"https:\/\/president-ksgov.net\/fjala-e-presidentes-jahjaga-ne-lansimin-e-platformes-per-grate-e-dhunuara-gjate-luftes-ne-kosove\/\",\"name\":\"GOVOR PREDSEDNICE REPUBLIKE KOSOVO PRI LANSIRANJU PLATFORME ZA SILOVANE &#142;ENE TOKOM RATA NA KOSOVU - Predsednik Republike Kosovo - DR. VJOSA OSMANI - SADRIU\",\"isPartOf\":{\"@id\":\"https:\/\/president-ksgov.net\/#website\"},\"primaryImageOfPage\":{\"@id\":\"https:\/\/president-ksgov.net\/fjala-e-presidentes-jahjaga-ne-lansimin-e-platformes-per-grate-e-dhunuara-gjate-luftes-ne-kosove\/#primaryimage\"},\"image\":{\"@id\":\"https:\/\/president-ksgov.net\/fjala-e-presidentes-jahjaga-ne-lansimin-e-platformes-per-grate-e-dhunuara-gjate-luftes-ne-kosove\/#primaryimage\"},\"thumbnailUrl\":\"https:\/\/president-ksgov.net\/wp-content\/uploads\/20_06_13_142016_FJALIMI_20.06.2013.jpg\",\"datePublished\":\"2013-06-20T16:20:21+00:00\",\"dateModified\":\"2023-03-08T09:03:51+00:00\",\"author\":{\"@id\":\"https:\/\/president-ksgov.net\/#\/schema\/person\/bb4337a5fb147cb2046d80548172cbee\"},\"description\":\"GOVOR PREDSEDNICE REPUBLIKE KOSOVO PRI LANSIRANJU PLATFORME ZA SILOVANE &#142;ENE TOKOM RATA NA KOSOVU - Predsednik Republike Kosovo - DR. VJOSA OSMANI - SADRIU -\",\"breadcrumb\":{\"@id\":\"https:\/\/president-ksgov.net\/fjala-e-presidentes-jahjaga-ne-lansimin-e-platformes-per-grate-e-dhunuara-gjate-luftes-ne-kosove\/#breadcrumb\"},\"inLanguage\":\"sr-RS\",\"potentialAction\":[{\"@type\":\"ReadAction\",\"target\":[\"https:\/\/president-ksgov.net\/fjala-e-presidentes-jahjaga-ne-lansimin-e-platformes-per-grate-e-dhunuara-gjate-luftes-ne-kosove\/\"]}]},{\"@type\":\"ImageObject\",\"inLanguage\":\"sr-RS\",\"@id\":\"https:\/\/president-ksgov.net\/fjala-e-presidentes-jahjaga-ne-lansimin-e-platformes-per-grate-e-dhunuara-gjate-luftes-ne-kosove\/#primaryimage\",\"url\":\"https:\/\/president-ksgov.net\/wp-content\/uploads\/20_06_13_142016_FJALIMI_20.06.2013.jpg\",\"contentUrl\":\"https:\/\/president-ksgov.net\/wp-content\/uploads\/20_06_13_142016_FJALIMI_20.06.2013.jpg\",\"width\":1000,\"height\":667},{\"@type\":\"BreadcrumbList\",\"@id\":\"https:\/\/president-ksgov.net\/fjala-e-presidentes-jahjaga-ne-lansimin-e-platformes-per-grate-e-dhunuara-gjate-luftes-ne-kosove\/#breadcrumb\",\"itemListElement\":[{\"@type\":\"ListItem\",\"position\":1,\"name\":\"Home\",\"item\":\"https:\/\/president-ksgov.net\/sr\/\"},{\"@type\":\"ListItem\",\"position\":2,\"name\":\"GOVOR PREDSEDNICE REPUBLIKE KOSOVO PRI LANSIRANJU PLATFORME ZA SILOVANE &#142;ENE TOKOM RATA NA KOSOVU\"}]},{\"@type\":\"WebSite\",\"@id\":\"https:\/\/president-ksgov.net\/#website\",\"url\":\"https:\/\/president-ksgov.net\/\",\"name\":\"Presidente e Republik\u00ebs s\u00eb Kosov\u00ebs\",\"description\":\"Presidente e Republik\u00ebs s\u00eb Kosov\u00ebs\",\"alternateName\":\"DR. VJOSA OSMANI - SADRIU\",\"potentialAction\":[{\"@type\":\"SearchAction\",\"target\":{\"@type\":\"EntryPoint\",\"urlTemplate\":\"https:\/\/president-ksgov.net\/?s={search_term_string}\"},\"query-input\":{\"@type\":\"PropertyValueSpecification\",\"valueRequired\":true,\"valueName\":\"search_term_string\"}}],\"inLanguage\":\"sr-RS\"},{\"@type\":\"Person\",\"@id\":\"https:\/\/president-ksgov.net\/#\/schema\/person\/bb4337a5fb147cb2046d80548172cbee\",\"name\":\"admin\",\"image\":{\"@type\":\"ImageObject\",\"inLanguage\":\"sr-RS\",\"@id\":\"https:\/\/president-ksgov.net\/#\/schema\/person\/image\/\",\"url\":\"https:\/\/secure.gravatar.com\/avatar\/36156ca0fa3b8d9d25174f146e16beea0cf28f37adf1b9e19b6c9c279a7c9dd3?s=96&d=mm&r=g\",\"contentUrl\":\"https:\/\/secure.gravatar.com\/avatar\/36156ca0fa3b8d9d25174f146e16beea0cf28f37adf1b9e19b6c9c279a7c9dd3?s=96&d=mm&r=g\",\"caption\":\"admin\"},\"sameAs\":[\"https:\/\/president-ksgov.net\"]}]}<\/script>\n<!-- \/ Yoast SEO plugin. -->","yoast_head_json":{"title":"GOVOR PREDSEDNICE REPUBLIKE KOSOVO PRI LANSIRANJU PLATFORME ZA SILOVANE &#142;ENE TOKOM RATA NA KOSOVU - Predsednik Republike Kosovo - DR. VJOSA OSMANI - SADRIU","description":"GOVOR PREDSEDNICE REPUBLIKE KOSOVO PRI LANSIRANJU PLATFORME ZA SILOVANE &#142;ENE TOKOM RATA NA KOSOVU - Predsednik Republike Kosovo - DR. VJOSA OSMANI - SADRIU -","robots":{"index":"index","follow":"follow","max-snippet":"max-snippet:-1","max-image-preview":"max-image-preview:large","max-video-preview":"max-video-preview:-1"},"canonical":"https:\/\/president-ksgov.net\/fjala-e-presidentes-jahjaga-ne-lansimin-e-platformes-per-grate-e-dhunuara-gjate-luftes-ne-kosove\/","og_locale":"sr_RS","og_type":"article","og_title":"GOVOR PREDSEDNICE REPUBLIKE KOSOVO PRI LANSIRANJU PLATFORME ZA SILOVANE &#142;ENE TOKOM RATA NA KOSOVU - Predsednik Republike Kosovo - DR. VJOSA OSMANI - SADRIU","og_description":"GOVOR PREDSEDNICE REPUBLIKE KOSOVO PRI LANSIRANJU PLATFORME ZA SILOVANE &#142;ENE TOKOM RATA NA KOSOVU - Predsednik Republike Kosovo - DR. VJOSA OSMANI - SADRIU -","og_url":"https:\/\/president-ksgov.net\/fjala-e-presidentes-jahjaga-ne-lansimin-e-platformes-per-grate-e-dhunuara-gjate-luftes-ne-kosove\/","og_site_name":"Predsednik Republike Kosovo - DR. VJOSA OSMANI - SADRIU","article_published_time":"2013-06-20T16:20:21+00:00","article_modified_time":"2023-03-08T09:03:51+00:00","og_image":[{"width":1000,"height":667,"url":"https:\/\/president-ksgov.net\/wp-content\/uploads\/20_06_13_142016_FJALIMI_20.06.2013.jpg","type":"image\/jpeg"}],"author":"admin","twitter_card":"summary_large_image","twitter_misc":{"\u041d\u0430\u043f\u0438\u0441\u0430\u043d\u043e \u043e\u0434":"admin","\u041f\u0440\u043e\u0446\u0435\u045a\u0435\u043d\u043e \u0432\u0440\u0435\u043c\u0435 \u0447\u0438\u0442\u0430\u045a\u0430":"3 \u043c\u0438\u043d\u0443\u0442\u0430"},"schema":{"@context":"https:\/\/schema.org","@graph":[{"@type":"WebPage","@id":"https:\/\/president-ksgov.net\/fjala-e-presidentes-jahjaga-ne-lansimin-e-platformes-per-grate-e-dhunuara-gjate-luftes-ne-kosove\/","url":"https:\/\/president-ksgov.net\/fjala-e-presidentes-jahjaga-ne-lansimin-e-platformes-per-grate-e-dhunuara-gjate-luftes-ne-kosove\/","name":"GOVOR PREDSEDNICE REPUBLIKE KOSOVO PRI LANSIRANJU PLATFORME ZA SILOVANE &#142;ENE TOKOM RATA NA KOSOVU - Predsednik Republike Kosovo - DR. VJOSA OSMANI - SADRIU","isPartOf":{"@id":"https:\/\/president-ksgov.net\/#website"},"primaryImageOfPage":{"@id":"https:\/\/president-ksgov.net\/fjala-e-presidentes-jahjaga-ne-lansimin-e-platformes-per-grate-e-dhunuara-gjate-luftes-ne-kosove\/#primaryimage"},"image":{"@id":"https:\/\/president-ksgov.net\/fjala-e-presidentes-jahjaga-ne-lansimin-e-platformes-per-grate-e-dhunuara-gjate-luftes-ne-kosove\/#primaryimage"},"thumbnailUrl":"https:\/\/president-ksgov.net\/wp-content\/uploads\/20_06_13_142016_FJALIMI_20.06.2013.jpg","datePublished":"2013-06-20T16:20:21+00:00","dateModified":"2023-03-08T09:03:51+00:00","author":{"@id":"https:\/\/president-ksgov.net\/#\/schema\/person\/bb4337a5fb147cb2046d80548172cbee"},"description":"GOVOR PREDSEDNICE REPUBLIKE KOSOVO PRI LANSIRANJU PLATFORME ZA SILOVANE &#142;ENE TOKOM RATA NA KOSOVU - Predsednik Republike Kosovo - DR. VJOSA OSMANI - SADRIU -","breadcrumb":{"@id":"https:\/\/president-ksgov.net\/fjala-e-presidentes-jahjaga-ne-lansimin-e-platformes-per-grate-e-dhunuara-gjate-luftes-ne-kosove\/#breadcrumb"},"inLanguage":"sr-RS","potentialAction":[{"@type":"ReadAction","target":["https:\/\/president-ksgov.net\/fjala-e-presidentes-jahjaga-ne-lansimin-e-platformes-per-grate-e-dhunuara-gjate-luftes-ne-kosove\/"]}]},{"@type":"ImageObject","inLanguage":"sr-RS","@id":"https:\/\/president-ksgov.net\/fjala-e-presidentes-jahjaga-ne-lansimin-e-platformes-per-grate-e-dhunuara-gjate-luftes-ne-kosove\/#primaryimage","url":"https:\/\/president-ksgov.net\/wp-content\/uploads\/20_06_13_142016_FJALIMI_20.06.2013.jpg","contentUrl":"https:\/\/president-ksgov.net\/wp-content\/uploads\/20_06_13_142016_FJALIMI_20.06.2013.jpg","width":1000,"height":667},{"@type":"BreadcrumbList","@id":"https:\/\/president-ksgov.net\/fjala-e-presidentes-jahjaga-ne-lansimin-e-platformes-per-grate-e-dhunuara-gjate-luftes-ne-kosove\/#breadcrumb","itemListElement":[{"@type":"ListItem","position":1,"name":"Home","item":"https:\/\/president-ksgov.net\/sr\/"},{"@type":"ListItem","position":2,"name":"GOVOR PREDSEDNICE REPUBLIKE KOSOVO PRI LANSIRANJU PLATFORME ZA SILOVANE &#142;ENE TOKOM RATA NA KOSOVU"}]},{"@type":"WebSite","@id":"https:\/\/president-ksgov.net\/#website","url":"https:\/\/president-ksgov.net\/","name":"Presidente e Republik\u00ebs s\u00eb Kosov\u00ebs","description":"Presidente e Republik\u00ebs s\u00eb Kosov\u00ebs","alternateName":"DR. VJOSA OSMANI - SADRIU","potentialAction":[{"@type":"SearchAction","target":{"@type":"EntryPoint","urlTemplate":"https:\/\/president-ksgov.net\/?s={search_term_string}"},"query-input":{"@type":"PropertyValueSpecification","valueRequired":true,"valueName":"search_term_string"}}],"inLanguage":"sr-RS"},{"@type":"Person","@id":"https:\/\/president-ksgov.net\/#\/schema\/person\/bb4337a5fb147cb2046d80548172cbee","name":"admin","image":{"@type":"ImageObject","inLanguage":"sr-RS","@id":"https:\/\/president-ksgov.net\/#\/schema\/person\/image\/","url":"https:\/\/secure.gravatar.com\/avatar\/36156ca0fa3b8d9d25174f146e16beea0cf28f37adf1b9e19b6c9c279a7c9dd3?s=96&d=mm&r=g","contentUrl":"https:\/\/secure.gravatar.com\/avatar\/36156ca0fa3b8d9d25174f146e16beea0cf28f37adf1b9e19b6c9c279a7c9dd3?s=96&d=mm&r=g","caption":"admin"},"sameAs":["https:\/\/president-ksgov.net"]}]}},"_links":{"self":[{"href":"https:\/\/president-ksgov.net\/sr\/wp-json\/wp\/v2\/posts\/78364","targetHints":{"allow":["GET"]}}],"collection":[{"href":"https:\/\/president-ksgov.net\/sr\/wp-json\/wp\/v2\/posts"}],"about":[{"href":"https:\/\/president-ksgov.net\/sr\/wp-json\/wp\/v2\/types\/post"}],"author":[{"embeddable":true,"href":"https:\/\/president-ksgov.net\/sr\/wp-json\/wp\/v2\/users\/1"}],"replies":[{"embeddable":true,"href":"https:\/\/president-ksgov.net\/sr\/wp-json\/wp\/v2\/comments?post=78364"}],"version-history":[{"count":1,"href":"https:\/\/president-ksgov.net\/sr\/wp-json\/wp\/v2\/posts\/78364\/revisions"}],"predecessor-version":[{"id":81733,"href":"https:\/\/president-ksgov.net\/sr\/wp-json\/wp\/v2\/posts\/78364\/revisions\/81733"}],"wp:featuredmedia":[{"embeddable":true,"href":"https:\/\/president-ksgov.net\/sr\/wp-json\/wp\/v2\/media\/50573"}],"wp:attachment":[{"href":"https:\/\/president-ksgov.net\/sr\/wp-json\/wp\/v2\/media?parent=78364"}],"wp:term":[{"taxonomy":"category","embeddable":true,"href":"https:\/\/president-ksgov.net\/sr\/wp-json\/wp\/v2\/categories?post=78364"},{"taxonomy":"post_tag","embeddable":true,"href":"https:\/\/president-ksgov.net\/sr\/wp-json\/wp\/v2\/tags?post=78364"}],"curies":[{"name":"wp","href":"https:\/\/api.w.org\/{rel}","templated":true}]}}