{"id":78362,"date":"2013-06-20T20:42:33","date_gmt":"2013-06-20T20:42:33","guid":{"rendered":"https:\/\/dev.president-ksgov.net\/govor-predsednice-kosova-gospodje-atifete-jahjaga-na-proslavi-rodjendana-kraljice-elizabeth\/"},"modified":"2023-03-08T09:03:51","modified_gmt":"2023-03-08T09:03:51","slug":"govor-predsednice-kosova-gospodje-atifete-jahjaga-na-proslavi-rodjendana-kraljice-elizabeth","status":"publish","type":"post","link":"https:\/\/president-ksgov.net\/sr\/govor-predsednice-kosova-gospodje-atifete-jahjaga-na-proslavi-rodjendana-kraljice-elizabeth\/","title":{"rendered":"GOVOR PREDSEDNICE KOSOVA, GOSPO\u0110E ATIFETE JAHJAGA NA PROSLAVI RO\u0110ENDANA KRALJICE  ELIZABETH"},"content":{"rendered":"<p>GOVOR PREDSEDNICE KOSOVA, GOSPO\u0110E ATIFETE JAHJAGA NA PROSLAVI RO\u0110ENDANA KRALJICE  ELIZABETH<\/p>\n<p>Posebna \u010dast da se skupimo u Republici Kosovo radi proslave ro\u0111endana Njenog Veli\u010danstva, Kraljice Elizabeth.<\/p>\n<p>Ovaj ro\u0111endan, osim &#353;to ima svoju simboliku i &#353;to predstavlja momenat ponosa za va&#353;u zemlju, istovremeno nam omogu\u0107ava da se setimo prijateljstva i partnerstva izme\u0111u Velike Britanije i Republike Kosovo, jedan cenjeni odnos kaljen tokom jedne duge bitke za opstanak i slobodu mog naroda koja je oja\u010dala tokom procesa izgradnje mira i na&#353;e dr&#382;ave.<\/p>\n<p>Velika Britanija je bila jak oslonac i podr&#382;avalac nezavisnosti Kosova, na&#353;e dr&#382;avnosti, suvereniteta i teritorijalnog integriteta, te na&#353;e konsolidacije u me\u0111unarodnoj sceni. Uporedo sa ostalim na&#353;im saveznicima, Velika Britanije je u\u010dinila veliki diplomatski i vojni napor da nam pomogne da sti\u010demo slobodu.<\/p>\n<p>Gra\u0111ani Kosova nikada ne\u0107e zaboraviti govor premijera Blair u Chicago kada je pozvao me\u0111unarodnu zajednicu da ne zastane dok ne izvojeva mir za ljude Kosova. Nikada ne\u0107emo zaboraviti prodor Britanske Vojske s crvenim beretkama, koji su otvorili put da se hiljadama izbeglica omogu\u0107i povratak u svojim ku\u0107ama. Oni i hiljade drugih Britanskih Vojnika koji su pro&#353;li kroz na&#353;u zemlju \u0107e biti do&#382;ivotno nedeljiv deo istorije novog Kosova. Vi ste verovali viziji gra\u0111ana Kosova za izgradnju demokratske i multikulturne dr&#382;ave.<\/p>\n<p>Mi smo odr&#382;ali obe\u0107anje. Kosovo je dr&#382;ava svih njenih gra\u0111ana, \u010dija prava i sloboda se po&#353;tuju, koji dostojanstveno i u miru &#382;ive. Zajedni\u010dka je pri\u010da uspeha me\u0111unarodne zajednice i naroda Kosova.<\/p>\n<p>Naravno da nam ostaje mnogo toga da uradimo. Ambasadore, mi ra\u010dunamo na va&#353;u stalnu podr&#353;ku i pomo\u0107 da bismo svetu otkrili Novo Kosovo, da bismo ispri\u010dali pri\u010du riznice i bogate tradicije koje ima na&#353;a zemlja, da poka&#382;emo da jedna zemlja uni&#353;tena od rata otvara put jednoj ustrajnoj i mirnoj budu\u0107nosti. <\/p>\n<p>Mi ra\u010dunamo na va&#353;u podr&#353;ku\u00a0 sada kada preduzimamo potrebne reforme radi ubrzanja na&#353;e integracije u Evropsku Zajednicu i NATO, cilj ovaj koji nas sve spaja i koji nema alternativu.<\/p>\n<p>Dozvolite da ovime nazdravim za Njeno Veli\u010danstvo, za gra\u0111ane va&#353;e dr&#382;ave i za sna&#382;no prijateljstvo izme\u0111u\u00a0 na&#353;ih dveju zemalja!<\/p>\n","protected":false},"excerpt":{"rendered":"<p>GOVOR PREDSEDNICE KOSOVA, GOSPO\u0110E ATIFETE JAHJAGA NA PROSLAVI RO\u0110ENDANA KRALJICE  ELIZABETH<\/p>\n","protected":false},"author":1,"featured_media":50547,"comment_status":"open","ping_status":"closed","sticky":false,"template":"","format":"standard","meta":{"_eb_attr":"","footnotes":""},"categories":[106],"tags":[],"class_list":["post-78362","post","type-post","status-publish","format-standard","has-post-thumbnail","hentry","category-govori"],"yoast_head":"<!-- This site is optimized with the Yoast SEO plugin v23.5 - https:\/\/yoast.com\/wordpress\/plugins\/seo\/ -->\n<title>GOVOR PREDSEDNICE KOSOVA, GOSPO\u0110E ATIFETE JAHJAGA NA PROSLAVI RO\u0110ENDANA KRALJICE ELIZABETH - Predsednik Republike Kosovo - DR. VJOSA OSMANI - SADRIU<\/title>\n<meta name=\"description\" content=\"GOVOR PREDSEDNICE KOSOVA, GOSPO\u0110E ATIFETE JAHJAGA NA PROSLAVI RO\u0110ENDANA KRALJICE ELIZABETH - Predsednik Republike Kosovo - DR. VJOSA OSMANI - SADRIU -\" \/>\n<meta name=\"robots\" content=\"index, follow, max-snippet:-1, max-image-preview:large, max-video-preview:-1\" \/>\n<link rel=\"canonical\" href=\"https:\/\/president-ksgov.net\/fjala-e-presidentes-jahjaga-ne-festimin-e-ditelindjes-se-mbretereshes-elizabeth\/\" \/>\n<meta property=\"og:locale\" content=\"sr_RS\" \/>\n<meta property=\"og:type\" content=\"article\" \/>\n<meta property=\"og:title\" content=\"GOVOR PREDSEDNICE KOSOVA, GOSPO\u0110E ATIFETE JAHJAGA NA PROSLAVI RO\u0110ENDANA KRALJICE ELIZABETH - Predsednik Republike Kosovo - DR. VJOSA OSMANI - SADRIU\" \/>\n<meta property=\"og:description\" content=\"GOVOR PREDSEDNICE KOSOVA, GOSPO\u0110E ATIFETE JAHJAGA NA PROSLAVI RO\u0110ENDANA KRALJICE ELIZABETH - Predsednik Republike Kosovo - DR. VJOSA OSMANI - SADRIU -\" \/>\n<meta property=\"og:url\" content=\"https:\/\/president-ksgov.net\/fjala-e-presidentes-jahjaga-ne-festimin-e-ditelindjes-se-mbretereshes-elizabeth\/\" \/>\n<meta property=\"og:site_name\" content=\"Predsednik Republike Kosovo - DR. VJOSA OSMANI - SADRIU\" \/>\n<meta property=\"article:published_time\" content=\"2013-06-20T20:42:33+00:00\" \/>\n<meta property=\"article:modified_time\" content=\"2023-03-08T09:03:51+00:00\" \/>\n<meta property=\"og:image\" content=\"https:\/\/president-ksgov.net\/wp-content\/uploads\/20_06_13_83552_20_06_2013_takim_1.jpg\" \/>\n\t<meta property=\"og:image:width\" content=\"1000\" \/>\n\t<meta property=\"og:image:height\" content=\"639\" \/>\n\t<meta property=\"og:image:type\" content=\"image\/jpeg\" \/>\n<meta name=\"author\" content=\"admin\" \/>\n<meta name=\"twitter:card\" content=\"summary_large_image\" \/>\n<meta name=\"twitter:label1\" content=\"\u041d\u0430\u043f\u0438\u0441\u0430\u043d\u043e \u043e\u0434\" \/>\n\t<meta name=\"twitter:data1\" content=\"admin\" \/>\n\t<meta name=\"twitter:label2\" content=\"\u041f\u0440\u043e\u0446\u0435\u045a\u0435\u043d\u043e \u0432\u0440\u0435\u043c\u0435 \u0447\u0438\u0442\u0430\u045a\u0430\" \/>\n\t<meta name=\"twitter:data2\" content=\"2 \u043c\u0438\u043d\u0443\u0442\u0430\" \/>\n<script type=\"application\/ld+json\" class=\"yoast-schema-graph\">{\"@context\":\"https:\/\/schema.org\",\"@graph\":[{\"@type\":\"WebPage\",\"@id\":\"https:\/\/president-ksgov.net\/fjala-e-presidentes-jahjaga-ne-festimin-e-ditelindjes-se-mbretereshes-elizabeth\/\",\"url\":\"https:\/\/president-ksgov.net\/fjala-e-presidentes-jahjaga-ne-festimin-e-ditelindjes-se-mbretereshes-elizabeth\/\",\"name\":\"GOVOR PREDSEDNICE KOSOVA, GOSPO\u0110E ATIFETE JAHJAGA NA PROSLAVI RO\u0110ENDANA KRALJICE ELIZABETH - Predsednik Republike Kosovo - DR. VJOSA OSMANI - SADRIU\",\"isPartOf\":{\"@id\":\"https:\/\/president-ksgov.net\/#website\"},\"primaryImageOfPage\":{\"@id\":\"https:\/\/president-ksgov.net\/fjala-e-presidentes-jahjaga-ne-festimin-e-ditelindjes-se-mbretereshes-elizabeth\/#primaryimage\"},\"image\":{\"@id\":\"https:\/\/president-ksgov.net\/fjala-e-presidentes-jahjaga-ne-festimin-e-ditelindjes-se-mbretereshes-elizabeth\/#primaryimage\"},\"thumbnailUrl\":\"https:\/\/president-ksgov.net\/wp-content\/uploads\/20_06_13_83552_20_06_2013_takim_1.jpg\",\"datePublished\":\"2013-06-20T20:42:33+00:00\",\"dateModified\":\"2023-03-08T09:03:51+00:00\",\"author\":{\"@id\":\"https:\/\/president-ksgov.net\/#\/schema\/person\/bb4337a5fb147cb2046d80548172cbee\"},\"description\":\"GOVOR PREDSEDNICE KOSOVA, GOSPO\u0110E ATIFETE JAHJAGA NA PROSLAVI RO\u0110ENDANA KRALJICE ELIZABETH - Predsednik Republike Kosovo - DR. VJOSA OSMANI - SADRIU -\",\"breadcrumb\":{\"@id\":\"https:\/\/president-ksgov.net\/fjala-e-presidentes-jahjaga-ne-festimin-e-ditelindjes-se-mbretereshes-elizabeth\/#breadcrumb\"},\"inLanguage\":\"sr-RS\",\"potentialAction\":[{\"@type\":\"ReadAction\",\"target\":[\"https:\/\/president-ksgov.net\/fjala-e-presidentes-jahjaga-ne-festimin-e-ditelindjes-se-mbretereshes-elizabeth\/\"]}]},{\"@type\":\"ImageObject\",\"inLanguage\":\"sr-RS\",\"@id\":\"https:\/\/president-ksgov.net\/fjala-e-presidentes-jahjaga-ne-festimin-e-ditelindjes-se-mbretereshes-elizabeth\/#primaryimage\",\"url\":\"https:\/\/president-ksgov.net\/wp-content\/uploads\/20_06_13_83552_20_06_2013_takim_1.jpg\",\"contentUrl\":\"https:\/\/president-ksgov.net\/wp-content\/uploads\/20_06_13_83552_20_06_2013_takim_1.jpg\",\"width\":1000,\"height\":639},{\"@type\":\"BreadcrumbList\",\"@id\":\"https:\/\/president-ksgov.net\/fjala-e-presidentes-jahjaga-ne-festimin-e-ditelindjes-se-mbretereshes-elizabeth\/#breadcrumb\",\"itemListElement\":[{\"@type\":\"ListItem\",\"position\":1,\"name\":\"Home\",\"item\":\"https:\/\/president-ksgov.net\/sr\/\"},{\"@type\":\"ListItem\",\"position\":2,\"name\":\"GOVOR PREDSEDNICE KOSOVA, GOSPO\u0110E ATIFETE JAHJAGA NA PROSLAVI RO\u0110ENDANA KRALJICE ELIZABETH\"}]},{\"@type\":\"WebSite\",\"@id\":\"https:\/\/president-ksgov.net\/#website\",\"url\":\"https:\/\/president-ksgov.net\/\",\"name\":\"Presidente e Republik\u00ebs s\u00eb Kosov\u00ebs\",\"description\":\"Presidente e Republik\u00ebs s\u00eb Kosov\u00ebs\",\"alternateName\":\"DR. VJOSA OSMANI - SADRIU\",\"potentialAction\":[{\"@type\":\"SearchAction\",\"target\":{\"@type\":\"EntryPoint\",\"urlTemplate\":\"https:\/\/president-ksgov.net\/?s={search_term_string}\"},\"query-input\":{\"@type\":\"PropertyValueSpecification\",\"valueRequired\":true,\"valueName\":\"search_term_string\"}}],\"inLanguage\":\"sr-RS\"},{\"@type\":\"Person\",\"@id\":\"https:\/\/president-ksgov.net\/#\/schema\/person\/bb4337a5fb147cb2046d80548172cbee\",\"name\":\"admin\",\"image\":{\"@type\":\"ImageObject\",\"inLanguage\":\"sr-RS\",\"@id\":\"https:\/\/president-ksgov.net\/#\/schema\/person\/image\/\",\"url\":\"https:\/\/secure.gravatar.com\/avatar\/36156ca0fa3b8d9d25174f146e16beea0cf28f37adf1b9e19b6c9c279a7c9dd3?s=96&d=mm&r=g\",\"contentUrl\":\"https:\/\/secure.gravatar.com\/avatar\/36156ca0fa3b8d9d25174f146e16beea0cf28f37adf1b9e19b6c9c279a7c9dd3?s=96&d=mm&r=g\",\"caption\":\"admin\"},\"sameAs\":[\"https:\/\/president-ksgov.net\"]}]}<\/script>\n<!-- \/ Yoast SEO plugin. -->","yoast_head_json":{"title":"GOVOR PREDSEDNICE KOSOVA, GOSPO\u0110E ATIFETE JAHJAGA NA PROSLAVI RO\u0110ENDANA KRALJICE ELIZABETH - Predsednik Republike Kosovo - DR. VJOSA OSMANI - SADRIU","description":"GOVOR PREDSEDNICE KOSOVA, GOSPO\u0110E ATIFETE JAHJAGA NA PROSLAVI RO\u0110ENDANA KRALJICE ELIZABETH - Predsednik Republike Kosovo - DR. VJOSA OSMANI - SADRIU -","robots":{"index":"index","follow":"follow","max-snippet":"max-snippet:-1","max-image-preview":"max-image-preview:large","max-video-preview":"max-video-preview:-1"},"canonical":"https:\/\/president-ksgov.net\/fjala-e-presidentes-jahjaga-ne-festimin-e-ditelindjes-se-mbretereshes-elizabeth\/","og_locale":"sr_RS","og_type":"article","og_title":"GOVOR PREDSEDNICE KOSOVA, GOSPO\u0110E ATIFETE JAHJAGA NA PROSLAVI RO\u0110ENDANA KRALJICE ELIZABETH - Predsednik Republike Kosovo - DR. VJOSA OSMANI - SADRIU","og_description":"GOVOR PREDSEDNICE KOSOVA, GOSPO\u0110E ATIFETE JAHJAGA NA PROSLAVI RO\u0110ENDANA KRALJICE ELIZABETH - Predsednik Republike Kosovo - DR. VJOSA OSMANI - SADRIU -","og_url":"https:\/\/president-ksgov.net\/fjala-e-presidentes-jahjaga-ne-festimin-e-ditelindjes-se-mbretereshes-elizabeth\/","og_site_name":"Predsednik Republike Kosovo - DR. VJOSA OSMANI - SADRIU","article_published_time":"2013-06-20T20:42:33+00:00","article_modified_time":"2023-03-08T09:03:51+00:00","og_image":[{"width":1000,"height":639,"url":"https:\/\/president-ksgov.net\/wp-content\/uploads\/20_06_13_83552_20_06_2013_takim_1.jpg","type":"image\/jpeg"}],"author":"admin","twitter_card":"summary_large_image","twitter_misc":{"\u041d\u0430\u043f\u0438\u0441\u0430\u043d\u043e \u043e\u0434":"admin","\u041f\u0440\u043e\u0446\u0435\u045a\u0435\u043d\u043e \u0432\u0440\u0435\u043c\u0435 \u0447\u0438\u0442\u0430\u045a\u0430":"2 \u043c\u0438\u043d\u0443\u0442\u0430"},"schema":{"@context":"https:\/\/schema.org","@graph":[{"@type":"WebPage","@id":"https:\/\/president-ksgov.net\/fjala-e-presidentes-jahjaga-ne-festimin-e-ditelindjes-se-mbretereshes-elizabeth\/","url":"https:\/\/president-ksgov.net\/fjala-e-presidentes-jahjaga-ne-festimin-e-ditelindjes-se-mbretereshes-elizabeth\/","name":"GOVOR PREDSEDNICE KOSOVA, GOSPO\u0110E ATIFETE JAHJAGA NA PROSLAVI RO\u0110ENDANA KRALJICE ELIZABETH - Predsednik Republike Kosovo - DR. VJOSA OSMANI - SADRIU","isPartOf":{"@id":"https:\/\/president-ksgov.net\/#website"},"primaryImageOfPage":{"@id":"https:\/\/president-ksgov.net\/fjala-e-presidentes-jahjaga-ne-festimin-e-ditelindjes-se-mbretereshes-elizabeth\/#primaryimage"},"image":{"@id":"https:\/\/president-ksgov.net\/fjala-e-presidentes-jahjaga-ne-festimin-e-ditelindjes-se-mbretereshes-elizabeth\/#primaryimage"},"thumbnailUrl":"https:\/\/president-ksgov.net\/wp-content\/uploads\/20_06_13_83552_20_06_2013_takim_1.jpg","datePublished":"2013-06-20T20:42:33+00:00","dateModified":"2023-03-08T09:03:51+00:00","author":{"@id":"https:\/\/president-ksgov.net\/#\/schema\/person\/bb4337a5fb147cb2046d80548172cbee"},"description":"GOVOR PREDSEDNICE KOSOVA, GOSPO\u0110E ATIFETE JAHJAGA NA PROSLAVI RO\u0110ENDANA KRALJICE ELIZABETH - Predsednik Republike Kosovo - DR. VJOSA OSMANI - SADRIU -","breadcrumb":{"@id":"https:\/\/president-ksgov.net\/fjala-e-presidentes-jahjaga-ne-festimin-e-ditelindjes-se-mbretereshes-elizabeth\/#breadcrumb"},"inLanguage":"sr-RS","potentialAction":[{"@type":"ReadAction","target":["https:\/\/president-ksgov.net\/fjala-e-presidentes-jahjaga-ne-festimin-e-ditelindjes-se-mbretereshes-elizabeth\/"]}]},{"@type":"ImageObject","inLanguage":"sr-RS","@id":"https:\/\/president-ksgov.net\/fjala-e-presidentes-jahjaga-ne-festimin-e-ditelindjes-se-mbretereshes-elizabeth\/#primaryimage","url":"https:\/\/president-ksgov.net\/wp-content\/uploads\/20_06_13_83552_20_06_2013_takim_1.jpg","contentUrl":"https:\/\/president-ksgov.net\/wp-content\/uploads\/20_06_13_83552_20_06_2013_takim_1.jpg","width":1000,"height":639},{"@type":"BreadcrumbList","@id":"https:\/\/president-ksgov.net\/fjala-e-presidentes-jahjaga-ne-festimin-e-ditelindjes-se-mbretereshes-elizabeth\/#breadcrumb","itemListElement":[{"@type":"ListItem","position":1,"name":"Home","item":"https:\/\/president-ksgov.net\/sr\/"},{"@type":"ListItem","position":2,"name":"GOVOR PREDSEDNICE KOSOVA, GOSPO\u0110E ATIFETE JAHJAGA NA PROSLAVI RO\u0110ENDANA KRALJICE ELIZABETH"}]},{"@type":"WebSite","@id":"https:\/\/president-ksgov.net\/#website","url":"https:\/\/president-ksgov.net\/","name":"Presidente e Republik\u00ebs s\u00eb Kosov\u00ebs","description":"Presidente e Republik\u00ebs s\u00eb Kosov\u00ebs","alternateName":"DR. VJOSA OSMANI - SADRIU","potentialAction":[{"@type":"SearchAction","target":{"@type":"EntryPoint","urlTemplate":"https:\/\/president-ksgov.net\/?s={search_term_string}"},"query-input":{"@type":"PropertyValueSpecification","valueRequired":true,"valueName":"search_term_string"}}],"inLanguage":"sr-RS"},{"@type":"Person","@id":"https:\/\/president-ksgov.net\/#\/schema\/person\/bb4337a5fb147cb2046d80548172cbee","name":"admin","image":{"@type":"ImageObject","inLanguage":"sr-RS","@id":"https:\/\/president-ksgov.net\/#\/schema\/person\/image\/","url":"https:\/\/secure.gravatar.com\/avatar\/36156ca0fa3b8d9d25174f146e16beea0cf28f37adf1b9e19b6c9c279a7c9dd3?s=96&d=mm&r=g","contentUrl":"https:\/\/secure.gravatar.com\/avatar\/36156ca0fa3b8d9d25174f146e16beea0cf28f37adf1b9e19b6c9c279a7c9dd3?s=96&d=mm&r=g","caption":"admin"},"sameAs":["https:\/\/president-ksgov.net"]}]}},"_links":{"self":[{"href":"https:\/\/president-ksgov.net\/sr\/wp-json\/wp\/v2\/posts\/78362","targetHints":{"allow":["GET"]}}],"collection":[{"href":"https:\/\/president-ksgov.net\/sr\/wp-json\/wp\/v2\/posts"}],"about":[{"href":"https:\/\/president-ksgov.net\/sr\/wp-json\/wp\/v2\/types\/post"}],"author":[{"embeddable":true,"href":"https:\/\/president-ksgov.net\/sr\/wp-json\/wp\/v2\/users\/1"}],"replies":[{"embeddable":true,"href":"https:\/\/president-ksgov.net\/sr\/wp-json\/wp\/v2\/comments?post=78362"}],"version-history":[{"count":1,"href":"https:\/\/president-ksgov.net\/sr\/wp-json\/wp\/v2\/posts\/78362\/revisions"}],"predecessor-version":[{"id":81732,"href":"https:\/\/president-ksgov.net\/sr\/wp-json\/wp\/v2\/posts\/78362\/revisions\/81732"}],"wp:featuredmedia":[{"embeddable":true,"href":"https:\/\/president-ksgov.net\/sr\/wp-json\/wp\/v2\/media\/50547"}],"wp:attachment":[{"href":"https:\/\/president-ksgov.net\/sr\/wp-json\/wp\/v2\/media?parent=78362"}],"wp:term":[{"taxonomy":"category","embeddable":true,"href":"https:\/\/president-ksgov.net\/sr\/wp-json\/wp\/v2\/categories?post=78362"},{"taxonomy":"post_tag","embeddable":true,"href":"https:\/\/president-ksgov.net\/sr\/wp-json\/wp\/v2\/tags?post=78362"}],"curies":[{"name":"wp","href":"https:\/\/api.w.org\/{rel}","templated":true}]}}