{"id":78345,"date":"2013-07-01T18:01:33","date_gmt":"2013-07-01T18:01:33","guid":{"rendered":"https:\/\/dev.president-ksgov.net\/predsednica-jahjaga-docekala-predsednika-evropskog-saveta-van-rompuy\/"},"modified":"2013-07-01T18:01:33","modified_gmt":"2013-07-01T18:01:33","slug":"predsednica-jahjaga-docekala-predsednika-evropskog-saveta-van-rompuy","status":"publish","type":"post","link":"https:\/\/president-ksgov.net\/sr\/predsednica-jahjaga-docekala-predsednika-evropskog-saveta-van-rompuy\/","title":{"rendered":"Predsednica Jahjaga do\u010dekala predsednika Evropskog Saveta, Van Rompuy"},"content":{"rendered":"<p>Predsednica Republike Kosovo, gospo\u0111a Atifete Jahjaga danas je do\u010deka na sastanak predsednika Evropskog Saveta, gospodina Herman Van Rompuy. Predsednica Jahjaga i Predsednik Van Rompuy su razgovarali o evropskoj Agendi Kosova, Sporazumu o Stabilizaciji i Asociranju izme\u0111u Kosova i EZ-e, liberalizaciji viza, regionalnog saradnji i sprovo\u0111enju postignutog sporazuma u dijalogu izme\u0111u Republike Kosovo i Republike Srbije.<\/p>\n<p>Predsednica Jahjaga rece da proces evropske integracije je ojacan odlukom o pocetku pregovora za SSA, koja predstavlja novo poglavlje u odnosima Kosova i Evropske Zajednice, potvrdujuci postignuti sporazum. Ona rece da je Kosovo spremna za pocetak pregovora za SSA, i ostaje usredsredena na ispunjavanju potrebnih reformi i ubrzanje procesa integracije u EZ-e.<\/p>\n<p>Predsednica Jahjaga rece da clanstvo Hrvatske u Evropsku Zajednicu jeste jedan jasan signal za ostale zemlje regije da je ovaj progres omogucen kada se gradi unutra&#353;nji konsenzus, obezbedi sve obuhvatnost i ispune postavljeni kriteriji.<\/p>\n<p>Ona rece da do sada Kosovo je dokazalo svoje jasno anga&#382;ovanja za regionalnu saradnju i cilj je da se odr&#382;i momentu, koji je vrlo va&#382;an za stabilitet regije. Predsednica Jahjaga je istakla da uce&#353;ce Kosova u svim regionalnim i inostranim inicijativama treba da se provodi na ravnopravan nacin sa svim ostalim zemljama ucesnice. <\/p>\n<p>Predsednica Jahjaga je istakla da Sporazum postignuti u Brisel izmedu premijera Republike Kosovo i Republike Srbije, za normalizaciju odnosa izmedu dve dr&#382;ave, je ratificirana u Parlament Kosova i ona ima podr&#353;ku vecine politickog spektra, i rece da je va&#382;no njeno sprovodenje.<\/p>\n<p>Predsednik Evropskog Saveta Van Rompuy je istakao da je zadovoljan &#353;to posecuje Kosovo jednom pozitivnom porukom za evropsku buducnost zemlje. On rece da evropski projekat nece biti zavr&#353;en bez integracije zemalja Balkana u EZ-e.<\/p>\n<p>Predsednik Evropskog Saveta je istakao da su rezultati dijaloga izmedu Kosova i Srbije veliki i da su stvorili jednu novu dinamiku u region. On rece da je politicka volja postojala i da jo&#353; postoji, i da zbog toga je va&#382;no da se odr&#382;ava momentum i da se usredsredimo na sprovodenje sporazuma. On je pozdravio ratificiranje sporazuma u Skup&#353;tini Kosova.<\/p>\n<p>Predsednik Van Rompuy rece da pocetak procesa SSA-u vodi Kosovo bli&#382;e Evropskoj Zajednici\u00a0 i nakon ovog procesa postoji jedna &#353;iri spisak reformi na koje Kosovo treba da se usredsrediti.<\/p>\n","protected":false},"excerpt":{"rendered":"<p>Predsednica Republike Kosovo, gospo\u0111a Atifete Jahjaga danas je do\u010deka na sastanak predsednika Evropskog Saveta, gospodina Herman Van Rompuy. Predsednica Jahjaga i Predsednik Van Rompuy su razgovarali o evropskoj Agendi Kosova, Sporazumu o Stabilizaciji i Asociranju izme\u0111u Kosova i EZ-e, liberalizaciji viza, regionalnog saradnji i sprovo\u0111enju postignutog sporazuma u dijalogu izme\u0111u Republike Kosovo i Republike Srbije.<\/p>\n","protected":false},"author":1,"featured_media":50383,"comment_status":"open","ping_status":"closed","sticky":false,"template":"","format":"standard","meta":{"_eb_attr":"","footnotes":""},"categories":[101],"tags":[],"class_list":["post-78345","post","type-post","status-publish","format-standard","has-post-thumbnail","hentry","category-vesti"],"yoast_head":"<!-- This site is optimized with the Yoast SEO plugin v23.5 - https:\/\/yoast.com\/wordpress\/plugins\/seo\/ -->\n<title>Predsednica Jahjaga do\u010dekala predsednika Evropskog Saveta, Van Rompuy - Predsednik Republike Kosovo - DR. VJOSA OSMANI - SADRIU<\/title>\n<meta name=\"description\" content=\"Predsednica Jahjaga do\u010dekala predsednika Evropskog Saveta, Van Rompuy - Predsednik Republike Kosovo - DR. VJOSA OSMANI - SADRIU -\" \/>\n<meta name=\"robots\" content=\"index, follow, max-snippet:-1, max-image-preview:large, max-video-preview:-1\" \/>\n<link rel=\"canonical\" href=\"https:\/\/president-ksgov.net\/presidentja-jahjaga-priti-presidentin-e-keshillit-evropian-van-rompuy\/\" \/>\n<meta property=\"og:locale\" content=\"sr_RS\" \/>\n<meta property=\"og:type\" content=\"article\" \/>\n<meta property=\"og:title\" content=\"Predsednica Jahjaga do\u010dekala predsednika Evropskog Saveta, Van Rompuy - Predsednik Republike Kosovo - DR. VJOSA OSMANI - SADRIU\" \/>\n<meta property=\"og:description\" content=\"Predsednica Jahjaga do\u010dekala predsednika Evropskog Saveta, Van Rompuy - Predsednik Republike Kosovo - DR. VJOSA OSMANI - SADRIU -\" \/>\n<meta property=\"og:url\" content=\"https:\/\/president-ksgov.net\/presidentja-jahjaga-priti-presidentin-e-keshillit-evropian-van-rompuy\/\" \/>\n<meta property=\"og:site_name\" content=\"Predsednik Republike Kosovo - DR. VJOSA OSMANI - SADRIU\" \/>\n<meta property=\"article:published_time\" content=\"2013-07-01T18:01:33+00:00\" \/>\n<meta property=\"og:image\" content=\"https:\/\/president-ksgov.net\/wp-content\/uploads\/Rumpoy_2.jpg\" \/>\n\t<meta property=\"og:image:width\" content=\"1000\" \/>\n\t<meta property=\"og:image:height\" content=\"1007\" \/>\n\t<meta property=\"og:image:type\" content=\"image\/jpeg\" \/>\n<meta name=\"author\" content=\"admin\" \/>\n<meta name=\"twitter:card\" content=\"summary_large_image\" \/>\n<meta name=\"twitter:label1\" content=\"\u041d\u0430\u043f\u0438\u0441\u0430\u043d\u043e \u043e\u0434\" \/>\n\t<meta name=\"twitter:data1\" content=\"admin\" \/>\n\t<meta name=\"twitter:label2\" content=\"\u041f\u0440\u043e\u0446\u0435\u045a\u0435\u043d\u043e \u0432\u0440\u0435\u043c\u0435 \u0447\u0438\u0442\u0430\u045a\u0430\" \/>\n\t<meta name=\"twitter:data2\" content=\"2 \u043c\u0438\u043d\u0443\u0442\u0430\" \/>\n<script type=\"application\/ld+json\" class=\"yoast-schema-graph\">{\"@context\":\"https:\/\/schema.org\",\"@graph\":[{\"@type\":\"WebPage\",\"@id\":\"https:\/\/president-ksgov.net\/presidentja-jahjaga-priti-presidentin-e-keshillit-evropian-van-rompuy\/\",\"url\":\"https:\/\/president-ksgov.net\/presidentja-jahjaga-priti-presidentin-e-keshillit-evropian-van-rompuy\/\",\"name\":\"Predsednica Jahjaga do\u010dekala predsednika Evropskog Saveta, Van Rompuy - Predsednik Republike Kosovo - DR. VJOSA OSMANI - SADRIU\",\"isPartOf\":{\"@id\":\"https:\/\/president-ksgov.net\/#website\"},\"primaryImageOfPage\":{\"@id\":\"https:\/\/president-ksgov.net\/presidentja-jahjaga-priti-presidentin-e-keshillit-evropian-van-rompuy\/#primaryimage\"},\"image\":{\"@id\":\"https:\/\/president-ksgov.net\/presidentja-jahjaga-priti-presidentin-e-keshillit-evropian-van-rompuy\/#primaryimage\"},\"thumbnailUrl\":\"https:\/\/president-ksgov.net\/wp-content\/uploads\/Rumpoy_2.jpg\",\"datePublished\":\"2013-07-01T18:01:33+00:00\",\"dateModified\":\"2013-07-01T18:01:33+00:00\",\"author\":{\"@id\":\"https:\/\/president-ksgov.net\/#\/schema\/person\/bb4337a5fb147cb2046d80548172cbee\"},\"description\":\"Predsednica Jahjaga do\u010dekala predsednika Evropskog Saveta, Van Rompuy - Predsednik Republike Kosovo - DR. VJOSA OSMANI - SADRIU -\",\"breadcrumb\":{\"@id\":\"https:\/\/president-ksgov.net\/presidentja-jahjaga-priti-presidentin-e-keshillit-evropian-van-rompuy\/#breadcrumb\"},\"inLanguage\":\"sr-RS\",\"potentialAction\":[{\"@type\":\"ReadAction\",\"target\":[\"https:\/\/president-ksgov.net\/presidentja-jahjaga-priti-presidentin-e-keshillit-evropian-van-rompuy\/\"]}]},{\"@type\":\"ImageObject\",\"inLanguage\":\"sr-RS\",\"@id\":\"https:\/\/president-ksgov.net\/presidentja-jahjaga-priti-presidentin-e-keshillit-evropian-van-rompuy\/#primaryimage\",\"url\":\"https:\/\/president-ksgov.net\/wp-content\/uploads\/Rumpoy_2.jpg\",\"contentUrl\":\"https:\/\/president-ksgov.net\/wp-content\/uploads\/Rumpoy_2.jpg\",\"width\":1000,\"height\":1007},{\"@type\":\"BreadcrumbList\",\"@id\":\"https:\/\/president-ksgov.net\/presidentja-jahjaga-priti-presidentin-e-keshillit-evropian-van-rompuy\/#breadcrumb\",\"itemListElement\":[{\"@type\":\"ListItem\",\"position\":1,\"name\":\"Home\",\"item\":\"https:\/\/president-ksgov.net\/sr\/\"},{\"@type\":\"ListItem\",\"position\":2,\"name\":\"Predsednica Jahjaga do\u010dekala predsednika Evropskog Saveta, Van Rompuy\"}]},{\"@type\":\"WebSite\",\"@id\":\"https:\/\/president-ksgov.net\/#website\",\"url\":\"https:\/\/president-ksgov.net\/\",\"name\":\"Presidente e Republik\u00ebs s\u00eb Kosov\u00ebs\",\"description\":\"Presidente e Republik\u00ebs s\u00eb Kosov\u00ebs\",\"alternateName\":\"DR. VJOSA OSMANI - SADRIU\",\"potentialAction\":[{\"@type\":\"SearchAction\",\"target\":{\"@type\":\"EntryPoint\",\"urlTemplate\":\"https:\/\/president-ksgov.net\/?s={search_term_string}\"},\"query-input\":{\"@type\":\"PropertyValueSpecification\",\"valueRequired\":true,\"valueName\":\"search_term_string\"}}],\"inLanguage\":\"sr-RS\"},{\"@type\":\"Person\",\"@id\":\"https:\/\/president-ksgov.net\/#\/schema\/person\/bb4337a5fb147cb2046d80548172cbee\",\"name\":\"admin\",\"image\":{\"@type\":\"ImageObject\",\"inLanguage\":\"sr-RS\",\"@id\":\"https:\/\/president-ksgov.net\/#\/schema\/person\/image\/\",\"url\":\"https:\/\/secure.gravatar.com\/avatar\/36156ca0fa3b8d9d25174f146e16beea0cf28f37adf1b9e19b6c9c279a7c9dd3?s=96&d=mm&r=g\",\"contentUrl\":\"https:\/\/secure.gravatar.com\/avatar\/36156ca0fa3b8d9d25174f146e16beea0cf28f37adf1b9e19b6c9c279a7c9dd3?s=96&d=mm&r=g\",\"caption\":\"admin\"},\"sameAs\":[\"https:\/\/president-ksgov.net\"]}]}<\/script>\n<!-- \/ Yoast SEO plugin. -->","yoast_head_json":{"title":"Predsednica Jahjaga do\u010dekala predsednika Evropskog Saveta, Van Rompuy - Predsednik Republike Kosovo - DR. VJOSA OSMANI - SADRIU","description":"Predsednica Jahjaga do\u010dekala predsednika Evropskog Saveta, Van Rompuy - Predsednik Republike Kosovo - DR. VJOSA OSMANI - SADRIU -","robots":{"index":"index","follow":"follow","max-snippet":"max-snippet:-1","max-image-preview":"max-image-preview:large","max-video-preview":"max-video-preview:-1"},"canonical":"https:\/\/president-ksgov.net\/presidentja-jahjaga-priti-presidentin-e-keshillit-evropian-van-rompuy\/","og_locale":"sr_RS","og_type":"article","og_title":"Predsednica Jahjaga do\u010dekala predsednika Evropskog Saveta, Van Rompuy - Predsednik Republike Kosovo - DR. VJOSA OSMANI - SADRIU","og_description":"Predsednica Jahjaga do\u010dekala predsednika Evropskog Saveta, Van Rompuy - Predsednik Republike Kosovo - DR. VJOSA OSMANI - SADRIU -","og_url":"https:\/\/president-ksgov.net\/presidentja-jahjaga-priti-presidentin-e-keshillit-evropian-van-rompuy\/","og_site_name":"Predsednik Republike Kosovo - DR. VJOSA OSMANI - SADRIU","article_published_time":"2013-07-01T18:01:33+00:00","og_image":[{"width":1000,"height":1007,"url":"https:\/\/president-ksgov.net\/wp-content\/uploads\/Rumpoy_2.jpg","type":"image\/jpeg"}],"author":"admin","twitter_card":"summary_large_image","twitter_misc":{"\u041d\u0430\u043f\u0438\u0441\u0430\u043d\u043e \u043e\u0434":"admin","\u041f\u0440\u043e\u0446\u0435\u045a\u0435\u043d\u043e \u0432\u0440\u0435\u043c\u0435 \u0447\u0438\u0442\u0430\u045a\u0430":"2 \u043c\u0438\u043d\u0443\u0442\u0430"},"schema":{"@context":"https:\/\/schema.org","@graph":[{"@type":"WebPage","@id":"https:\/\/president-ksgov.net\/presidentja-jahjaga-priti-presidentin-e-keshillit-evropian-van-rompuy\/","url":"https:\/\/president-ksgov.net\/presidentja-jahjaga-priti-presidentin-e-keshillit-evropian-van-rompuy\/","name":"Predsednica Jahjaga do\u010dekala predsednika Evropskog Saveta, Van Rompuy - Predsednik Republike Kosovo - DR. VJOSA OSMANI - SADRIU","isPartOf":{"@id":"https:\/\/president-ksgov.net\/#website"},"primaryImageOfPage":{"@id":"https:\/\/president-ksgov.net\/presidentja-jahjaga-priti-presidentin-e-keshillit-evropian-van-rompuy\/#primaryimage"},"image":{"@id":"https:\/\/president-ksgov.net\/presidentja-jahjaga-priti-presidentin-e-keshillit-evropian-van-rompuy\/#primaryimage"},"thumbnailUrl":"https:\/\/president-ksgov.net\/wp-content\/uploads\/Rumpoy_2.jpg","datePublished":"2013-07-01T18:01:33+00:00","dateModified":"2013-07-01T18:01:33+00:00","author":{"@id":"https:\/\/president-ksgov.net\/#\/schema\/person\/bb4337a5fb147cb2046d80548172cbee"},"description":"Predsednica Jahjaga do\u010dekala predsednika Evropskog Saveta, Van Rompuy - Predsednik Republike Kosovo - DR. VJOSA OSMANI - SADRIU -","breadcrumb":{"@id":"https:\/\/president-ksgov.net\/presidentja-jahjaga-priti-presidentin-e-keshillit-evropian-van-rompuy\/#breadcrumb"},"inLanguage":"sr-RS","potentialAction":[{"@type":"ReadAction","target":["https:\/\/president-ksgov.net\/presidentja-jahjaga-priti-presidentin-e-keshillit-evropian-van-rompuy\/"]}]},{"@type":"ImageObject","inLanguage":"sr-RS","@id":"https:\/\/president-ksgov.net\/presidentja-jahjaga-priti-presidentin-e-keshillit-evropian-van-rompuy\/#primaryimage","url":"https:\/\/president-ksgov.net\/wp-content\/uploads\/Rumpoy_2.jpg","contentUrl":"https:\/\/president-ksgov.net\/wp-content\/uploads\/Rumpoy_2.jpg","width":1000,"height":1007},{"@type":"BreadcrumbList","@id":"https:\/\/president-ksgov.net\/presidentja-jahjaga-priti-presidentin-e-keshillit-evropian-van-rompuy\/#breadcrumb","itemListElement":[{"@type":"ListItem","position":1,"name":"Home","item":"https:\/\/president-ksgov.net\/sr\/"},{"@type":"ListItem","position":2,"name":"Predsednica Jahjaga do\u010dekala predsednika Evropskog Saveta, Van Rompuy"}]},{"@type":"WebSite","@id":"https:\/\/president-ksgov.net\/#website","url":"https:\/\/president-ksgov.net\/","name":"Presidente e Republik\u00ebs s\u00eb Kosov\u00ebs","description":"Presidente e Republik\u00ebs s\u00eb Kosov\u00ebs","alternateName":"DR. VJOSA OSMANI - SADRIU","potentialAction":[{"@type":"SearchAction","target":{"@type":"EntryPoint","urlTemplate":"https:\/\/president-ksgov.net\/?s={search_term_string}"},"query-input":{"@type":"PropertyValueSpecification","valueRequired":true,"valueName":"search_term_string"}}],"inLanguage":"sr-RS"},{"@type":"Person","@id":"https:\/\/president-ksgov.net\/#\/schema\/person\/bb4337a5fb147cb2046d80548172cbee","name":"admin","image":{"@type":"ImageObject","inLanguage":"sr-RS","@id":"https:\/\/president-ksgov.net\/#\/schema\/person\/image\/","url":"https:\/\/secure.gravatar.com\/avatar\/36156ca0fa3b8d9d25174f146e16beea0cf28f37adf1b9e19b6c9c279a7c9dd3?s=96&d=mm&r=g","contentUrl":"https:\/\/secure.gravatar.com\/avatar\/36156ca0fa3b8d9d25174f146e16beea0cf28f37adf1b9e19b6c9c279a7c9dd3?s=96&d=mm&r=g","caption":"admin"},"sameAs":["https:\/\/president-ksgov.net"]}]}},"_links":{"self":[{"href":"https:\/\/president-ksgov.net\/sr\/wp-json\/wp\/v2\/posts\/78345","targetHints":{"allow":["GET"]}}],"collection":[{"href":"https:\/\/president-ksgov.net\/sr\/wp-json\/wp\/v2\/posts"}],"about":[{"href":"https:\/\/president-ksgov.net\/sr\/wp-json\/wp\/v2\/types\/post"}],"author":[{"embeddable":true,"href":"https:\/\/president-ksgov.net\/sr\/wp-json\/wp\/v2\/users\/1"}],"replies":[{"embeddable":true,"href":"https:\/\/president-ksgov.net\/sr\/wp-json\/wp\/v2\/comments?post=78345"}],"version-history":[{"count":0,"href":"https:\/\/president-ksgov.net\/sr\/wp-json\/wp\/v2\/posts\/78345\/revisions"}],"wp:featuredmedia":[{"embeddable":true,"href":"https:\/\/president-ksgov.net\/sr\/wp-json\/wp\/v2\/media\/50383"}],"wp:attachment":[{"href":"https:\/\/president-ksgov.net\/sr\/wp-json\/wp\/v2\/media?parent=78345"}],"wp:term":[{"taxonomy":"category","embeddable":true,"href":"https:\/\/president-ksgov.net\/sr\/wp-json\/wp\/v2\/categories?post=78345"},{"taxonomy":"post_tag","embeddable":true,"href":"https:\/\/president-ksgov.net\/sr\/wp-json\/wp\/v2\/tags?post=78345"}],"curies":[{"name":"wp","href":"https:\/\/api.w.org\/{rel}","templated":true}]}}