{"id":78338,"date":"2013-07-03T15:59:55","date_gmt":"2013-07-03T15:59:55","guid":{"rendered":"https:\/\/dev.president-ksgov.net\/predsednica-jahjaga-posetila-optinu-trpce\/"},"modified":"2013-07-03T15:59:55","modified_gmt":"2013-07-03T15:59:55","slug":"predsednica-jahjaga-posetila-optinu-trpce","status":"publish","type":"post","link":"https:\/\/president-ksgov.net\/sr\/predsednica-jahjaga-posetila-optinu-trpce\/","title":{"rendered":"Predsednica Jahjaga posetila op&#154;tinu &#138;trpce"},"content":{"rendered":"<p>Predsednica Republike Kosovo, gospo\u0111a Atifete Jahjaga, danas je posetila op&#353;tinu &#352;trpce, gde je do\u010dekana od predsednika ove op&#353;tine, Bratislav Nikoli\u0107 i potpredsednika Beqir Fejzullahu.<\/p>\n<p>Predsednica Jahjaga je od op&#353;tinskog rukovodstva &#352;trpce obave&#353;tena o toku rada u ovoj op&#353;tini, njenim razvojnim projektima, te o problemima sa kojima se su\u010deljava ova op&#353;tina.<\/p>\n<p>Predsednik Nikoli\u0107 i potpredsednik Fejzullahu su obavestili Predsednicu Jahjaga o aktivnostima koji se realiziraju u ovoj op&#353;tini i istakli da je ona primer zajedni\u010dkog &#382;ivota izme\u0111u zajednica u celo Kosovo.<\/p>\n<p>Predsednik Nikoli\u0107 re\u010de da je op&#353;tina &#352;trpce postigla dobre rezultate, naro\u010dito u pobolj&#353;anju &#382;ivota gra\u0111ana, ure\u0111enju infrastrukture, i u raznim projektima u oblasti poljoprivrede i planinski turizam.<br \/>\nOn re\u010de da op&#353;tina &#352;trpce ima potrebe za institucionalnu podr&#353;ku, posebno za unapre\u0111enje projekta skija&#353;kog centra\u00a0 Brezovica i za pomo\u0107 doma\u0107im farmerima.<\/p>\n<p>Predsednica Jahjaga re\u010de da je do&#353;la u &#352;trpce da bi videla razvoj ove op&#353;tine i probleme sa kojima se su\u010deljava ona te za pru&#382;anje svoje podr&#353;ke u daljnjem razvoju. <\/p>\n<p>Ona re\u010de da je op&#353;tina &#352;trpce jedna od op&#353;tina sa etni\u010dkom ve\u010dinom Srba, u kojoj zajedno &#382;ive i Albanci i u\u010destvuju u upravljanju op&#353;tine preko razli\u010ditih politi\u010dkih partija.<\/p>\n<p>Nakon &#353;to je istakla da je ju\u010de dekretirala datum budu\u0107ih op&#353;tinskih izbora, koji \u0107e se odr&#382;ati u celoj teritoriji Republike Kosovo, Predsednica Jahjaga re\u010de da op&#353;tina &#352;trpce je jedan dobar primer u\u010de&#353;\u0107a, svih bez razlike, na izborima.<\/p>\n<p>Ona je dodala da u\u010de&#353;\u0107e zajednica dokazuje da gra\u0111ani su odgovorni za politike i za odgovornost i nadle&#382;nosti koje su Ustavom i zakonima prenete na op&#353;tine.<\/p>\n<p>Na jednoj izjavi datoj nakon sastanka, Predsednica Jahjaga je istakla:<\/p>\n<p>Do&#353;la sam ovde, u Skup&#353;tini Op&#353;tine &#352;trpce. Imali smo veoma dobar sastanak sa predsednikom i sa svim strukturama op&#353;tine ovde u &#352;trpce. Razgovarali smo za razvoj i dobrobit ovog kraja.<\/p>\n<p>Sa predsednikom i se celim njegovim osobljem smo imali jedan vanredno dobar razgovor u vezi sa svim zbivanjima u op&#353;tini &#352;trpce, sa njihovim projektima, ali svakako i sa problemima sa kojima sa su\u010deljava op&#353;tina ovde i davanjem moje podr&#353;ke za sve razvojne projekte za op&#353;tinu &#352;trpce.<\/p>\n<p>Op&#353;tina &#352;trpce je jedan dobar primer, ona je jedna op&#353;tina sa etni\u010dkom ve\u0107inom Srba, gde je zajedni\u010dki &#382;ivot izme\u0111u gra\u0111ana Albanaca i gra\u0111ana Srba uvek bio i nastavlja biti jedna vanredno va&#382;na vrednost i jedan dobar primer za sve ostale op&#353;tine, koja je tako\u0111e predstavljena i u na\u010dinu upravljanja ili doprinosu u zajedni\u010dko upravljanje na nivou op&#353;tine putem razli\u010ditih politi\u010dkih partija koje su unutar ove op&#353;tine.<\/p>\n<p>Uvek me je obradovala \u010dinjenica za op&#353;tinu &#352;trpce &#353;to su imali jednu &#382;enu koja je bila potpredsednicu op&#353;tine, koji je vanredno velik korak, bio je jedinstven slu\u010daj koji je imala op&#353;tina &#352;trpce, &#353;to pozitivno uti\u010de na unapre\u0111enje uloge &#382;ene. Ja se nadam, i rekla sam i predsedniku na sastanku, da ubudu\u0107e nalazima ne samo na jednu potpredsednicu &#382;enu, nego dve i vi&#353;e, i u druge op&#353;tine na Kosovu. <\/p>\n<p>Kao &#353;to znate, ja sam ju\u010de dekretirala odr&#382;avanje op&#353;tinskih izbora na celoj teritoriji Republike Kosovo. Sporazumom koji je postignut u Brisel izme\u0111u premijera Kosova i premijera Srbije, postignuta je saglasnost da se izbori za op&#353;tinske skup&#353;tine i za predsednike op&#353;tina odr&#382;e i u op&#353;tinama Leposavi\u0107e, Zubin Potok, Zve\u010dane i severne Mitrovice. Putem izbornog procesa gra\u0111ani \u0107e mo\u0107i izabrati svojim glasom, bez razlike, svoje legalne i legitimne zastupnike.<\/p>\n<p>&#352;trpce je jedan vanredno dobar primer u\u010de&#353;\u0107a na izborima svih gra\u0111ana, bez razlike, i to &#353;to vi&#353;e. Zajednica i srpsko stanovni&#353;tvo je integrirano kako u dru&#353;tvenom &#382;ivotu tako\u0111e i u institucionalnom i nosioci su svoje sudbine putem lokalnih institucija i putem onih centralnih. Ovaj dobar primer smo nalazili i u op&#353;tinama Gra\u010danica, Klokot, Novo Brdo i svim ostalim op&#353;tinama i ovaj primer nadam se da \u0107e se nastaviti i u op&#353;tinama na sever teritorija Republike Kosovo, da sa &#353;to masovnijim izlaskom i u\u010de&#353;\u0107em gra\u0111ana na izbore, mogu birati svoje zastupnike koji mogu da ih na legalan i legitiman na\u010din zastupaju.<\/p>\n<p>Ovom prilikom &#382;elim uputiti poziv svim gra\u0111anima Republike Kosovo, a posebno gra\u0111anima srpske zajednice na severnom delu teritorija Republike Kosovo, da u\u010destvuju na &#353;to masovniji na\u010din u slobodne izbore, demokratske izbore i po&#353;tene izbore, da koriste svoje pravo da biraju zastupnike koji govore u njihovo ime i koji doprinose pobolj&#353;anju njihovog &#382;ivota i njihovog blagostanja.<\/p>\n<p>Uvek prisutnost Predsednika zemlje u razli\u010dite op&#353;tine unutar teritorija zemlje doprinosi ekonomskom razvoju, doprinosi razvoju infrastrukture, doprinosi i privla\u010dnosti investicija i uvek to ide u doprinos pobolj&#353;anju &#382;ivota gra\u0111ana<\/p>\n<p>U nastavku Predsednica Jahjaga je odgovarala na pitanja novinara:<\/p>\n<p>RTK:\u00a0 Ranije ste spomenuli da ste ju\u010de dekretirale 3. novembar za lokalne izbore.Neke su partije pozdravile ovaj datum, ali je bilo i protiv. Npr. Pokret Samoopredeljenje navodi da je Predsednica ponovo proglasila datum koji je proglasio srpski premijer. Sada, da li ste vi proglasili ovaj datum ili premijer Da\u010di\u0107?<\/p>\n<p>Predsednica\u00a0 Jahjaga: Progla&#353;enje datuma odr&#382;avanja op&#353;tinskih izbora na teritoriji Republike Kosovo u skladu sa Ustavom i zakonima Republike Kosovo i, kao &#353;to znate, ustani rokovi po\u010dinju od datuma 15. avgust do 15. decembar, i svi su postupci u skladu sa Ustavom i zakonima. Sporazum, postignut u Brisel, gde je i postignuta saglasnost za odr&#382;avanje izbora u \u010detiri op&#353;tine na sever teritorija Republike Kosovo, jeste jedan vrlo pozitivan proces, jer po prvi put na teritoriju Republike Kosovo se odr&#382;avaju izbori u celu teritoriju zemlje i za mene kao Predsednici zemlje va&#382;no je da imamo slobodne izbore, demokratske, da imamo fer izbore, da imamo &#353;to masovnije u\u010de&#353;\u0107e svih gra\u0111ana i da koriste njihovo pravo kako bi putem svog glasa birali svoje legalne i legitimne zastupnike.<\/p>\n<p>Klan Kosova: Predsednice, da li \u0107ete potpisati Zakon o Amnestiji, iako se ka&#382;e da \u0107e ovaj zakon da amnestira mnoge zlo\u010dine naro\u010dito na sever?<\/p>\n<p>Predsednica Jahjaga: Ovaj zakon je jo&#353; uvek u proceduru, jo&#353; nije stigao u Ured Predsednika zemlje i jo&#353; je u mehanizmima u okviru parlamentarnih komisija i Parlamenta i kada do\u0111e u moju kancelariju, verujem da \u0107ete imati potreban odgovor.<\/p>\n<p>RTK:\u00a0 Da li o\u010dekujete da \u0107e izbori da teku kao &#353;to ste predomislili, sli\u010dno kao u celoj teritoriji zemlje, i da li o\u010dekujete da \u0107e biti problema?<\/p>\n<p>Predsednica Jahjaga: Moje insistiranje, kao i svih institucija zemlje jeste da se lokalni izbori odr&#382;e u celoj teritoriji zemlje i da budu slobodni i demokratski izbori.<\/p>\n","protected":false},"excerpt":{"rendered":"<p>Predsednica Republike Kosovo, gospo\u0111a Atifete Jahjaga, danas je posetila op&#353;tinu &#352;trpce, gde je do\u010dekana od predsednika ove op&#353;tine, Bratislav Nikoli\u0107 i potpredsednika Beqir Fejzullahu.<\/p>\n","protected":false},"author":1,"featured_media":50337,"comment_status":"open","ping_status":"closed","sticky":false,"template":"","format":"standard","meta":{"_eb_attr":"","footnotes":""},"categories":[101],"tags":[],"class_list":["post-78338","post","type-post","status-publish","format-standard","has-post-thumbnail","hentry","category-vesti"],"yoast_head":"<!-- This site is optimized with the Yoast SEO plugin v23.5 - https:\/\/yoast.com\/wordpress\/plugins\/seo\/ -->\n<title>Predsednica Jahjaga posetila op&#154;tinu &#138;trpce - Predsednik Republike Kosovo - DR. VJOSA OSMANI - SADRIU<\/title>\n<meta name=\"description\" content=\"Predsednica Jahjaga posetila op&#154;tinu &#138;trpce - Predsednik Republike Kosovo - DR. VJOSA OSMANI - SADRIU -\" \/>\n<meta name=\"robots\" content=\"index, follow, max-snippet:-1, max-image-preview:large, max-video-preview:-1\" \/>\n<link rel=\"canonical\" href=\"https:\/\/president-ksgov.net\/presidentja-jahjaga-vizitoi-komunen-e-shterpces\/\" \/>\n<meta property=\"og:locale\" content=\"sr_RS\" \/>\n<meta property=\"og:type\" content=\"article\" \/>\n<meta property=\"og:title\" content=\"Predsednica Jahjaga posetila op&#154;tinu &#138;trpce - Predsednik Republike Kosovo - DR. VJOSA OSMANI - SADRIU\" \/>\n<meta property=\"og:description\" content=\"Predsednica Jahjaga posetila op&#154;tinu &#138;trpce - Predsednik Republike Kosovo - DR. VJOSA OSMANI - SADRIU -\" \/>\n<meta property=\"og:url\" content=\"https:\/\/president-ksgov.net\/presidentja-jahjaga-vizitoi-komunen-e-shterpces\/\" \/>\n<meta property=\"og:site_name\" content=\"Predsednik Republike Kosovo - DR. VJOSA OSMANI - SADRIU\" \/>\n<meta property=\"article:published_time\" content=\"2013-07-03T15:59:55+00:00\" \/>\n<meta property=\"og:image\" content=\"https:\/\/president-ksgov.net\/wp-content\/uploads\/shterpce_001.jpg\" \/>\n\t<meta property=\"og:image:width\" content=\"1000\" \/>\n\t<meta property=\"og:image:height\" content=\"685\" \/>\n\t<meta property=\"og:image:type\" content=\"image\/jpeg\" \/>\n<meta name=\"author\" content=\"admin\" \/>\n<meta name=\"twitter:card\" content=\"summary_large_image\" \/>\n<meta name=\"twitter:label1\" content=\"\u041d\u0430\u043f\u0438\u0441\u0430\u043d\u043e \u043e\u0434\" \/>\n\t<meta name=\"twitter:data1\" content=\"admin\" \/>\n\t<meta name=\"twitter:label2\" content=\"\u041f\u0440\u043e\u0446\u0435\u045a\u0435\u043d\u043e \u0432\u0440\u0435\u043c\u0435 \u0447\u0438\u0442\u0430\u045a\u0430\" \/>\n\t<meta name=\"twitter:data2\" content=\"6 \u043c\u0438\u043d\u0443\u0442\u0430\" \/>\n<script type=\"application\/ld+json\" class=\"yoast-schema-graph\">{\"@context\":\"https:\/\/schema.org\",\"@graph\":[{\"@type\":\"WebPage\",\"@id\":\"https:\/\/president-ksgov.net\/presidentja-jahjaga-vizitoi-komunen-e-shterpces\/\",\"url\":\"https:\/\/president-ksgov.net\/presidentja-jahjaga-vizitoi-komunen-e-shterpces\/\",\"name\":\"Predsednica Jahjaga posetila op&#154;tinu &#138;trpce - Predsednik Republike Kosovo - DR. VJOSA OSMANI - SADRIU\",\"isPartOf\":{\"@id\":\"https:\/\/president-ksgov.net\/#website\"},\"primaryImageOfPage\":{\"@id\":\"https:\/\/president-ksgov.net\/presidentja-jahjaga-vizitoi-komunen-e-shterpces\/#primaryimage\"},\"image\":{\"@id\":\"https:\/\/president-ksgov.net\/presidentja-jahjaga-vizitoi-komunen-e-shterpces\/#primaryimage\"},\"thumbnailUrl\":\"https:\/\/president-ksgov.net\/wp-content\/uploads\/shterpce_001.jpg\",\"datePublished\":\"2013-07-03T15:59:55+00:00\",\"dateModified\":\"2013-07-03T15:59:55+00:00\",\"author\":{\"@id\":\"https:\/\/president-ksgov.net\/#\/schema\/person\/bb4337a5fb147cb2046d80548172cbee\"},\"description\":\"Predsednica Jahjaga posetila op&#154;tinu &#138;trpce - Predsednik Republike Kosovo - DR. VJOSA OSMANI - SADRIU -\",\"breadcrumb\":{\"@id\":\"https:\/\/president-ksgov.net\/presidentja-jahjaga-vizitoi-komunen-e-shterpces\/#breadcrumb\"},\"inLanguage\":\"sr-RS\",\"potentialAction\":[{\"@type\":\"ReadAction\",\"target\":[\"https:\/\/president-ksgov.net\/presidentja-jahjaga-vizitoi-komunen-e-shterpces\/\"]}]},{\"@type\":\"ImageObject\",\"inLanguage\":\"sr-RS\",\"@id\":\"https:\/\/president-ksgov.net\/presidentja-jahjaga-vizitoi-komunen-e-shterpces\/#primaryimage\",\"url\":\"https:\/\/president-ksgov.net\/wp-content\/uploads\/shterpce_001.jpg\",\"contentUrl\":\"https:\/\/president-ksgov.net\/wp-content\/uploads\/shterpce_001.jpg\",\"width\":1000,\"height\":685},{\"@type\":\"BreadcrumbList\",\"@id\":\"https:\/\/president-ksgov.net\/presidentja-jahjaga-vizitoi-komunen-e-shterpces\/#breadcrumb\",\"itemListElement\":[{\"@type\":\"ListItem\",\"position\":1,\"name\":\"Home\",\"item\":\"https:\/\/president-ksgov.net\/sr\/\"},{\"@type\":\"ListItem\",\"position\":2,\"name\":\"Predsednica Jahjaga posetila op&#154;tinu &#138;trpce\"}]},{\"@type\":\"WebSite\",\"@id\":\"https:\/\/president-ksgov.net\/#website\",\"url\":\"https:\/\/president-ksgov.net\/\",\"name\":\"Presidente e Republik\u00ebs s\u00eb Kosov\u00ebs\",\"description\":\"Presidente e Republik\u00ebs s\u00eb Kosov\u00ebs\",\"alternateName\":\"DR. VJOSA OSMANI - SADRIU\",\"potentialAction\":[{\"@type\":\"SearchAction\",\"target\":{\"@type\":\"EntryPoint\",\"urlTemplate\":\"https:\/\/president-ksgov.net\/?s={search_term_string}\"},\"query-input\":{\"@type\":\"PropertyValueSpecification\",\"valueRequired\":true,\"valueName\":\"search_term_string\"}}],\"inLanguage\":\"sr-RS\"},{\"@type\":\"Person\",\"@id\":\"https:\/\/president-ksgov.net\/#\/schema\/person\/bb4337a5fb147cb2046d80548172cbee\",\"name\":\"admin\",\"image\":{\"@type\":\"ImageObject\",\"inLanguage\":\"sr-RS\",\"@id\":\"https:\/\/president-ksgov.net\/#\/schema\/person\/image\/\",\"url\":\"https:\/\/secure.gravatar.com\/avatar\/36156ca0fa3b8d9d25174f146e16beea0cf28f37adf1b9e19b6c9c279a7c9dd3?s=96&d=mm&r=g\",\"contentUrl\":\"https:\/\/secure.gravatar.com\/avatar\/36156ca0fa3b8d9d25174f146e16beea0cf28f37adf1b9e19b6c9c279a7c9dd3?s=96&d=mm&r=g\",\"caption\":\"admin\"},\"sameAs\":[\"https:\/\/president-ksgov.net\"]}]}<\/script>\n<!-- \/ Yoast SEO plugin. -->","yoast_head_json":{"title":"Predsednica Jahjaga posetila op&#154;tinu &#138;trpce - Predsednik Republike Kosovo - DR. VJOSA OSMANI - SADRIU","description":"Predsednica Jahjaga posetila op&#154;tinu &#138;trpce - Predsednik Republike Kosovo - DR. VJOSA OSMANI - SADRIU -","robots":{"index":"index","follow":"follow","max-snippet":"max-snippet:-1","max-image-preview":"max-image-preview:large","max-video-preview":"max-video-preview:-1"},"canonical":"https:\/\/president-ksgov.net\/presidentja-jahjaga-vizitoi-komunen-e-shterpces\/","og_locale":"sr_RS","og_type":"article","og_title":"Predsednica Jahjaga posetila op&#154;tinu &#138;trpce - Predsednik Republike Kosovo - DR. VJOSA OSMANI - SADRIU","og_description":"Predsednica Jahjaga posetila op&#154;tinu &#138;trpce - Predsednik Republike Kosovo - DR. VJOSA OSMANI - SADRIU -","og_url":"https:\/\/president-ksgov.net\/presidentja-jahjaga-vizitoi-komunen-e-shterpces\/","og_site_name":"Predsednik Republike Kosovo - DR. VJOSA OSMANI - SADRIU","article_published_time":"2013-07-03T15:59:55+00:00","og_image":[{"width":1000,"height":685,"url":"https:\/\/president-ksgov.net\/wp-content\/uploads\/shterpce_001.jpg","type":"image\/jpeg"}],"author":"admin","twitter_card":"summary_large_image","twitter_misc":{"\u041d\u0430\u043f\u0438\u0441\u0430\u043d\u043e \u043e\u0434":"admin","\u041f\u0440\u043e\u0446\u0435\u045a\u0435\u043d\u043e \u0432\u0440\u0435\u043c\u0435 \u0447\u0438\u0442\u0430\u045a\u0430":"6 \u043c\u0438\u043d\u0443\u0442\u0430"},"schema":{"@context":"https:\/\/schema.org","@graph":[{"@type":"WebPage","@id":"https:\/\/president-ksgov.net\/presidentja-jahjaga-vizitoi-komunen-e-shterpces\/","url":"https:\/\/president-ksgov.net\/presidentja-jahjaga-vizitoi-komunen-e-shterpces\/","name":"Predsednica Jahjaga posetila op&#154;tinu &#138;trpce - Predsednik Republike Kosovo - DR. VJOSA OSMANI - SADRIU","isPartOf":{"@id":"https:\/\/president-ksgov.net\/#website"},"primaryImageOfPage":{"@id":"https:\/\/president-ksgov.net\/presidentja-jahjaga-vizitoi-komunen-e-shterpces\/#primaryimage"},"image":{"@id":"https:\/\/president-ksgov.net\/presidentja-jahjaga-vizitoi-komunen-e-shterpces\/#primaryimage"},"thumbnailUrl":"https:\/\/president-ksgov.net\/wp-content\/uploads\/shterpce_001.jpg","datePublished":"2013-07-03T15:59:55+00:00","dateModified":"2013-07-03T15:59:55+00:00","author":{"@id":"https:\/\/president-ksgov.net\/#\/schema\/person\/bb4337a5fb147cb2046d80548172cbee"},"description":"Predsednica Jahjaga posetila op&#154;tinu &#138;trpce - Predsednik Republike Kosovo - DR. VJOSA OSMANI - SADRIU -","breadcrumb":{"@id":"https:\/\/president-ksgov.net\/presidentja-jahjaga-vizitoi-komunen-e-shterpces\/#breadcrumb"},"inLanguage":"sr-RS","potentialAction":[{"@type":"ReadAction","target":["https:\/\/president-ksgov.net\/presidentja-jahjaga-vizitoi-komunen-e-shterpces\/"]}]},{"@type":"ImageObject","inLanguage":"sr-RS","@id":"https:\/\/president-ksgov.net\/presidentja-jahjaga-vizitoi-komunen-e-shterpces\/#primaryimage","url":"https:\/\/president-ksgov.net\/wp-content\/uploads\/shterpce_001.jpg","contentUrl":"https:\/\/president-ksgov.net\/wp-content\/uploads\/shterpce_001.jpg","width":1000,"height":685},{"@type":"BreadcrumbList","@id":"https:\/\/president-ksgov.net\/presidentja-jahjaga-vizitoi-komunen-e-shterpces\/#breadcrumb","itemListElement":[{"@type":"ListItem","position":1,"name":"Home","item":"https:\/\/president-ksgov.net\/sr\/"},{"@type":"ListItem","position":2,"name":"Predsednica Jahjaga posetila op&#154;tinu &#138;trpce"}]},{"@type":"WebSite","@id":"https:\/\/president-ksgov.net\/#website","url":"https:\/\/president-ksgov.net\/","name":"Presidente e Republik\u00ebs s\u00eb Kosov\u00ebs","description":"Presidente e Republik\u00ebs s\u00eb Kosov\u00ebs","alternateName":"DR. VJOSA OSMANI - SADRIU","potentialAction":[{"@type":"SearchAction","target":{"@type":"EntryPoint","urlTemplate":"https:\/\/president-ksgov.net\/?s={search_term_string}"},"query-input":{"@type":"PropertyValueSpecification","valueRequired":true,"valueName":"search_term_string"}}],"inLanguage":"sr-RS"},{"@type":"Person","@id":"https:\/\/president-ksgov.net\/#\/schema\/person\/bb4337a5fb147cb2046d80548172cbee","name":"admin","image":{"@type":"ImageObject","inLanguage":"sr-RS","@id":"https:\/\/president-ksgov.net\/#\/schema\/person\/image\/","url":"https:\/\/secure.gravatar.com\/avatar\/36156ca0fa3b8d9d25174f146e16beea0cf28f37adf1b9e19b6c9c279a7c9dd3?s=96&d=mm&r=g","contentUrl":"https:\/\/secure.gravatar.com\/avatar\/36156ca0fa3b8d9d25174f146e16beea0cf28f37adf1b9e19b6c9c279a7c9dd3?s=96&d=mm&r=g","caption":"admin"},"sameAs":["https:\/\/president-ksgov.net"]}]}},"_links":{"self":[{"href":"https:\/\/president-ksgov.net\/sr\/wp-json\/wp\/v2\/posts\/78338","targetHints":{"allow":["GET"]}}],"collection":[{"href":"https:\/\/president-ksgov.net\/sr\/wp-json\/wp\/v2\/posts"}],"about":[{"href":"https:\/\/president-ksgov.net\/sr\/wp-json\/wp\/v2\/types\/post"}],"author":[{"embeddable":true,"href":"https:\/\/president-ksgov.net\/sr\/wp-json\/wp\/v2\/users\/1"}],"replies":[{"embeddable":true,"href":"https:\/\/president-ksgov.net\/sr\/wp-json\/wp\/v2\/comments?post=78338"}],"version-history":[{"count":0,"href":"https:\/\/president-ksgov.net\/sr\/wp-json\/wp\/v2\/posts\/78338\/revisions"}],"wp:featuredmedia":[{"embeddable":true,"href":"https:\/\/president-ksgov.net\/sr\/wp-json\/wp\/v2\/media\/50337"}],"wp:attachment":[{"href":"https:\/\/president-ksgov.net\/sr\/wp-json\/wp\/v2\/media?parent=78338"}],"wp:term":[{"taxonomy":"category","embeddable":true,"href":"https:\/\/president-ksgov.net\/sr\/wp-json\/wp\/v2\/categories?post=78338"},{"taxonomy":"post_tag","embeddable":true,"href":"https:\/\/president-ksgov.net\/sr\/wp-json\/wp\/v2\/tags?post=78338"}],"curies":[{"name":"wp","href":"https:\/\/api.w.org\/{rel}","templated":true}]}}