{"id":78331,"date":"2013-07-05T21:28:12","date_gmt":"2013-07-05T21:28:12","guid":{"rendered":"https:\/\/dev.president-ksgov.net\/govor-predsednice-jahjaga-na-obeleavanju-237-godinjice-nezavisnosti-sad-e\/"},"modified":"2023-03-08T09:03:51","modified_gmt":"2023-03-08T09:03:51","slug":"govor-predsednice-jahjaga-na-obeleavanju-237-godinjice-nezavisnosti-sad-e","status":"publish","type":"post","link":"https:\/\/president-ksgov.net\/sr\/govor-predsednice-jahjaga-na-obeleavanju-237-godinjice-nezavisnosti-sad-e\/","title":{"rendered":"Govor Predsednice Jahjaga na obele&#158;avanju 237 godi&#154;njice nezavisnosti SAD-e"},"content":{"rendered":"<p>Predsednica Republike Kosovo, gospo\u0111a Atifete Jahjaga, danas prisustvovala manifestaciji organizovane u Ambasadi Sjedinjenih Ameri\u010dkih Dr&#382;ava u Pri&#353;tini, povodom 237 godi&#353;njice nezavisnosti SAD-e.<\/p>\n<p>U govoru odr&#382;anog\u00a0 prigodom ove manifestacije, Predsednica Jahjaga re\u010de:<br \/>\n\u00a0<br \/>\nPo&#353;tovani Ambasador Reeker,<br \/>\nAmbasador Jacobson,<br \/>\nRukovodioci institucija Kosova,<br \/>\nDame i gospodo,<br \/>\n\u00a0<br \/>\nPo&#353;to smo se okupili da proslavimo dvesta trideset sedmu godi&#353;njicu Nezavisnosti Sjedinjenih Ameri\u010dkih Dr&#382;ava, ja &#382;elim vam preneti najsrda\u010dnije \u010destitke naroda Kosova, najlep&#353;e \u010destitke za stalni uspeh u va&#353;oj zemlji i van nje, za prosperitet i slogu.<\/p>\n<p>Ovo ve\u0107e na celom Kosovu, mi ne samo da zajedno slavimo va&#353;u nezavisnost, nego mi ujedno slavimo va&#353;e posve\u0107enje za mir, slobodu, ravnopravnost, i diverzitet. Ovog va&#382;nog dana za va&#353;u zemlju i ameri\u010dki narod, mi se radujemo i na&#353;em cenjenom prosperitetu\u00a0 ja\u010danjem veza na&#353;eg prijateljstva- koje \u0107e biti dugoro\u010dno i stalno\u00a0 jer se zasnova na na&#353;e zajedni\u010dke vrednosti koje obe nacije visoko cene.<\/p>\n<p>Va&#353;e posve\u0107enje prema ovim vrednostima u va&#353;oj zemlji i u celom svetu, je inspiracija za sve nas ovde na Kosovu dok gradimo na&#353;u zemlju uz podr&#353;ku ameri\u010dkog naroda i neumornog nastojana hiljade mu&#353;karaca i &#382;ena ameri\u010dkih gra\u0111ana koji slu&#382;e kao mirotvorci u procesu obnove Kosova koji su verovali na na&#353;u odlu\u010dnu aspiraciju za slobodu i mir.<\/p>\n<p>Ove vrednosti koje su vodile va&#353;e anga&#382;ovanje na Kosovu, obezbedile su mir i stabilnost za njene gra\u0111ane, i mogu\u0107nosti otvaranja novog poglavlja za region, i mi \u0107emo ostati zauvek zahvalni za va&#353;u pomo\u0107 i podr&#353;ku. Vi ste nam pomogli da postanemo nosioci na&#353;e sudbine. Na&#353;e vrednosti i ideali su inspirisane od o\u010deva koji su stvorili Ameriku kao dr&#382;avu slobodnih ljudi.<\/p>\n<p>Osta\u0107emo posve\u0107eni u ja\u010danju temelja jednog demokratskog Kosova, gde svi njeni gra\u0111ani, bez obzira na njihovu versku ili etni\u010dku pripadnost u&#382;ivaju jednaka prava, i radi vo\u0111enja jedne politike dobrosusedskih odnosa sa svim zemljama u regionu uz po&#353;tovanje njihovog suvereniteta i integriteta, uz istovremeno na&#353;e anga&#382;ovanje da se u\u010dlanimo u Evropsku Zajednicu i NATO, i usko partnerstvo\u00a0 sa va&#353;om zemljom.<\/p>\n<p>Kao &#353;to je Jon Quincy Adams jednom re\u010de: &#8220; ukoliko va&#353;e delovanje inspirira druge da vi&#353;e sanjaju, vi&#353;e u\u010de, da vi&#353;e u\u010dine i da se vi&#353;e \u010dini, vi ste rukovodilac&#8220;.<\/p>\n<p>To je ono &#353;to ste vi, Amerika, i to je na\u010din na koji vi inspiri&#353;ete i nas.<\/p>\n<p>Sretan Ro\u0111endan!\u00a0<\/p>\n","protected":false},"excerpt":{"rendered":"<p>Predsednica Republike Kosovo, gospo\u0111a Atifete Jahjaga, danas prisustvovala manifestaciji organizovane u Ambasadi Sjedinjenih Ameri\u010dkih Dr&#382;ava u Pri&#353;tini, povodom 237 godi&#353;njice nezavisnosti SAD-e.<\/p>\n","protected":false},"author":1,"featured_media":50297,"comment_status":"open","ping_status":"closed","sticky":false,"template":"","format":"standard","meta":{"_eb_attr":"","footnotes":""},"categories":[106],"tags":[],"class_list":["post-78331","post","type-post","status-publish","format-standard","has-post-thumbnail","hentry","category-govori"],"yoast_head":"<!-- This site is optimized with the Yoast SEO plugin v23.5 - https:\/\/yoast.com\/wordpress\/plugins\/seo\/ -->\n<title>Govor Predsednice Jahjaga na obele&#158;avanju 237 godi&#154;njice nezavisnosti SAD-e - Predsednik Republike Kosovo - DR. VJOSA OSMANI - SADRIU<\/title>\n<meta name=\"description\" content=\"Govor Predsednice Jahjaga na obele&#158;avanju 237 godi&#154;njice nezavisnosti SAD-e - Predsednik Republike Kosovo - DR. VJOSA OSMANI - SADRIU -\" \/>\n<meta name=\"robots\" content=\"index, follow, max-snippet:-1, max-image-preview:large, max-video-preview:-1\" \/>\n<link rel=\"canonical\" href=\"https:\/\/president-ksgov.net\/fjala-e-presidentes-jahjaga-ne-shenimin-e-pervjetorit-te-237-te-te-pavaresise-se-shba-se\/\" \/>\n<meta property=\"og:locale\" content=\"sr_RS\" \/>\n<meta property=\"og:type\" content=\"article\" \/>\n<meta property=\"og:title\" content=\"Govor Predsednice Jahjaga na obele&#158;avanju 237 godi&#154;njice nezavisnosti SAD-e - Predsednik Republike Kosovo - DR. VJOSA OSMANI - SADRIU\" \/>\n<meta property=\"og:description\" content=\"Govor Predsednice Jahjaga na obele&#158;avanju 237 godi&#154;njice nezavisnosti SAD-e - Predsednik Republike Kosovo - DR. VJOSA OSMANI - SADRIU -\" \/>\n<meta property=\"og:url\" content=\"https:\/\/president-ksgov.net\/fjala-e-presidentes-jahjaga-ne-shenimin-e-pervjetorit-te-237-te-te-pavaresise-se-shba-se\/\" \/>\n<meta property=\"og:site_name\" content=\"Predsednik Republike Kosovo - DR. VJOSA OSMANI - SADRIU\" \/>\n<meta property=\"article:published_time\" content=\"2013-07-05T21:28:12+00:00\" \/>\n<meta property=\"article:modified_time\" content=\"2023-03-08T09:03:51+00:00\" \/>\n<meta property=\"og:image\" content=\"https:\/\/president-ksgov.net\/wp-content\/uploads\/1_IMAG5264.jpg\" \/>\n\t<meta property=\"og:image:width\" content=\"800\" \/>\n\t<meta property=\"og:image:height\" content=\"489\" \/>\n\t<meta property=\"og:image:type\" content=\"image\/jpeg\" \/>\n<meta name=\"author\" content=\"admin\" \/>\n<meta name=\"twitter:card\" content=\"summary_large_image\" \/>\n<meta name=\"twitter:label1\" content=\"\u041d\u0430\u043f\u0438\u0441\u0430\u043d\u043e \u043e\u0434\" \/>\n\t<meta name=\"twitter:data1\" content=\"admin\" \/>\n\t<meta name=\"twitter:label2\" content=\"\u041f\u0440\u043e\u0446\u0435\u045a\u0435\u043d\u043e \u0432\u0440\u0435\u043c\u0435 \u0447\u0438\u0442\u0430\u045a\u0430\" \/>\n\t<meta name=\"twitter:data2\" content=\"2 \u043c\u0438\u043d\u0443\u0442\u0430\" \/>\n<script type=\"application\/ld+json\" class=\"yoast-schema-graph\">{\"@context\":\"https:\/\/schema.org\",\"@graph\":[{\"@type\":\"WebPage\",\"@id\":\"https:\/\/president-ksgov.net\/fjala-e-presidentes-jahjaga-ne-shenimin-e-pervjetorit-te-237-te-te-pavaresise-se-shba-se\/\",\"url\":\"https:\/\/president-ksgov.net\/fjala-e-presidentes-jahjaga-ne-shenimin-e-pervjetorit-te-237-te-te-pavaresise-se-shba-se\/\",\"name\":\"Govor Predsednice Jahjaga na obele&#158;avanju 237 godi&#154;njice nezavisnosti SAD-e - Predsednik Republike Kosovo - DR. VJOSA OSMANI - SADRIU\",\"isPartOf\":{\"@id\":\"https:\/\/president-ksgov.net\/#website\"},\"primaryImageOfPage\":{\"@id\":\"https:\/\/president-ksgov.net\/fjala-e-presidentes-jahjaga-ne-shenimin-e-pervjetorit-te-237-te-te-pavaresise-se-shba-se\/#primaryimage\"},\"image\":{\"@id\":\"https:\/\/president-ksgov.net\/fjala-e-presidentes-jahjaga-ne-shenimin-e-pervjetorit-te-237-te-te-pavaresise-se-shba-se\/#primaryimage\"},\"thumbnailUrl\":\"https:\/\/president-ksgov.net\/wp-content\/uploads\/1_IMAG5264.jpg\",\"datePublished\":\"2013-07-05T21:28:12+00:00\",\"dateModified\":\"2023-03-08T09:03:51+00:00\",\"author\":{\"@id\":\"https:\/\/president-ksgov.net\/#\/schema\/person\/bb4337a5fb147cb2046d80548172cbee\"},\"description\":\"Govor Predsednice Jahjaga na obele&#158;avanju 237 godi&#154;njice nezavisnosti SAD-e - Predsednik Republike Kosovo - DR. VJOSA OSMANI - SADRIU -\",\"breadcrumb\":{\"@id\":\"https:\/\/president-ksgov.net\/fjala-e-presidentes-jahjaga-ne-shenimin-e-pervjetorit-te-237-te-te-pavaresise-se-shba-se\/#breadcrumb\"},\"inLanguage\":\"sr-RS\",\"potentialAction\":[{\"@type\":\"ReadAction\",\"target\":[\"https:\/\/president-ksgov.net\/fjala-e-presidentes-jahjaga-ne-shenimin-e-pervjetorit-te-237-te-te-pavaresise-se-shba-se\/\"]}]},{\"@type\":\"ImageObject\",\"inLanguage\":\"sr-RS\",\"@id\":\"https:\/\/president-ksgov.net\/fjala-e-presidentes-jahjaga-ne-shenimin-e-pervjetorit-te-237-te-te-pavaresise-se-shba-se\/#primaryimage\",\"url\":\"https:\/\/president-ksgov.net\/wp-content\/uploads\/1_IMAG5264.jpg\",\"contentUrl\":\"https:\/\/president-ksgov.net\/wp-content\/uploads\/1_IMAG5264.jpg\",\"width\":800,\"height\":489},{\"@type\":\"BreadcrumbList\",\"@id\":\"https:\/\/president-ksgov.net\/fjala-e-presidentes-jahjaga-ne-shenimin-e-pervjetorit-te-237-te-te-pavaresise-se-shba-se\/#breadcrumb\",\"itemListElement\":[{\"@type\":\"ListItem\",\"position\":1,\"name\":\"Home\",\"item\":\"https:\/\/president-ksgov.net\/sr\/\"},{\"@type\":\"ListItem\",\"position\":2,\"name\":\"Govor Predsednice Jahjaga na obele&#158;avanju 237 godi&#154;njice nezavisnosti SAD-e\"}]},{\"@type\":\"WebSite\",\"@id\":\"https:\/\/president-ksgov.net\/#website\",\"url\":\"https:\/\/president-ksgov.net\/\",\"name\":\"Presidente e Republik\u00ebs s\u00eb Kosov\u00ebs\",\"description\":\"Presidente e Republik\u00ebs s\u00eb Kosov\u00ebs\",\"alternateName\":\"DR. VJOSA OSMANI - SADRIU\",\"potentialAction\":[{\"@type\":\"SearchAction\",\"target\":{\"@type\":\"EntryPoint\",\"urlTemplate\":\"https:\/\/president-ksgov.net\/?s={search_term_string}\"},\"query-input\":{\"@type\":\"PropertyValueSpecification\",\"valueRequired\":true,\"valueName\":\"search_term_string\"}}],\"inLanguage\":\"sr-RS\"},{\"@type\":\"Person\",\"@id\":\"https:\/\/president-ksgov.net\/#\/schema\/person\/bb4337a5fb147cb2046d80548172cbee\",\"name\":\"admin\",\"image\":{\"@type\":\"ImageObject\",\"inLanguage\":\"sr-RS\",\"@id\":\"https:\/\/president-ksgov.net\/#\/schema\/person\/image\/\",\"url\":\"https:\/\/secure.gravatar.com\/avatar\/36156ca0fa3b8d9d25174f146e16beea0cf28f37adf1b9e19b6c9c279a7c9dd3?s=96&d=mm&r=g\",\"contentUrl\":\"https:\/\/secure.gravatar.com\/avatar\/36156ca0fa3b8d9d25174f146e16beea0cf28f37adf1b9e19b6c9c279a7c9dd3?s=96&d=mm&r=g\",\"caption\":\"admin\"},\"sameAs\":[\"https:\/\/president-ksgov.net\"]}]}<\/script>\n<!-- \/ Yoast SEO plugin. -->","yoast_head_json":{"title":"Govor Predsednice Jahjaga na obele&#158;avanju 237 godi&#154;njice nezavisnosti SAD-e - Predsednik Republike Kosovo - DR. VJOSA OSMANI - SADRIU","description":"Govor Predsednice Jahjaga na obele&#158;avanju 237 godi&#154;njice nezavisnosti SAD-e - Predsednik Republike Kosovo - DR. VJOSA OSMANI - SADRIU -","robots":{"index":"index","follow":"follow","max-snippet":"max-snippet:-1","max-image-preview":"max-image-preview:large","max-video-preview":"max-video-preview:-1"},"canonical":"https:\/\/president-ksgov.net\/fjala-e-presidentes-jahjaga-ne-shenimin-e-pervjetorit-te-237-te-te-pavaresise-se-shba-se\/","og_locale":"sr_RS","og_type":"article","og_title":"Govor Predsednice Jahjaga na obele&#158;avanju 237 godi&#154;njice nezavisnosti SAD-e - Predsednik Republike Kosovo - DR. VJOSA OSMANI - SADRIU","og_description":"Govor Predsednice Jahjaga na obele&#158;avanju 237 godi&#154;njice nezavisnosti SAD-e - Predsednik Republike Kosovo - DR. VJOSA OSMANI - SADRIU -","og_url":"https:\/\/president-ksgov.net\/fjala-e-presidentes-jahjaga-ne-shenimin-e-pervjetorit-te-237-te-te-pavaresise-se-shba-se\/","og_site_name":"Predsednik Republike Kosovo - DR. VJOSA OSMANI - SADRIU","article_published_time":"2013-07-05T21:28:12+00:00","article_modified_time":"2023-03-08T09:03:51+00:00","og_image":[{"width":800,"height":489,"url":"https:\/\/president-ksgov.net\/wp-content\/uploads\/1_IMAG5264.jpg","type":"image\/jpeg"}],"author":"admin","twitter_card":"summary_large_image","twitter_misc":{"\u041d\u0430\u043f\u0438\u0441\u0430\u043d\u043e \u043e\u0434":"admin","\u041f\u0440\u043e\u0446\u0435\u045a\u0435\u043d\u043e \u0432\u0440\u0435\u043c\u0435 \u0447\u0438\u0442\u0430\u045a\u0430":"2 \u043c\u0438\u043d\u0443\u0442\u0430"},"schema":{"@context":"https:\/\/schema.org","@graph":[{"@type":"WebPage","@id":"https:\/\/president-ksgov.net\/fjala-e-presidentes-jahjaga-ne-shenimin-e-pervjetorit-te-237-te-te-pavaresise-se-shba-se\/","url":"https:\/\/president-ksgov.net\/fjala-e-presidentes-jahjaga-ne-shenimin-e-pervjetorit-te-237-te-te-pavaresise-se-shba-se\/","name":"Govor Predsednice Jahjaga na obele&#158;avanju 237 godi&#154;njice nezavisnosti SAD-e - Predsednik Republike Kosovo - DR. VJOSA OSMANI - SADRIU","isPartOf":{"@id":"https:\/\/president-ksgov.net\/#website"},"primaryImageOfPage":{"@id":"https:\/\/president-ksgov.net\/fjala-e-presidentes-jahjaga-ne-shenimin-e-pervjetorit-te-237-te-te-pavaresise-se-shba-se\/#primaryimage"},"image":{"@id":"https:\/\/president-ksgov.net\/fjala-e-presidentes-jahjaga-ne-shenimin-e-pervjetorit-te-237-te-te-pavaresise-se-shba-se\/#primaryimage"},"thumbnailUrl":"https:\/\/president-ksgov.net\/wp-content\/uploads\/1_IMAG5264.jpg","datePublished":"2013-07-05T21:28:12+00:00","dateModified":"2023-03-08T09:03:51+00:00","author":{"@id":"https:\/\/president-ksgov.net\/#\/schema\/person\/bb4337a5fb147cb2046d80548172cbee"},"description":"Govor Predsednice Jahjaga na obele&#158;avanju 237 godi&#154;njice nezavisnosti SAD-e - Predsednik Republike Kosovo - DR. VJOSA OSMANI - SADRIU -","breadcrumb":{"@id":"https:\/\/president-ksgov.net\/fjala-e-presidentes-jahjaga-ne-shenimin-e-pervjetorit-te-237-te-te-pavaresise-se-shba-se\/#breadcrumb"},"inLanguage":"sr-RS","potentialAction":[{"@type":"ReadAction","target":["https:\/\/president-ksgov.net\/fjala-e-presidentes-jahjaga-ne-shenimin-e-pervjetorit-te-237-te-te-pavaresise-se-shba-se\/"]}]},{"@type":"ImageObject","inLanguage":"sr-RS","@id":"https:\/\/president-ksgov.net\/fjala-e-presidentes-jahjaga-ne-shenimin-e-pervjetorit-te-237-te-te-pavaresise-se-shba-se\/#primaryimage","url":"https:\/\/president-ksgov.net\/wp-content\/uploads\/1_IMAG5264.jpg","contentUrl":"https:\/\/president-ksgov.net\/wp-content\/uploads\/1_IMAG5264.jpg","width":800,"height":489},{"@type":"BreadcrumbList","@id":"https:\/\/president-ksgov.net\/fjala-e-presidentes-jahjaga-ne-shenimin-e-pervjetorit-te-237-te-te-pavaresise-se-shba-se\/#breadcrumb","itemListElement":[{"@type":"ListItem","position":1,"name":"Home","item":"https:\/\/president-ksgov.net\/sr\/"},{"@type":"ListItem","position":2,"name":"Govor Predsednice Jahjaga na obele&#158;avanju 237 godi&#154;njice nezavisnosti SAD-e"}]},{"@type":"WebSite","@id":"https:\/\/president-ksgov.net\/#website","url":"https:\/\/president-ksgov.net\/","name":"Presidente e Republik\u00ebs s\u00eb Kosov\u00ebs","description":"Presidente e Republik\u00ebs s\u00eb Kosov\u00ebs","alternateName":"DR. VJOSA OSMANI - SADRIU","potentialAction":[{"@type":"SearchAction","target":{"@type":"EntryPoint","urlTemplate":"https:\/\/president-ksgov.net\/?s={search_term_string}"},"query-input":{"@type":"PropertyValueSpecification","valueRequired":true,"valueName":"search_term_string"}}],"inLanguage":"sr-RS"},{"@type":"Person","@id":"https:\/\/president-ksgov.net\/#\/schema\/person\/bb4337a5fb147cb2046d80548172cbee","name":"admin","image":{"@type":"ImageObject","inLanguage":"sr-RS","@id":"https:\/\/president-ksgov.net\/#\/schema\/person\/image\/","url":"https:\/\/secure.gravatar.com\/avatar\/36156ca0fa3b8d9d25174f146e16beea0cf28f37adf1b9e19b6c9c279a7c9dd3?s=96&d=mm&r=g","contentUrl":"https:\/\/secure.gravatar.com\/avatar\/36156ca0fa3b8d9d25174f146e16beea0cf28f37adf1b9e19b6c9c279a7c9dd3?s=96&d=mm&r=g","caption":"admin"},"sameAs":["https:\/\/president-ksgov.net"]}]}},"_links":{"self":[{"href":"https:\/\/president-ksgov.net\/sr\/wp-json\/wp\/v2\/posts\/78331","targetHints":{"allow":["GET"]}}],"collection":[{"href":"https:\/\/president-ksgov.net\/sr\/wp-json\/wp\/v2\/posts"}],"about":[{"href":"https:\/\/president-ksgov.net\/sr\/wp-json\/wp\/v2\/types\/post"}],"author":[{"embeddable":true,"href":"https:\/\/president-ksgov.net\/sr\/wp-json\/wp\/v2\/users\/1"}],"replies":[{"embeddable":true,"href":"https:\/\/president-ksgov.net\/sr\/wp-json\/wp\/v2\/comments?post=78331"}],"version-history":[{"count":1,"href":"https:\/\/president-ksgov.net\/sr\/wp-json\/wp\/v2\/posts\/78331\/revisions"}],"predecessor-version":[{"id":81730,"href":"https:\/\/president-ksgov.net\/sr\/wp-json\/wp\/v2\/posts\/78331\/revisions\/81730"}],"wp:featuredmedia":[{"embeddable":true,"href":"https:\/\/president-ksgov.net\/sr\/wp-json\/wp\/v2\/media\/50297"}],"wp:attachment":[{"href":"https:\/\/president-ksgov.net\/sr\/wp-json\/wp\/v2\/media?parent=78331"}],"wp:term":[{"taxonomy":"category","embeddable":true,"href":"https:\/\/president-ksgov.net\/sr\/wp-json\/wp\/v2\/categories?post=78331"},{"taxonomy":"post_tag","embeddable":true,"href":"https:\/\/president-ksgov.net\/sr\/wp-json\/wp\/v2\/tags?post=78331"}],"curies":[{"name":"wp","href":"https:\/\/api.w.org\/{rel}","templated":true}]}}