{"id":78327,"date":"2013-07-07T22:42:03","date_gmt":"2013-07-07T22:42:03","guid":{"rendered":"https:\/\/dev.president-ksgov.net\/govor-predsednice-jahjaga-no-doceku-organizovanog-povodom-posete-guvernera-ajove-terry-branstad\/"},"modified":"2023-03-08T09:03:50","modified_gmt":"2023-03-08T09:03:50","slug":"govor-predsednice-jahjaga-no-doceku-organizovanog-povodom-posete-guvernera-ajove-terry-branstad","status":"publish","type":"post","link":"https:\/\/president-ksgov.net\/sr\/govor-predsednice-jahjaga-no-doceku-organizovanog-povodom-posete-guvernera-ajove-terry-branstad\/","title":{"rendered":"Govor Predsednice Jahjaga no do\u010deku organizovanog povodom posete Guvernera Ajove, Terry Branstad"},"content":{"rendered":"<p>Sakupili smo se danas svi predstavnici javnih i privatnih institucija, vojnog i poslovnog sveta, te akademskog i kulturnog sveta, da bismo zajedno slavili produbljivanje saradnje izme\u0111u Kosova i Ajove i daljnjeg ja\u010danja prijateljskih odnosa izme\u0111u na&#353;e dve dr&#382;ave.<\/p>\n<p>Po&#353;tovani Guverner\u00a0 Barnstad,<\/p>\n<p>Gospo\u0111a Barnstad,<\/p>\n<p>Predstavnici dr&#382;ave Ajova,<\/p>\n<p>Ambasador Jakobson,<\/p>\n<p>General Orr,<\/p>\n<p>Rukovodioci institucija Kosova,<\/p>\n<p>Ministri i zam. Ministara,<\/p>\n<p>Dame i gospodo,<br \/>\n\u00a0<br \/>\nSakupili smo se danas svi predstavnici javnih i privatnih institucija, vojnog i poslovnog sveta, te akademskog i kulturnog sveta, da bismo zajedno slavili produbljivanje saradnje izme\u0111u Kosova i Ajove i daljnjeg ja\u010danja prijateljskih odnosa izme\u0111u na&#353;e dve dr&#382;ave.<br \/>\n\u00a0<br \/>\nDana&#353;nji dan bele&#382;i jedan poseban dan u izra&#382;avanju obostranog posve\u0107enja za izgradnju na na&#353;im sli\u010dnostima, na vrednostima i na\u010delima kojih se mi pridr&#382;avamo o slobodi i stvaranju jednog dru&#353;tva i dr&#382;ave koja garantuje dostojanstven i prosperitetan &#382;ivot, svojim gra\u0111anima bez obzira kojeg su etni\u010dkog ili verskog porekla.<br \/>\n\u00a0<br \/>\nSamo nekoliko dana ranije smo zajedno slavili dan nezavisnosti Sjedinjenih Ameri\u010dkih Dr&#382;ava, 4. juli, zahvalili smo se na&#353;em strate&#353;kom savezniku i hiljadama gra\u0111ana Amerike koji su stali uz gra\u0111ane Kosova u njihovim najte&#382;im trenucima, pru&#382;aju\u0107i im oslonac i podr&#353;ku u njihovom kretanju u pravcu mira i nezavisnosti.<br \/>\n\u00a0<br \/>\nTo je ona stalna podr&#353;ka velikog prijatelja dr&#382;ave Kosovo, Sjedinjenih Ameri\u010dkih Dr&#382;ava, koje nas je sakupilo danas za krunisanje Partnerstva sa dr&#382;avom Ajova.<br \/>\n\u00a0<br \/>\nZajedno sa podr&#353;kom njenih me\u0111unarodnih prijatelja, Kosovo je postalo faktor mira i stabilnosti u regionu i &#353;ire, i model konsolidacije vi&#353;enacionalne dr&#382;ave.<br \/>\n\u00a0<br \/>\nZahvaljujem se Guverneru Barnstad, dr&#382;avi Ajova i njenim gra\u0111anima za stalnu podr&#353;ku i iskrenu saradnju koju su pru&#382;ili na&#353;oj dr&#382;avi Kosovo i njenim gra\u0111anima.<br \/>\n\u00a0<br \/>\nUbe\u0111ena sam da \u0107emo nastaviti graditi mostove saradnje i da \u0107emo produbiti prijateljstvo izme\u0111u na&#353;e dve zemlje.<br \/>\n\u00a0<br \/>\n\u00a0Di&#382;em ovu zdravicu za ve\u010dno prijateljstvo izme\u0111u Republike Kosovo i Sjedinjenih Ameri\u010dkih Dr&#382;ava.<br \/>\n\u00a0<br \/>\nNa zdravlje!<\/p>\n","protected":false},"excerpt":{"rendered":"<p>Sakupili smo se danas svi predstavnici javnih i privatnih institucija, vojnog i poslovnog sveta, te akademskog i kulturnog sveta, da bismo zajedno slavili produbljivanje saradnje izme\u0111u Kosova i Ajove i daljnjeg ja\u010danja prijateljskih odnosa izme\u0111u na&#353;e dve dr&#382;ave.<\/p>\n","protected":false},"author":1,"featured_media":50228,"comment_status":"open","ping_status":"closed","sticky":false,"template":"","format":"standard","meta":{"_eb_attr":"","footnotes":""},"categories":[106],"tags":[],"class_list":["post-78327","post","type-post","status-publish","format-standard","has-post-thumbnail","hentry","category-govori"],"yoast_head":"<!-- This site is optimized with the Yoast SEO plugin v23.5 - https:\/\/yoast.com\/wordpress\/plugins\/seo\/ -->\n<title>Govor Predsednice Jahjaga no do\u010deku organizovanog povodom posete Guvernera Ajove, Terry Branstad - Predsednik Republike Kosovo - DR. VJOSA OSMANI - SADRIU<\/title>\n<meta name=\"description\" content=\"Govor Predsednice Jahjaga no do\u010deku organizovanog povodom posete Guvernera Ajove, Terry Branstad - Predsednik Republike Kosovo - DR. VJOSA OSMANI - SADRIU -\" \/>\n<meta name=\"robots\" content=\"index, follow, max-snippet:-1, max-image-preview:large, max-video-preview:-1\" \/>\n<link rel=\"canonical\" href=\"https:\/\/president-ksgov.net\/sr\/govor-predsednice-jahjaga-no-doceku-organizovanog-povodom-posete-guvernera-ajove-terry-branstad\/\" \/>\n<meta property=\"og:locale\" content=\"sr_RS\" \/>\n<meta property=\"og:type\" content=\"article\" \/>\n<meta property=\"og:title\" content=\"Govor Predsednice Jahjaga no do\u010deku organizovanog povodom posete Guvernera Ajove, Terry Branstad - Predsednik Republike Kosovo - DR. VJOSA OSMANI - SADRIU\" \/>\n<meta property=\"og:description\" content=\"Govor Predsednice Jahjaga no do\u010deku organizovanog povodom posete Guvernera Ajove, Terry Branstad - Predsednik Republike Kosovo - DR. VJOSA OSMANI - SADRIU -\" \/>\n<meta property=\"og:url\" content=\"https:\/\/president-ksgov.net\/sr\/govor-predsednice-jahjaga-no-doceku-organizovanog-povodom-posete-guvernera-ajove-terry-branstad\/\" \/>\n<meta property=\"og:site_name\" content=\"Predsednik Republike Kosovo - DR. VJOSA OSMANI - SADRIU\" \/>\n<meta property=\"article:published_time\" content=\"2013-07-07T22:42:03+00:00\" \/>\n<meta property=\"article:modified_time\" content=\"2023-03-08T09:03:50+00:00\" \/>\n<meta property=\"og:image\" content=\"https:\/\/president-ksgov.net\/wp-content\/uploads\/13_08_2013_1020036_07_07_13_101631_Koktej_1.jpg\" \/>\n\t<meta property=\"og:image:width\" content=\"1000\" \/>\n\t<meta property=\"og:image:height\" content=\"1169\" \/>\n\t<meta property=\"og:image:type\" content=\"image\/jpeg\" \/>\n<meta name=\"author\" content=\"admin\" \/>\n<meta name=\"twitter:card\" content=\"summary_large_image\" \/>\n<meta name=\"twitter:label1\" content=\"\u041d\u0430\u043f\u0438\u0441\u0430\u043d\u043e \u043e\u0434\" \/>\n\t<meta name=\"twitter:data1\" content=\"admin\" \/>\n\t<meta name=\"twitter:label2\" content=\"\u041f\u0440\u043e\u0446\u0435\u045a\u0435\u043d\u043e \u0432\u0440\u0435\u043c\u0435 \u0447\u0438\u0442\u0430\u045a\u0430\" \/>\n\t<meta name=\"twitter:data2\" content=\"2 \u043c\u0438\u043d\u0443\u0442\u0430\" \/>\n<script type=\"application\/ld+json\" class=\"yoast-schema-graph\">{\"@context\":\"https:\/\/schema.org\",\"@graph\":[{\"@type\":\"WebPage\",\"@id\":\"https:\/\/president-ksgov.net\/sr\/govor-predsednice-jahjaga-no-doceku-organizovanog-povodom-posete-guvernera-ajove-terry-branstad\/\",\"url\":\"https:\/\/president-ksgov.net\/sr\/govor-predsednice-jahjaga-no-doceku-organizovanog-povodom-posete-guvernera-ajove-terry-branstad\/\",\"name\":\"Govor Predsednice Jahjaga no do\u010deku organizovanog povodom posete Guvernera Ajove, Terry Branstad - Predsednik Republike Kosovo - DR. VJOSA OSMANI - SADRIU\",\"isPartOf\":{\"@id\":\"https:\/\/president-ksgov.net\/#website\"},\"primaryImageOfPage\":{\"@id\":\"https:\/\/president-ksgov.net\/sr\/govor-predsednice-jahjaga-no-doceku-organizovanog-povodom-posete-guvernera-ajove-terry-branstad\/#primaryimage\"},\"image\":{\"@id\":\"https:\/\/president-ksgov.net\/sr\/govor-predsednice-jahjaga-no-doceku-organizovanog-povodom-posete-guvernera-ajove-terry-branstad\/#primaryimage\"},\"thumbnailUrl\":\"https:\/\/president-ksgov.net\/wp-content\/uploads\/13_08_2013_1020036_07_07_13_101631_Koktej_1.jpg\",\"datePublished\":\"2013-07-07T22:42:03+00:00\",\"dateModified\":\"2023-03-08T09:03:50+00:00\",\"author\":{\"@id\":\"https:\/\/president-ksgov.net\/#\/schema\/person\/bb4337a5fb147cb2046d80548172cbee\"},\"description\":\"Govor Predsednice Jahjaga no do\u010deku organizovanog povodom posete Guvernera Ajove, Terry Branstad - Predsednik Republike Kosovo - DR. VJOSA OSMANI - SADRIU -\",\"breadcrumb\":{\"@id\":\"https:\/\/president-ksgov.net\/sr\/govor-predsednice-jahjaga-no-doceku-organizovanog-povodom-posete-guvernera-ajove-terry-branstad\/#breadcrumb\"},\"inLanguage\":\"sr-RS\",\"potentialAction\":[{\"@type\":\"ReadAction\",\"target\":[\"https:\/\/president-ksgov.net\/sr\/govor-predsednice-jahjaga-no-doceku-organizovanog-povodom-posete-guvernera-ajove-terry-branstad\/\"]}]},{\"@type\":\"ImageObject\",\"inLanguage\":\"sr-RS\",\"@id\":\"https:\/\/president-ksgov.net\/sr\/govor-predsednice-jahjaga-no-doceku-organizovanog-povodom-posete-guvernera-ajove-terry-branstad\/#primaryimage\",\"url\":\"https:\/\/president-ksgov.net\/wp-content\/uploads\/13_08_2013_1020036_07_07_13_101631_Koktej_1.jpg\",\"contentUrl\":\"https:\/\/president-ksgov.net\/wp-content\/uploads\/13_08_2013_1020036_07_07_13_101631_Koktej_1.jpg\",\"width\":1000,\"height\":1169},{\"@type\":\"BreadcrumbList\",\"@id\":\"https:\/\/president-ksgov.net\/sr\/govor-predsednice-jahjaga-no-doceku-organizovanog-povodom-posete-guvernera-ajove-terry-branstad\/#breadcrumb\",\"itemListElement\":[{\"@type\":\"ListItem\",\"position\":1,\"name\":\"Home\",\"item\":\"https:\/\/president-ksgov.net\/sr\/\"},{\"@type\":\"ListItem\",\"position\":2,\"name\":\"Govor Predsednice Jahjaga no do\u010deku organizovanog povodom posete Guvernera Ajove, Terry Branstad\"}]},{\"@type\":\"WebSite\",\"@id\":\"https:\/\/president-ksgov.net\/#website\",\"url\":\"https:\/\/president-ksgov.net\/\",\"name\":\"Presidente e Republik\u00ebs s\u00eb Kosov\u00ebs\",\"description\":\"Presidente e Republik\u00ebs s\u00eb Kosov\u00ebs\",\"alternateName\":\"DR. VJOSA OSMANI - SADRIU\",\"potentialAction\":[{\"@type\":\"SearchAction\",\"target\":{\"@type\":\"EntryPoint\",\"urlTemplate\":\"https:\/\/president-ksgov.net\/?s={search_term_string}\"},\"query-input\":{\"@type\":\"PropertyValueSpecification\",\"valueRequired\":true,\"valueName\":\"search_term_string\"}}],\"inLanguage\":\"sr-RS\"},{\"@type\":\"Person\",\"@id\":\"https:\/\/president-ksgov.net\/#\/schema\/person\/bb4337a5fb147cb2046d80548172cbee\",\"name\":\"admin\",\"image\":{\"@type\":\"ImageObject\",\"inLanguage\":\"sr-RS\",\"@id\":\"https:\/\/president-ksgov.net\/#\/schema\/person\/image\/\",\"url\":\"https:\/\/secure.gravatar.com\/avatar\/36156ca0fa3b8d9d25174f146e16beea0cf28f37adf1b9e19b6c9c279a7c9dd3?s=96&d=mm&r=g\",\"contentUrl\":\"https:\/\/secure.gravatar.com\/avatar\/36156ca0fa3b8d9d25174f146e16beea0cf28f37adf1b9e19b6c9c279a7c9dd3?s=96&d=mm&r=g\",\"caption\":\"admin\"},\"sameAs\":[\"https:\/\/president-ksgov.net\"]}]}<\/script>\n<!-- \/ Yoast SEO plugin. -->","yoast_head_json":{"title":"Govor Predsednice Jahjaga no do\u010deku organizovanog povodom posete Guvernera Ajove, Terry Branstad - Predsednik Republike Kosovo - DR. VJOSA OSMANI - SADRIU","description":"Govor Predsednice Jahjaga no do\u010deku organizovanog povodom posete Guvernera Ajove, Terry Branstad - Predsednik Republike Kosovo - DR. VJOSA OSMANI - SADRIU -","robots":{"index":"index","follow":"follow","max-snippet":"max-snippet:-1","max-image-preview":"max-image-preview:large","max-video-preview":"max-video-preview:-1"},"canonical":"https:\/\/president-ksgov.net\/sr\/govor-predsednice-jahjaga-no-doceku-organizovanog-povodom-posete-guvernera-ajove-terry-branstad\/","og_locale":"sr_RS","og_type":"article","og_title":"Govor Predsednice Jahjaga no do\u010deku organizovanog povodom posete Guvernera Ajove, Terry Branstad - Predsednik Republike Kosovo - DR. VJOSA OSMANI - SADRIU","og_description":"Govor Predsednice Jahjaga no do\u010deku organizovanog povodom posete Guvernera Ajove, Terry Branstad - Predsednik Republike Kosovo - DR. VJOSA OSMANI - SADRIU -","og_url":"https:\/\/president-ksgov.net\/sr\/govor-predsednice-jahjaga-no-doceku-organizovanog-povodom-posete-guvernera-ajove-terry-branstad\/","og_site_name":"Predsednik Republike Kosovo - DR. VJOSA OSMANI - SADRIU","article_published_time":"2013-07-07T22:42:03+00:00","article_modified_time":"2023-03-08T09:03:50+00:00","og_image":[{"width":1000,"height":1169,"url":"https:\/\/president-ksgov.net\/wp-content\/uploads\/13_08_2013_1020036_07_07_13_101631_Koktej_1.jpg","type":"image\/jpeg"}],"author":"admin","twitter_card":"summary_large_image","twitter_misc":{"\u041d\u0430\u043f\u0438\u0441\u0430\u043d\u043e \u043e\u0434":"admin","\u041f\u0440\u043e\u0446\u0435\u045a\u0435\u043d\u043e \u0432\u0440\u0435\u043c\u0435 \u0447\u0438\u0442\u0430\u045a\u0430":"2 \u043c\u0438\u043d\u0443\u0442\u0430"},"schema":{"@context":"https:\/\/schema.org","@graph":[{"@type":"WebPage","@id":"https:\/\/president-ksgov.net\/sr\/govor-predsednice-jahjaga-no-doceku-organizovanog-povodom-posete-guvernera-ajove-terry-branstad\/","url":"https:\/\/president-ksgov.net\/sr\/govor-predsednice-jahjaga-no-doceku-organizovanog-povodom-posete-guvernera-ajove-terry-branstad\/","name":"Govor Predsednice Jahjaga no do\u010deku organizovanog povodom posete Guvernera Ajove, Terry Branstad - Predsednik Republike Kosovo - DR. VJOSA OSMANI - SADRIU","isPartOf":{"@id":"https:\/\/president-ksgov.net\/#website"},"primaryImageOfPage":{"@id":"https:\/\/president-ksgov.net\/sr\/govor-predsednice-jahjaga-no-doceku-organizovanog-povodom-posete-guvernera-ajove-terry-branstad\/#primaryimage"},"image":{"@id":"https:\/\/president-ksgov.net\/sr\/govor-predsednice-jahjaga-no-doceku-organizovanog-povodom-posete-guvernera-ajove-terry-branstad\/#primaryimage"},"thumbnailUrl":"https:\/\/president-ksgov.net\/wp-content\/uploads\/13_08_2013_1020036_07_07_13_101631_Koktej_1.jpg","datePublished":"2013-07-07T22:42:03+00:00","dateModified":"2023-03-08T09:03:50+00:00","author":{"@id":"https:\/\/president-ksgov.net\/#\/schema\/person\/bb4337a5fb147cb2046d80548172cbee"},"description":"Govor Predsednice Jahjaga no do\u010deku organizovanog povodom posete Guvernera Ajove, Terry Branstad - Predsednik Republike Kosovo - DR. VJOSA OSMANI - SADRIU -","breadcrumb":{"@id":"https:\/\/president-ksgov.net\/sr\/govor-predsednice-jahjaga-no-doceku-organizovanog-povodom-posete-guvernera-ajove-terry-branstad\/#breadcrumb"},"inLanguage":"sr-RS","potentialAction":[{"@type":"ReadAction","target":["https:\/\/president-ksgov.net\/sr\/govor-predsednice-jahjaga-no-doceku-organizovanog-povodom-posete-guvernera-ajove-terry-branstad\/"]}]},{"@type":"ImageObject","inLanguage":"sr-RS","@id":"https:\/\/president-ksgov.net\/sr\/govor-predsednice-jahjaga-no-doceku-organizovanog-povodom-posete-guvernera-ajove-terry-branstad\/#primaryimage","url":"https:\/\/president-ksgov.net\/wp-content\/uploads\/13_08_2013_1020036_07_07_13_101631_Koktej_1.jpg","contentUrl":"https:\/\/president-ksgov.net\/wp-content\/uploads\/13_08_2013_1020036_07_07_13_101631_Koktej_1.jpg","width":1000,"height":1169},{"@type":"BreadcrumbList","@id":"https:\/\/president-ksgov.net\/sr\/govor-predsednice-jahjaga-no-doceku-organizovanog-povodom-posete-guvernera-ajove-terry-branstad\/#breadcrumb","itemListElement":[{"@type":"ListItem","position":1,"name":"Home","item":"https:\/\/president-ksgov.net\/sr\/"},{"@type":"ListItem","position":2,"name":"Govor Predsednice Jahjaga no do\u010deku organizovanog povodom posete Guvernera Ajove, Terry Branstad"}]},{"@type":"WebSite","@id":"https:\/\/president-ksgov.net\/#website","url":"https:\/\/president-ksgov.net\/","name":"Presidente e Republik\u00ebs s\u00eb Kosov\u00ebs","description":"Presidente e Republik\u00ebs s\u00eb Kosov\u00ebs","alternateName":"DR. VJOSA OSMANI - SADRIU","potentialAction":[{"@type":"SearchAction","target":{"@type":"EntryPoint","urlTemplate":"https:\/\/president-ksgov.net\/?s={search_term_string}"},"query-input":{"@type":"PropertyValueSpecification","valueRequired":true,"valueName":"search_term_string"}}],"inLanguage":"sr-RS"},{"@type":"Person","@id":"https:\/\/president-ksgov.net\/#\/schema\/person\/bb4337a5fb147cb2046d80548172cbee","name":"admin","image":{"@type":"ImageObject","inLanguage":"sr-RS","@id":"https:\/\/president-ksgov.net\/#\/schema\/person\/image\/","url":"https:\/\/secure.gravatar.com\/avatar\/36156ca0fa3b8d9d25174f146e16beea0cf28f37adf1b9e19b6c9c279a7c9dd3?s=96&d=mm&r=g","contentUrl":"https:\/\/secure.gravatar.com\/avatar\/36156ca0fa3b8d9d25174f146e16beea0cf28f37adf1b9e19b6c9c279a7c9dd3?s=96&d=mm&r=g","caption":"admin"},"sameAs":["https:\/\/president-ksgov.net"]}]}},"_links":{"self":[{"href":"https:\/\/president-ksgov.net\/sr\/wp-json\/wp\/v2\/posts\/78327","targetHints":{"allow":["GET"]}}],"collection":[{"href":"https:\/\/president-ksgov.net\/sr\/wp-json\/wp\/v2\/posts"}],"about":[{"href":"https:\/\/president-ksgov.net\/sr\/wp-json\/wp\/v2\/types\/post"}],"author":[{"embeddable":true,"href":"https:\/\/president-ksgov.net\/sr\/wp-json\/wp\/v2\/users\/1"}],"replies":[{"embeddable":true,"href":"https:\/\/president-ksgov.net\/sr\/wp-json\/wp\/v2\/comments?post=78327"}],"version-history":[{"count":1,"href":"https:\/\/president-ksgov.net\/sr\/wp-json\/wp\/v2\/posts\/78327\/revisions"}],"predecessor-version":[{"id":81729,"href":"https:\/\/president-ksgov.net\/sr\/wp-json\/wp\/v2\/posts\/78327\/revisions\/81729"}],"wp:featuredmedia":[{"embeddable":true,"href":"https:\/\/president-ksgov.net\/sr\/wp-json\/wp\/v2\/media\/50228"}],"wp:attachment":[{"href":"https:\/\/president-ksgov.net\/sr\/wp-json\/wp\/v2\/media?parent=78327"}],"wp:term":[{"taxonomy":"category","embeddable":true,"href":"https:\/\/president-ksgov.net\/sr\/wp-json\/wp\/v2\/categories?post=78327"},{"taxonomy":"post_tag","embeddable":true,"href":"https:\/\/president-ksgov.net\/sr\/wp-json\/wp\/v2\/tags?post=78327"}],"curies":[{"name":"wp","href":"https:\/\/api.w.org\/{rel}","templated":true}]}}