{"id":78307,"date":"2013-07-18T22:22:47","date_gmt":"2013-07-18T22:22:47","guid":{"rendered":"https:\/\/dev.president-ksgov.net\/govor-predsednice-jahjaga-na-koncert-letnje-evropske-muzicke-akademije\/"},"modified":"2023-03-08T09:03:50","modified_gmt":"2023-03-08T09:03:50","slug":"govor-predsednice-jahjaga-na-koncert-letnje-evropske-muzicke-akademije","status":"publish","type":"post","link":"https:\/\/president-ksgov.net\/sr\/govor-predsednice-jahjaga-na-koncert-letnje-evropske-muzicke-akademije\/","title":{"rendered":"Govor Predsednice Jahjaga na koncert Letnje Evropske Muzi\u010dke Akademije"},"content":{"rendered":"<p>Predsednica Republike Kosovo, gospo\u0111a  Atifete Jahjaga danas je prisustvovala koncertu Letnje Evropske Muzi\u010dke Akademije, organizovane u Pri&#353;tini.<\/p>\n<p>U prigodnom govoru, Predsednica Jahjaga re\u010de:<\/p>\n<p>Po&#353;tovani profesori i studenti,<\/p>\n<p>Dame i gospodo,<\/p>\n<p>&#381;elela bi da ovo posebno ve\u0107e po\u010dinjem zahvaljuju\u0107i se ambasadama Republike \u010ce&#353;ka, Nema\u010dke i Austrije, me\u0111unarodne misije i organizacije, institucije Kosova, i posebno sve one mu&#353;karce i &#382;ene, \u010dije su vizije i podr&#353;ka bile bitne u produbljivanju ove va&#382;ne tradicije, godi&#353;njeg organizovanja Letnje Evropske Muzi\u010dke Akademije. Isto rako &#382;elim da se zahvalim i Komisioneru EZ-e, g. Fyle, za njegovo u\u010de&#353;\u0107e u ovo ve\u0107e da bi stekao deo lepih stvari koje mi uspevamo \u010diniti kada se ujedinimo.<\/p>\n<p>Ova Akademija je zaista posebna jer se gradi na muzi\u010dku kulturu i diverzitet koji smo stalno gajili i koji smo kao dr&#382;ava promovisali, jedna tradicija koja se prostire na nizu generacija.<\/p>\n<p>Iznad svega, posebno je jer svi studenti i profesori, bez obzira na njihovo poreklo ili njihovo etni\u010dko poreklo, govore jednim zajedni\u010dkim jezikom, jezikom muzike, prenose\u0107i tako \u010dvrstu poruku oko vrednosti koje nas spajaju kao slobodne narode, oko vrednosti tolerancije, mira i razumevanja.<\/p>\n<p>Upravo su te vrednosti na kojima smo mi gradili na&#353;u dr&#382;avu i sa kojima \u0107emo mi nastaviti da gradimo mostove saradnje i partnerstva izme\u0111u naroda i nacija.<\/p>\n<p>&#381;elela bih da izrazim jedno posebno priznanje za cenjene i visoko po&#353;tovane profesore koji studentima Kosova, kao i cele Evrope, pru&#382;aju jednu &#382;ivotnu mogu\u0107nost u pravcu ispunjavanja njihovih strasti, razvijaju\u0107i njihov talenat, &#353;to \u0107e bez sumnje olak&#353;ati njihovo kretanje u pravcu uspeha.<\/p>\n<p>Ozbiljnost, entuzijazam i posve\u0107enje ovih studenata, jeste ono &#353;to \u010dini ovu akademiju uspe&#353;nom, obavezuju\u0107i nas da mi nastavljamo na&#353;a anga&#382;ovanja u pravcu pru&#382;anja beskrajnih mogu\u0107nosti za njih, kako bi im omogu\u0107ili da ostvare svoje snovi preko granica i predrasuda. Samo na taj na\u010din mi \u0107emo mo\u0107i videti da na&#353;a dru&#353;tva napreduju.<\/p>\n<p>Ube\u0111ena sam da letnja akademija \u0107e podsta\u0107i mnogo sli\u010dnih aktivnosti, u kojima \u0107e nas razlike spajati i doprineti \u0107e da postanemo bolji ljudi, bolji slu&#353;aoci, i naravno, bolji muzi\u010dari.<\/p>\n<p>&#381;elela bih da sada prepustim red divnoj muzici koju sam imala \u010dast slu&#353;ati u ponedeljak, izvedenu od po&#353;tovanih profesora akademije, uz jedan citat od Platona:<\/p>\n<p>&#8220;Muzika daje du&#353;u univerzitetu, daje krila mi&#353;ljenju, kretanje ma&#353;ti i &#382;ivot svakoj stvari&#8220;. <\/p>\n<p>Hvala Vam.<\/p>\n","protected":false},"excerpt":{"rendered":"<p>Predsednica Republike Kosovo, gospo\u0111a  Atifete Jahjaga danas je prisustvovala koncertu Letnje Evropske Muzi\u010dke Akademije, organizovane u Pri&#353;tini.<\/p>\n","protected":false},"author":1,"featured_media":50083,"comment_status":"open","ping_status":"closed","sticky":false,"template":"","format":"standard","meta":{"_eb_attr":"","footnotes":""},"categories":[106],"tags":[],"class_list":["post-78307","post","type-post","status-publish","format-standard","has-post-thumbnail","hentry","category-govori"],"yoast_head":"<!-- This site is optimized with the Yoast SEO plugin v23.5 - https:\/\/yoast.com\/wordpress\/plugins\/seo\/ -->\n<title>Govor Predsednice Jahjaga na koncert Letnje Evropske Muzi\u010dke Akademije - Predsednik Republike Kosovo - DR. VJOSA OSMANI - SADRIU<\/title>\n<meta name=\"description\" content=\"Govor Predsednice Jahjaga na koncert Letnje Evropske Muzi\u010dke Akademije - Predsednik Republike Kosovo - DR. VJOSA OSMANI - SADRIU -\" \/>\n<meta name=\"robots\" content=\"index, follow, max-snippet:-1, max-image-preview:large, max-video-preview:-1\" \/>\n<link rel=\"canonical\" href=\"https:\/\/president-ksgov.net\/fjala-e-presidentes-jahjaga-ne-koncertin-e-akademise-muzikore-verore-evropiane\/\" \/>\n<meta property=\"og:locale\" content=\"sr_RS\" \/>\n<meta property=\"og:type\" content=\"article\" \/>\n<meta property=\"og:title\" content=\"Govor Predsednice Jahjaga na koncert Letnje Evropske Muzi\u010dke Akademije - Predsednik Republike Kosovo - DR. VJOSA OSMANI - SADRIU\" \/>\n<meta property=\"og:description\" content=\"Govor Predsednice Jahjaga na koncert Letnje Evropske Muzi\u010dke Akademije - Predsednik Republike Kosovo - DR. VJOSA OSMANI - SADRIU -\" \/>\n<meta property=\"og:url\" content=\"https:\/\/president-ksgov.net\/fjala-e-presidentes-jahjaga-ne-koncertin-e-akademise-muzikore-verore-evropiane\/\" \/>\n<meta property=\"og:site_name\" content=\"Predsednik Republike Kosovo - DR. VJOSA OSMANI - SADRIU\" \/>\n<meta property=\"article:published_time\" content=\"2013-07-18T22:22:47+00:00\" \/>\n<meta property=\"article:modified_time\" content=\"2023-03-08T09:03:50+00:00\" \/>\n<meta property=\"og:image\" content=\"https:\/\/president-ksgov.net\/wp-content\/uploads\/13_08_2013_9230507_18_07_13_46800_000_18_07_2013.jpg\" \/>\n\t<meta property=\"og:image:width\" content=\"1000\" \/>\n\t<meta property=\"og:image:height\" content=\"667\" \/>\n\t<meta property=\"og:image:type\" content=\"image\/jpeg\" \/>\n<meta name=\"author\" content=\"admin\" \/>\n<meta name=\"twitter:card\" content=\"summary_large_image\" \/>\n<meta name=\"twitter:label1\" content=\"\u041d\u0430\u043f\u0438\u0441\u0430\u043d\u043e \u043e\u0434\" \/>\n\t<meta name=\"twitter:data1\" content=\"admin\" \/>\n\t<meta name=\"twitter:label2\" content=\"\u041f\u0440\u043e\u0446\u0435\u045a\u0435\u043d\u043e \u0432\u0440\u0435\u043c\u0435 \u0447\u0438\u0442\u0430\u045a\u0430\" \/>\n\t<meta name=\"twitter:data2\" content=\"2 \u043c\u0438\u043d\u0443\u0442\u0430\" \/>\n<script type=\"application\/ld+json\" class=\"yoast-schema-graph\">{\"@context\":\"https:\/\/schema.org\",\"@graph\":[{\"@type\":\"WebPage\",\"@id\":\"https:\/\/president-ksgov.net\/fjala-e-presidentes-jahjaga-ne-koncertin-e-akademise-muzikore-verore-evropiane\/\",\"url\":\"https:\/\/president-ksgov.net\/fjala-e-presidentes-jahjaga-ne-koncertin-e-akademise-muzikore-verore-evropiane\/\",\"name\":\"Govor Predsednice Jahjaga na koncert Letnje Evropske Muzi\u010dke Akademije - Predsednik Republike Kosovo - DR. VJOSA OSMANI - SADRIU\",\"isPartOf\":{\"@id\":\"https:\/\/president-ksgov.net\/#website\"},\"primaryImageOfPage\":{\"@id\":\"https:\/\/president-ksgov.net\/fjala-e-presidentes-jahjaga-ne-koncertin-e-akademise-muzikore-verore-evropiane\/#primaryimage\"},\"image\":{\"@id\":\"https:\/\/president-ksgov.net\/fjala-e-presidentes-jahjaga-ne-koncertin-e-akademise-muzikore-verore-evropiane\/#primaryimage\"},\"thumbnailUrl\":\"https:\/\/president-ksgov.net\/wp-content\/uploads\/13_08_2013_9230507_18_07_13_46800_000_18_07_2013.jpg\",\"datePublished\":\"2013-07-18T22:22:47+00:00\",\"dateModified\":\"2023-03-08T09:03:50+00:00\",\"author\":{\"@id\":\"https:\/\/president-ksgov.net\/#\/schema\/person\/bb4337a5fb147cb2046d80548172cbee\"},\"description\":\"Govor Predsednice Jahjaga na koncert Letnje Evropske Muzi\u010dke Akademije - Predsednik Republike Kosovo - DR. VJOSA OSMANI - SADRIU -\",\"breadcrumb\":{\"@id\":\"https:\/\/president-ksgov.net\/fjala-e-presidentes-jahjaga-ne-koncertin-e-akademise-muzikore-verore-evropiane\/#breadcrumb\"},\"inLanguage\":\"sr-RS\",\"potentialAction\":[{\"@type\":\"ReadAction\",\"target\":[\"https:\/\/president-ksgov.net\/fjala-e-presidentes-jahjaga-ne-koncertin-e-akademise-muzikore-verore-evropiane\/\"]}]},{\"@type\":\"ImageObject\",\"inLanguage\":\"sr-RS\",\"@id\":\"https:\/\/president-ksgov.net\/fjala-e-presidentes-jahjaga-ne-koncertin-e-akademise-muzikore-verore-evropiane\/#primaryimage\",\"url\":\"https:\/\/president-ksgov.net\/wp-content\/uploads\/13_08_2013_9230507_18_07_13_46800_000_18_07_2013.jpg\",\"contentUrl\":\"https:\/\/president-ksgov.net\/wp-content\/uploads\/13_08_2013_9230507_18_07_13_46800_000_18_07_2013.jpg\",\"width\":1000,\"height\":667},{\"@type\":\"BreadcrumbList\",\"@id\":\"https:\/\/president-ksgov.net\/fjala-e-presidentes-jahjaga-ne-koncertin-e-akademise-muzikore-verore-evropiane\/#breadcrumb\",\"itemListElement\":[{\"@type\":\"ListItem\",\"position\":1,\"name\":\"Home\",\"item\":\"https:\/\/president-ksgov.net\/sr\/\"},{\"@type\":\"ListItem\",\"position\":2,\"name\":\"Govor Predsednice Jahjaga na koncert Letnje Evropske Muzi\u010dke Akademije\"}]},{\"@type\":\"WebSite\",\"@id\":\"https:\/\/president-ksgov.net\/#website\",\"url\":\"https:\/\/president-ksgov.net\/\",\"name\":\"Presidente e Republik\u00ebs s\u00eb Kosov\u00ebs\",\"description\":\"Presidente e Republik\u00ebs s\u00eb Kosov\u00ebs\",\"alternateName\":\"DR. VJOSA OSMANI - SADRIU\",\"potentialAction\":[{\"@type\":\"SearchAction\",\"target\":{\"@type\":\"EntryPoint\",\"urlTemplate\":\"https:\/\/president-ksgov.net\/?s={search_term_string}\"},\"query-input\":{\"@type\":\"PropertyValueSpecification\",\"valueRequired\":true,\"valueName\":\"search_term_string\"}}],\"inLanguage\":\"sr-RS\"},{\"@type\":\"Person\",\"@id\":\"https:\/\/president-ksgov.net\/#\/schema\/person\/bb4337a5fb147cb2046d80548172cbee\",\"name\":\"admin\",\"image\":{\"@type\":\"ImageObject\",\"inLanguage\":\"sr-RS\",\"@id\":\"https:\/\/president-ksgov.net\/#\/schema\/person\/image\/\",\"url\":\"https:\/\/secure.gravatar.com\/avatar\/36156ca0fa3b8d9d25174f146e16beea0cf28f37adf1b9e19b6c9c279a7c9dd3?s=96&d=mm&r=g\",\"contentUrl\":\"https:\/\/secure.gravatar.com\/avatar\/36156ca0fa3b8d9d25174f146e16beea0cf28f37adf1b9e19b6c9c279a7c9dd3?s=96&d=mm&r=g\",\"caption\":\"admin\"},\"sameAs\":[\"https:\/\/president-ksgov.net\"]}]}<\/script>\n<!-- \/ Yoast SEO plugin. -->","yoast_head_json":{"title":"Govor Predsednice Jahjaga na koncert Letnje Evropske Muzi\u010dke Akademije - Predsednik Republike Kosovo - DR. VJOSA OSMANI - SADRIU","description":"Govor Predsednice Jahjaga na koncert Letnje Evropske Muzi\u010dke Akademije - Predsednik Republike Kosovo - DR. VJOSA OSMANI - SADRIU -","robots":{"index":"index","follow":"follow","max-snippet":"max-snippet:-1","max-image-preview":"max-image-preview:large","max-video-preview":"max-video-preview:-1"},"canonical":"https:\/\/president-ksgov.net\/fjala-e-presidentes-jahjaga-ne-koncertin-e-akademise-muzikore-verore-evropiane\/","og_locale":"sr_RS","og_type":"article","og_title":"Govor Predsednice Jahjaga na koncert Letnje Evropske Muzi\u010dke Akademije - Predsednik Republike Kosovo - DR. VJOSA OSMANI - SADRIU","og_description":"Govor Predsednice Jahjaga na koncert Letnje Evropske Muzi\u010dke Akademije - Predsednik Republike Kosovo - DR. VJOSA OSMANI - SADRIU -","og_url":"https:\/\/president-ksgov.net\/fjala-e-presidentes-jahjaga-ne-koncertin-e-akademise-muzikore-verore-evropiane\/","og_site_name":"Predsednik Republike Kosovo - DR. VJOSA OSMANI - SADRIU","article_published_time":"2013-07-18T22:22:47+00:00","article_modified_time":"2023-03-08T09:03:50+00:00","og_image":[{"width":1000,"height":667,"url":"https:\/\/president-ksgov.net\/wp-content\/uploads\/13_08_2013_9230507_18_07_13_46800_000_18_07_2013.jpg","type":"image\/jpeg"}],"author":"admin","twitter_card":"summary_large_image","twitter_misc":{"\u041d\u0430\u043f\u0438\u0441\u0430\u043d\u043e \u043e\u0434":"admin","\u041f\u0440\u043e\u0446\u0435\u045a\u0435\u043d\u043e \u0432\u0440\u0435\u043c\u0435 \u0447\u0438\u0442\u0430\u045a\u0430":"2 \u043c\u0438\u043d\u0443\u0442\u0430"},"schema":{"@context":"https:\/\/schema.org","@graph":[{"@type":"WebPage","@id":"https:\/\/president-ksgov.net\/fjala-e-presidentes-jahjaga-ne-koncertin-e-akademise-muzikore-verore-evropiane\/","url":"https:\/\/president-ksgov.net\/fjala-e-presidentes-jahjaga-ne-koncertin-e-akademise-muzikore-verore-evropiane\/","name":"Govor Predsednice Jahjaga na koncert Letnje Evropske Muzi\u010dke Akademije - Predsednik Republike Kosovo - DR. VJOSA OSMANI - SADRIU","isPartOf":{"@id":"https:\/\/president-ksgov.net\/#website"},"primaryImageOfPage":{"@id":"https:\/\/president-ksgov.net\/fjala-e-presidentes-jahjaga-ne-koncertin-e-akademise-muzikore-verore-evropiane\/#primaryimage"},"image":{"@id":"https:\/\/president-ksgov.net\/fjala-e-presidentes-jahjaga-ne-koncertin-e-akademise-muzikore-verore-evropiane\/#primaryimage"},"thumbnailUrl":"https:\/\/president-ksgov.net\/wp-content\/uploads\/13_08_2013_9230507_18_07_13_46800_000_18_07_2013.jpg","datePublished":"2013-07-18T22:22:47+00:00","dateModified":"2023-03-08T09:03:50+00:00","author":{"@id":"https:\/\/president-ksgov.net\/#\/schema\/person\/bb4337a5fb147cb2046d80548172cbee"},"description":"Govor Predsednice Jahjaga na koncert Letnje Evropske Muzi\u010dke Akademije - Predsednik Republike Kosovo - DR. VJOSA OSMANI - SADRIU -","breadcrumb":{"@id":"https:\/\/president-ksgov.net\/fjala-e-presidentes-jahjaga-ne-koncertin-e-akademise-muzikore-verore-evropiane\/#breadcrumb"},"inLanguage":"sr-RS","potentialAction":[{"@type":"ReadAction","target":["https:\/\/president-ksgov.net\/fjala-e-presidentes-jahjaga-ne-koncertin-e-akademise-muzikore-verore-evropiane\/"]}]},{"@type":"ImageObject","inLanguage":"sr-RS","@id":"https:\/\/president-ksgov.net\/fjala-e-presidentes-jahjaga-ne-koncertin-e-akademise-muzikore-verore-evropiane\/#primaryimage","url":"https:\/\/president-ksgov.net\/wp-content\/uploads\/13_08_2013_9230507_18_07_13_46800_000_18_07_2013.jpg","contentUrl":"https:\/\/president-ksgov.net\/wp-content\/uploads\/13_08_2013_9230507_18_07_13_46800_000_18_07_2013.jpg","width":1000,"height":667},{"@type":"BreadcrumbList","@id":"https:\/\/president-ksgov.net\/fjala-e-presidentes-jahjaga-ne-koncertin-e-akademise-muzikore-verore-evropiane\/#breadcrumb","itemListElement":[{"@type":"ListItem","position":1,"name":"Home","item":"https:\/\/president-ksgov.net\/sr\/"},{"@type":"ListItem","position":2,"name":"Govor Predsednice Jahjaga na koncert Letnje Evropske Muzi\u010dke Akademije"}]},{"@type":"WebSite","@id":"https:\/\/president-ksgov.net\/#website","url":"https:\/\/president-ksgov.net\/","name":"Presidente e Republik\u00ebs s\u00eb Kosov\u00ebs","description":"Presidente e Republik\u00ebs s\u00eb Kosov\u00ebs","alternateName":"DR. VJOSA OSMANI - SADRIU","potentialAction":[{"@type":"SearchAction","target":{"@type":"EntryPoint","urlTemplate":"https:\/\/president-ksgov.net\/?s={search_term_string}"},"query-input":{"@type":"PropertyValueSpecification","valueRequired":true,"valueName":"search_term_string"}}],"inLanguage":"sr-RS"},{"@type":"Person","@id":"https:\/\/president-ksgov.net\/#\/schema\/person\/bb4337a5fb147cb2046d80548172cbee","name":"admin","image":{"@type":"ImageObject","inLanguage":"sr-RS","@id":"https:\/\/president-ksgov.net\/#\/schema\/person\/image\/","url":"https:\/\/secure.gravatar.com\/avatar\/36156ca0fa3b8d9d25174f146e16beea0cf28f37adf1b9e19b6c9c279a7c9dd3?s=96&d=mm&r=g","contentUrl":"https:\/\/secure.gravatar.com\/avatar\/36156ca0fa3b8d9d25174f146e16beea0cf28f37adf1b9e19b6c9c279a7c9dd3?s=96&d=mm&r=g","caption":"admin"},"sameAs":["https:\/\/president-ksgov.net"]}]}},"_links":{"self":[{"href":"https:\/\/president-ksgov.net\/sr\/wp-json\/wp\/v2\/posts\/78307","targetHints":{"allow":["GET"]}}],"collection":[{"href":"https:\/\/president-ksgov.net\/sr\/wp-json\/wp\/v2\/posts"}],"about":[{"href":"https:\/\/president-ksgov.net\/sr\/wp-json\/wp\/v2\/types\/post"}],"author":[{"embeddable":true,"href":"https:\/\/president-ksgov.net\/sr\/wp-json\/wp\/v2\/users\/1"}],"replies":[{"embeddable":true,"href":"https:\/\/president-ksgov.net\/sr\/wp-json\/wp\/v2\/comments?post=78307"}],"version-history":[{"count":1,"href":"https:\/\/president-ksgov.net\/sr\/wp-json\/wp\/v2\/posts\/78307\/revisions"}],"predecessor-version":[{"id":81728,"href":"https:\/\/president-ksgov.net\/sr\/wp-json\/wp\/v2\/posts\/78307\/revisions\/81728"}],"wp:featuredmedia":[{"embeddable":true,"href":"https:\/\/president-ksgov.net\/sr\/wp-json\/wp\/v2\/media\/50083"}],"wp:attachment":[{"href":"https:\/\/president-ksgov.net\/sr\/wp-json\/wp\/v2\/media?parent=78307"}],"wp:term":[{"taxonomy":"category","embeddable":true,"href":"https:\/\/president-ksgov.net\/sr\/wp-json\/wp\/v2\/categories?post=78307"},{"taxonomy":"post_tag","embeddable":true,"href":"https:\/\/president-ksgov.net\/sr\/wp-json\/wp\/v2\/tags?post=78307"}],"curies":[{"name":"wp","href":"https:\/\/api.w.org\/{rel}","templated":true}]}}