{"id":78299,"date":"2013-07-25T12:53:54","date_gmt":"2013-07-25T12:53:54","guid":{"rendered":"https:\/\/dev.president-ksgov.net\/predsednica-atifete-jahjaga-prisustvuje-samitu-u-brdo-u-sloveniji\/"},"modified":"2013-07-25T12:53:54","modified_gmt":"2013-07-25T12:53:54","slug":"predsednica-atifete-jahjaga-prisustvuje-samitu-u-brdo-u-sloveniji","status":"publish","type":"post","link":"https:\/\/president-ksgov.net\/sr\/predsednica-atifete-jahjaga-prisustvuje-samitu-u-brdo-u-sloveniji\/","title":{"rendered":"Predsednica Atifete Jahjaga prisustvuje Samitu u Brdo u Sloveniji"},"content":{"rendered":"<p>Predsednica Republike Kosovo, gospo\u0111a Atifete Jahjaga prisustvuje Samitu predsednika regiona Zapadnog Balkana, koji se u organizaciji Predsednika Slovenije, g. Borut Pahor i Predsednika Hrvatske, g. Ivo Josipovi\u0107 odr&#382;ava u Brdo kod Kranj-a u Sloveniji.<\/p>\n<p>Na Samitu u Brdo prisustvuje i predsednik Republike Francuske, Francois Hollande.<\/p>\n<p>Na Samitu u Brdo tako\u0111e prisustvuje i predsednik Crne Gore, predsednik Albanije, predsednik Makedonije, predsednik Srbije i predsednik Bosne i Hercegovine. <\/p>\n<p>Samit u Brdo je usredsre\u0111en na regionalnu saradnju i evropsku perspektivu zemalja Zapadnog Balkana.<\/p>\n<p>U nastavku sledi govor predsednice Jahjaga na plenarnoj sednici Samita:<\/p>\n<p>Po&#353;tovani Predsednik Hollande,<\/p>\n<p>Predsednik Pahor i Predsednik Josipovi\u0107,<\/p>\n<p>Predsednici zemalja regije,<\/p>\n<p>Posebno je zadovoljstvo sastati se ponovo na jednom kratkom vremenskom periodu da obnovimo na&#353;e posve\u0107enje za Evropsku\u00a0 agendu i da ja\u010damo bilateralne odnose, platforma ova koja ujedinjava sve na&#353;e gra\u0111ane i koja je prostirala put stabilnosti i prosperiteta u na&#353;em regionu.<\/p>\n<p>Posebno sam sretna &#353;to je me\u0111u nama Predsednik Hollande, koji podr&#382;ava inicijativu Slovenije i Hrvatske za pomo\u0107 &#353;est ostalim zemljama regiona u pravcu ispunjavanja potrebnih kriterija za \u010dlanstvo u EZ-e i\u00a0 u pravcu ja\u010danja susednih odnosa. Potpuno sam ube\u0111ena da \u0107emo svi mi postati \u010dlanovi EZ-e u jednoj bliskoj budu\u0107nosti. Evropski put svake dr&#382;ave treba da bude garantovan i odr&#382;iv.<\/p>\n<p>Mi imamo potrebu za va&#353;u pomo\u0107 dok smo u toku preduzimanja internih reformi u svakoj na&#353;oj zemlji, dok smo u toku adresiranja preostalih nesuglasica jednog sa drugim i otvaramo put iskrenom dijalogu kao susedi. Va&#353;e prisustvo i va&#353;a politi\u010dka volja da nastavljate politiku pro&#353;irenja pokazuje da nesretni period istorije pro&#353;log veka niti \u0107e odre\u0111ivati budu\u0107nost regiona a niti \u0107e odrediti granice Evrope.<\/p>\n<p>Mi sebi trebamo podsetiti cilj i razlog za koji je osnovana Evropska Zajednica i za&#353;to se pokazala toliko uspe&#353;nom. Evropa je ostvarila uspeh zadnjih pet decenija kao nikada ranije. Ne samo da su dr&#382;ave osniva\u010di imali stalni razvoj, nego zajednica (Unija) je pomogla smanjenje razlike razvijenosti u Evropu, pru&#382;aju\u0107i pomo\u0107 zemljama koje su zaostale zbog doga\u0111aja pro&#353;lih decenija.<\/p>\n<p>Mir je doneo ne samo nevi\u0111eni rast i razvoj, nego je doneo i jedan period politi\u010dke stabilnosti, slobodu kretanja i jedno dublje razumevanje me\u0111u ljudima i nacijama.<\/p>\n<p>Na sli\u010dan na\u010din, politi\u010dki napredak koji smo uo\u010dili u regionu samo tokom pro&#353;le godine je\u00a0 bio nezamisliv pre samo jedne godine. Ova promena koja je obuhvatila dr&#382;ave omogu\u0107ena je samo sa jednim jasnim ciljem i potrebom za evropsku integraciju i postignut je putem dijaloga,<br \/>\n\u00a0<br \/>\nTo je jedna vizija podr&#382;avana od na&#353;ih gra\u0111ana po&#353;to mi imamo mnogo toga pru&#382;iti Evropskoj Zajednici. Mi percipiramo na&#353;u integraciju u EZ-e kao jedan rezultat koji je koristan za sve.<\/p>\n<p>Politi\u010dka volja i lideri, da bi reformirali na&#353;e privrede i konsolidovali vladanje zakona, kao klju\u010dne oblasti, &#8211; trebaju preduzeti ovaj veliki korak, kao &#353;to je odlu\u010dno opredeljenje zemalja EZ-e, da nas upu\u0107uju tokom ovog procesa. Najve\u0107i deo ovog te&#353;kog posla treba da se obavlja od samih dr&#382;ava koje imaju aspiracije i kao &#353;to sam rekla, mi na Kosovu ne\u0107emo tra&#382;iti kratke puteve (pre\u010dice) jer mi imamo potrebe za ove reforme kako bismo obezbedili ustrajnost.\u00a0 <\/p>\n<p>Po&#353;to smo svesni izazova sa kojima se su\u010deljava svaka dr&#382;ava i za poslove koji se trebaju obavljati, mi isto tako trebamo biti svesni mogu\u0107nosti koje proizilaze iz regionalne saradnje. Koristim priliku da se jo&#353; jednom zahvalim Sloveniji i Hrvatskoj &#353;to su preuzele na sebe olak&#353;anje i definiranje okvira ove tako potrebne saradnje.<\/p>\n<p>Na premisama budu\u0107e saradnje za jedan odr&#382;iv mir i stabilnosti, mi, dr&#382;ave regije, trebamo zajedno raditi. Mi smo imali jednu gorku pro&#353;lost, jednu pro&#353;lost od koje mogu\u0107e da se nismo jo&#353; oporavili, \u010dije posledice nastavljamo ispa&#353;tati, ali sada smo u toku ujedinjenja u pravcu vizije koja obe\u0107ava jedno ujedinjenje Evrope.<\/p>\n<p>Od &#382;ivotnog je zna\u010daja da ova na&#353;a saradnja bude sveobuhvatna i svestrana. Nijedna vrsta saradnje u regionu ne mo&#382;e biti kompletna bez u\u010de&#353;\u0107a Kosova; nijedna od regionalnih politika ne\u0107e se mo\u0107i stavljati u funkciji bez da se obuhvati i Kosovo i projekat Evropske Zajednice \u0107e biti nedovr&#353;en bez potpunog \u010dlanstva zemalja Zapadnog Balkana.<\/p>\n<p>Na&#353;a saradnja mo&#382;e poprimiti jedan takozvani &#8220;mini &#352;engen&#8220;, te onu dobru Evropsku praksu putem koje zemlje koje imaju aspiracije mogu da razvijaju prisne bilateralne odnose i regionalnu saradnju, da investiraju u izgradnji mehanizama i politika koje \u0107e razviti ekonomsku saradnju, da stvore mogu\u0107nosti i inicijative za jednog i drugog da bi podsticale ekonomski razvoj, da intenziviraju broj zajedni\u010dkih projekata kapitalnih investicija, koriste\u0107i fondove Evropske Zajednice ili razne razvojne fondove.<\/p>\n<p>Mi svi imamo koristi od zajedni\u010dkih projekata i biti \u0107emo vezani uz ove projekte, kako bismo osigurali odr&#382;iv mir za generacije koje dolaze.<br \/>\n\u00a0<br \/>\nPredsednik Hollande, Predsednik Pahor i Predsednik Josipovi\u0107,<br \/>\nPredsednici dr&#382;ava Zapadnog Balkana,<\/p>\n<p>Evropska perspektiva treba da bude sveobuhvatna, treba da nastavlja ulivati nadu i konkretne inicijative za ekonomsku i dru&#353;tvenu transformaciju.<\/p>\n<p>Regionalna perspektiva \u010dlanstva, koja nas sve ujedinjuje, treba da nadvlada bez ikakve sumnje nad sumnjom o opravdanosti politike otvorenih vrata, jer ova perspektiva je do sada dala vrlo opipljive rezultate.\u00a0 <\/p>\n<p>Proces u sredini kojeg se sada nalazimo, treba da je nepovratan. <\/p>\n<p>Mi \u010dinimo sve potrebno kako bismo uticali na na&#353;e vlade da one razvijaju konkretne programe saradnje za ispunjavanje postavljenih kriterija za \u010dlanstvo u EZ-e.<\/p>\n","protected":false},"excerpt":{"rendered":"<p>Predsednica Republike Kosovo, gospo\u0111a Atifete Jahjaga prisustvuje Samitu predsednika regiona Zapadnog Balkana, koji se u organizaciji Predsednika Slovenije, g. Borut Pahor i Predsednika Hrvatske, g. Ivo Josipovi\u0107 odr&#382;ava u Brdo kod Kranj-a u Sloveniji.<\/p>\n","protected":false},"author":1,"featured_media":49991,"comment_status":"open","ping_status":"closed","sticky":false,"template":"","format":"standard","meta":{"_eb_attr":"","footnotes":""},"categories":[101],"tags":[],"class_list":["post-78299","post","type-post","status-publish","format-standard","has-post-thumbnail","hentry","category-vesti"],"yoast_head":"<!-- This site is optimized with the Yoast SEO plugin v23.5 - https:\/\/yoast.com\/wordpress\/plugins\/seo\/ -->\n<title>Predsednica Atifete Jahjaga prisustvuje Samitu u Brdo u Sloveniji - Predsednik Republike Kosovo - DR. VJOSA OSMANI - SADRIU<\/title>\n<meta name=\"description\" content=\"Predsednica Atifete Jahjaga prisustvuje Samitu u Brdo u Sloveniji - Predsednik Republike Kosovo - DR. VJOSA OSMANI - SADRIU -\" \/>\n<meta name=\"robots\" content=\"index, follow, max-snippet:-1, max-image-preview:large, max-video-preview:-1\" \/>\n<link rel=\"canonical\" href=\"https:\/\/president-ksgov.net\/presidentja-atifete-jahjaga-po-merr-pjese-ne-samitin-e-berdos-ne-slloveni\/\" \/>\n<meta property=\"og:locale\" content=\"sr_RS\" \/>\n<meta property=\"og:type\" content=\"article\" \/>\n<meta property=\"og:title\" content=\"Predsednica Atifete Jahjaga prisustvuje Samitu u Brdo u Sloveniji - Predsednik Republike Kosovo - DR. VJOSA OSMANI - SADRIU\" \/>\n<meta property=\"og:description\" content=\"Predsednica Atifete Jahjaga prisustvuje Samitu u Brdo u Sloveniji - Predsednik Republike Kosovo - DR. VJOSA OSMANI - SADRIU -\" \/>\n<meta property=\"og:url\" content=\"https:\/\/president-ksgov.net\/presidentja-atifete-jahjaga-po-merr-pjese-ne-samitin-e-berdos-ne-slloveni\/\" \/>\n<meta property=\"og:site_name\" content=\"Predsednik Republike Kosovo - DR. VJOSA OSMANI - SADRIU\" \/>\n<meta property=\"article:published_time\" content=\"2013-07-25T12:53:54+00:00\" \/>\n<meta property=\"og:image\" content=\"https:\/\/president-ksgov.net\/wp-content\/uploads\/000_25.07.2013.jpg\" \/>\n\t<meta property=\"og:image:width\" content=\"800\" \/>\n\t<meta property=\"og:image:height\" content=\"533\" \/>\n\t<meta property=\"og:image:type\" content=\"image\/jpeg\" \/>\n<meta name=\"author\" content=\"admin\" \/>\n<meta name=\"twitter:card\" content=\"summary_large_image\" \/>\n<meta name=\"twitter:label1\" content=\"\u041d\u0430\u043f\u0438\u0441\u0430\u043d\u043e \u043e\u0434\" \/>\n\t<meta name=\"twitter:data1\" content=\"admin\" \/>\n\t<meta name=\"twitter:label2\" content=\"\u041f\u0440\u043e\u0446\u0435\u045a\u0435\u043d\u043e \u0432\u0440\u0435\u043c\u0435 \u0447\u0438\u0442\u0430\u045a\u0430\" \/>\n\t<meta name=\"twitter:data2\" content=\"5 \u043c\u0438\u043d\u0443\u0442\u0430\" \/>\n<script type=\"application\/ld+json\" class=\"yoast-schema-graph\">{\"@context\":\"https:\/\/schema.org\",\"@graph\":[{\"@type\":\"WebPage\",\"@id\":\"https:\/\/president-ksgov.net\/presidentja-atifete-jahjaga-po-merr-pjese-ne-samitin-e-berdos-ne-slloveni\/\",\"url\":\"https:\/\/president-ksgov.net\/presidentja-atifete-jahjaga-po-merr-pjese-ne-samitin-e-berdos-ne-slloveni\/\",\"name\":\"Predsednica Atifete Jahjaga prisustvuje Samitu u Brdo u Sloveniji - Predsednik Republike Kosovo - DR. VJOSA OSMANI - SADRIU\",\"isPartOf\":{\"@id\":\"https:\/\/president-ksgov.net\/#website\"},\"primaryImageOfPage\":{\"@id\":\"https:\/\/president-ksgov.net\/presidentja-atifete-jahjaga-po-merr-pjese-ne-samitin-e-berdos-ne-slloveni\/#primaryimage\"},\"image\":{\"@id\":\"https:\/\/president-ksgov.net\/presidentja-atifete-jahjaga-po-merr-pjese-ne-samitin-e-berdos-ne-slloveni\/#primaryimage\"},\"thumbnailUrl\":\"https:\/\/president-ksgov.net\/wp-content\/uploads\/000_25.07.2013.jpg\",\"datePublished\":\"2013-07-25T12:53:54+00:00\",\"dateModified\":\"2013-07-25T12:53:54+00:00\",\"author\":{\"@id\":\"https:\/\/president-ksgov.net\/#\/schema\/person\/bb4337a5fb147cb2046d80548172cbee\"},\"description\":\"Predsednica Atifete Jahjaga prisustvuje Samitu u Brdo u Sloveniji - Predsednik Republike Kosovo - DR. VJOSA OSMANI - SADRIU -\",\"breadcrumb\":{\"@id\":\"https:\/\/president-ksgov.net\/presidentja-atifete-jahjaga-po-merr-pjese-ne-samitin-e-berdos-ne-slloveni\/#breadcrumb\"},\"inLanguage\":\"sr-RS\",\"potentialAction\":[{\"@type\":\"ReadAction\",\"target\":[\"https:\/\/president-ksgov.net\/presidentja-atifete-jahjaga-po-merr-pjese-ne-samitin-e-berdos-ne-slloveni\/\"]}]},{\"@type\":\"ImageObject\",\"inLanguage\":\"sr-RS\",\"@id\":\"https:\/\/president-ksgov.net\/presidentja-atifete-jahjaga-po-merr-pjese-ne-samitin-e-berdos-ne-slloveni\/#primaryimage\",\"url\":\"https:\/\/president-ksgov.net\/wp-content\/uploads\/000_25.07.2013.jpg\",\"contentUrl\":\"https:\/\/president-ksgov.net\/wp-content\/uploads\/000_25.07.2013.jpg\",\"width\":800,\"height\":533},{\"@type\":\"BreadcrumbList\",\"@id\":\"https:\/\/president-ksgov.net\/presidentja-atifete-jahjaga-po-merr-pjese-ne-samitin-e-berdos-ne-slloveni\/#breadcrumb\",\"itemListElement\":[{\"@type\":\"ListItem\",\"position\":1,\"name\":\"Home\",\"item\":\"https:\/\/president-ksgov.net\/sr\/\"},{\"@type\":\"ListItem\",\"position\":2,\"name\":\"Predsednica Atifete Jahjaga prisustvuje Samitu u Brdo u Sloveniji\"}]},{\"@type\":\"WebSite\",\"@id\":\"https:\/\/president-ksgov.net\/#website\",\"url\":\"https:\/\/president-ksgov.net\/\",\"name\":\"Presidente e Republik\u00ebs s\u00eb Kosov\u00ebs\",\"description\":\"Presidente e Republik\u00ebs s\u00eb Kosov\u00ebs\",\"alternateName\":\"DR. VJOSA OSMANI - SADRIU\",\"potentialAction\":[{\"@type\":\"SearchAction\",\"target\":{\"@type\":\"EntryPoint\",\"urlTemplate\":\"https:\/\/president-ksgov.net\/?s={search_term_string}\"},\"query-input\":{\"@type\":\"PropertyValueSpecification\",\"valueRequired\":true,\"valueName\":\"search_term_string\"}}],\"inLanguage\":\"sr-RS\"},{\"@type\":\"Person\",\"@id\":\"https:\/\/president-ksgov.net\/#\/schema\/person\/bb4337a5fb147cb2046d80548172cbee\",\"name\":\"admin\",\"image\":{\"@type\":\"ImageObject\",\"inLanguage\":\"sr-RS\",\"@id\":\"https:\/\/president-ksgov.net\/#\/schema\/person\/image\/\",\"url\":\"https:\/\/secure.gravatar.com\/avatar\/36156ca0fa3b8d9d25174f146e16beea0cf28f37adf1b9e19b6c9c279a7c9dd3?s=96&d=mm&r=g\",\"contentUrl\":\"https:\/\/secure.gravatar.com\/avatar\/36156ca0fa3b8d9d25174f146e16beea0cf28f37adf1b9e19b6c9c279a7c9dd3?s=96&d=mm&r=g\",\"caption\":\"admin\"},\"sameAs\":[\"https:\/\/president-ksgov.net\"]}]}<\/script>\n<!-- \/ Yoast SEO plugin. -->","yoast_head_json":{"title":"Predsednica Atifete Jahjaga prisustvuje Samitu u Brdo u Sloveniji - Predsednik Republike Kosovo - DR. VJOSA OSMANI - SADRIU","description":"Predsednica Atifete Jahjaga prisustvuje Samitu u Brdo u Sloveniji - Predsednik Republike Kosovo - DR. VJOSA OSMANI - SADRIU -","robots":{"index":"index","follow":"follow","max-snippet":"max-snippet:-1","max-image-preview":"max-image-preview:large","max-video-preview":"max-video-preview:-1"},"canonical":"https:\/\/president-ksgov.net\/presidentja-atifete-jahjaga-po-merr-pjese-ne-samitin-e-berdos-ne-slloveni\/","og_locale":"sr_RS","og_type":"article","og_title":"Predsednica Atifete Jahjaga prisustvuje Samitu u Brdo u Sloveniji - Predsednik Republike Kosovo - DR. VJOSA OSMANI - SADRIU","og_description":"Predsednica Atifete Jahjaga prisustvuje Samitu u Brdo u Sloveniji - Predsednik Republike Kosovo - DR. VJOSA OSMANI - SADRIU -","og_url":"https:\/\/president-ksgov.net\/presidentja-atifete-jahjaga-po-merr-pjese-ne-samitin-e-berdos-ne-slloveni\/","og_site_name":"Predsednik Republike Kosovo - DR. VJOSA OSMANI - SADRIU","article_published_time":"2013-07-25T12:53:54+00:00","og_image":[{"width":800,"height":533,"url":"https:\/\/president-ksgov.net\/wp-content\/uploads\/000_25.07.2013.jpg","type":"image\/jpeg"}],"author":"admin","twitter_card":"summary_large_image","twitter_misc":{"\u041d\u0430\u043f\u0438\u0441\u0430\u043d\u043e \u043e\u0434":"admin","\u041f\u0440\u043e\u0446\u0435\u045a\u0435\u043d\u043e \u0432\u0440\u0435\u043c\u0435 \u0447\u0438\u0442\u0430\u045a\u0430":"5 \u043c\u0438\u043d\u0443\u0442\u0430"},"schema":{"@context":"https:\/\/schema.org","@graph":[{"@type":"WebPage","@id":"https:\/\/president-ksgov.net\/presidentja-atifete-jahjaga-po-merr-pjese-ne-samitin-e-berdos-ne-slloveni\/","url":"https:\/\/president-ksgov.net\/presidentja-atifete-jahjaga-po-merr-pjese-ne-samitin-e-berdos-ne-slloveni\/","name":"Predsednica Atifete Jahjaga prisustvuje Samitu u Brdo u Sloveniji - Predsednik Republike Kosovo - DR. VJOSA OSMANI - SADRIU","isPartOf":{"@id":"https:\/\/president-ksgov.net\/#website"},"primaryImageOfPage":{"@id":"https:\/\/president-ksgov.net\/presidentja-atifete-jahjaga-po-merr-pjese-ne-samitin-e-berdos-ne-slloveni\/#primaryimage"},"image":{"@id":"https:\/\/president-ksgov.net\/presidentja-atifete-jahjaga-po-merr-pjese-ne-samitin-e-berdos-ne-slloveni\/#primaryimage"},"thumbnailUrl":"https:\/\/president-ksgov.net\/wp-content\/uploads\/000_25.07.2013.jpg","datePublished":"2013-07-25T12:53:54+00:00","dateModified":"2013-07-25T12:53:54+00:00","author":{"@id":"https:\/\/president-ksgov.net\/#\/schema\/person\/bb4337a5fb147cb2046d80548172cbee"},"description":"Predsednica Atifete Jahjaga prisustvuje Samitu u Brdo u Sloveniji - Predsednik Republike Kosovo - DR. VJOSA OSMANI - SADRIU -","breadcrumb":{"@id":"https:\/\/president-ksgov.net\/presidentja-atifete-jahjaga-po-merr-pjese-ne-samitin-e-berdos-ne-slloveni\/#breadcrumb"},"inLanguage":"sr-RS","potentialAction":[{"@type":"ReadAction","target":["https:\/\/president-ksgov.net\/presidentja-atifete-jahjaga-po-merr-pjese-ne-samitin-e-berdos-ne-slloveni\/"]}]},{"@type":"ImageObject","inLanguage":"sr-RS","@id":"https:\/\/president-ksgov.net\/presidentja-atifete-jahjaga-po-merr-pjese-ne-samitin-e-berdos-ne-slloveni\/#primaryimage","url":"https:\/\/president-ksgov.net\/wp-content\/uploads\/000_25.07.2013.jpg","contentUrl":"https:\/\/president-ksgov.net\/wp-content\/uploads\/000_25.07.2013.jpg","width":800,"height":533},{"@type":"BreadcrumbList","@id":"https:\/\/president-ksgov.net\/presidentja-atifete-jahjaga-po-merr-pjese-ne-samitin-e-berdos-ne-slloveni\/#breadcrumb","itemListElement":[{"@type":"ListItem","position":1,"name":"Home","item":"https:\/\/president-ksgov.net\/sr\/"},{"@type":"ListItem","position":2,"name":"Predsednica Atifete Jahjaga prisustvuje Samitu u Brdo u Sloveniji"}]},{"@type":"WebSite","@id":"https:\/\/president-ksgov.net\/#website","url":"https:\/\/president-ksgov.net\/","name":"Presidente e Republik\u00ebs s\u00eb Kosov\u00ebs","description":"Presidente e Republik\u00ebs s\u00eb Kosov\u00ebs","alternateName":"DR. VJOSA OSMANI - SADRIU","potentialAction":[{"@type":"SearchAction","target":{"@type":"EntryPoint","urlTemplate":"https:\/\/president-ksgov.net\/?s={search_term_string}"},"query-input":{"@type":"PropertyValueSpecification","valueRequired":true,"valueName":"search_term_string"}}],"inLanguage":"sr-RS"},{"@type":"Person","@id":"https:\/\/president-ksgov.net\/#\/schema\/person\/bb4337a5fb147cb2046d80548172cbee","name":"admin","image":{"@type":"ImageObject","inLanguage":"sr-RS","@id":"https:\/\/president-ksgov.net\/#\/schema\/person\/image\/","url":"https:\/\/secure.gravatar.com\/avatar\/36156ca0fa3b8d9d25174f146e16beea0cf28f37adf1b9e19b6c9c279a7c9dd3?s=96&d=mm&r=g","contentUrl":"https:\/\/secure.gravatar.com\/avatar\/36156ca0fa3b8d9d25174f146e16beea0cf28f37adf1b9e19b6c9c279a7c9dd3?s=96&d=mm&r=g","caption":"admin"},"sameAs":["https:\/\/president-ksgov.net"]}]}},"_links":{"self":[{"href":"https:\/\/president-ksgov.net\/sr\/wp-json\/wp\/v2\/posts\/78299","targetHints":{"allow":["GET"]}}],"collection":[{"href":"https:\/\/president-ksgov.net\/sr\/wp-json\/wp\/v2\/posts"}],"about":[{"href":"https:\/\/president-ksgov.net\/sr\/wp-json\/wp\/v2\/types\/post"}],"author":[{"embeddable":true,"href":"https:\/\/president-ksgov.net\/sr\/wp-json\/wp\/v2\/users\/1"}],"replies":[{"embeddable":true,"href":"https:\/\/president-ksgov.net\/sr\/wp-json\/wp\/v2\/comments?post=78299"}],"version-history":[{"count":0,"href":"https:\/\/president-ksgov.net\/sr\/wp-json\/wp\/v2\/posts\/78299\/revisions"}],"wp:featuredmedia":[{"embeddable":true,"href":"https:\/\/president-ksgov.net\/sr\/wp-json\/wp\/v2\/media\/49991"}],"wp:attachment":[{"href":"https:\/\/president-ksgov.net\/sr\/wp-json\/wp\/v2\/media?parent=78299"}],"wp:term":[{"taxonomy":"category","embeddable":true,"href":"https:\/\/president-ksgov.net\/sr\/wp-json\/wp\/v2\/categories?post=78299"},{"taxonomy":"post_tag","embeddable":true,"href":"https:\/\/president-ksgov.net\/sr\/wp-json\/wp\/v2\/tags?post=78299"}],"curies":[{"name":"wp","href":"https:\/\/api.w.org\/{rel}","templated":true}]}}