{"id":78257,"date":"2013-09-07T11:46:05","date_gmt":"2013-09-07T11:46:05","guid":{"rendered":"https:\/\/dev.president-ksgov.net\/govor-predsednice-atifete-jahjaga-u-konferenciji-ena\/"},"modified":"2023-03-08T09:03:49","modified_gmt":"2023-03-08T09:03:49","slug":"govor-predsednice-atifete-jahjaga-u-konferenciji-ena","status":"publish","type":"post","link":"https:\/\/president-ksgov.net\/sr\/govor-predsednice-atifete-jahjaga-u-konferenciji-ena\/","title":{"rendered":"Govor Predsednice Atifete Jahjaga u Konferenciji &#158;ena"},"content":{"rendered":"<p>Kosovo iz dana u dan sve vi&#353;e postaje glavni centar regiona za unapre\u0111enje i promociju rodne ravnopravnosti, mesta odakle dolaze dobri primeri i dobra praksa koje slu&#382;e kao putokaz i za ostala dru&#353;tva koja dele sli\u010dno iskustvo sa na&#353;im iskustvom.<\/p>\n<p>Po&#353;tovana Ministarka Kusari-Lila,<\/p>\n<p>Postovani Zamenice Ministra iz Hrvatske G. Pros,<\/p>\n<p>Po&#353;tovani u\u010desnici,<\/p>\n<p>Kosovo iz dana u dan sve vi&#353;e postaje glavni centar regiona za unapre\u0111enje i promociju rodne ravnopravnosti, mesta odakle dolaze dobri primeri i dobra praksa koje slu&#382;e kao putokaz i za ostala dru&#353;tva koja dele sli\u010dno iskustvo sa na&#353;im iskustvom.<\/p>\n<p>Pozdravljam ovu inicijativu Ministarke Trgovine i Industrije i drago mi je &#353;to se ve\u0107 pretvorilo u tradiciju promocija &#382;ena u biznis, plasiranje njihovog uspeha i rasprava za oboga\u0107ivanje iskustva i za preduzimanja konkretnih stalnih koraka radi pru&#382;anja mogu\u0107nosti kosovskoj &#382;eni da zauzme mesto koje njoj pripada u dru&#353;tvo.<\/p>\n<p>Drago mi je da vidim ovoliki broj uspe&#353;nih &#382;ena iz svake oblasti i &#353;to je ovaj doga\u0111aj zauzeo jednu regionalnu dimenziju predstavljaju\u0107i ja\u010danje &#382;ene kao jedan zajedni\u010dki cilj koji nas preko granica spaja, povrh razlika koje mo&#382;emo imati.<\/p>\n<p>Iznad svega drago mi je videti da je upravo ova tema koja se neretko gleda sa skepticizmom, koja slu&#382;i za izgradnju mostova saradnje izme\u0111u javnog sektora\u00a0 i onog privatnog i izme\u0111u dr&#382;ava regiona donose\u0107i korist koja idu dalje od ja\u010danja jednog dela na&#353;eg dru&#353;tva &#8211; &#382;ene, devojke.<\/p>\n<p>Videli smo snagu transformacije koju imaju &#382;ena i doprinos koji one daju i mogu dati kad god postaju aktivni deo dru&#353;tva. Videli smo kako investiranje u &#382;enu, nije samo investicija na jednu individuu nego je investiranje i u budu\u0107nosti na&#353;e dece. I bili smo svedoci toga da promocijom talenta &#382;ena, u stvari promovi&#353;emo talenat svakog \u010dlana dru&#353;tva.<\/p>\n<p>S toga kad god govorimo o ja\u010danju &#382;ene, mi ustvari govorimo o na\u010dinu kako da ja\u010damo na&#353;e porodice, na&#353;a dru&#353;tva i na&#353;u dr&#382;avu.<\/p>\n<p>Ne mo&#382;emo govoriti o napretku i bezbednu budu\u0107nosti kada marginaliziramo jedan potencijal na&#353;eg dru&#353;tva pru&#382;aju\u0107i joj manje mogu\u0107nosti, manje pristupa ili odustaju\u0107i od njenog unapre\u0111enja. Napredak \u0107emo posti\u0107i samo sveobuhvatnom politikom.<\/p>\n<p>Na Kosovu me se su\u010deljavamo sa razli\u010ditim realnostima oko emancipacije i aktivnog u\u010de&#353;\u0107a &#382;ene u dru&#353;tvenim procesima, bili oni politi\u010dki ili ekonomski.<\/p>\n<p>Na Kosovu imamo preduzetne i vrlo uspe&#353;ne &#382;ene koje vode va&#382;an biznis u zemlji, dok se jo&#353; su\u010deljavamo sa vrlo niskim ciframa, \u010dak alarmantnim, raspolaganja nepokretnom svojinom od strane &#382;ena.<\/p>\n<p>Imamo zakon koji garantuje ravnopravnost nasledstva svojine dok njegova primena se jo&#353; uvek ote&#382;ava tradicijom koja &#382;eni name\u0107e odustajanje od nasledstva koje njoj pripada.<\/p>\n<p>Imamo zadovoljavaju\u0107e u\u010de&#353;\u0107e &#382;ene u odlu\u010divanju na centralnom nivou i predstavljanje sa vi&#353;e od 30 posto u Skup&#353;tini Kosova, dok na lokalnom nivou zastupljenost &#382;ena i dalje je zabrinuto veoma nizak.<\/p>\n<p>Iako imamo dobre rezultate u promovisanju rodne ravnopravnosti , koju mi sa ponosom delimo sa drugim dru&#353;tvima u regionu i &#353;ire , imamo jo&#353; mnogo toga da uradimo tako da bi mogli da sprovedemo ove pozitivne rezultate i tu gde &#382;ena je ostala malo predstavljena.<\/p>\n<p>I dok nastavljamo \u010diniti va&#382;ne i odlu\u010duju\u0107e korake za konsolidaciju na&#353;e dr&#382;ave i izgradnji sveobuhvatnih institucija jednog demokratskog dru&#353;tva, uklju\u010divanje &#382;ene u svakoj njenoj \u0107eliji treba da ostane bitni deo ovog zajedni\u010dkog na&#353;eg kretanja. Samo na ovaj na\u010din mo&#382;emo ispuniti na&#353; cilj.<\/p>\n<p>Treba da nam bude jasno da ja\u010danje &#382;ene jeste bitno za postizanje dru&#353;tvenih, ekonomskih i politi\u010dkih promena za koje na&#353;e zemlje imaju potrebu, kao deo globalnih dru&#353;tva.<\/p>\n<p>Treba da nam je jasno da je ja\u010danje &#382;ene bitno za mir i demokratiju; jeste bitno za ustrajan razvoj i socijalnu pravdu, jeste bitno za sni&#382;avanje siroma&#353;tva i ekonomski razvitak jedne zemlje.<\/p>\n<p>Na&#353; neuspeh menjanja ove realnosti koja vlada u na&#353;e dru&#353;tvo ne\u0107e biti samo diskriminacija prema &#382;enama nego odraz na&#353;ih ekonomskih i politi\u010dkih, ne tako mudrih, re&#353;enja.<\/p>\n<p>Treba da nastavljamo biti otvoreni za preduzimanje koraka u pravcu dostignu\u0107a jednog dru&#353;tva gde \u0107e uloga &#382;ene biti neprikosnoven savladaju\u0107i barijere i predrasude koje ulogu &#382;ene smatraju kao drugorezrednim.<\/p>\n<p>Trebamo okon\u010dati praznine izme\u0111u ambicija i mogu\u0107nosti, izme\u0111u snova i mogucnosti realizacije istih. Treba da nastavljamo otklanjati praznine koje postoje izme\u0111u &#382;ene i obrazovanja, &#382;ene i odlu\u010divanja, &#382;ene i biznisa. Ustrajanjem u pripravnosti prema implementaciji zakona, pa&#382;ljivi prema dr&#382;avi koju &#382;elimo ostaviti za nama budu\u0107im generacijama.<\/p>\n<p>S toga treba da nastavimo trasirati put koji su sna&#382;ne i nezaustavljive &#382;ene Kosova otvarale za nas,\u00a0 da mi danas gradimo na njihova dostignu\u0107a. I da stvorimo jedno dru&#353;tvo i dr&#382;avu gde ne\u0107emo vi&#353;e raspravljati o rodnoj ravnopravnosti, nego o vrednostima, sposobnostima i potencijalima.<\/p>\n<p>\u010cestitam svima vama danas ovde, i svim &#382;enama koje su sa radom i zalaganjem u\u010dinili snove realnost, pozitivno menjajuci &#382;ivote mnogih drugih. Va&#353; rad je pokazao da &#382;ene mogu biti pokreta\u010di napretka u dru&#353;tvu, cije rezultate vidimo svaki dan.<\/p>\n<p>Zelim vam dobre diskusije. Ja sam ubedjena da c\u0301emo zajedno uspeti.<\/p>\n<p>Hvala!<\/p>\n","protected":false},"excerpt":{"rendered":"<p>Kosovo iz dana u dan sve vi&#353;e postaje glavni centar regiona za unapre\u0111enje i promociju rodne ravnopravnosti, mesta odakle dolaze dobri primeri i dobra praksa koje slu&#382;e kao putokaz i za ostala dru&#353;tva koja dele sli\u010dno iskustvo sa na&#353;im iskustvom.<\/p>\n","protected":false},"author":1,"featured_media":49590,"comment_status":"open","ping_status":"closed","sticky":false,"template":"","format":"standard","meta":{"_eb_attr":"","footnotes":""},"categories":[106],"tags":[],"class_list":["post-78257","post","type-post","status-publish","format-standard","has-post-thumbnail","hentry","category-govori"],"yoast_head":"<!-- This site is optimized with the Yoast SEO plugin v23.5 - https:\/\/yoast.com\/wordpress\/plugins\/seo\/ -->\n<title>Govor Predsednice Atifete Jahjaga u Konferenciji &#158;ena - Predsednik Republike Kosovo - DR. VJOSA OSMANI - SADRIU<\/title>\n<meta name=\"description\" content=\"Govor Predsednice Atifete Jahjaga u Konferenciji &#158;ena - Predsednik Republike Kosovo - DR. VJOSA OSMANI - SADRIU -\" \/>\n<meta name=\"robots\" content=\"index, follow, max-snippet:-1, max-image-preview:large, max-video-preview:-1\" \/>\n<link rel=\"canonical\" href=\"https:\/\/president-ksgov.net\/fjala-e-presidentes-atifete-jahjaga-ne-konferencen-fuqizimi-i-grave-ndermarrese-ne-kosove\/\" \/>\n<meta property=\"og:locale\" content=\"sr_RS\" \/>\n<meta property=\"og:type\" content=\"article\" \/>\n<meta property=\"og:title\" content=\"Govor Predsednice Atifete Jahjaga u Konferenciji &#158;ena - Predsednik Republike Kosovo - DR. VJOSA OSMANI - SADRIU\" \/>\n<meta property=\"og:description\" content=\"Govor Predsednice Atifete Jahjaga u Konferenciji &#158;ena - Predsednik Republike Kosovo - DR. VJOSA OSMANI - SADRIU -\" \/>\n<meta property=\"og:url\" content=\"https:\/\/president-ksgov.net\/fjala-e-presidentes-atifete-jahjaga-ne-konferencen-fuqizimi-i-grave-ndermarrese-ne-kosove\/\" \/>\n<meta property=\"og:site_name\" content=\"Predsednik Republike Kosovo - DR. VJOSA OSMANI - SADRIU\" \/>\n<meta property=\"article:published_time\" content=\"2013-09-07T11:46:05+00:00\" \/>\n<meta property=\"article:modified_time\" content=\"2023-03-08T09:03:49+00:00\" \/>\n<meta property=\"og:image\" content=\"https:\/\/president-ksgov.net\/wp-content\/uploads\/09_09_2013_3152902_07_09_2013_Konferenca_MTI_1.jpg\" \/>\n\t<meta property=\"og:image:width\" content=\"800\" \/>\n\t<meta property=\"og:image:height\" content=\"476\" \/>\n\t<meta property=\"og:image:type\" content=\"image\/jpeg\" \/>\n<meta name=\"author\" content=\"admin\" \/>\n<meta name=\"twitter:card\" content=\"summary_large_image\" \/>\n<meta name=\"twitter:label1\" content=\"\u041d\u0430\u043f\u0438\u0441\u0430\u043d\u043e \u043e\u0434\" \/>\n\t<meta name=\"twitter:data1\" content=\"admin\" \/>\n\t<meta name=\"twitter:label2\" content=\"\u041f\u0440\u043e\u0446\u0435\u045a\u0435\u043d\u043e \u0432\u0440\u0435\u043c\u0435 \u0447\u0438\u0442\u0430\u045a\u0430\" \/>\n\t<meta name=\"twitter:data2\" content=\"5 \u043c\u0438\u043d\u0443\u0442\u0430\" \/>\n<script type=\"application\/ld+json\" class=\"yoast-schema-graph\">{\"@context\":\"https:\/\/schema.org\",\"@graph\":[{\"@type\":\"WebPage\",\"@id\":\"https:\/\/president-ksgov.net\/fjala-e-presidentes-atifete-jahjaga-ne-konferencen-fuqizimi-i-grave-ndermarrese-ne-kosove\/\",\"url\":\"https:\/\/president-ksgov.net\/fjala-e-presidentes-atifete-jahjaga-ne-konferencen-fuqizimi-i-grave-ndermarrese-ne-kosove\/\",\"name\":\"Govor Predsednice Atifete Jahjaga u Konferenciji &#158;ena - Predsednik Republike Kosovo - DR. VJOSA OSMANI - SADRIU\",\"isPartOf\":{\"@id\":\"https:\/\/president-ksgov.net\/#website\"},\"primaryImageOfPage\":{\"@id\":\"https:\/\/president-ksgov.net\/fjala-e-presidentes-atifete-jahjaga-ne-konferencen-fuqizimi-i-grave-ndermarrese-ne-kosove\/#primaryimage\"},\"image\":{\"@id\":\"https:\/\/president-ksgov.net\/fjala-e-presidentes-atifete-jahjaga-ne-konferencen-fuqizimi-i-grave-ndermarrese-ne-kosove\/#primaryimage\"},\"thumbnailUrl\":\"https:\/\/president-ksgov.net\/wp-content\/uploads\/09_09_2013_3152902_07_09_2013_Konferenca_MTI_1.jpg\",\"datePublished\":\"2013-09-07T11:46:05+00:00\",\"dateModified\":\"2023-03-08T09:03:49+00:00\",\"author\":{\"@id\":\"https:\/\/president-ksgov.net\/#\/schema\/person\/bb4337a5fb147cb2046d80548172cbee\"},\"description\":\"Govor Predsednice Atifete Jahjaga u Konferenciji &#158;ena - Predsednik Republike Kosovo - DR. VJOSA OSMANI - SADRIU -\",\"breadcrumb\":{\"@id\":\"https:\/\/president-ksgov.net\/fjala-e-presidentes-atifete-jahjaga-ne-konferencen-fuqizimi-i-grave-ndermarrese-ne-kosove\/#breadcrumb\"},\"inLanguage\":\"sr-RS\",\"potentialAction\":[{\"@type\":\"ReadAction\",\"target\":[\"https:\/\/president-ksgov.net\/fjala-e-presidentes-atifete-jahjaga-ne-konferencen-fuqizimi-i-grave-ndermarrese-ne-kosove\/\"]}]},{\"@type\":\"ImageObject\",\"inLanguage\":\"sr-RS\",\"@id\":\"https:\/\/president-ksgov.net\/fjala-e-presidentes-atifete-jahjaga-ne-konferencen-fuqizimi-i-grave-ndermarrese-ne-kosove\/#primaryimage\",\"url\":\"https:\/\/president-ksgov.net\/wp-content\/uploads\/09_09_2013_3152902_07_09_2013_Konferenca_MTI_1.jpg\",\"contentUrl\":\"https:\/\/president-ksgov.net\/wp-content\/uploads\/09_09_2013_3152902_07_09_2013_Konferenca_MTI_1.jpg\",\"width\":800,\"height\":476},{\"@type\":\"BreadcrumbList\",\"@id\":\"https:\/\/president-ksgov.net\/fjala-e-presidentes-atifete-jahjaga-ne-konferencen-fuqizimi-i-grave-ndermarrese-ne-kosove\/#breadcrumb\",\"itemListElement\":[{\"@type\":\"ListItem\",\"position\":1,\"name\":\"Home\",\"item\":\"https:\/\/president-ksgov.net\/sr\/\"},{\"@type\":\"ListItem\",\"position\":2,\"name\":\"Govor Predsednice Atifete Jahjaga u Konferenciji &#158;ena\"}]},{\"@type\":\"WebSite\",\"@id\":\"https:\/\/president-ksgov.net\/#website\",\"url\":\"https:\/\/president-ksgov.net\/\",\"name\":\"Presidente e Republik\u00ebs s\u00eb Kosov\u00ebs\",\"description\":\"Presidente e Republik\u00ebs s\u00eb Kosov\u00ebs\",\"alternateName\":\"DR. VJOSA OSMANI - SADRIU\",\"potentialAction\":[{\"@type\":\"SearchAction\",\"target\":{\"@type\":\"EntryPoint\",\"urlTemplate\":\"https:\/\/president-ksgov.net\/?s={search_term_string}\"},\"query-input\":{\"@type\":\"PropertyValueSpecification\",\"valueRequired\":true,\"valueName\":\"search_term_string\"}}],\"inLanguage\":\"sr-RS\"},{\"@type\":\"Person\",\"@id\":\"https:\/\/president-ksgov.net\/#\/schema\/person\/bb4337a5fb147cb2046d80548172cbee\",\"name\":\"admin\",\"image\":{\"@type\":\"ImageObject\",\"inLanguage\":\"sr-RS\",\"@id\":\"https:\/\/president-ksgov.net\/#\/schema\/person\/image\/\",\"url\":\"https:\/\/secure.gravatar.com\/avatar\/36156ca0fa3b8d9d25174f146e16beea0cf28f37adf1b9e19b6c9c279a7c9dd3?s=96&d=mm&r=g\",\"contentUrl\":\"https:\/\/secure.gravatar.com\/avatar\/36156ca0fa3b8d9d25174f146e16beea0cf28f37adf1b9e19b6c9c279a7c9dd3?s=96&d=mm&r=g\",\"caption\":\"admin\"},\"sameAs\":[\"https:\/\/president-ksgov.net\"]}]}<\/script>\n<!-- \/ Yoast SEO plugin. -->","yoast_head_json":{"title":"Govor Predsednice Atifete Jahjaga u Konferenciji &#158;ena - Predsednik Republike Kosovo - DR. VJOSA OSMANI - SADRIU","description":"Govor Predsednice Atifete Jahjaga u Konferenciji &#158;ena - Predsednik Republike Kosovo - DR. VJOSA OSMANI - SADRIU -","robots":{"index":"index","follow":"follow","max-snippet":"max-snippet:-1","max-image-preview":"max-image-preview:large","max-video-preview":"max-video-preview:-1"},"canonical":"https:\/\/president-ksgov.net\/fjala-e-presidentes-atifete-jahjaga-ne-konferencen-fuqizimi-i-grave-ndermarrese-ne-kosove\/","og_locale":"sr_RS","og_type":"article","og_title":"Govor Predsednice Atifete Jahjaga u Konferenciji &#158;ena - Predsednik Republike Kosovo - DR. VJOSA OSMANI - SADRIU","og_description":"Govor Predsednice Atifete Jahjaga u Konferenciji &#158;ena - Predsednik Republike Kosovo - DR. VJOSA OSMANI - SADRIU -","og_url":"https:\/\/president-ksgov.net\/fjala-e-presidentes-atifete-jahjaga-ne-konferencen-fuqizimi-i-grave-ndermarrese-ne-kosove\/","og_site_name":"Predsednik Republike Kosovo - DR. VJOSA OSMANI - SADRIU","article_published_time":"2013-09-07T11:46:05+00:00","article_modified_time":"2023-03-08T09:03:49+00:00","og_image":[{"width":800,"height":476,"url":"https:\/\/president-ksgov.net\/wp-content\/uploads\/09_09_2013_3152902_07_09_2013_Konferenca_MTI_1.jpg","type":"image\/jpeg"}],"author":"admin","twitter_card":"summary_large_image","twitter_misc":{"\u041d\u0430\u043f\u0438\u0441\u0430\u043d\u043e \u043e\u0434":"admin","\u041f\u0440\u043e\u0446\u0435\u045a\u0435\u043d\u043e \u0432\u0440\u0435\u043c\u0435 \u0447\u0438\u0442\u0430\u045a\u0430":"5 \u043c\u0438\u043d\u0443\u0442\u0430"},"schema":{"@context":"https:\/\/schema.org","@graph":[{"@type":"WebPage","@id":"https:\/\/president-ksgov.net\/fjala-e-presidentes-atifete-jahjaga-ne-konferencen-fuqizimi-i-grave-ndermarrese-ne-kosove\/","url":"https:\/\/president-ksgov.net\/fjala-e-presidentes-atifete-jahjaga-ne-konferencen-fuqizimi-i-grave-ndermarrese-ne-kosove\/","name":"Govor Predsednice Atifete Jahjaga u Konferenciji &#158;ena - Predsednik Republike Kosovo - DR. VJOSA OSMANI - SADRIU","isPartOf":{"@id":"https:\/\/president-ksgov.net\/#website"},"primaryImageOfPage":{"@id":"https:\/\/president-ksgov.net\/fjala-e-presidentes-atifete-jahjaga-ne-konferencen-fuqizimi-i-grave-ndermarrese-ne-kosove\/#primaryimage"},"image":{"@id":"https:\/\/president-ksgov.net\/fjala-e-presidentes-atifete-jahjaga-ne-konferencen-fuqizimi-i-grave-ndermarrese-ne-kosove\/#primaryimage"},"thumbnailUrl":"https:\/\/president-ksgov.net\/wp-content\/uploads\/09_09_2013_3152902_07_09_2013_Konferenca_MTI_1.jpg","datePublished":"2013-09-07T11:46:05+00:00","dateModified":"2023-03-08T09:03:49+00:00","author":{"@id":"https:\/\/president-ksgov.net\/#\/schema\/person\/bb4337a5fb147cb2046d80548172cbee"},"description":"Govor Predsednice Atifete Jahjaga u Konferenciji &#158;ena - Predsednik Republike Kosovo - DR. VJOSA OSMANI - SADRIU -","breadcrumb":{"@id":"https:\/\/president-ksgov.net\/fjala-e-presidentes-atifete-jahjaga-ne-konferencen-fuqizimi-i-grave-ndermarrese-ne-kosove\/#breadcrumb"},"inLanguage":"sr-RS","potentialAction":[{"@type":"ReadAction","target":["https:\/\/president-ksgov.net\/fjala-e-presidentes-atifete-jahjaga-ne-konferencen-fuqizimi-i-grave-ndermarrese-ne-kosove\/"]}]},{"@type":"ImageObject","inLanguage":"sr-RS","@id":"https:\/\/president-ksgov.net\/fjala-e-presidentes-atifete-jahjaga-ne-konferencen-fuqizimi-i-grave-ndermarrese-ne-kosove\/#primaryimage","url":"https:\/\/president-ksgov.net\/wp-content\/uploads\/09_09_2013_3152902_07_09_2013_Konferenca_MTI_1.jpg","contentUrl":"https:\/\/president-ksgov.net\/wp-content\/uploads\/09_09_2013_3152902_07_09_2013_Konferenca_MTI_1.jpg","width":800,"height":476},{"@type":"BreadcrumbList","@id":"https:\/\/president-ksgov.net\/fjala-e-presidentes-atifete-jahjaga-ne-konferencen-fuqizimi-i-grave-ndermarrese-ne-kosove\/#breadcrumb","itemListElement":[{"@type":"ListItem","position":1,"name":"Home","item":"https:\/\/president-ksgov.net\/sr\/"},{"@type":"ListItem","position":2,"name":"Govor Predsednice Atifete Jahjaga u Konferenciji &#158;ena"}]},{"@type":"WebSite","@id":"https:\/\/president-ksgov.net\/#website","url":"https:\/\/president-ksgov.net\/","name":"Presidente e Republik\u00ebs s\u00eb Kosov\u00ebs","description":"Presidente e Republik\u00ebs s\u00eb Kosov\u00ebs","alternateName":"DR. VJOSA OSMANI - SADRIU","potentialAction":[{"@type":"SearchAction","target":{"@type":"EntryPoint","urlTemplate":"https:\/\/president-ksgov.net\/?s={search_term_string}"},"query-input":{"@type":"PropertyValueSpecification","valueRequired":true,"valueName":"search_term_string"}}],"inLanguage":"sr-RS"},{"@type":"Person","@id":"https:\/\/president-ksgov.net\/#\/schema\/person\/bb4337a5fb147cb2046d80548172cbee","name":"admin","image":{"@type":"ImageObject","inLanguage":"sr-RS","@id":"https:\/\/president-ksgov.net\/#\/schema\/person\/image\/","url":"https:\/\/secure.gravatar.com\/avatar\/36156ca0fa3b8d9d25174f146e16beea0cf28f37adf1b9e19b6c9c279a7c9dd3?s=96&d=mm&r=g","contentUrl":"https:\/\/secure.gravatar.com\/avatar\/36156ca0fa3b8d9d25174f146e16beea0cf28f37adf1b9e19b6c9c279a7c9dd3?s=96&d=mm&r=g","caption":"admin"},"sameAs":["https:\/\/president-ksgov.net"]}]}},"_links":{"self":[{"href":"https:\/\/president-ksgov.net\/sr\/wp-json\/wp\/v2\/posts\/78257","targetHints":{"allow":["GET"]}}],"collection":[{"href":"https:\/\/president-ksgov.net\/sr\/wp-json\/wp\/v2\/posts"}],"about":[{"href":"https:\/\/president-ksgov.net\/sr\/wp-json\/wp\/v2\/types\/post"}],"author":[{"embeddable":true,"href":"https:\/\/president-ksgov.net\/sr\/wp-json\/wp\/v2\/users\/1"}],"replies":[{"embeddable":true,"href":"https:\/\/president-ksgov.net\/sr\/wp-json\/wp\/v2\/comments?post=78257"}],"version-history":[{"count":1,"href":"https:\/\/president-ksgov.net\/sr\/wp-json\/wp\/v2\/posts\/78257\/revisions"}],"predecessor-version":[{"id":81723,"href":"https:\/\/president-ksgov.net\/sr\/wp-json\/wp\/v2\/posts\/78257\/revisions\/81723"}],"wp:featuredmedia":[{"embeddable":true,"href":"https:\/\/president-ksgov.net\/sr\/wp-json\/wp\/v2\/media\/49590"}],"wp:attachment":[{"href":"https:\/\/president-ksgov.net\/sr\/wp-json\/wp\/v2\/media?parent=78257"}],"wp:term":[{"taxonomy":"category","embeddable":true,"href":"https:\/\/president-ksgov.net\/sr\/wp-json\/wp\/v2\/categories?post=78257"},{"taxonomy":"post_tag","embeddable":true,"href":"https:\/\/president-ksgov.net\/sr\/wp-json\/wp\/v2\/tags?post=78257"}],"curies":[{"name":"wp","href":"https:\/\/api.w.org\/{rel}","templated":true}]}}