{"id":78223,"date":"2013-10-03T20:17:12","date_gmt":"2013-10-03T20:17:12","guid":{"rendered":"https:\/\/dev.president-ksgov.net\/govor-predsednice-jahjaga-povodom-nacionalnog-dana-nemacke-2\/"},"modified":"2013-10-03T20:17:12","modified_gmt":"2013-10-03T20:17:12","slug":"govor-predsednice-jahjaga-povodom-nacionalnog-dana-nemacke-2","status":"publish","type":"post","link":"https:\/\/president-ksgov.net\/sr\/govor-predsednice-jahjaga-povodom-nacionalnog-dana-nemacke-2\/","title":{"rendered":"Govor Predsednice Jahjaga povodom Nacionalnog Dana Nema\u010dke"},"content":{"rendered":"<p>Velika je \u010dast da \u010destitamo Saveznoj Republici Nema\u010dkoj, jedan partner i veli\u010danstven prijatelj Kosova, povodom dana ujedinjenja Nema\u010dke.<\/p>\n<p>Po&#353;tovani ambasador Savezne Republike Nema\u010dke,<br \/>\nPo&#353;tovani rukovodioci institucija Kosova,<br \/>\nDame i gospodo;<\/p>\n<p>Velika je \u010dast da \u010destitamo Saveznoj Republici Nema\u010dkoj, jedan partner i veli\u010danstven prijatelj Kosova, povodom dana ujedinjenja Nema\u010dke.<\/p>\n<p>Ova godi&#353;njica je isto tako jedna mogu\u0107nost da nadalje gajimo na&#353;e ustrajno prijateljstvo i na&#353;e \u010dvrste veze, kao i na&#353;e zajedni\u010dke aspiracije za slobodu, demokratiju i napredak.<\/p>\n<p>Ovaj dan je vi&#353;e nego jedno slavlje. To je dan koji bele&#382;i pad gvozdene zavese, pad koji je otvorio jedno novo poglavlje bez presedana u Evropi u pravcu slobode,\u00a0 stabilnosti i prosperiteta.<\/p>\n<p>To je dan koji bele&#382;i preporod nema\u010dkog jedinstva, jedinstva koje je snagom duha i mudrosti je dovelo do pada zida koji je delio svet u dva dela.<\/p>\n<p>To je dan koji je utirao put u pravcu ljudskih vrednosti i demokratije.<br \/>\n\u00a0<br \/>\nVi ste dali nadu svakom gra\u0111aninu sveta. Svaki od nas se ose\u0107ao gra\u0111aninom Berlina, kao &#353;to je bio rekao Predsednik Kenedi u njegovoj slavnoj uzre\u010dici nekoliko decenija pre &#8220;Ich bin ein Berliner&#8220;. Vi ste postali primer \u010dinjenice da se zidovi mogu sru&#353;iti i da se zamene sa prosperitetom.<\/p>\n<p>To je onaj duh koji nas vodi u pravcu zagrljaja vrednosti demokratije i razvoja na&#353;e zemlje. Duh vizije za jednu sveobuhvatnu i tolerantnu dr&#382;avu Kosovo.<\/p>\n<p>Dr&#382;ava koja je podeljena od barikada ili nemira, ali ujedinjena u volji njenih gra\u0111ana u pravcu izgradnje zajedni\u010dke budu\u0107nosti, se\u0107anjem na pro&#353;losti. <\/p>\n<p>Mi \u0107emo nastaviti graditi mir oslanjaju\u0107i se na pravdu, zajedno sa vama, Saveznom Republikom Nema\u010dkom, zajedno, kao &#353;to smo stvorili zajedno sa vama i sa na&#353;im me\u0111unarodnim prijateljima &#8211; nezavisno Kosovo &#8211; jednu novu dr&#382;avu zasnovanu na gra\u0111anskim na\u010delima i pravdu za svakog gra\u0111anina.<br \/>\n\u00a0<br \/>\nStabilnost regiona \u0107emo zajedni\u010dki poja\u010dati &#8211; u principu jednog nepovratnog\u00a0 procesa &#8211; na na&#353;em putu evropskih integracija, koji zahteva od nas da produbimo reforme i da posti&#382;emo standarde EZ-e. Ovo kretanje nema alternativu.<\/p>\n<p>Po&#353;tovani ambasadore,<br \/>\nPo&#353;tovani prijatelji,<\/p>\n<p>Kosovo je po\u010da&#353;\u0107ena &#353;to ima jednog jakog prijatelja i jednog partnera poput Nema\u010dke.<\/p>\n<p>Mi smo zahvalni za stalnu podr&#353;ku Nema\u010dke na&#353;oj dr&#382;avi i na&#353;em narodu. Nema\u010dka je stala uz nas tokom najte&#382;ih vremena i nastavlja stati i danas, podr&#382;avaju\u0107i na&#353;u demokratsku konsolidaciju, sprovedenu za vladanje zakona, promocije ekonomskog razvoja i napretka integralnog kretanja Kosova u Evropsku Uniju. Mi ra\u010dunamo na va&#353;u podr&#353;ku, po&#353;to smo u toku preduzimanja ovog velikog koraka napred.<\/p>\n<p>Neka dugo &#382;ivi prijateljstvo izme\u0111u na&#353;ih dveju zemalja!<\/p>\n","protected":false},"excerpt":{"rendered":"<p>Velika je \u010dast da \u010destitamo Saveznoj Republici Nema\u010dkoj, jedan partner i veli\u010danstven prijatelj Kosova, povodom dana ujedinjenja Nema\u010dke.<\/p>\n","protected":false},"author":1,"featured_media":49196,"comment_status":"open","ping_status":"closed","sticky":false,"template":"","format":"standard","meta":{"_eb_attr":"","footnotes":""},"categories":[101],"tags":[],"class_list":["post-78223","post","type-post","status-publish","format-standard","has-post-thumbnail","hentry","category-vesti"],"yoast_head":"<!-- This site is optimized with the Yoast SEO plugin v23.5 - https:\/\/yoast.com\/wordpress\/plugins\/seo\/ -->\n<title>Govor Predsednice Jahjaga povodom Nacionalnog Dana Nema\u010dke - Predsednik Republike Kosovo - DR. VJOSA OSMANI - SADRIU<\/title>\n<meta name=\"description\" content=\"Govor Predsednice Jahjaga povodom Nacionalnog Dana Nema\u010dke - Predsednik Republike Kosovo - DR. VJOSA OSMANI - SADRIU -\" \/>\n<meta name=\"robots\" content=\"index, follow, max-snippet:-1, max-image-preview:large, max-video-preview:-1\" \/>\n<link rel=\"canonical\" href=\"https:\/\/president-ksgov.net\/fjala-e-presidentes-jahjaga-me-rastin-e-dites-kombetare-te-gjermanise-2\/\" \/>\n<meta property=\"og:locale\" content=\"sr_RS\" \/>\n<meta property=\"og:type\" content=\"article\" \/>\n<meta property=\"og:title\" content=\"Govor Predsednice Jahjaga povodom Nacionalnog Dana Nema\u010dke - Predsednik Republike Kosovo - DR. VJOSA OSMANI - SADRIU\" \/>\n<meta property=\"og:description\" content=\"Govor Predsednice Jahjaga povodom Nacionalnog Dana Nema\u010dke - Predsednik Republike Kosovo - DR. VJOSA OSMANI - SADRIU -\" \/>\n<meta property=\"og:url\" content=\"https:\/\/president-ksgov.net\/fjala-e-presidentes-jahjaga-me-rastin-e-dites-kombetare-te-gjermanise-2\/\" \/>\n<meta property=\"og:site_name\" content=\"Predsednik Republike Kosovo - DR. VJOSA OSMANI - SADRIU\" \/>\n<meta property=\"article:published_time\" content=\"2013-10-03T20:17:12+00:00\" \/>\n<meta property=\"og:image\" content=\"https:\/\/president-ksgov.net\/wp-content\/uploads\/03_10_2013_2164553_03_10_2013_1.jpg\" \/>\n\t<meta property=\"og:image:width\" content=\"1000\" \/>\n\t<meta property=\"og:image:height\" content=\"667\" \/>\n\t<meta property=\"og:image:type\" content=\"image\/jpeg\" \/>\n<meta name=\"author\" content=\"admin\" \/>\n<meta name=\"twitter:card\" content=\"summary_large_image\" \/>\n<meta name=\"twitter:label1\" content=\"\u041d\u0430\u043f\u0438\u0441\u0430\u043d\u043e \u043e\u0434\" \/>\n\t<meta name=\"twitter:data1\" content=\"admin\" \/>\n\t<meta name=\"twitter:label2\" content=\"\u041f\u0440\u043e\u0446\u0435\u045a\u0435\u043d\u043e \u0432\u0440\u0435\u043c\u0435 \u0447\u0438\u0442\u0430\u045a\u0430\" \/>\n\t<meta name=\"twitter:data2\" content=\"2 \u043c\u0438\u043d\u0443\u0442\u0430\" \/>\n<script type=\"application\/ld+json\" class=\"yoast-schema-graph\">{\"@context\":\"https:\/\/schema.org\",\"@graph\":[{\"@type\":\"WebPage\",\"@id\":\"https:\/\/president-ksgov.net\/fjala-e-presidentes-jahjaga-me-rastin-e-dites-kombetare-te-gjermanise-2\/\",\"url\":\"https:\/\/president-ksgov.net\/fjala-e-presidentes-jahjaga-me-rastin-e-dites-kombetare-te-gjermanise-2\/\",\"name\":\"Govor Predsednice Jahjaga povodom Nacionalnog Dana Nema\u010dke - Predsednik Republike Kosovo - DR. VJOSA OSMANI - SADRIU\",\"isPartOf\":{\"@id\":\"https:\/\/president-ksgov.net\/#website\"},\"primaryImageOfPage\":{\"@id\":\"https:\/\/president-ksgov.net\/fjala-e-presidentes-jahjaga-me-rastin-e-dites-kombetare-te-gjermanise-2\/#primaryimage\"},\"image\":{\"@id\":\"https:\/\/president-ksgov.net\/fjala-e-presidentes-jahjaga-me-rastin-e-dites-kombetare-te-gjermanise-2\/#primaryimage\"},\"thumbnailUrl\":\"https:\/\/president-ksgov.net\/wp-content\/uploads\/03_10_2013_2164553_03_10_2013_1.jpg\",\"datePublished\":\"2013-10-03T20:17:12+00:00\",\"dateModified\":\"2013-10-03T20:17:12+00:00\",\"author\":{\"@id\":\"https:\/\/president-ksgov.net\/#\/schema\/person\/bb4337a5fb147cb2046d80548172cbee\"},\"description\":\"Govor Predsednice Jahjaga povodom Nacionalnog Dana Nema\u010dke - Predsednik Republike Kosovo - DR. VJOSA OSMANI - SADRIU -\",\"breadcrumb\":{\"@id\":\"https:\/\/president-ksgov.net\/fjala-e-presidentes-jahjaga-me-rastin-e-dites-kombetare-te-gjermanise-2\/#breadcrumb\"},\"inLanguage\":\"sr-RS\",\"potentialAction\":[{\"@type\":\"ReadAction\",\"target\":[\"https:\/\/president-ksgov.net\/fjala-e-presidentes-jahjaga-me-rastin-e-dites-kombetare-te-gjermanise-2\/\"]}]},{\"@type\":\"ImageObject\",\"inLanguage\":\"sr-RS\",\"@id\":\"https:\/\/president-ksgov.net\/fjala-e-presidentes-jahjaga-me-rastin-e-dites-kombetare-te-gjermanise-2\/#primaryimage\",\"url\":\"https:\/\/president-ksgov.net\/wp-content\/uploads\/03_10_2013_2164553_03_10_2013_1.jpg\",\"contentUrl\":\"https:\/\/president-ksgov.net\/wp-content\/uploads\/03_10_2013_2164553_03_10_2013_1.jpg\",\"width\":1000,\"height\":667},{\"@type\":\"BreadcrumbList\",\"@id\":\"https:\/\/president-ksgov.net\/fjala-e-presidentes-jahjaga-me-rastin-e-dites-kombetare-te-gjermanise-2\/#breadcrumb\",\"itemListElement\":[{\"@type\":\"ListItem\",\"position\":1,\"name\":\"Home\",\"item\":\"https:\/\/president-ksgov.net\/sr\/\"},{\"@type\":\"ListItem\",\"position\":2,\"name\":\"Govor Predsednice Jahjaga povodom Nacionalnog Dana Nema\u010dke\"}]},{\"@type\":\"WebSite\",\"@id\":\"https:\/\/president-ksgov.net\/#website\",\"url\":\"https:\/\/president-ksgov.net\/\",\"name\":\"Presidente e Republik\u00ebs s\u00eb Kosov\u00ebs\",\"description\":\"Presidente e Republik\u00ebs s\u00eb Kosov\u00ebs\",\"alternateName\":\"DR. VJOSA OSMANI - SADRIU\",\"potentialAction\":[{\"@type\":\"SearchAction\",\"target\":{\"@type\":\"EntryPoint\",\"urlTemplate\":\"https:\/\/president-ksgov.net\/?s={search_term_string}\"},\"query-input\":{\"@type\":\"PropertyValueSpecification\",\"valueRequired\":true,\"valueName\":\"search_term_string\"}}],\"inLanguage\":\"sr-RS\"},{\"@type\":\"Person\",\"@id\":\"https:\/\/president-ksgov.net\/#\/schema\/person\/bb4337a5fb147cb2046d80548172cbee\",\"name\":\"admin\",\"image\":{\"@type\":\"ImageObject\",\"inLanguage\":\"sr-RS\",\"@id\":\"https:\/\/president-ksgov.net\/#\/schema\/person\/image\/\",\"url\":\"https:\/\/secure.gravatar.com\/avatar\/36156ca0fa3b8d9d25174f146e16beea0cf28f37adf1b9e19b6c9c279a7c9dd3?s=96&d=mm&r=g\",\"contentUrl\":\"https:\/\/secure.gravatar.com\/avatar\/36156ca0fa3b8d9d25174f146e16beea0cf28f37adf1b9e19b6c9c279a7c9dd3?s=96&d=mm&r=g\",\"caption\":\"admin\"},\"sameAs\":[\"https:\/\/president-ksgov.net\"]}]}<\/script>\n<!-- \/ Yoast SEO plugin. -->","yoast_head_json":{"title":"Govor Predsednice Jahjaga povodom Nacionalnog Dana Nema\u010dke - Predsednik Republike Kosovo - DR. VJOSA OSMANI - SADRIU","description":"Govor Predsednice Jahjaga povodom Nacionalnog Dana Nema\u010dke - Predsednik Republike Kosovo - DR. VJOSA OSMANI - SADRIU -","robots":{"index":"index","follow":"follow","max-snippet":"max-snippet:-1","max-image-preview":"max-image-preview:large","max-video-preview":"max-video-preview:-1"},"canonical":"https:\/\/president-ksgov.net\/fjala-e-presidentes-jahjaga-me-rastin-e-dites-kombetare-te-gjermanise-2\/","og_locale":"sr_RS","og_type":"article","og_title":"Govor Predsednice Jahjaga povodom Nacionalnog Dana Nema\u010dke - Predsednik Republike Kosovo - DR. VJOSA OSMANI - SADRIU","og_description":"Govor Predsednice Jahjaga povodom Nacionalnog Dana Nema\u010dke - Predsednik Republike Kosovo - DR. VJOSA OSMANI - SADRIU -","og_url":"https:\/\/president-ksgov.net\/fjala-e-presidentes-jahjaga-me-rastin-e-dites-kombetare-te-gjermanise-2\/","og_site_name":"Predsednik Republike Kosovo - DR. VJOSA OSMANI - SADRIU","article_published_time":"2013-10-03T20:17:12+00:00","og_image":[{"width":1000,"height":667,"url":"https:\/\/president-ksgov.net\/wp-content\/uploads\/03_10_2013_2164553_03_10_2013_1.jpg","type":"image\/jpeg"}],"author":"admin","twitter_card":"summary_large_image","twitter_misc":{"\u041d\u0430\u043f\u0438\u0441\u0430\u043d\u043e \u043e\u0434":"admin","\u041f\u0440\u043e\u0446\u0435\u045a\u0435\u043d\u043e \u0432\u0440\u0435\u043c\u0435 \u0447\u0438\u0442\u0430\u045a\u0430":"2 \u043c\u0438\u043d\u0443\u0442\u0430"},"schema":{"@context":"https:\/\/schema.org","@graph":[{"@type":"WebPage","@id":"https:\/\/president-ksgov.net\/fjala-e-presidentes-jahjaga-me-rastin-e-dites-kombetare-te-gjermanise-2\/","url":"https:\/\/president-ksgov.net\/fjala-e-presidentes-jahjaga-me-rastin-e-dites-kombetare-te-gjermanise-2\/","name":"Govor Predsednice Jahjaga povodom Nacionalnog Dana Nema\u010dke - Predsednik Republike Kosovo - DR. VJOSA OSMANI - SADRIU","isPartOf":{"@id":"https:\/\/president-ksgov.net\/#website"},"primaryImageOfPage":{"@id":"https:\/\/president-ksgov.net\/fjala-e-presidentes-jahjaga-me-rastin-e-dites-kombetare-te-gjermanise-2\/#primaryimage"},"image":{"@id":"https:\/\/president-ksgov.net\/fjala-e-presidentes-jahjaga-me-rastin-e-dites-kombetare-te-gjermanise-2\/#primaryimage"},"thumbnailUrl":"https:\/\/president-ksgov.net\/wp-content\/uploads\/03_10_2013_2164553_03_10_2013_1.jpg","datePublished":"2013-10-03T20:17:12+00:00","dateModified":"2013-10-03T20:17:12+00:00","author":{"@id":"https:\/\/president-ksgov.net\/#\/schema\/person\/bb4337a5fb147cb2046d80548172cbee"},"description":"Govor Predsednice Jahjaga povodom Nacionalnog Dana Nema\u010dke - Predsednik Republike Kosovo - DR. VJOSA OSMANI - SADRIU -","breadcrumb":{"@id":"https:\/\/president-ksgov.net\/fjala-e-presidentes-jahjaga-me-rastin-e-dites-kombetare-te-gjermanise-2\/#breadcrumb"},"inLanguage":"sr-RS","potentialAction":[{"@type":"ReadAction","target":["https:\/\/president-ksgov.net\/fjala-e-presidentes-jahjaga-me-rastin-e-dites-kombetare-te-gjermanise-2\/"]}]},{"@type":"ImageObject","inLanguage":"sr-RS","@id":"https:\/\/president-ksgov.net\/fjala-e-presidentes-jahjaga-me-rastin-e-dites-kombetare-te-gjermanise-2\/#primaryimage","url":"https:\/\/president-ksgov.net\/wp-content\/uploads\/03_10_2013_2164553_03_10_2013_1.jpg","contentUrl":"https:\/\/president-ksgov.net\/wp-content\/uploads\/03_10_2013_2164553_03_10_2013_1.jpg","width":1000,"height":667},{"@type":"BreadcrumbList","@id":"https:\/\/president-ksgov.net\/fjala-e-presidentes-jahjaga-me-rastin-e-dites-kombetare-te-gjermanise-2\/#breadcrumb","itemListElement":[{"@type":"ListItem","position":1,"name":"Home","item":"https:\/\/president-ksgov.net\/sr\/"},{"@type":"ListItem","position":2,"name":"Govor Predsednice Jahjaga povodom Nacionalnog Dana Nema\u010dke"}]},{"@type":"WebSite","@id":"https:\/\/president-ksgov.net\/#website","url":"https:\/\/president-ksgov.net\/","name":"Presidente e Republik\u00ebs s\u00eb Kosov\u00ebs","description":"Presidente e Republik\u00ebs s\u00eb Kosov\u00ebs","alternateName":"DR. VJOSA OSMANI - SADRIU","potentialAction":[{"@type":"SearchAction","target":{"@type":"EntryPoint","urlTemplate":"https:\/\/president-ksgov.net\/?s={search_term_string}"},"query-input":{"@type":"PropertyValueSpecification","valueRequired":true,"valueName":"search_term_string"}}],"inLanguage":"sr-RS"},{"@type":"Person","@id":"https:\/\/president-ksgov.net\/#\/schema\/person\/bb4337a5fb147cb2046d80548172cbee","name":"admin","image":{"@type":"ImageObject","inLanguage":"sr-RS","@id":"https:\/\/president-ksgov.net\/#\/schema\/person\/image\/","url":"https:\/\/secure.gravatar.com\/avatar\/36156ca0fa3b8d9d25174f146e16beea0cf28f37adf1b9e19b6c9c279a7c9dd3?s=96&d=mm&r=g","contentUrl":"https:\/\/secure.gravatar.com\/avatar\/36156ca0fa3b8d9d25174f146e16beea0cf28f37adf1b9e19b6c9c279a7c9dd3?s=96&d=mm&r=g","caption":"admin"},"sameAs":["https:\/\/president-ksgov.net"]}]}},"_links":{"self":[{"href":"https:\/\/president-ksgov.net\/sr\/wp-json\/wp\/v2\/posts\/78223","targetHints":{"allow":["GET"]}}],"collection":[{"href":"https:\/\/president-ksgov.net\/sr\/wp-json\/wp\/v2\/posts"}],"about":[{"href":"https:\/\/president-ksgov.net\/sr\/wp-json\/wp\/v2\/types\/post"}],"author":[{"embeddable":true,"href":"https:\/\/president-ksgov.net\/sr\/wp-json\/wp\/v2\/users\/1"}],"replies":[{"embeddable":true,"href":"https:\/\/president-ksgov.net\/sr\/wp-json\/wp\/v2\/comments?post=78223"}],"version-history":[{"count":0,"href":"https:\/\/president-ksgov.net\/sr\/wp-json\/wp\/v2\/posts\/78223\/revisions"}],"wp:featuredmedia":[{"embeddable":true,"href":"https:\/\/president-ksgov.net\/sr\/wp-json\/wp\/v2\/media\/49196"}],"wp:attachment":[{"href":"https:\/\/president-ksgov.net\/sr\/wp-json\/wp\/v2\/media?parent=78223"}],"wp:term":[{"taxonomy":"category","embeddable":true,"href":"https:\/\/president-ksgov.net\/sr\/wp-json\/wp\/v2\/categories?post=78223"},{"taxonomy":"post_tag","embeddable":true,"href":"https:\/\/president-ksgov.net\/sr\/wp-json\/wp\/v2\/tags?post=78223"}],"curies":[{"name":"wp","href":"https:\/\/api.w.org\/{rel}","templated":true}]}}