{"id":78215,"date":"2013-10-07T16:12:36","date_gmt":"2013-10-07T16:12:36","guid":{"rendered":"https:\/\/dev.president-ksgov.net\/govor-predsednice-jahjaga-na-petom-sastanku-nacionalnog-veca-za-evropsku-integraciju-2\/"},"modified":"2013-10-07T16:12:36","modified_gmt":"2013-10-07T16:12:36","slug":"govor-predsednice-jahjaga-na-petom-sastanku-nacionalnog-veca-za-evropsku-integraciju-2","status":"publish","type":"post","link":"https:\/\/president-ksgov.net\/sr\/govor-predsednice-jahjaga-na-petom-sastanku-nacionalnog-veca-za-evropsku-integraciju-2\/","title":{"rendered":"Govor Predsednice Jahjaga na petom sastanku Nacionalnog Ve\u0107a za Evropsku Integraciju"},"content":{"rendered":"<p>Evropska Integracija je ispravno shva\u0107ena kao jedina opcija, bez alternative, za demokratski razvoj i napredak Kosova, Ovu obavezu zbli&#382;avanja na&#353;e zemlje sa EZ-e trebamo ispuniti i povrh unutra&#353;njih pote&#353;ko\u0107a koje izaziva ovaj proces reforme.<\/p>\n<p>Dobrodo&#353;li na petom sastanaku Nacionalnog Veca za Evropsku Integraciju.<br \/>\n\u00a0<br \/>\nEvropska Integracija je ispravno shvacena kao jedina opcija, bez alternative, za demokratski razvoj i napredak Kosova, Ovu obavezu zbli&#382;avanja na&#353;e zemlje sa EZ-e trebamo ispuniti i povrh unutra&#353;njih pote&#353;koca koje izaziva ovaj proces reforme.<br \/>\n\u00a0<br \/>\nMi svi imamo na&#353;e primedbe i zahteve za na&#353; put evropske integracije, ali on je jedini koji ima potpuni konsenzus u zemlji i koji u potpunosti zavisi od nas. Zavisi od na&#353;e sposobnosti za ispunjavanje zahteva i od na&#353;e volje za sprovodenje istih u praksu. Zavisi od na&#353;e efikasnosti i svakako od na&#353;eg zajednickog rada institucija i celog dru&#353;tva Kosova.<br \/>\n\u00a0<br \/>\nRazumevanjem na&#353;e obaveze, putem Veca za Evropsku Integraciju, mi smo pro&#353;li jedan proces sastavljanja Nacionalne Strategije za Evropsku Integraciju, &#353;to podrazumeva pocetak prakticnog i institucionalnog rada za izgradnju i jacanje &#353;ireg medunarodnog konsenzusa za evropsku integraciju.<br \/>\n\u00a0<br \/>\n&#381;elim izraziti moje priznanje za rad koji je ostvarila ministarka za Evropsku Integraciju, gospoda Citaku tokom ovih godina u procesu evropske integracije Kosova, i posebno za sastavljanje Strategije, uporedo sa Predsednikom Parlamentarne Komisije za evropske integracije, g. Lutfi Haziri. Takode &#382;elim da se zahvalim strucnjacima i ostalim institucijama za dati doprinos u sastavljanje ovog internog putokaza.<br \/>\n\u00a0<br \/>\nSastavljanje Strategije je bio sveobuhvatni rad, uz podr&#353;ku svih institucija, politickih partija , civilnog dru&#353;tva i drugih relevantnih faktora.<br \/>\n\u00a0<br \/>\nNa&#353;e posvecenje u ovo Vece se zasniva na ideji da napredak u pravcu puta ka EZ-e ce biti br&#382;i i uspe&#353;niji ukoliko uspemo ojacati jedno odr&#382;ivo partnerstvo izmedu institucija, civilnog dru&#353;tva, akademske zajednice i zajednice i biznisa.<br \/>\n\u00a0<br \/>\nPrvi cilj ove strategije jeste potreba za jedan efektivni sistem upravljana u svim nivoima. Nezavisno od dosada&#353;njeg napretka u sastavljanja i planiranju politika, na&#353; cilj jeste povecanje performanse institucija i postizanje efektivne primene zakona. U ovom pravcu, mi takode trebamo usaglasiti na&#353;e zakonodavstvo sa zakonodavstvom EZ-e u svim sektorima procesa integracije.<br \/>\n\u00a0<br \/>\nDrugi va&#382;an cilj ove strategije jeste vladanje zakona, &#353;to podrazumeva red i zakon u celoj teritoriji Republike Kosovo. Uspostavljanje nacela pravne dr&#382;ave podrazumeva izgradnju i jacanje svih potrebnih i neophodnih\u00a0 mehanizama koji ce uspostaviti vladanje zakona i iskorenjivanje negativnih fenomena u dru&#353;tvo. Iznad svega znaci ci&#353;cenja na&#353;eg dru&#353;tva od pojava korupcije i organizovanog kriminala uz uspostavljanje reda u svakom kraju Kosova..<br \/>\n\u00a0<br \/>\nPo&#353;tovani clanovi Veca,<br \/>\n\u00a0<br \/>\nMi se nalazimo u jedan va&#382;an momenat, kada otvaramo jednu novu fazu izmedu Kosova i EZ-e sa plasiranjem pregovora za Sporazuma o Stabilizaciji i Asociranju.<br \/>\n\u00a0<br \/>\nVa&#382;no je da tokom ovog procesa, gradani, a posebno privatni sektor, budu redovno informirani o uticaju reformi SSA, i u tom procesu, kako institucije tako i zajednica biznisa i civilno dru&#353;tvo imaju posebnu ulogu za davanje doprinosa.<br \/>\n\u00a0<br \/>\nAli mi trebamo da ovde razmotrimo pitanja i zajednicki iznalazimo re&#353;enja. S toga ponavljam: Put evropskih integracija nema nijednu alternativu. Na&#353;a spremnost za sprovodenje svih kriterija treba da se sada iska&#382;e, na&#353;a volja da bude putokaz za ispunjavanje svega onoga &#353;to se od nas tra&#382;i.<br \/>\n\u00a0<br \/>\nMi nemamo vremena za gubljenje a niti razloga da se opravdamo, dok EZ-e treba da zadr&#382;i otvorenu perspektivu za svaku dr&#382;avu Jugoistocne Evrope i da cini jasnim da se medu susedni problemi trebaju re&#353;avati pre clanstva u EZ-e. Da svakako cini jasnim da evropski put dr&#382;ava Jugoistocne Evrope je individualan.<br \/>\n\u00a0<br \/>\nPo&#353;tovani clanovi,<br \/>\n\u00a0<br \/>\nPostignuti Sporazum u Brisel izmedu Republike Kosovo i Republike Srbije, uz posredovanje Evropske Zajednice i sna&#382;nu podr&#353;ku Sjedinjenih Americkih Dr&#382;ava, je ojacalo evropsku perspektivu regije i dao podstrek izgradnji dobrosusednih odnosa.<br \/>\n\u00a0<br \/>\nSada treba se usredsrediti na sprovodenje ovog sporazuma, jer smo ubedeni da normalizovanje odnosa izmedu dve dr&#382;ave je u interesu gradana, mira\u00a0 i stabilnosti u regionu.<br \/>\n\u00a0<br \/>\nMi smo u&#353;li u jednu va&#382;nu fazu demokratskog sazrevanja na&#353;e dr&#382;ave. U&#353;li smo u fazi testiranja tog sazrevanja i ja verujem da cemo je uspe&#353;no polo&#382;iti.\u00a0<br \/>\n\u00a0<br \/>\nLokalni izbori, koji se po prvi put odr&#382;avaju na celoj teritoriji Republike Kosovo, istovremeno ce dokazati sa smo dr&#382;ava izgradena na gradanskom principu i da po&#353;tujemo prava svakog coveka koji &#382;ivi na teritoriji Republike Kosovo.<br \/>\n\u00a0<br \/>\nMi &#382;elimo slobodne, sveobuhvatne, sigurne, pravedne i po&#353;tene izbore. &#381;elimo izbore koji se zasnivaju na visoke standarde, koji imaju garanciju za svakog glasaca. Necemo dozvoliti pretnju ni za koga i jo&#353; manje pretnju na&#353;im glasacima, bilo koje zajednice, bilo gde na teritoriji Kosova, u svakom njenom kraju. Uredan tok istih je na&#353; test demokratske zrelosti i na&#353;e ozbiljnosti naspram aspiracije za clanstvo u EZ-e.\u00a0<br \/>\n\u00a0<br \/>\nHvala vam!<\/p>\n","protected":false},"excerpt":{"rendered":"<p>Evropska Integracija je ispravno shva\u0107ena kao jedina opcija, bez alternative, za demokratski razvoj i napredak Kosova, Ovu obavezu zbli&#382;avanja na&#353;e zemlje sa EZ-e trebamo ispuniti i povrh unutra&#353;njih pote&#353;ko\u0107a koje izaziva ovaj proces reforme.<\/p>\n","protected":false},"author":1,"featured_media":49107,"comment_status":"open","ping_status":"closed","sticky":false,"template":"","format":"standard","meta":{"_eb_attr":"","footnotes":""},"categories":[101],"tags":[],"class_list":["post-78215","post","type-post","status-publish","format-standard","has-post-thumbnail","hentry","category-vesti"],"yoast_head":"<!-- This site is optimized with the Yoast SEO plugin v23.5 - https:\/\/yoast.com\/wordpress\/plugins\/seo\/ -->\n<title>Govor Predsednice Jahjaga na petom sastanku Nacionalnog Ve\u0107a za Evropsku Integraciju - Predsednik Republike Kosovo - DR. VJOSA OSMANI - SADRIU<\/title>\n<meta name=\"description\" content=\"Govor Predsednice Jahjaga na petom sastanku Nacionalnog Ve\u0107a za Evropsku Integraciju - Predsednik Republike Kosovo - DR. VJOSA OSMANI - SADRIU -\" \/>\n<meta name=\"robots\" content=\"index, follow, max-snippet:-1, max-image-preview:large, max-video-preview:-1\" \/>\n<link rel=\"canonical\" href=\"https:\/\/president-ksgov.net\/fjalimi-i-presidentes-jahjaga-ne-takimin-e-peste-te-keshillit-kombetar-per-integrim-evropian-2\/\" \/>\n<meta property=\"og:locale\" content=\"sr_RS\" \/>\n<meta property=\"og:type\" content=\"article\" \/>\n<meta property=\"og:title\" content=\"Govor Predsednice Jahjaga na petom sastanku Nacionalnog Ve\u0107a za Evropsku Integraciju - Predsednik Republike Kosovo - DR. VJOSA OSMANI - SADRIU\" \/>\n<meta property=\"og:description\" content=\"Govor Predsednice Jahjaga na petom sastanku Nacionalnog Ve\u0107a za Evropsku Integraciju - Predsednik Republike Kosovo - DR. VJOSA OSMANI - SADRIU -\" \/>\n<meta property=\"og:url\" content=\"https:\/\/president-ksgov.net\/fjalimi-i-presidentes-jahjaga-ne-takimin-e-peste-te-keshillit-kombetar-per-integrim-evropian-2\/\" \/>\n<meta property=\"og:site_name\" content=\"Predsednik Republike Kosovo - DR. VJOSA OSMANI - SADRIU\" \/>\n<meta property=\"article:published_time\" content=\"2013-10-07T16:12:36+00:00\" \/>\n<meta property=\"og:image\" content=\"https:\/\/president-ksgov.net\/wp-content\/uploads\/07_10_2013_342087_07_10_2013_Keshilli_per_Integrime_Evropiane_0.jpg\" \/>\n\t<meta property=\"og:image:width\" content=\"1000\" \/>\n\t<meta property=\"og:image:height\" content=\"626\" \/>\n\t<meta property=\"og:image:type\" content=\"image\/jpeg\" \/>\n<meta name=\"author\" content=\"admin\" \/>\n<meta name=\"twitter:card\" content=\"summary_large_image\" \/>\n<meta name=\"twitter:label1\" content=\"\u041d\u0430\u043f\u0438\u0441\u0430\u043d\u043e \u043e\u0434\" \/>\n\t<meta name=\"twitter:data1\" content=\"admin\" \/>\n\t<meta name=\"twitter:label2\" content=\"\u041f\u0440\u043e\u0446\u0435\u045a\u0435\u043d\u043e \u0432\u0440\u0435\u043c\u0435 \u0447\u0438\u0442\u0430\u045a\u0430\" \/>\n\t<meta name=\"twitter:data2\" content=\"4 \u043c\u0438\u043d\u0443\u0442\u0430\" \/>\n<script type=\"application\/ld+json\" class=\"yoast-schema-graph\">{\"@context\":\"https:\/\/schema.org\",\"@graph\":[{\"@type\":\"WebPage\",\"@id\":\"https:\/\/president-ksgov.net\/fjalimi-i-presidentes-jahjaga-ne-takimin-e-peste-te-keshillit-kombetar-per-integrim-evropian-2\/\",\"url\":\"https:\/\/president-ksgov.net\/fjalimi-i-presidentes-jahjaga-ne-takimin-e-peste-te-keshillit-kombetar-per-integrim-evropian-2\/\",\"name\":\"Govor Predsednice Jahjaga na petom sastanku Nacionalnog Ve\u0107a za Evropsku Integraciju - Predsednik Republike Kosovo - DR. VJOSA OSMANI - SADRIU\",\"isPartOf\":{\"@id\":\"https:\/\/president-ksgov.net\/#website\"},\"primaryImageOfPage\":{\"@id\":\"https:\/\/president-ksgov.net\/fjalimi-i-presidentes-jahjaga-ne-takimin-e-peste-te-keshillit-kombetar-per-integrim-evropian-2\/#primaryimage\"},\"image\":{\"@id\":\"https:\/\/president-ksgov.net\/fjalimi-i-presidentes-jahjaga-ne-takimin-e-peste-te-keshillit-kombetar-per-integrim-evropian-2\/#primaryimage\"},\"thumbnailUrl\":\"https:\/\/president-ksgov.net\/wp-content\/uploads\/07_10_2013_342087_07_10_2013_Keshilli_per_Integrime_Evropiane_0.jpg\",\"datePublished\":\"2013-10-07T16:12:36+00:00\",\"dateModified\":\"2013-10-07T16:12:36+00:00\",\"author\":{\"@id\":\"https:\/\/president-ksgov.net\/#\/schema\/person\/bb4337a5fb147cb2046d80548172cbee\"},\"description\":\"Govor Predsednice Jahjaga na petom sastanku Nacionalnog Ve\u0107a za Evropsku Integraciju - Predsednik Republike Kosovo - DR. VJOSA OSMANI - SADRIU -\",\"breadcrumb\":{\"@id\":\"https:\/\/president-ksgov.net\/fjalimi-i-presidentes-jahjaga-ne-takimin-e-peste-te-keshillit-kombetar-per-integrim-evropian-2\/#breadcrumb\"},\"inLanguage\":\"sr-RS\",\"potentialAction\":[{\"@type\":\"ReadAction\",\"target\":[\"https:\/\/president-ksgov.net\/fjalimi-i-presidentes-jahjaga-ne-takimin-e-peste-te-keshillit-kombetar-per-integrim-evropian-2\/\"]}]},{\"@type\":\"ImageObject\",\"inLanguage\":\"sr-RS\",\"@id\":\"https:\/\/president-ksgov.net\/fjalimi-i-presidentes-jahjaga-ne-takimin-e-peste-te-keshillit-kombetar-per-integrim-evropian-2\/#primaryimage\",\"url\":\"https:\/\/president-ksgov.net\/wp-content\/uploads\/07_10_2013_342087_07_10_2013_Keshilli_per_Integrime_Evropiane_0.jpg\",\"contentUrl\":\"https:\/\/president-ksgov.net\/wp-content\/uploads\/07_10_2013_342087_07_10_2013_Keshilli_per_Integrime_Evropiane_0.jpg\",\"width\":1000,\"height\":626},{\"@type\":\"BreadcrumbList\",\"@id\":\"https:\/\/president-ksgov.net\/fjalimi-i-presidentes-jahjaga-ne-takimin-e-peste-te-keshillit-kombetar-per-integrim-evropian-2\/#breadcrumb\",\"itemListElement\":[{\"@type\":\"ListItem\",\"position\":1,\"name\":\"Home\",\"item\":\"https:\/\/president-ksgov.net\/sr\/\"},{\"@type\":\"ListItem\",\"position\":2,\"name\":\"Govor Predsednice Jahjaga na petom sastanku Nacionalnog Ve\u0107a za Evropsku Integraciju\"}]},{\"@type\":\"WebSite\",\"@id\":\"https:\/\/president-ksgov.net\/#website\",\"url\":\"https:\/\/president-ksgov.net\/\",\"name\":\"Presidente e Republik\u00ebs s\u00eb Kosov\u00ebs\",\"description\":\"Presidente e Republik\u00ebs s\u00eb Kosov\u00ebs\",\"alternateName\":\"DR. VJOSA OSMANI - SADRIU\",\"potentialAction\":[{\"@type\":\"SearchAction\",\"target\":{\"@type\":\"EntryPoint\",\"urlTemplate\":\"https:\/\/president-ksgov.net\/?s={search_term_string}\"},\"query-input\":{\"@type\":\"PropertyValueSpecification\",\"valueRequired\":true,\"valueName\":\"search_term_string\"}}],\"inLanguage\":\"sr-RS\"},{\"@type\":\"Person\",\"@id\":\"https:\/\/president-ksgov.net\/#\/schema\/person\/bb4337a5fb147cb2046d80548172cbee\",\"name\":\"admin\",\"image\":{\"@type\":\"ImageObject\",\"inLanguage\":\"sr-RS\",\"@id\":\"https:\/\/president-ksgov.net\/#\/schema\/person\/image\/\",\"url\":\"https:\/\/secure.gravatar.com\/avatar\/36156ca0fa3b8d9d25174f146e16beea0cf28f37adf1b9e19b6c9c279a7c9dd3?s=96&d=mm&r=g\",\"contentUrl\":\"https:\/\/secure.gravatar.com\/avatar\/36156ca0fa3b8d9d25174f146e16beea0cf28f37adf1b9e19b6c9c279a7c9dd3?s=96&d=mm&r=g\",\"caption\":\"admin\"},\"sameAs\":[\"https:\/\/president-ksgov.net\"]}]}<\/script>\n<!-- \/ Yoast SEO plugin. -->","yoast_head_json":{"title":"Govor Predsednice Jahjaga na petom sastanku Nacionalnog Ve\u0107a za Evropsku Integraciju - Predsednik Republike Kosovo - DR. VJOSA OSMANI - SADRIU","description":"Govor Predsednice Jahjaga na petom sastanku Nacionalnog Ve\u0107a za Evropsku Integraciju - Predsednik Republike Kosovo - DR. VJOSA OSMANI - SADRIU -","robots":{"index":"index","follow":"follow","max-snippet":"max-snippet:-1","max-image-preview":"max-image-preview:large","max-video-preview":"max-video-preview:-1"},"canonical":"https:\/\/president-ksgov.net\/fjalimi-i-presidentes-jahjaga-ne-takimin-e-peste-te-keshillit-kombetar-per-integrim-evropian-2\/","og_locale":"sr_RS","og_type":"article","og_title":"Govor Predsednice Jahjaga na petom sastanku Nacionalnog Ve\u0107a za Evropsku Integraciju - Predsednik Republike Kosovo - DR. VJOSA OSMANI - SADRIU","og_description":"Govor Predsednice Jahjaga na petom sastanku Nacionalnog Ve\u0107a za Evropsku Integraciju - Predsednik Republike Kosovo - DR. VJOSA OSMANI - SADRIU -","og_url":"https:\/\/president-ksgov.net\/fjalimi-i-presidentes-jahjaga-ne-takimin-e-peste-te-keshillit-kombetar-per-integrim-evropian-2\/","og_site_name":"Predsednik Republike Kosovo - DR. VJOSA OSMANI - SADRIU","article_published_time":"2013-10-07T16:12:36+00:00","og_image":[{"width":1000,"height":626,"url":"https:\/\/president-ksgov.net\/wp-content\/uploads\/07_10_2013_342087_07_10_2013_Keshilli_per_Integrime_Evropiane_0.jpg","type":"image\/jpeg"}],"author":"admin","twitter_card":"summary_large_image","twitter_misc":{"\u041d\u0430\u043f\u0438\u0441\u0430\u043d\u043e \u043e\u0434":"admin","\u041f\u0440\u043e\u0446\u0435\u045a\u0435\u043d\u043e \u0432\u0440\u0435\u043c\u0435 \u0447\u0438\u0442\u0430\u045a\u0430":"4 \u043c\u0438\u043d\u0443\u0442\u0430"},"schema":{"@context":"https:\/\/schema.org","@graph":[{"@type":"WebPage","@id":"https:\/\/president-ksgov.net\/fjalimi-i-presidentes-jahjaga-ne-takimin-e-peste-te-keshillit-kombetar-per-integrim-evropian-2\/","url":"https:\/\/president-ksgov.net\/fjalimi-i-presidentes-jahjaga-ne-takimin-e-peste-te-keshillit-kombetar-per-integrim-evropian-2\/","name":"Govor Predsednice Jahjaga na petom sastanku Nacionalnog Ve\u0107a za Evropsku Integraciju - Predsednik Republike Kosovo - DR. VJOSA OSMANI - SADRIU","isPartOf":{"@id":"https:\/\/president-ksgov.net\/#website"},"primaryImageOfPage":{"@id":"https:\/\/president-ksgov.net\/fjalimi-i-presidentes-jahjaga-ne-takimin-e-peste-te-keshillit-kombetar-per-integrim-evropian-2\/#primaryimage"},"image":{"@id":"https:\/\/president-ksgov.net\/fjalimi-i-presidentes-jahjaga-ne-takimin-e-peste-te-keshillit-kombetar-per-integrim-evropian-2\/#primaryimage"},"thumbnailUrl":"https:\/\/president-ksgov.net\/wp-content\/uploads\/07_10_2013_342087_07_10_2013_Keshilli_per_Integrime_Evropiane_0.jpg","datePublished":"2013-10-07T16:12:36+00:00","dateModified":"2013-10-07T16:12:36+00:00","author":{"@id":"https:\/\/president-ksgov.net\/#\/schema\/person\/bb4337a5fb147cb2046d80548172cbee"},"description":"Govor Predsednice Jahjaga na petom sastanku Nacionalnog Ve\u0107a za Evropsku Integraciju - Predsednik Republike Kosovo - DR. VJOSA OSMANI - SADRIU -","breadcrumb":{"@id":"https:\/\/president-ksgov.net\/fjalimi-i-presidentes-jahjaga-ne-takimin-e-peste-te-keshillit-kombetar-per-integrim-evropian-2\/#breadcrumb"},"inLanguage":"sr-RS","potentialAction":[{"@type":"ReadAction","target":["https:\/\/president-ksgov.net\/fjalimi-i-presidentes-jahjaga-ne-takimin-e-peste-te-keshillit-kombetar-per-integrim-evropian-2\/"]}]},{"@type":"ImageObject","inLanguage":"sr-RS","@id":"https:\/\/president-ksgov.net\/fjalimi-i-presidentes-jahjaga-ne-takimin-e-peste-te-keshillit-kombetar-per-integrim-evropian-2\/#primaryimage","url":"https:\/\/president-ksgov.net\/wp-content\/uploads\/07_10_2013_342087_07_10_2013_Keshilli_per_Integrime_Evropiane_0.jpg","contentUrl":"https:\/\/president-ksgov.net\/wp-content\/uploads\/07_10_2013_342087_07_10_2013_Keshilli_per_Integrime_Evropiane_0.jpg","width":1000,"height":626},{"@type":"BreadcrumbList","@id":"https:\/\/president-ksgov.net\/fjalimi-i-presidentes-jahjaga-ne-takimin-e-peste-te-keshillit-kombetar-per-integrim-evropian-2\/#breadcrumb","itemListElement":[{"@type":"ListItem","position":1,"name":"Home","item":"https:\/\/president-ksgov.net\/sr\/"},{"@type":"ListItem","position":2,"name":"Govor Predsednice Jahjaga na petom sastanku Nacionalnog Ve\u0107a za Evropsku Integraciju"}]},{"@type":"WebSite","@id":"https:\/\/president-ksgov.net\/#website","url":"https:\/\/president-ksgov.net\/","name":"Presidente e Republik\u00ebs s\u00eb Kosov\u00ebs","description":"Presidente e Republik\u00ebs s\u00eb Kosov\u00ebs","alternateName":"DR. VJOSA OSMANI - SADRIU","potentialAction":[{"@type":"SearchAction","target":{"@type":"EntryPoint","urlTemplate":"https:\/\/president-ksgov.net\/?s={search_term_string}"},"query-input":{"@type":"PropertyValueSpecification","valueRequired":true,"valueName":"search_term_string"}}],"inLanguage":"sr-RS"},{"@type":"Person","@id":"https:\/\/president-ksgov.net\/#\/schema\/person\/bb4337a5fb147cb2046d80548172cbee","name":"admin","image":{"@type":"ImageObject","inLanguage":"sr-RS","@id":"https:\/\/president-ksgov.net\/#\/schema\/person\/image\/","url":"https:\/\/secure.gravatar.com\/avatar\/36156ca0fa3b8d9d25174f146e16beea0cf28f37adf1b9e19b6c9c279a7c9dd3?s=96&d=mm&r=g","contentUrl":"https:\/\/secure.gravatar.com\/avatar\/36156ca0fa3b8d9d25174f146e16beea0cf28f37adf1b9e19b6c9c279a7c9dd3?s=96&d=mm&r=g","caption":"admin"},"sameAs":["https:\/\/president-ksgov.net"]}]}},"_links":{"self":[{"href":"https:\/\/president-ksgov.net\/sr\/wp-json\/wp\/v2\/posts\/78215","targetHints":{"allow":["GET"]}}],"collection":[{"href":"https:\/\/president-ksgov.net\/sr\/wp-json\/wp\/v2\/posts"}],"about":[{"href":"https:\/\/president-ksgov.net\/sr\/wp-json\/wp\/v2\/types\/post"}],"author":[{"embeddable":true,"href":"https:\/\/president-ksgov.net\/sr\/wp-json\/wp\/v2\/users\/1"}],"replies":[{"embeddable":true,"href":"https:\/\/president-ksgov.net\/sr\/wp-json\/wp\/v2\/comments?post=78215"}],"version-history":[{"count":0,"href":"https:\/\/president-ksgov.net\/sr\/wp-json\/wp\/v2\/posts\/78215\/revisions"}],"wp:featuredmedia":[{"embeddable":true,"href":"https:\/\/president-ksgov.net\/sr\/wp-json\/wp\/v2\/media\/49107"}],"wp:attachment":[{"href":"https:\/\/president-ksgov.net\/sr\/wp-json\/wp\/v2\/media?parent=78215"}],"wp:term":[{"taxonomy":"category","embeddable":true,"href":"https:\/\/president-ksgov.net\/sr\/wp-json\/wp\/v2\/categories?post=78215"},{"taxonomy":"post_tag","embeddable":true,"href":"https:\/\/president-ksgov.net\/sr\/wp-json\/wp\/v2\/tags?post=78215"}],"curies":[{"name":"wp","href":"https:\/\/api.w.org\/{rel}","templated":true}]}}