{"id":78140,"date":"2013-11-18T13:09:26","date_gmt":"2013-11-18T13:09:26","guid":{"rendered":"https:\/\/dev.president-ksgov.net\/predsednica-atifete-jahjaga-docekala-predsednika-konfederacije-vajcarske-ueli-maurer\/"},"modified":"2013-11-18T13:09:26","modified_gmt":"2013-11-18T13:09:26","slug":"predsednica-atifete-jahjaga-docekala-predsednika-konfederacije-vajcarske-ueli-maurer","status":"publish","type":"post","link":"https:\/\/president-ksgov.net\/sr\/predsednica-atifete-jahjaga-docekala-predsednika-konfederacije-vajcarske-ueli-maurer\/","title":{"rendered":"Predsednica Atifete Jahjaga do\u010dekala predsednika Konfederacije &#138;vajcarske, Ueli Maurer"},"content":{"rendered":"<p>Predsednica Republike Kosovo, gospo\u0111a Atifete Jahjaga danas je do\u010dekala na sastanak predsednika Konfederacije &#352;vajcarske, g. Ueli Maurer.<\/p>\n<p>Predsednica Jahjaga i Predsednika Maurer su razgovaralo o razvoju dogadaju Republike Kosovo i &#352;vajcarske su jako dobri i dodali su da saradnja izmedu dve zemlje ce se i nadalje razvijati, sa posebnim naglaskom u oblasti ekonomskog razvoja i investicija.<\/p>\n<p>Nakon sastanka, Predsednica Jahjaga i Predsednik Maurer su dali izjave pred novinarima, koje prenosimo u celosti:<\/p>\n<p>Predsednica Jahjaga: Sa predsednikom Konfederacije &#352;vajcarske, g.Ueli Maurer, smo imali jedan vrlo prijateljski i srdacni razgovor. Kosovo i &#352;vajcarska imaju jednu dugu istoriju medusobne veze i ja u ime gradana Republike Kosovo i institucija zemlje, sam izrazila zahvalnost Predsedniku Maurer za pomoc koju je &#352;vajcarska dala Kosovu, u otvaranju novog poglavlja dr&#382;avotvornosti i jednog sve obuhvatanog demokratskog dru&#353;tva.<\/p>\n<p>Jo&#353; pre 14 godine, mirotvorne snage &#352;vajcarske, u okviru Snaga FNATO-a, su pomogle uspostavljanje mira i jedne bezbedne &#382;ivotne sredine za gradane Kosova, dokazujuci\u00a0\u00a0 posvecenje za izgradnju naprednog Kosova.<\/p>\n<p>Pomoc &#353;vajcarskih snaga nastavlja biti neophodna za stabilizaciju Kosova i njenom kretanja na putu evropsko-atlantskih integracija i izgradnje na&#353;ih bezbednosnih kapaciteta.<br \/>\nVeze izmedu dve na&#353;e zemlje su neraskidive, jer &#352;vajcarska je vec celih decenija pokazala spremnost da poma&#382;e gradanima Kosova, prihvatanjem jednog broja na&#353;ih sunarodnika, koji su danas integrirani i s po&#353;tovanjem &#382;ive i rade dostojanstveno u &#352;vajcarsku i postali su jak most povezivanja izmedu na&#353;ih dveju zemalja. <\/p>\n<p>&#352;vajcarska Konfederacija je medu prvima priznala nezavisnost Kosova te je pomogla konsolidaciju na&#353;e dr&#382;avnosti davanjem podr&#353;ke za proces kroz koji prolazi zemlja.<\/p>\n<p>Kosovo danas nastavlja biti jedan va&#382;an faktor mira i dobrosusedstva u regionu i to je dokazala i sa njenim potpunim anga&#382;ovanjem u pregovorima u Brisel sa Republikom Srbijom, postizanjem sporazuma za normalizaciju odnosa izmedu dve dr&#382;ave. Put evropskih integracija prolazi kroz potpunu normalizaciju medudr&#382;avnih odnosa i potpuno sprovodenje svih onih do sada postignutih sporazuma.<br \/>\nRepublika Kosovo je dr&#382;ava svih njenih ravnopravnih gradana gde ustavno i zakonsko pravo treba da koriste svi obuhvatajuci i gradane srpske zajednice koji &#382;ive na severu zemlje. Lokalnim izborima koji su juce zavr&#353;eni u severnom delu teritorija zemlje, zakljucujemo proces integracije svih zajednica , i srpske zajednice koja &#382;ivi na severu, u institucije i dru&#353;tvo Kosova i zakljucujemo poglavlje suceljavanja sa suprotnostima u zemlji. Komunalni izbori ce dokazati kompaktnost zemlje i istovremeno zakljuciti proces unutra&#353;nje integracije da bi se po&#382;rtvovano nastavilo poglavlje evropske integracije. Ovaj put nas spaja sve -Gradane zemlje &#8211; bez razlike.<br \/>\n\u00a0<br \/>\nPredsednik: Gospoda Predsednice, po&#353;tovane dame i gospodo, zahvaljujem vam jo&#353; jednom za ovaj prijateljski i srdacan docek.<br \/>\n\u00a0<br \/>\n&#352;vajcarsku i Kosovo povezuje vi&#353;e prijateljstva. Istovremeno, vi znate da iznad 170 hiljada gradana Kosova &#382;ivi u &#352;vajcarsku. U meduvremenu su integrirani, postali su gradani &#352;vajcarske i to cini odnos &#352;vajcarske i Kosova jo&#353; specificnijim.<\/p>\n<p>Da bi smo rekli u zgradama, pola na&#353;e nacionalne reprezentacije cini va&#353;a zajednica, tako da zaista i kvalifikacija za Brazil je osigurana zahvaljujuci va&#353;im\u00a0 sugradanima. &#352;aciri je zaista postao primer za sve gradane Kosova a isto tako i za gradane &#352;vajcarske. <\/p>\n<p>Medutim, ja sam ovde pre svega da razgovaramo oko na&#353;e saradnje u buduce. Sigurno da &#352;vajcarska je jo&#353; uvek zainteresovana da doprinosi daljnjoj izgradnji Republike Kosovo.<\/p>\n<p>&#381;elim da vam cestitam za svaki uspeh i napredak koji ste postigli. Oni koji retko dolaze na Kosovu primecuju najbolje ove promene, tako da zaista sam danas imao priliku da to vidim.<\/p>\n<p>Za &#352;vajcarsku i privredu &#352;vajcarske potrebna je jo&#353; veca politicka stabilnost i u oblasti bezbednosti u ovoj zemlji, kako bi Kosovo postalo privlacna za investicije i iz &#352;vajcarske.\u00a0\u00a0\u00a0\u00a0\u00a0\u00a0\u00a0\u00a0\u00a0\u00a0\u00a0\u00a0\u00a0\u00a0\u00a0\u00a0\u00a0\u00a0\u00a0\u00a0\u00a0\u00a0\u00a0\u00a0\u00a0\u00a0\u00a0\u00a0\u00a0\u00a0\u00a0\u00a0\u00a0\u00a0\u00a0\u00a0\u00a0\u00a0\u00a0\u00a0\u00a0\u00a0\u00a0\u00a0\u00a0\u00a0\u00a0\u00a0\u00a0\u00a0\u00a0\u00a0\u00a0\u00a0\u00a0\u00a0\u00a0\u00a0\u00a0\u00a0\u00a0\u00a0\u00a0\u00a0\u00a0\u00a0\u00a0\u00a0\u00a0\u00a0\u00a0\u00a0\u00a0\u00a0\u00a0\u00a0\u00a0\u00a0\u00a0\u00a0\u00a0\u00a0\u00a0\u00a0\u00a0\u00a0\u00a0\u00a0\u00a0\u00a0\u00a0\u00a0\u00a0\u00a0\u00a0\u00a0\u00a0\u00a0\u00a0\u00a0\u00a0\u00a0\u00a0\u00a0\u00a0\u00a0\u00a0\u00a0\u00a0\u00a0\u00a0\u00a0\u00a0\u00a0\u00a0\u00a0 <\/p>\n<p>Medutim, i o ovoj oblasti su postignuti veliki uspesi, s toga &#382;elim jo&#353; jednom da cestitam Predsednicu za ceo ovaj napredak, ali i za licni imid&#382; koji u&#382;iva u svim medunarodnim nivoima.<br \/>\n\u00a0<br \/>\nOvo je va&#382;no jer osim ekonomske i one politicke stabilnosti, uvek su va&#382;ni licni kontakti, koji vi&#353;e uticu na daljnju podr&#353;ku.<br \/>\nIzme&#353;u dve zemlje imamo vi&#353;e bilateralnih sporazuma. Neki funkcioniraju jako dobro, dok kod nekih drugih treba da se radi jo&#353; vi&#353;e da bi funkcionirali kao treba.<\/p>\n<p>Saradnju izmedu dve zemlje mi iz &#352;vajcarske smatramo kao partnerstvo, dok sama rec partnerstvo znaci da ove strane daju ravnopravan doprinos ovoj saradnji.<\/p>\n<p>Ali, ipak verujem da smo na dobrom putu, iako verujem da treba jo&#353; mnogo koraka, medutim mi smo u meduvremenu stvorili jedan vrlo dobar licni i naravno institucionalni odnos, i nece biti problema.<br \/>\nI va&#353;oj dr&#382;avi u buduce &#382;elim zaista svako dobro i mnogo srece, dok Predsednici, posebno, zdravlje i srecu i obecavam vam da cemo ostati dobri partneri.<\/p>\n","protected":false},"excerpt":{"rendered":"<p>Predsednica Republike Kosovo, gospo\u0111a Atifete Jahjaga danas je do\u010dekala na sastanak predsednika Konfederacije &#352;vajcarske, g. Ueli Maurer.<\/p>\n","protected":false},"author":1,"featured_media":48224,"comment_status":"open","ping_status":"closed","sticky":false,"template":"","format":"standard","meta":{"_eb_attr":"","footnotes":""},"categories":[101],"tags":[],"class_list":["post-78140","post","type-post","status-publish","format-standard","has-post-thumbnail","hentry","category-vesti"],"yoast_head":"<!-- This site is optimized with the Yoast SEO plugin v23.5 - https:\/\/yoast.com\/wordpress\/plugins\/seo\/ -->\n<title>Predsednica Atifete Jahjaga do\u010dekala predsednika Konfederacije &#138;vajcarske, Ueli Maurer - Predsednik Republike Kosovo - DR. VJOSA OSMANI - SADRIU<\/title>\n<meta name=\"description\" content=\"Predsednica Atifete Jahjaga do\u010dekala predsednika Konfederacije &#138;vajcarske, Ueli Maurer - Predsednik Republike Kosovo - DR. VJOSA OSMANI - SADRIU -\" \/>\n<meta name=\"robots\" content=\"index, follow, max-snippet:-1, max-image-preview:large, max-video-preview:-1\" \/>\n<link rel=\"canonical\" href=\"https:\/\/president-ksgov.net\/presidentja-atifete-jahjaga-priti-presidentin-e-konfederates-se-zvicres-ueli-maurer\/\" \/>\n<meta property=\"og:locale\" content=\"sr_RS\" \/>\n<meta property=\"og:type\" content=\"article\" \/>\n<meta property=\"og:title\" content=\"Predsednica Atifete Jahjaga do\u010dekala predsednika Konfederacije &#138;vajcarske, Ueli Maurer - Predsednik Republike Kosovo - DR. VJOSA OSMANI - SADRIU\" \/>\n<meta property=\"og:description\" content=\"Predsednica Atifete Jahjaga do\u010dekala predsednika Konfederacije &#138;vajcarske, Ueli Maurer - Predsednik Republike Kosovo - DR. VJOSA OSMANI - SADRIU -\" \/>\n<meta property=\"og:url\" content=\"https:\/\/president-ksgov.net\/presidentja-atifete-jahjaga-priti-presidentin-e-konfederates-se-zvicres-ueli-maurer\/\" \/>\n<meta property=\"og:site_name\" content=\"Predsednik Republike Kosovo - DR. VJOSA OSMANI - SADRIU\" \/>\n<meta property=\"article:published_time\" content=\"2013-11-18T13:09:26+00:00\" \/>\n<meta property=\"og:image\" content=\"https:\/\/president-ksgov.net\/wp-content\/uploads\/18_11_2013_1782460_dan001.jpg\" \/>\n\t<meta property=\"og:image:width\" content=\"1024\" \/>\n\t<meta property=\"og:image:height\" content=\"516\" \/>\n\t<meta property=\"og:image:type\" content=\"image\/jpeg\" \/>\n<meta name=\"author\" content=\"admin\" \/>\n<meta name=\"twitter:card\" content=\"summary_large_image\" \/>\n<meta name=\"twitter:label1\" content=\"\u041d\u0430\u043f\u0438\u0441\u0430\u043d\u043e \u043e\u0434\" \/>\n\t<meta name=\"twitter:data1\" content=\"admin\" \/>\n\t<meta name=\"twitter:label2\" content=\"\u041f\u0440\u043e\u0446\u0435\u045a\u0435\u043d\u043e \u0432\u0440\u0435\u043c\u0435 \u0447\u0438\u0442\u0430\u045a\u0430\" \/>\n\t<meta name=\"twitter:data2\" content=\"4 \u043c\u0438\u043d\u0443\u0442\u0430\" \/>\n<script type=\"application\/ld+json\" class=\"yoast-schema-graph\">{\"@context\":\"https:\/\/schema.org\",\"@graph\":[{\"@type\":\"WebPage\",\"@id\":\"https:\/\/president-ksgov.net\/presidentja-atifete-jahjaga-priti-presidentin-e-konfederates-se-zvicres-ueli-maurer\/\",\"url\":\"https:\/\/president-ksgov.net\/presidentja-atifete-jahjaga-priti-presidentin-e-konfederates-se-zvicres-ueli-maurer\/\",\"name\":\"Predsednica Atifete Jahjaga do\u010dekala predsednika Konfederacije &#138;vajcarske, Ueli Maurer - Predsednik Republike Kosovo - DR. VJOSA OSMANI - SADRIU\",\"isPartOf\":{\"@id\":\"https:\/\/president-ksgov.net\/#website\"},\"primaryImageOfPage\":{\"@id\":\"https:\/\/president-ksgov.net\/presidentja-atifete-jahjaga-priti-presidentin-e-konfederates-se-zvicres-ueli-maurer\/#primaryimage\"},\"image\":{\"@id\":\"https:\/\/president-ksgov.net\/presidentja-atifete-jahjaga-priti-presidentin-e-konfederates-se-zvicres-ueli-maurer\/#primaryimage\"},\"thumbnailUrl\":\"https:\/\/president-ksgov.net\/wp-content\/uploads\/18_11_2013_1782460_dan001.jpg\",\"datePublished\":\"2013-11-18T13:09:26+00:00\",\"dateModified\":\"2013-11-18T13:09:26+00:00\",\"author\":{\"@id\":\"https:\/\/president-ksgov.net\/#\/schema\/person\/bb4337a5fb147cb2046d80548172cbee\"},\"description\":\"Predsednica Atifete Jahjaga do\u010dekala predsednika Konfederacije &#138;vajcarske, Ueli Maurer - Predsednik Republike Kosovo - DR. VJOSA OSMANI - SADRIU -\",\"breadcrumb\":{\"@id\":\"https:\/\/president-ksgov.net\/presidentja-atifete-jahjaga-priti-presidentin-e-konfederates-se-zvicres-ueli-maurer\/#breadcrumb\"},\"inLanguage\":\"sr-RS\",\"potentialAction\":[{\"@type\":\"ReadAction\",\"target\":[\"https:\/\/president-ksgov.net\/presidentja-atifete-jahjaga-priti-presidentin-e-konfederates-se-zvicres-ueli-maurer\/\"]}]},{\"@type\":\"ImageObject\",\"inLanguage\":\"sr-RS\",\"@id\":\"https:\/\/president-ksgov.net\/presidentja-atifete-jahjaga-priti-presidentin-e-konfederates-se-zvicres-ueli-maurer\/#primaryimage\",\"url\":\"https:\/\/president-ksgov.net\/wp-content\/uploads\/18_11_2013_1782460_dan001.jpg\",\"contentUrl\":\"https:\/\/president-ksgov.net\/wp-content\/uploads\/18_11_2013_1782460_dan001.jpg\",\"width\":1024,\"height\":516},{\"@type\":\"BreadcrumbList\",\"@id\":\"https:\/\/president-ksgov.net\/presidentja-atifete-jahjaga-priti-presidentin-e-konfederates-se-zvicres-ueli-maurer\/#breadcrumb\",\"itemListElement\":[{\"@type\":\"ListItem\",\"position\":1,\"name\":\"Home\",\"item\":\"https:\/\/president-ksgov.net\/sr\/\"},{\"@type\":\"ListItem\",\"position\":2,\"name\":\"Predsednica Atifete Jahjaga do\u010dekala predsednika Konfederacije &#138;vajcarske, Ueli Maurer\"}]},{\"@type\":\"WebSite\",\"@id\":\"https:\/\/president-ksgov.net\/#website\",\"url\":\"https:\/\/president-ksgov.net\/\",\"name\":\"Presidente e Republik\u00ebs s\u00eb Kosov\u00ebs\",\"description\":\"Presidente e Republik\u00ebs s\u00eb Kosov\u00ebs\",\"alternateName\":\"DR. VJOSA OSMANI - SADRIU\",\"potentialAction\":[{\"@type\":\"SearchAction\",\"target\":{\"@type\":\"EntryPoint\",\"urlTemplate\":\"https:\/\/president-ksgov.net\/?s={search_term_string}\"},\"query-input\":{\"@type\":\"PropertyValueSpecification\",\"valueRequired\":true,\"valueName\":\"search_term_string\"}}],\"inLanguage\":\"sr-RS\"},{\"@type\":\"Person\",\"@id\":\"https:\/\/president-ksgov.net\/#\/schema\/person\/bb4337a5fb147cb2046d80548172cbee\",\"name\":\"admin\",\"image\":{\"@type\":\"ImageObject\",\"inLanguage\":\"sr-RS\",\"@id\":\"https:\/\/president-ksgov.net\/#\/schema\/person\/image\/\",\"url\":\"https:\/\/secure.gravatar.com\/avatar\/36156ca0fa3b8d9d25174f146e16beea0cf28f37adf1b9e19b6c9c279a7c9dd3?s=96&d=mm&r=g\",\"contentUrl\":\"https:\/\/secure.gravatar.com\/avatar\/36156ca0fa3b8d9d25174f146e16beea0cf28f37adf1b9e19b6c9c279a7c9dd3?s=96&d=mm&r=g\",\"caption\":\"admin\"},\"sameAs\":[\"https:\/\/president-ksgov.net\"]}]}<\/script>\n<!-- \/ Yoast SEO plugin. -->","yoast_head_json":{"title":"Predsednica Atifete Jahjaga do\u010dekala predsednika Konfederacije &#138;vajcarske, Ueli Maurer - Predsednik Republike Kosovo - DR. VJOSA OSMANI - SADRIU","description":"Predsednica Atifete Jahjaga do\u010dekala predsednika Konfederacije &#138;vajcarske, Ueli Maurer - Predsednik Republike Kosovo - DR. VJOSA OSMANI - SADRIU -","robots":{"index":"index","follow":"follow","max-snippet":"max-snippet:-1","max-image-preview":"max-image-preview:large","max-video-preview":"max-video-preview:-1"},"canonical":"https:\/\/president-ksgov.net\/presidentja-atifete-jahjaga-priti-presidentin-e-konfederates-se-zvicres-ueli-maurer\/","og_locale":"sr_RS","og_type":"article","og_title":"Predsednica Atifete Jahjaga do\u010dekala predsednika Konfederacije &#138;vajcarske, Ueli Maurer - Predsednik Republike Kosovo - DR. VJOSA OSMANI - SADRIU","og_description":"Predsednica Atifete Jahjaga do\u010dekala predsednika Konfederacije &#138;vajcarske, Ueli Maurer - Predsednik Republike Kosovo - DR. VJOSA OSMANI - SADRIU -","og_url":"https:\/\/president-ksgov.net\/presidentja-atifete-jahjaga-priti-presidentin-e-konfederates-se-zvicres-ueli-maurer\/","og_site_name":"Predsednik Republike Kosovo - DR. VJOSA OSMANI - SADRIU","article_published_time":"2013-11-18T13:09:26+00:00","og_image":[{"width":1024,"height":516,"url":"https:\/\/president-ksgov.net\/wp-content\/uploads\/18_11_2013_1782460_dan001.jpg","type":"image\/jpeg"}],"author":"admin","twitter_card":"summary_large_image","twitter_misc":{"\u041d\u0430\u043f\u0438\u0441\u0430\u043d\u043e \u043e\u0434":"admin","\u041f\u0440\u043e\u0446\u0435\u045a\u0435\u043d\u043e \u0432\u0440\u0435\u043c\u0435 \u0447\u0438\u0442\u0430\u045a\u0430":"4 \u043c\u0438\u043d\u0443\u0442\u0430"},"schema":{"@context":"https:\/\/schema.org","@graph":[{"@type":"WebPage","@id":"https:\/\/president-ksgov.net\/presidentja-atifete-jahjaga-priti-presidentin-e-konfederates-se-zvicres-ueli-maurer\/","url":"https:\/\/president-ksgov.net\/presidentja-atifete-jahjaga-priti-presidentin-e-konfederates-se-zvicres-ueli-maurer\/","name":"Predsednica Atifete Jahjaga do\u010dekala predsednika Konfederacije &#138;vajcarske, Ueli Maurer - Predsednik Republike Kosovo - DR. VJOSA OSMANI - SADRIU","isPartOf":{"@id":"https:\/\/president-ksgov.net\/#website"},"primaryImageOfPage":{"@id":"https:\/\/president-ksgov.net\/presidentja-atifete-jahjaga-priti-presidentin-e-konfederates-se-zvicres-ueli-maurer\/#primaryimage"},"image":{"@id":"https:\/\/president-ksgov.net\/presidentja-atifete-jahjaga-priti-presidentin-e-konfederates-se-zvicres-ueli-maurer\/#primaryimage"},"thumbnailUrl":"https:\/\/president-ksgov.net\/wp-content\/uploads\/18_11_2013_1782460_dan001.jpg","datePublished":"2013-11-18T13:09:26+00:00","dateModified":"2013-11-18T13:09:26+00:00","author":{"@id":"https:\/\/president-ksgov.net\/#\/schema\/person\/bb4337a5fb147cb2046d80548172cbee"},"description":"Predsednica Atifete Jahjaga do\u010dekala predsednika Konfederacije &#138;vajcarske, Ueli Maurer - Predsednik Republike Kosovo - DR. VJOSA OSMANI - SADRIU -","breadcrumb":{"@id":"https:\/\/president-ksgov.net\/presidentja-atifete-jahjaga-priti-presidentin-e-konfederates-se-zvicres-ueli-maurer\/#breadcrumb"},"inLanguage":"sr-RS","potentialAction":[{"@type":"ReadAction","target":["https:\/\/president-ksgov.net\/presidentja-atifete-jahjaga-priti-presidentin-e-konfederates-se-zvicres-ueli-maurer\/"]}]},{"@type":"ImageObject","inLanguage":"sr-RS","@id":"https:\/\/president-ksgov.net\/presidentja-atifete-jahjaga-priti-presidentin-e-konfederates-se-zvicres-ueli-maurer\/#primaryimage","url":"https:\/\/president-ksgov.net\/wp-content\/uploads\/18_11_2013_1782460_dan001.jpg","contentUrl":"https:\/\/president-ksgov.net\/wp-content\/uploads\/18_11_2013_1782460_dan001.jpg","width":1024,"height":516},{"@type":"BreadcrumbList","@id":"https:\/\/president-ksgov.net\/presidentja-atifete-jahjaga-priti-presidentin-e-konfederates-se-zvicres-ueli-maurer\/#breadcrumb","itemListElement":[{"@type":"ListItem","position":1,"name":"Home","item":"https:\/\/president-ksgov.net\/sr\/"},{"@type":"ListItem","position":2,"name":"Predsednica Atifete Jahjaga do\u010dekala predsednika Konfederacije &#138;vajcarske, Ueli Maurer"}]},{"@type":"WebSite","@id":"https:\/\/president-ksgov.net\/#website","url":"https:\/\/president-ksgov.net\/","name":"Presidente e Republik\u00ebs s\u00eb Kosov\u00ebs","description":"Presidente e Republik\u00ebs s\u00eb Kosov\u00ebs","alternateName":"DR. VJOSA OSMANI - SADRIU","potentialAction":[{"@type":"SearchAction","target":{"@type":"EntryPoint","urlTemplate":"https:\/\/president-ksgov.net\/?s={search_term_string}"},"query-input":{"@type":"PropertyValueSpecification","valueRequired":true,"valueName":"search_term_string"}}],"inLanguage":"sr-RS"},{"@type":"Person","@id":"https:\/\/president-ksgov.net\/#\/schema\/person\/bb4337a5fb147cb2046d80548172cbee","name":"admin","image":{"@type":"ImageObject","inLanguage":"sr-RS","@id":"https:\/\/president-ksgov.net\/#\/schema\/person\/image\/","url":"https:\/\/secure.gravatar.com\/avatar\/36156ca0fa3b8d9d25174f146e16beea0cf28f37adf1b9e19b6c9c279a7c9dd3?s=96&d=mm&r=g","contentUrl":"https:\/\/secure.gravatar.com\/avatar\/36156ca0fa3b8d9d25174f146e16beea0cf28f37adf1b9e19b6c9c279a7c9dd3?s=96&d=mm&r=g","caption":"admin"},"sameAs":["https:\/\/president-ksgov.net"]}]}},"_links":{"self":[{"href":"https:\/\/president-ksgov.net\/sr\/wp-json\/wp\/v2\/posts\/78140","targetHints":{"allow":["GET"]}}],"collection":[{"href":"https:\/\/president-ksgov.net\/sr\/wp-json\/wp\/v2\/posts"}],"about":[{"href":"https:\/\/president-ksgov.net\/sr\/wp-json\/wp\/v2\/types\/post"}],"author":[{"embeddable":true,"href":"https:\/\/president-ksgov.net\/sr\/wp-json\/wp\/v2\/users\/1"}],"replies":[{"embeddable":true,"href":"https:\/\/president-ksgov.net\/sr\/wp-json\/wp\/v2\/comments?post=78140"}],"version-history":[{"count":0,"href":"https:\/\/president-ksgov.net\/sr\/wp-json\/wp\/v2\/posts\/78140\/revisions"}],"wp:featuredmedia":[{"embeddable":true,"href":"https:\/\/president-ksgov.net\/sr\/wp-json\/wp\/v2\/media\/48224"}],"wp:attachment":[{"href":"https:\/\/president-ksgov.net\/sr\/wp-json\/wp\/v2\/media?parent=78140"}],"wp:term":[{"taxonomy":"category","embeddable":true,"href":"https:\/\/president-ksgov.net\/sr\/wp-json\/wp\/v2\/categories?post=78140"},{"taxonomy":"post_tag","embeddable":true,"href":"https:\/\/president-ksgov.net\/sr\/wp-json\/wp\/v2\/tags?post=78140"}],"curies":[{"name":"wp","href":"https:\/\/api.w.org\/{rel}","templated":true}]}}