{"id":78108,"date":"2013-12-05T16:12:15","date_gmt":"2013-12-05T16:12:15","guid":{"rendered":"https:\/\/dev.president-ksgov.net\/predsednica-jahjaga-je-docekana-od-premijera-holandije-mark-rutte\/"},"modified":"2013-12-05T16:12:15","modified_gmt":"2013-12-05T16:12:15","slug":"predsednica-jahjaga-je-docekana-od-premijera-holandije-mark-rutte","status":"publish","type":"post","link":"https:\/\/president-ksgov.net\/sr\/predsednica-jahjaga-je-docekana-od-premijera-holandije-mark-rutte\/","title":{"rendered":"Predsednica Jahjaga je do\u010dekana od Premijera Holandije, Mark Rutte"},"content":{"rendered":"<p>Predsednica Republike Kosovo, gospo\u0111a Atifete Jahjaga, tokom posete Holandiji, danas je do\u010dekana od Premijera Holandije, gospodina Mark Rutte.<\/p>\n<p>Predsednica Jahjaga i Premijer Rutte su razgovarali o aktualnim zbivanjima na Kosovu, evropskoj perspektivi Kosova, procesu liberalizacije viza i odnosima izme\u0111u Republike Kosovo i Republike Srbije.<br \/>\nPredsednica Jahjaga se zahvalila Premijeru Rutte za svestranu podr&#353;ku Holandije, za pomo\u0107 holandskih trupa i za razne programe Vlade u vi&#353;e oblasti zadnje dve dekade.<\/p>\n<p>Ona je rekla da je Kosovo \u010dinilo pozama&#353;an napredak u stvaranju jedne sveobuhvatne dr&#382;ave, uz pomo\u0107 njenih me\u0111unarodnih partnera. Ona je tako\u0111e istakla va&#382;nost da Holandija nastavlja podr&#382;ati Kosovo na njenom putu evropske integracije i njenom odr&#382;ivom i ustrajnom razvoju.<\/p>\n<p>&#352;to se ti\u010de dijaloga sa Srbijom, Predsednica Jahjaga je rekla da je dijalog najbolji na\u010din na koji se doprinosi stabilnosti cele regije i istakla da postignuti sporazum izme\u0111u dve vlade je va&#382;an za kretanje obeju nezavisnih dr&#382;ava na putu ka evropskim integracijama. Ona je istakla da Evropska Zajednica treba da se anga&#382;uje za nadgledanje sprovo\u0111enja ovog sporazuma, uklju\u010duju\u0107i i Holandiju, &#353;to bi ujedno bilo i jedna vrsta ocene za perspektivu integracije Srbije u EZ-e.<\/p>\n<p>Predsednica Jahjaga re\u010de da je Kosovo posve\u0107ena za sprovo\u0111enje ovog sporazuma i istakla da je Kosovo ve\u0107 preduzela mnogo koraka koji se odnose na njegovo sprovo\u0111enje u praksu. Predsednica Jahjaga je obavestila Premijera Rutte i o urednom toku poslednjih lokalnih izbora na Kosovu, koje je ocenila kao slobodne i demokratske.<\/p>\n<p>Predsednica Jahjaga se zahvalila holandskom premijeru za stalnu podr&#353;ku Holandije za evropsku perspektivu Kosova i za po\u010detak pregovora za Sporazum Stabilizacije i Asociranja, proces taj koji je sna&#382;no podr&#382;an od svih dr&#382;ava \u010dlanica EZ-e.<\/p>\n<p>Predsednica Jahjaga je zatra&#382;ila podr&#353;ku Vlade Holandije za proces liberalizacije viza za gra\u0111ane Kosova i rekla da je Kosovo posve\u0107ena za ispunjavanje svih kriterija koji se tra&#382;e u ovome procesu,<\/p>\n<p>Premijer Holandije, gospodin Mark Rutte, je \u010destitao predsednici Jahjaga za dostignu\u0107a Kosova i visoko ocenio va&#382;nost postignutog sporazuma u dijalogu izme\u0111u Kosova i Srbije. On je rekao da je vrlo va&#382;an po\u010detak pregovora o Sporazumu za Stabilizaciju i Asociranje sa Kosovom, koji i podr&#382;ala i njegova zemlje i ceni da cela regija Zapadnog Balkana ima evropsku perspektivu. <\/p>\n<p>Holandski Premijer je istakao da sva dosada&#353;nja dostignu\u0107a, obuhvataju\u0107i i postignuti sporazum u Brisel te otvaranje pregovora o SSA, \u0107e pomo\u0107i i dati potporu unapre\u0111enju procesa na Kosovu. On je rekao da ekonomski razvoj i inostrane investicije su va&#382;ne za zemlju. Holandski premijer se interesovao i za ostala zbivanja na Kosovu, uklju\u010duju\u0107i i op&#353;tinske izbore koji su odr&#382;ani 1.decembra.<\/p>\n","protected":false},"excerpt":{"rendered":"<p>Predsednica Republike Kosovo, gospo\u0111a Atifete Jahjaga, tokom posete Holandiji, danas je do\u010dekana od Premijera Holandije, gospodina Mark Rutte.<\/p>\n","protected":false},"author":1,"featured_media":47830,"comment_status":"open","ping_status":"closed","sticky":false,"template":"","format":"standard","meta":{"_eb_attr":"","footnotes":""},"categories":[101],"tags":[],"class_list":["post-78108","post","type-post","status-publish","format-standard","has-post-thumbnail","hentry","category-vesti"],"yoast_head":"<!-- This site is optimized with the Yoast SEO plugin v23.5 - https:\/\/yoast.com\/wordpress\/plugins\/seo\/ -->\n<title>Predsednica Jahjaga je do\u010dekana od Premijera Holandije, Mark Rutte - Predsednik Republike Kosovo - DR. VJOSA OSMANI - SADRIU<\/title>\n<meta name=\"description\" content=\"Predsednica Jahjaga je do\u010dekana od Premijera Holandije, Mark Rutte - Predsednik Republike Kosovo - DR. VJOSA OSMANI - SADRIU -\" \/>\n<meta name=\"robots\" content=\"index, follow, max-snippet:-1, max-image-preview:large, max-video-preview:-1\" \/>\n<link rel=\"canonical\" href=\"https:\/\/president-ksgov.net\/presidentja-jahjaga-u-prit-nga-kryeministri-i-holandes-mark-rutte\/\" \/>\n<meta property=\"og:locale\" content=\"sr_RS\" \/>\n<meta property=\"og:type\" content=\"article\" \/>\n<meta property=\"og:title\" content=\"Predsednica Jahjaga je do\u010dekana od Premijera Holandije, Mark Rutte - Predsednik Republike Kosovo - DR. VJOSA OSMANI - SADRIU\" \/>\n<meta property=\"og:description\" content=\"Predsednica Jahjaga je do\u010dekana od Premijera Holandije, Mark Rutte - Predsednik Republike Kosovo - DR. VJOSA OSMANI - SADRIU -\" \/>\n<meta property=\"og:url\" content=\"https:\/\/president-ksgov.net\/presidentja-jahjaga-u-prit-nga-kryeministri-i-holandes-mark-rutte\/\" \/>\n<meta property=\"og:site_name\" content=\"Predsednik Republike Kosovo - DR. VJOSA OSMANI - SADRIU\" \/>\n<meta property=\"article:published_time\" content=\"2013-12-05T16:12:15+00:00\" \/>\n<meta property=\"og:image\" content=\"https:\/\/president-ksgov.net\/wp-content\/uploads\/05_12_2013_1474070_foto_me_kryeministrin_01.jpg\" \/>\n\t<meta property=\"og:image:width\" content=\"1024\" \/>\n\t<meta property=\"og:image:height\" content=\"728\" \/>\n\t<meta property=\"og:image:type\" content=\"image\/jpeg\" \/>\n<meta name=\"author\" content=\"admin\" \/>\n<meta name=\"twitter:card\" content=\"summary_large_image\" \/>\n<meta name=\"twitter:label1\" content=\"\u041d\u0430\u043f\u0438\u0441\u0430\u043d\u043e \u043e\u0434\" \/>\n\t<meta name=\"twitter:data1\" content=\"admin\" \/>\n\t<meta name=\"twitter:label2\" content=\"\u041f\u0440\u043e\u0446\u0435\u045a\u0435\u043d\u043e \u0432\u0440\u0435\u043c\u0435 \u0447\u0438\u0442\u0430\u045a\u0430\" \/>\n\t<meta name=\"twitter:data2\" content=\"2 \u043c\u0438\u043d\u0443\u0442\u0430\" \/>\n<script type=\"application\/ld+json\" class=\"yoast-schema-graph\">{\"@context\":\"https:\/\/schema.org\",\"@graph\":[{\"@type\":\"WebPage\",\"@id\":\"https:\/\/president-ksgov.net\/presidentja-jahjaga-u-prit-nga-kryeministri-i-holandes-mark-rutte\/\",\"url\":\"https:\/\/president-ksgov.net\/presidentja-jahjaga-u-prit-nga-kryeministri-i-holandes-mark-rutte\/\",\"name\":\"Predsednica Jahjaga je do\u010dekana od Premijera Holandije, Mark Rutte - Predsednik Republike Kosovo - DR. VJOSA OSMANI - SADRIU\",\"isPartOf\":{\"@id\":\"https:\/\/president-ksgov.net\/#website\"},\"primaryImageOfPage\":{\"@id\":\"https:\/\/president-ksgov.net\/presidentja-jahjaga-u-prit-nga-kryeministri-i-holandes-mark-rutte\/#primaryimage\"},\"image\":{\"@id\":\"https:\/\/president-ksgov.net\/presidentja-jahjaga-u-prit-nga-kryeministri-i-holandes-mark-rutte\/#primaryimage\"},\"thumbnailUrl\":\"https:\/\/president-ksgov.net\/wp-content\/uploads\/05_12_2013_1474070_foto_me_kryeministrin_01.jpg\",\"datePublished\":\"2013-12-05T16:12:15+00:00\",\"dateModified\":\"2013-12-05T16:12:15+00:00\",\"author\":{\"@id\":\"https:\/\/president-ksgov.net\/#\/schema\/person\/bb4337a5fb147cb2046d80548172cbee\"},\"description\":\"Predsednica Jahjaga je do\u010dekana od Premijera Holandije, Mark Rutte - Predsednik Republike Kosovo - DR. VJOSA OSMANI - SADRIU -\",\"breadcrumb\":{\"@id\":\"https:\/\/president-ksgov.net\/presidentja-jahjaga-u-prit-nga-kryeministri-i-holandes-mark-rutte\/#breadcrumb\"},\"inLanguage\":\"sr-RS\",\"potentialAction\":[{\"@type\":\"ReadAction\",\"target\":[\"https:\/\/president-ksgov.net\/presidentja-jahjaga-u-prit-nga-kryeministri-i-holandes-mark-rutte\/\"]}]},{\"@type\":\"ImageObject\",\"inLanguage\":\"sr-RS\",\"@id\":\"https:\/\/president-ksgov.net\/presidentja-jahjaga-u-prit-nga-kryeministri-i-holandes-mark-rutte\/#primaryimage\",\"url\":\"https:\/\/president-ksgov.net\/wp-content\/uploads\/05_12_2013_1474070_foto_me_kryeministrin_01.jpg\",\"contentUrl\":\"https:\/\/president-ksgov.net\/wp-content\/uploads\/05_12_2013_1474070_foto_me_kryeministrin_01.jpg\",\"width\":1024,\"height\":728},{\"@type\":\"BreadcrumbList\",\"@id\":\"https:\/\/president-ksgov.net\/presidentja-jahjaga-u-prit-nga-kryeministri-i-holandes-mark-rutte\/#breadcrumb\",\"itemListElement\":[{\"@type\":\"ListItem\",\"position\":1,\"name\":\"Home\",\"item\":\"https:\/\/president-ksgov.net\/sr\/\"},{\"@type\":\"ListItem\",\"position\":2,\"name\":\"Predsednica Jahjaga je do\u010dekana od Premijera Holandije, Mark Rutte\"}]},{\"@type\":\"WebSite\",\"@id\":\"https:\/\/president-ksgov.net\/#website\",\"url\":\"https:\/\/president-ksgov.net\/\",\"name\":\"Presidente e Republik\u00ebs s\u00eb Kosov\u00ebs\",\"description\":\"Presidente e Republik\u00ebs s\u00eb Kosov\u00ebs\",\"alternateName\":\"DR. VJOSA OSMANI - SADRIU\",\"potentialAction\":[{\"@type\":\"SearchAction\",\"target\":{\"@type\":\"EntryPoint\",\"urlTemplate\":\"https:\/\/president-ksgov.net\/?s={search_term_string}\"},\"query-input\":{\"@type\":\"PropertyValueSpecification\",\"valueRequired\":true,\"valueName\":\"search_term_string\"}}],\"inLanguage\":\"sr-RS\"},{\"@type\":\"Person\",\"@id\":\"https:\/\/president-ksgov.net\/#\/schema\/person\/bb4337a5fb147cb2046d80548172cbee\",\"name\":\"admin\",\"image\":{\"@type\":\"ImageObject\",\"inLanguage\":\"sr-RS\",\"@id\":\"https:\/\/president-ksgov.net\/#\/schema\/person\/image\/\",\"url\":\"https:\/\/secure.gravatar.com\/avatar\/36156ca0fa3b8d9d25174f146e16beea0cf28f37adf1b9e19b6c9c279a7c9dd3?s=96&d=mm&r=g\",\"contentUrl\":\"https:\/\/secure.gravatar.com\/avatar\/36156ca0fa3b8d9d25174f146e16beea0cf28f37adf1b9e19b6c9c279a7c9dd3?s=96&d=mm&r=g\",\"caption\":\"admin\"},\"sameAs\":[\"https:\/\/president-ksgov.net\"]}]}<\/script>\n<!-- \/ Yoast SEO plugin. -->","yoast_head_json":{"title":"Predsednica Jahjaga je do\u010dekana od Premijera Holandije, Mark Rutte - Predsednik Republike Kosovo - DR. VJOSA OSMANI - SADRIU","description":"Predsednica Jahjaga je do\u010dekana od Premijera Holandije, Mark Rutte - Predsednik Republike Kosovo - DR. VJOSA OSMANI - SADRIU -","robots":{"index":"index","follow":"follow","max-snippet":"max-snippet:-1","max-image-preview":"max-image-preview:large","max-video-preview":"max-video-preview:-1"},"canonical":"https:\/\/president-ksgov.net\/presidentja-jahjaga-u-prit-nga-kryeministri-i-holandes-mark-rutte\/","og_locale":"sr_RS","og_type":"article","og_title":"Predsednica Jahjaga je do\u010dekana od Premijera Holandije, Mark Rutte - Predsednik Republike Kosovo - DR. VJOSA OSMANI - SADRIU","og_description":"Predsednica Jahjaga je do\u010dekana od Premijera Holandije, Mark Rutte - Predsednik Republike Kosovo - DR. VJOSA OSMANI - SADRIU -","og_url":"https:\/\/president-ksgov.net\/presidentja-jahjaga-u-prit-nga-kryeministri-i-holandes-mark-rutte\/","og_site_name":"Predsednik Republike Kosovo - DR. VJOSA OSMANI - SADRIU","article_published_time":"2013-12-05T16:12:15+00:00","og_image":[{"width":1024,"height":728,"url":"https:\/\/president-ksgov.net\/wp-content\/uploads\/05_12_2013_1474070_foto_me_kryeministrin_01.jpg","type":"image\/jpeg"}],"author":"admin","twitter_card":"summary_large_image","twitter_misc":{"\u041d\u0430\u043f\u0438\u0441\u0430\u043d\u043e \u043e\u0434":"admin","\u041f\u0440\u043e\u0446\u0435\u045a\u0435\u043d\u043e \u0432\u0440\u0435\u043c\u0435 \u0447\u0438\u0442\u0430\u045a\u0430":"2 \u043c\u0438\u043d\u0443\u0442\u0430"},"schema":{"@context":"https:\/\/schema.org","@graph":[{"@type":"WebPage","@id":"https:\/\/president-ksgov.net\/presidentja-jahjaga-u-prit-nga-kryeministri-i-holandes-mark-rutte\/","url":"https:\/\/president-ksgov.net\/presidentja-jahjaga-u-prit-nga-kryeministri-i-holandes-mark-rutte\/","name":"Predsednica Jahjaga je do\u010dekana od Premijera Holandije, Mark Rutte - Predsednik Republike Kosovo - DR. VJOSA OSMANI - SADRIU","isPartOf":{"@id":"https:\/\/president-ksgov.net\/#website"},"primaryImageOfPage":{"@id":"https:\/\/president-ksgov.net\/presidentja-jahjaga-u-prit-nga-kryeministri-i-holandes-mark-rutte\/#primaryimage"},"image":{"@id":"https:\/\/president-ksgov.net\/presidentja-jahjaga-u-prit-nga-kryeministri-i-holandes-mark-rutte\/#primaryimage"},"thumbnailUrl":"https:\/\/president-ksgov.net\/wp-content\/uploads\/05_12_2013_1474070_foto_me_kryeministrin_01.jpg","datePublished":"2013-12-05T16:12:15+00:00","dateModified":"2013-12-05T16:12:15+00:00","author":{"@id":"https:\/\/president-ksgov.net\/#\/schema\/person\/bb4337a5fb147cb2046d80548172cbee"},"description":"Predsednica Jahjaga je do\u010dekana od Premijera Holandije, Mark Rutte - Predsednik Republike Kosovo - DR. VJOSA OSMANI - SADRIU -","breadcrumb":{"@id":"https:\/\/president-ksgov.net\/presidentja-jahjaga-u-prit-nga-kryeministri-i-holandes-mark-rutte\/#breadcrumb"},"inLanguage":"sr-RS","potentialAction":[{"@type":"ReadAction","target":["https:\/\/president-ksgov.net\/presidentja-jahjaga-u-prit-nga-kryeministri-i-holandes-mark-rutte\/"]}]},{"@type":"ImageObject","inLanguage":"sr-RS","@id":"https:\/\/president-ksgov.net\/presidentja-jahjaga-u-prit-nga-kryeministri-i-holandes-mark-rutte\/#primaryimage","url":"https:\/\/president-ksgov.net\/wp-content\/uploads\/05_12_2013_1474070_foto_me_kryeministrin_01.jpg","contentUrl":"https:\/\/president-ksgov.net\/wp-content\/uploads\/05_12_2013_1474070_foto_me_kryeministrin_01.jpg","width":1024,"height":728},{"@type":"BreadcrumbList","@id":"https:\/\/president-ksgov.net\/presidentja-jahjaga-u-prit-nga-kryeministri-i-holandes-mark-rutte\/#breadcrumb","itemListElement":[{"@type":"ListItem","position":1,"name":"Home","item":"https:\/\/president-ksgov.net\/sr\/"},{"@type":"ListItem","position":2,"name":"Predsednica Jahjaga je do\u010dekana od Premijera Holandije, Mark Rutte"}]},{"@type":"WebSite","@id":"https:\/\/president-ksgov.net\/#website","url":"https:\/\/president-ksgov.net\/","name":"Presidente e Republik\u00ebs s\u00eb Kosov\u00ebs","description":"Presidente e Republik\u00ebs s\u00eb Kosov\u00ebs","alternateName":"DR. VJOSA OSMANI - SADRIU","potentialAction":[{"@type":"SearchAction","target":{"@type":"EntryPoint","urlTemplate":"https:\/\/president-ksgov.net\/?s={search_term_string}"},"query-input":{"@type":"PropertyValueSpecification","valueRequired":true,"valueName":"search_term_string"}}],"inLanguage":"sr-RS"},{"@type":"Person","@id":"https:\/\/president-ksgov.net\/#\/schema\/person\/bb4337a5fb147cb2046d80548172cbee","name":"admin","image":{"@type":"ImageObject","inLanguage":"sr-RS","@id":"https:\/\/president-ksgov.net\/#\/schema\/person\/image\/","url":"https:\/\/secure.gravatar.com\/avatar\/36156ca0fa3b8d9d25174f146e16beea0cf28f37adf1b9e19b6c9c279a7c9dd3?s=96&d=mm&r=g","contentUrl":"https:\/\/secure.gravatar.com\/avatar\/36156ca0fa3b8d9d25174f146e16beea0cf28f37adf1b9e19b6c9c279a7c9dd3?s=96&d=mm&r=g","caption":"admin"},"sameAs":["https:\/\/president-ksgov.net"]}]}},"_links":{"self":[{"href":"https:\/\/president-ksgov.net\/sr\/wp-json\/wp\/v2\/posts\/78108","targetHints":{"allow":["GET"]}}],"collection":[{"href":"https:\/\/president-ksgov.net\/sr\/wp-json\/wp\/v2\/posts"}],"about":[{"href":"https:\/\/president-ksgov.net\/sr\/wp-json\/wp\/v2\/types\/post"}],"author":[{"embeddable":true,"href":"https:\/\/president-ksgov.net\/sr\/wp-json\/wp\/v2\/users\/1"}],"replies":[{"embeddable":true,"href":"https:\/\/president-ksgov.net\/sr\/wp-json\/wp\/v2\/comments?post=78108"}],"version-history":[{"count":0,"href":"https:\/\/president-ksgov.net\/sr\/wp-json\/wp\/v2\/posts\/78108\/revisions"}],"wp:featuredmedia":[{"embeddable":true,"href":"https:\/\/president-ksgov.net\/sr\/wp-json\/wp\/v2\/media\/47830"}],"wp:attachment":[{"href":"https:\/\/president-ksgov.net\/sr\/wp-json\/wp\/v2\/media?parent=78108"}],"wp:term":[{"taxonomy":"category","embeddable":true,"href":"https:\/\/president-ksgov.net\/sr\/wp-json\/wp\/v2\/categories?post=78108"},{"taxonomy":"post_tag","embeddable":true,"href":"https:\/\/president-ksgov.net\/sr\/wp-json\/wp\/v2\/tags?post=78108"}],"curies":[{"name":"wp","href":"https:\/\/api.w.org\/{rel}","templated":true}]}}