{"id":78103,"date":"2013-12-10T10:58:19","date_gmt":"2013-12-10T10:58:19","guid":{"rendered":"https:\/\/dev.president-ksgov.net\/govor-predsednice-jahjaga-na-konferenciji-izazovi-upravljanja-2013-odranog-u-koli-blavatnik-univerziteta-oxford-2\/"},"modified":"2013-12-10T10:58:19","modified_gmt":"2013-12-10T10:58:19","slug":"govor-predsednice-jahjaga-na-konferenciji-izazovi-upravljanja-2013-odranog-u-koli-blavatnik-univerziteta-oxford-2","status":"publish","type":"post","link":"https:\/\/president-ksgov.net\/sr\/govor-predsednice-jahjaga-na-konferenciji-izazovi-upravljanja-2013-odranog-u-koli-blavatnik-univerziteta-oxford-2\/","title":{"rendered":"Govor Predsednice Jahjaga na Konferenciji &#8222;Izazovi Upravljanja 2013&#8220;, odr&#158;anog u &#138;koli Blavatnik Univerziteta Oxford"},"content":{"rendered":"<p>Predsednica Republike Kosovo, gospo\u0111a Atifete Jahjaga danas je imala izlaganje na konferenciji &#8222;Izazovi Upravljanja&#8220;, u &#352;koli Blavatnik Univerziteta Oxford u Velikoj Britaniji. Konferenciji na temu &#8222;Gra\u0111ani, vlast, politika&#8220;, traje dva dana. Predsednica Jahjaga je odr&#382;ala izlaganje na temu &#8222;Sveobuhvatna Policija&#8220; i odgovorila na nekoliko pitanja u\u010desnika u vezi zbivanja na Kosovu.<\/p>\n<p>U nastavku sledi izlaganje Predsednice Jahjaga u celosti:<\/p>\n<p>Posebno je zadovoljstvo biti danas ovde sa vama, danas, na otvaranju drugog dana pravovremene diskusije o uticaju onlajn aktiviranja i tehnolo&#353;kog napretka u raznim oblicima upravljanja i vladanja.<\/p>\n<p>Kao sada&#353;nja predsednica i jedan raniji vi&#353;i oficir snaga za sprovo\u0111enje zakona, ja dolazim na ovu debatu sa jednim ube\u0111enjem o realnom uticaju koji je tehnologija imala na na\u010din kako razmi&#353;ljamo o demkratiji, bezbednosti i posebno obuhvatu, kao jedne od va&#382;nih komponenti izgradnje stabilnih i legitimnih institucija i ustrajnog dru&#353;tva. Na ja\u010danje dru&#353;tva i uspostavljanje temelja ekonomskog prosperiteta.<\/p>\n<p>Danas bi &#382;elela da delim sa vama moja gledi&#353;ta sa Kosova, najmla\u0111e dr&#382;ave Evrope koju ja predstavljam, koja je pro&#353;la jedan te&#382;ak period njene kasne istorije, koji period obuhvata rat od 1998 &#8211; 1999 godine i etni\u010dko \u010di&#353;\u0107enje polovine stanovni&#353;tva dr&#382;ave, humanitarnu intervenciju NATO-a, uspostavljanje protektorata UN i NATO-a koji je trajao takore\u010di jednu deceniju i progla&#353;enje njene nezavisnosti i suvereniteta, samo pre 5 godina, tj. 2008 godine.<\/p>\n<p>U zemlji, ovaj period je podrazumevao \u010dinjenicu da gra\u0111ani Kosova, u vremensko trajanje od dve decenije, su do&#382;iveli tektonske promene-od rata u mir, od diktature u demokratiju, od dru&#353;tvene ekonomije u kapitalizam i slobodno tr&#382;i&#353;te.<\/p>\n<p>Ovaj period je podrazumevao izgradnju fizi\u010dkih uni&#353;tavanja prouzrokovane sukobom, uspostavljanje jednog politi\u010dkog okvira, izgradnju po\u010detnih institucija zemlje koje \u0107e se prilagoditi novoj realnosti, obuhvataju\u0107i i one bezbednosne, da bi se izbegla mogu\u0107nost pojave vakuma bezbednosti i potencijala za haos kojeg\u00a0 je u sebi nosio doti\u010dni period.<\/p>\n<p>Tako\u0111e je podrazumevalo i ispoljavanje antagonizma i nepoverenje izme\u0111u etni\u010dkih zajednica i tenzije izme\u0111u nekada&#353;nje elite i novo do&#353;lih, te pritiska da se unutar novog sistema akomodiraju i integriraju svi.<\/p>\n<p>Izme\u0111u ovih konkurentnih prioriteta u jedno slomljeno dru&#353;tvo, koje samo &#353;to je bilo iza&#353;lo iz represije i rata, postalo je sve jasnije da Kosovo treba na\u0107i onu preko potrebnu politi\u010dku stabilnost da izbegne povratak ranijeg stanja, jer to je \u010desto pravilo kod dru&#353;tva proiza&#353;lih iz konflikata. Bio je imperativ izgradnja institucije otvorenih vrata. Institucije koje ne samo &#353;to bi odra&#382;avale njen multietni\u010dki i multikulturalni sadr&#382;aj, nego bi se razvile na taj na\u010din da uzimaju u obzir i kontekst njene pro&#353;losti i ambicije Kosova za budu\u0107nost.<\/p>\n<p>U pro&#353;losti, gra\u0111ani Kosova su &#382;iveli pod jednom nezamislivom represijom sprovedenu od dr&#382;avnog aparata Srbije, koji je u sebi sadr&#382;avao jednu vrlo politi\u010dki nastrojenu i brutalnu policijsku snagu,\u00a0 koja je gra\u0111ane proganjala po osnovu njihove etni\u010dke pripadnosti i politi\u010dkih gledi&#353;ta. U budu\u0107e, kao jedna nezavisna dr&#382;ava, Kosovo \u0107e zatra&#382;iti \u010dlanstvo u Evropsku Uniju i rukovodstva svih nivoa su jasno izrazila svoja opredeljenja za ispunjavanje preduslova vezanih za proces \u010dlanstva.<\/p>\n<p>Za jednu generaciju koja je rasla u jednom svetu poput onog Thomas Hobbes-a, uz puno straha i stalne opasnosti, bilo je va&#382;no da usredsredi ova anga&#382;ovanja na vladanje zakona i da ponovo po\u010dne proces obnove zajedno sa me\u0111unarodnom zajednicom uz fokusiranje na izgradnju doma\u0107ih kapaciteta, Policijsku snagu Kosova, kao jednog od stubova izlazne strategije me\u0111unarodnih promatra\u010da Kosova i jednog instrumenta u pravcu nezavisnosti Kosova.<\/p>\n<p>Iz kontekstualnih razloga, nije bio izazov samo izgradnja jedne profesionalne policijske snage nego i izgradnja poverenja gra\u0111ana Kosova za ovu instituciju i njenu uniformu, koja je asocirala sa nasiljem i bila je upotrebljena kao jedan instrument za represiju.<\/p>\n<p>Tokom ponovne izgradnje institucija Kosova mi smo tako\u0111e gradili poverenje ljudi u ove institucije. Mi smo znali da \u0107emo dobiti ovo poverenje samo uz pru&#382;anje bezbednosti i jednakih mogu\u0107nosti, bez obzira na etni\u010dku i rodnu pripadnost.<\/p>\n<p>Kroz ovo va&#382;no kretanje mi smo imali sre\u0107u da uz nas imamo na hiljade mu&#353;karaca i &#382;ena koji su radili pod okriljem Ujedinjenih Naroda, koji su sa sobom na Kosovu doneli najbolje prakse o tome kako da se izgradi jedna sposobna poverljiva policijska snaga, koja je &#382;elela da veruje na anga&#382;ovanje gra\u0111ana Kosova za izgradnju jedne druga\u010dije i sveobuhvatne zemlje.<\/p>\n<p>Tokom prvih meseci postojanja, mi smo tra&#382;ili da gradimo poverenje i legitimnost policijske snage kao institucije adresiranjem i oslanjanjem na tri glavna principa koji su garantovali obuhvatnost na osnovu sadr&#382;aja i tradicije Kosova, i u nastavku na osnovu njenog Ustava: 1) politi\u010dko pomirenje, 2) multietnicitet i multikulturalizam, 3) Rodni balans.<\/p>\n<p>Kao u vi&#353;e dru&#353;tva proiza&#353;lih iz sukoba, policijska snaga je pretvorena u klju\u010dnu instituciju za apsorpciju biv&#353;ih boraca Oslobodila\u010dke Vojske Kosova, koji su se borili za nezavisnost Kosova, jedan klju\u010dni proces koji je obezbedio demilitarizaciju gerilskih snaga i njihovo\u00a0 reintegriranje u civilni &#382;ivot.<\/p>\n<p>Ta snaga isto tako u svoje redove uklju\u010duje i biv&#353;e oficire policije koji su slu&#382;ili pod jednim sistemom predvo\u0111enog od socijalisti\u010dke Jugoslavije, koji su imali iskustva u policijskoj slu&#382;bi, koji su se ponovo obrazovali sa novim policijskim standardima, prema kojima je policija radila za za&#353;titu i u slu&#382;bi gra\u0111anima zemlje.<\/p>\n<p>Usprkos neprijateljstva koja su postojala izme\u0111u glavnih etni\u010dkih grupa Kosova, radi osiguranja prihvatanja od celokupnog spektra stanovni&#353;tva Kosova, imperativno je bilo da se regrutiraju pripadnici manjinskih zajednica i da se po\u010dinje sa zajedni\u010dkim patruliranjem u sredinama sa me&#353;ovitim stanovni&#353;tvom kako bi se prenela poruka da je policija Kosova odraz etni\u010dkog i kulturnog sastava Kosova, koja cilja gajiti multietnicitet kao osnovu nove dr&#382;ave.<\/p>\n<p>I kona\u010dno, po&#353;to je Policija Kosova jedna od prvih osnovanih institucija u zemlji, bilo je va&#382;no da se daje primer regrutacijom ve\u0107eg broja &#382;ena u ovoj slu&#382;bi. Anga&#382;ovanje da se stvara jedan rodni balans u okviru nje, ne samo da je sru&#353;ila neke pogre&#353;ne koncepcije oko tradicionalne uloge mu&#353;karaca i &#382;ena u jedno dru&#353;tvo koja jo&#353; uvek je patriarkalna, nego isto tako je pove\u0107alo poverenje u ovu instituciju demonstriraju\u0107i &#353;ta zna\u010di stvarati jednu instituciju predvo\u0111enu od sjajnih oficira a ne od tradicije.<\/p>\n<p>Iz tog razloga, osnovi jedne uspe&#353;ne policijske strategije koja je narodu Kosova donosila dobra i pretvorila Policiju Kosova u jednu od najpoverljivih institucija u zemlji su duboko usa\u0111ene u veze izme\u0111u policije i zajednice kao celine i u smislu \u010dinjenice da policajci su tu da za&#353;tite njihovu slobodu i za o\u010duvanje mira.<\/p>\n<p>Po&#353;tovani u\u010desnici konferecije,<\/p>\n<p>Dame i gospodo,<\/p>\n<p>Ovaj novi period integracija i u\u010de&#353;\u0107a, kao nikada ranije u instoriji \u010dove\u0107anstva, pru&#382;a nove mogu\u0107nosti saradnje, u kojoj su bitni obuhvatnost i diverzitet.<\/p>\n<p>U celom svetu, zemlje i ljudi, koji su istorijski podeljeni ili su ostavljeni na marginama putem sredstava\u00a0 ugnjetavanja, dru&#353;tvenom tradicijom ili predrasudma, ponovo zauzimaju za stolom mesto koje im pripada.<\/p>\n<p>Uz pomo\u0107 me\u0111unarodne zajednice, na vreme smo shvatili ovu cenjenu lekciju, koju je sveobuhvatnost donela institucijama Kosova. Glavnina se zasniva na \u010dinjenici da ova lekcija je primenjena u praksu tokom izgradnje Policijske snage Kosova, koja je pomogla u pru&#382;anju bezbednosti i dozvolila formiranje ostalih institucija i u stvaranju ose\u0107aja normalnosti na Kosovu, koja je ljudima pomogla da po\u010dinju obnoviti svoj &#382;ivot. Pru&#382;anje bezbednosti je predominantno pitanje, posebno kod dru&#353;tva koja prolaze kroz velike transformacije, ove koje su ostale u tranziciji i imaju tendencije za pojavu negativnih fenomena.<\/p>\n<p>Bezbednost koju je bila u stanje da ponudi policijska snaga stvorilo je potrebne uslove za pomirenje izme\u0111u suprotstavljenih zajednica.<\/p>\n<p>Kosovo je odlu\u010dna da se \u010dvrsto pridr&#382;ava ovim principima obuhvatnosti. Mi smo opredeljeni da branimo na&#353;u dugu tradiciju multikulturalizma i verske tolerancije. Nepokolebljivi smo u davanju jednakih prava, mogu\u0107nosti i odgovornosti svakom gra\u0111aninu. I odlu\u010dni smo da stvorimo jednu dr&#382;avu u kojoj mu&#353;karci i &#382;ene imaju mogu\u0107nosti da razviju svoj potpuni potencijal. Samo tada mo&#382;emo biti sigurni da smo Kosovo postavili na dobar put napretka, a to vredi za svaku dr&#382;avu.<\/p>\n","protected":false},"excerpt":{"rendered":"<p>Predsednica Republike Kosovo, gospo\u0111a Atifete Jahjaga danas je imala izlaganje na konferenciji &#8222;Izazovi Upravljanja&#8220;, u &#352;koli Blavatnik Univerziteta Oxford u Velikoj Britaniji. Konferenciji na temu &#8222;Gra\u0111ani, vlast, politika&#8220;, traje dva dana. Predsednica Jahjaga je odr&#382;ala izlaganje na temu &#8222;Sveobuhvatna Policija&#8220; i odgovorila na nekoliko pitanja u\u010desnika u vezi zbivanja na Kosovu.<\/p>\n","protected":false},"author":1,"featured_media":47745,"comment_status":"open","ping_status":"closed","sticky":false,"template":"","format":"standard","meta":{"_eb_attr":"","footnotes":""},"categories":[101],"tags":[],"class_list":["post-78103","post","type-post","status-publish","format-standard","has-post-thumbnail","hentry","category-vesti"],"yoast_head":"<!-- This site is optimized with the Yoast SEO plugin v23.5 - https:\/\/yoast.com\/wordpress\/plugins\/seo\/ -->\n<title>Govor Predsednice Jahjaga na Konferenciji &quot;Izazovi Upravljanja 2013&quot;, odr&#158;anog u &#138;koli Blavatnik Univerziteta Oxford - Predsednik Republike Kosovo - DR. VJOSA OSMANI - SADRIU<\/title>\n<meta name=\"description\" content=\"Govor Predsednice Jahjaga na Konferenciji &quot;Izazovi Upravljanja 2013&quot;, odr&#158;anog u &#138;koli Blavatnik Univerziteta Oxford - Predsednik Republike Kosovo - DR. VJOSA OSMANI - SADRIU -\" \/>\n<meta name=\"robots\" content=\"index, follow, max-snippet:-1, max-image-preview:large, max-video-preview:-1\" \/>\n<link rel=\"canonical\" href=\"https:\/\/president-ksgov.net\/fjala-e-presidentes-jahjaga-ne-konferencen-sfidat-e-qeverisjes-2013-te-mbajtur-ne-shkollen-blavatnik-te-universitetit-te-oxfordit-2\/\" \/>\n<meta property=\"og:locale\" content=\"sr_RS\" \/>\n<meta property=\"og:type\" content=\"article\" \/>\n<meta property=\"og:title\" content=\"Govor Predsednice Jahjaga na Konferenciji &quot;Izazovi Upravljanja 2013&quot;, odr&#158;anog u &#138;koli Blavatnik Univerziteta Oxford - Predsednik Republike Kosovo - DR. VJOSA OSMANI - SADRIU\" \/>\n<meta property=\"og:description\" content=\"Govor Predsednice Jahjaga na Konferenciji &quot;Izazovi Upravljanja 2013&quot;, odr&#158;anog u &#138;koli Blavatnik Univerziteta Oxford - Predsednik Republike Kosovo - DR. VJOSA OSMANI - SADRIU -\" \/>\n<meta property=\"og:url\" content=\"https:\/\/president-ksgov.net\/fjala-e-presidentes-jahjaga-ne-konferencen-sfidat-e-qeverisjes-2013-te-mbajtur-ne-shkollen-blavatnik-te-universitetit-te-oxfordit-2\/\" \/>\n<meta property=\"og:site_name\" content=\"Predsednik Republike Kosovo - DR. VJOSA OSMANI - SADRIU\" \/>\n<meta property=\"article:published_time\" content=\"2013-12-10T10:58:19+00:00\" \/>\n<meta property=\"og:image\" content=\"https:\/\/president-ksgov.net\/wp-content\/uploads\/10_12_2013_6035626_photo_110122013.jpg\" \/>\n\t<meta property=\"og:image:width\" content=\"1000\" \/>\n\t<meta property=\"og:image:height\" content=\"750\" \/>\n\t<meta property=\"og:image:type\" content=\"image\/jpeg\" \/>\n<meta name=\"author\" content=\"admin\" \/>\n<meta name=\"twitter:card\" content=\"summary_large_image\" \/>\n<meta name=\"twitter:label1\" content=\"\u041d\u0430\u043f\u0438\u0441\u0430\u043d\u043e \u043e\u0434\" \/>\n\t<meta name=\"twitter:data1\" content=\"admin\" \/>\n\t<meta name=\"twitter:label2\" content=\"\u041f\u0440\u043e\u0446\u0435\u045a\u0435\u043d\u043e \u0432\u0440\u0435\u043c\u0435 \u0447\u0438\u0442\u0430\u045a\u0430\" \/>\n\t<meta name=\"twitter:data2\" content=\"7 \u043c\u0438\u043d\u0443\u0442\u0430\" \/>\n<script type=\"application\/ld+json\" class=\"yoast-schema-graph\">{\"@context\":\"https:\/\/schema.org\",\"@graph\":[{\"@type\":\"WebPage\",\"@id\":\"https:\/\/president-ksgov.net\/fjala-e-presidentes-jahjaga-ne-konferencen-sfidat-e-qeverisjes-2013-te-mbajtur-ne-shkollen-blavatnik-te-universitetit-te-oxfordit-2\/\",\"url\":\"https:\/\/president-ksgov.net\/fjala-e-presidentes-jahjaga-ne-konferencen-sfidat-e-qeverisjes-2013-te-mbajtur-ne-shkollen-blavatnik-te-universitetit-te-oxfordit-2\/\",\"name\":\"Govor Predsednice Jahjaga na Konferenciji \\\"Izazovi Upravljanja 2013\\\", odr&#158;anog u &#138;koli Blavatnik Univerziteta Oxford - Predsednik Republike Kosovo - DR. VJOSA OSMANI - SADRIU\",\"isPartOf\":{\"@id\":\"https:\/\/president-ksgov.net\/#website\"},\"primaryImageOfPage\":{\"@id\":\"https:\/\/president-ksgov.net\/fjala-e-presidentes-jahjaga-ne-konferencen-sfidat-e-qeverisjes-2013-te-mbajtur-ne-shkollen-blavatnik-te-universitetit-te-oxfordit-2\/#primaryimage\"},\"image\":{\"@id\":\"https:\/\/president-ksgov.net\/fjala-e-presidentes-jahjaga-ne-konferencen-sfidat-e-qeverisjes-2013-te-mbajtur-ne-shkollen-blavatnik-te-universitetit-te-oxfordit-2\/#primaryimage\"},\"thumbnailUrl\":\"https:\/\/president-ksgov.net\/wp-content\/uploads\/10_12_2013_6035626_photo_110122013.jpg\",\"datePublished\":\"2013-12-10T10:58:19+00:00\",\"dateModified\":\"2013-12-10T10:58:19+00:00\",\"author\":{\"@id\":\"https:\/\/president-ksgov.net\/#\/schema\/person\/bb4337a5fb147cb2046d80548172cbee\"},\"description\":\"Govor Predsednice Jahjaga na Konferenciji \\\"Izazovi Upravljanja 2013\\\", odr&#158;anog u &#138;koli Blavatnik Univerziteta Oxford - Predsednik Republike Kosovo - DR. VJOSA OSMANI - SADRIU -\",\"breadcrumb\":{\"@id\":\"https:\/\/president-ksgov.net\/fjala-e-presidentes-jahjaga-ne-konferencen-sfidat-e-qeverisjes-2013-te-mbajtur-ne-shkollen-blavatnik-te-universitetit-te-oxfordit-2\/#breadcrumb\"},\"inLanguage\":\"sr-RS\",\"potentialAction\":[{\"@type\":\"ReadAction\",\"target\":[\"https:\/\/president-ksgov.net\/fjala-e-presidentes-jahjaga-ne-konferencen-sfidat-e-qeverisjes-2013-te-mbajtur-ne-shkollen-blavatnik-te-universitetit-te-oxfordit-2\/\"]}]},{\"@type\":\"ImageObject\",\"inLanguage\":\"sr-RS\",\"@id\":\"https:\/\/president-ksgov.net\/fjala-e-presidentes-jahjaga-ne-konferencen-sfidat-e-qeverisjes-2013-te-mbajtur-ne-shkollen-blavatnik-te-universitetit-te-oxfordit-2\/#primaryimage\",\"url\":\"https:\/\/president-ksgov.net\/wp-content\/uploads\/10_12_2013_6035626_photo_110122013.jpg\",\"contentUrl\":\"https:\/\/president-ksgov.net\/wp-content\/uploads\/10_12_2013_6035626_photo_110122013.jpg\",\"width\":1000,\"height\":750},{\"@type\":\"BreadcrumbList\",\"@id\":\"https:\/\/president-ksgov.net\/fjala-e-presidentes-jahjaga-ne-konferencen-sfidat-e-qeverisjes-2013-te-mbajtur-ne-shkollen-blavatnik-te-universitetit-te-oxfordit-2\/#breadcrumb\",\"itemListElement\":[{\"@type\":\"ListItem\",\"position\":1,\"name\":\"Home\",\"item\":\"https:\/\/president-ksgov.net\/sr\/\"},{\"@type\":\"ListItem\",\"position\":2,\"name\":\"Govor Predsednice Jahjaga na Konferenciji &#8220;Izazovi Upravljanja 2013&#8221;, odr&#158;anog u &#138;koli Blavatnik Univerziteta Oxford\"}]},{\"@type\":\"WebSite\",\"@id\":\"https:\/\/president-ksgov.net\/#website\",\"url\":\"https:\/\/president-ksgov.net\/\",\"name\":\"Presidente e Republik\u00ebs s\u00eb Kosov\u00ebs\",\"description\":\"Presidente e Republik\u00ebs s\u00eb Kosov\u00ebs\",\"alternateName\":\"DR. VJOSA OSMANI - SADRIU\",\"potentialAction\":[{\"@type\":\"SearchAction\",\"target\":{\"@type\":\"EntryPoint\",\"urlTemplate\":\"https:\/\/president-ksgov.net\/?s={search_term_string}\"},\"query-input\":{\"@type\":\"PropertyValueSpecification\",\"valueRequired\":true,\"valueName\":\"search_term_string\"}}],\"inLanguage\":\"sr-RS\"},{\"@type\":\"Person\",\"@id\":\"https:\/\/president-ksgov.net\/#\/schema\/person\/bb4337a5fb147cb2046d80548172cbee\",\"name\":\"admin\",\"image\":{\"@type\":\"ImageObject\",\"inLanguage\":\"sr-RS\",\"@id\":\"https:\/\/president-ksgov.net\/#\/schema\/person\/image\/\",\"url\":\"https:\/\/secure.gravatar.com\/avatar\/36156ca0fa3b8d9d25174f146e16beea0cf28f37adf1b9e19b6c9c279a7c9dd3?s=96&d=mm&r=g\",\"contentUrl\":\"https:\/\/secure.gravatar.com\/avatar\/36156ca0fa3b8d9d25174f146e16beea0cf28f37adf1b9e19b6c9c279a7c9dd3?s=96&d=mm&r=g\",\"caption\":\"admin\"},\"sameAs\":[\"https:\/\/president-ksgov.net\"]}]}<\/script>\n<!-- \/ Yoast SEO plugin. -->","yoast_head_json":{"title":"Govor Predsednice Jahjaga na Konferenciji \"Izazovi Upravljanja 2013\", odr&#158;anog u &#138;koli Blavatnik Univerziteta Oxford - Predsednik Republike Kosovo - DR. VJOSA OSMANI - SADRIU","description":"Govor Predsednice Jahjaga na Konferenciji \"Izazovi Upravljanja 2013\", odr&#158;anog u &#138;koli Blavatnik Univerziteta Oxford - Predsednik Republike Kosovo - DR. VJOSA OSMANI - SADRIU -","robots":{"index":"index","follow":"follow","max-snippet":"max-snippet:-1","max-image-preview":"max-image-preview:large","max-video-preview":"max-video-preview:-1"},"canonical":"https:\/\/president-ksgov.net\/fjala-e-presidentes-jahjaga-ne-konferencen-sfidat-e-qeverisjes-2013-te-mbajtur-ne-shkollen-blavatnik-te-universitetit-te-oxfordit-2\/","og_locale":"sr_RS","og_type":"article","og_title":"Govor Predsednice Jahjaga na Konferenciji \"Izazovi Upravljanja 2013\", odr&#158;anog u &#138;koli Blavatnik Univerziteta Oxford - Predsednik Republike Kosovo - DR. VJOSA OSMANI - SADRIU","og_description":"Govor Predsednice Jahjaga na Konferenciji \"Izazovi Upravljanja 2013\", odr&#158;anog u &#138;koli Blavatnik Univerziteta Oxford - Predsednik Republike Kosovo - DR. VJOSA OSMANI - SADRIU -","og_url":"https:\/\/president-ksgov.net\/fjala-e-presidentes-jahjaga-ne-konferencen-sfidat-e-qeverisjes-2013-te-mbajtur-ne-shkollen-blavatnik-te-universitetit-te-oxfordit-2\/","og_site_name":"Predsednik Republike Kosovo - DR. VJOSA OSMANI - SADRIU","article_published_time":"2013-12-10T10:58:19+00:00","og_image":[{"width":1000,"height":750,"url":"https:\/\/president-ksgov.net\/wp-content\/uploads\/10_12_2013_6035626_photo_110122013.jpg","type":"image\/jpeg"}],"author":"admin","twitter_card":"summary_large_image","twitter_misc":{"\u041d\u0430\u043f\u0438\u0441\u0430\u043d\u043e \u043e\u0434":"admin","\u041f\u0440\u043e\u0446\u0435\u045a\u0435\u043d\u043e \u0432\u0440\u0435\u043c\u0435 \u0447\u0438\u0442\u0430\u045a\u0430":"7 \u043c\u0438\u043d\u0443\u0442\u0430"},"schema":{"@context":"https:\/\/schema.org","@graph":[{"@type":"WebPage","@id":"https:\/\/president-ksgov.net\/fjala-e-presidentes-jahjaga-ne-konferencen-sfidat-e-qeverisjes-2013-te-mbajtur-ne-shkollen-blavatnik-te-universitetit-te-oxfordit-2\/","url":"https:\/\/president-ksgov.net\/fjala-e-presidentes-jahjaga-ne-konferencen-sfidat-e-qeverisjes-2013-te-mbajtur-ne-shkollen-blavatnik-te-universitetit-te-oxfordit-2\/","name":"Govor Predsednice Jahjaga na Konferenciji \"Izazovi Upravljanja 2013\", odr&#158;anog u &#138;koli Blavatnik Univerziteta Oxford - Predsednik Republike Kosovo - DR. VJOSA OSMANI - SADRIU","isPartOf":{"@id":"https:\/\/president-ksgov.net\/#website"},"primaryImageOfPage":{"@id":"https:\/\/president-ksgov.net\/fjala-e-presidentes-jahjaga-ne-konferencen-sfidat-e-qeverisjes-2013-te-mbajtur-ne-shkollen-blavatnik-te-universitetit-te-oxfordit-2\/#primaryimage"},"image":{"@id":"https:\/\/president-ksgov.net\/fjala-e-presidentes-jahjaga-ne-konferencen-sfidat-e-qeverisjes-2013-te-mbajtur-ne-shkollen-blavatnik-te-universitetit-te-oxfordit-2\/#primaryimage"},"thumbnailUrl":"https:\/\/president-ksgov.net\/wp-content\/uploads\/10_12_2013_6035626_photo_110122013.jpg","datePublished":"2013-12-10T10:58:19+00:00","dateModified":"2013-12-10T10:58:19+00:00","author":{"@id":"https:\/\/president-ksgov.net\/#\/schema\/person\/bb4337a5fb147cb2046d80548172cbee"},"description":"Govor Predsednice Jahjaga na Konferenciji \"Izazovi Upravljanja 2013\", odr&#158;anog u &#138;koli Blavatnik Univerziteta Oxford - Predsednik Republike Kosovo - DR. VJOSA OSMANI - SADRIU -","breadcrumb":{"@id":"https:\/\/president-ksgov.net\/fjala-e-presidentes-jahjaga-ne-konferencen-sfidat-e-qeverisjes-2013-te-mbajtur-ne-shkollen-blavatnik-te-universitetit-te-oxfordit-2\/#breadcrumb"},"inLanguage":"sr-RS","potentialAction":[{"@type":"ReadAction","target":["https:\/\/president-ksgov.net\/fjala-e-presidentes-jahjaga-ne-konferencen-sfidat-e-qeverisjes-2013-te-mbajtur-ne-shkollen-blavatnik-te-universitetit-te-oxfordit-2\/"]}]},{"@type":"ImageObject","inLanguage":"sr-RS","@id":"https:\/\/president-ksgov.net\/fjala-e-presidentes-jahjaga-ne-konferencen-sfidat-e-qeverisjes-2013-te-mbajtur-ne-shkollen-blavatnik-te-universitetit-te-oxfordit-2\/#primaryimage","url":"https:\/\/president-ksgov.net\/wp-content\/uploads\/10_12_2013_6035626_photo_110122013.jpg","contentUrl":"https:\/\/president-ksgov.net\/wp-content\/uploads\/10_12_2013_6035626_photo_110122013.jpg","width":1000,"height":750},{"@type":"BreadcrumbList","@id":"https:\/\/president-ksgov.net\/fjala-e-presidentes-jahjaga-ne-konferencen-sfidat-e-qeverisjes-2013-te-mbajtur-ne-shkollen-blavatnik-te-universitetit-te-oxfordit-2\/#breadcrumb","itemListElement":[{"@type":"ListItem","position":1,"name":"Home","item":"https:\/\/president-ksgov.net\/sr\/"},{"@type":"ListItem","position":2,"name":"Govor Predsednice Jahjaga na Konferenciji &#8220;Izazovi Upravljanja 2013&#8221;, odr&#158;anog u &#138;koli Blavatnik Univerziteta Oxford"}]},{"@type":"WebSite","@id":"https:\/\/president-ksgov.net\/#website","url":"https:\/\/president-ksgov.net\/","name":"Presidente e Republik\u00ebs s\u00eb Kosov\u00ebs","description":"Presidente e Republik\u00ebs s\u00eb Kosov\u00ebs","alternateName":"DR. VJOSA OSMANI - SADRIU","potentialAction":[{"@type":"SearchAction","target":{"@type":"EntryPoint","urlTemplate":"https:\/\/president-ksgov.net\/?s={search_term_string}"},"query-input":{"@type":"PropertyValueSpecification","valueRequired":true,"valueName":"search_term_string"}}],"inLanguage":"sr-RS"},{"@type":"Person","@id":"https:\/\/president-ksgov.net\/#\/schema\/person\/bb4337a5fb147cb2046d80548172cbee","name":"admin","image":{"@type":"ImageObject","inLanguage":"sr-RS","@id":"https:\/\/president-ksgov.net\/#\/schema\/person\/image\/","url":"https:\/\/secure.gravatar.com\/avatar\/36156ca0fa3b8d9d25174f146e16beea0cf28f37adf1b9e19b6c9c279a7c9dd3?s=96&d=mm&r=g","contentUrl":"https:\/\/secure.gravatar.com\/avatar\/36156ca0fa3b8d9d25174f146e16beea0cf28f37adf1b9e19b6c9c279a7c9dd3?s=96&d=mm&r=g","caption":"admin"},"sameAs":["https:\/\/president-ksgov.net"]}]}},"_links":{"self":[{"href":"https:\/\/president-ksgov.net\/sr\/wp-json\/wp\/v2\/posts\/78103","targetHints":{"allow":["GET"]}}],"collection":[{"href":"https:\/\/president-ksgov.net\/sr\/wp-json\/wp\/v2\/posts"}],"about":[{"href":"https:\/\/president-ksgov.net\/sr\/wp-json\/wp\/v2\/types\/post"}],"author":[{"embeddable":true,"href":"https:\/\/president-ksgov.net\/sr\/wp-json\/wp\/v2\/users\/1"}],"replies":[{"embeddable":true,"href":"https:\/\/president-ksgov.net\/sr\/wp-json\/wp\/v2\/comments?post=78103"}],"version-history":[{"count":0,"href":"https:\/\/president-ksgov.net\/sr\/wp-json\/wp\/v2\/posts\/78103\/revisions"}],"wp:featuredmedia":[{"embeddable":true,"href":"https:\/\/president-ksgov.net\/sr\/wp-json\/wp\/v2\/media\/47745"}],"wp:attachment":[{"href":"https:\/\/president-ksgov.net\/sr\/wp-json\/wp\/v2\/media?parent=78103"}],"wp:term":[{"taxonomy":"category","embeddable":true,"href":"https:\/\/president-ksgov.net\/sr\/wp-json\/wp\/v2\/categories?post=78103"},{"taxonomy":"post_tag","embeddable":true,"href":"https:\/\/president-ksgov.net\/sr\/wp-json\/wp\/v2\/tags?post=78103"}],"curies":[{"name":"wp","href":"https:\/\/api.w.org\/{rel}","templated":true}]}}