{"id":78099,"date":"2013-12-12T11:38:14","date_gmt":"2013-12-12T11:38:14","guid":{"rendered":"https:\/\/dev.president-ksgov.net\/godinji-govor-predsednice-jahjaga-u-skuptini-kosova\/"},"modified":"2023-03-08T09:03:45","modified_gmt":"2023-03-08T09:03:45","slug":"godinji-govor-predsednice-jahjaga-u-skuptini-kosova","status":"publish","type":"post","link":"https:\/\/president-ksgov.net\/sr\/godinji-govor-predsednice-jahjaga-u-skuptini-kosova\/","title":{"rendered":"Godi&#154;nji govor Predsednice Jahjaga u Skup&#154;tini Kosova"},"content":{"rendered":"<p>Posebna mi je \u010dast obratiti se vama gra\u0111ani Republike Kosovo i Skup&#353;tini, da predo\u010dimo dostignu\u0107a i izazove na&#353;e zemlje u ispunjavanju vizije za koju se niz generacija &#382;rtvovalo za ostvarivanje ovog  uzvi&#353;enog projekta koji je doneo mir i stabilnost za celu regiju Jugoisto\u010dne Evrope i za Evropu u celosti.<\/p>\n<p>Danas kada smo zavr&#353;ili jedan uspe&#353;an proces op&#353;tinskih izbora, mi zajedno nastojimo oceniti na&#353; rad i anga&#382;ovanje tokom jedne godine u izgradnji demokratskih vrednosti i za odredivanje na&#353;ih ciljeva za jednu blisku buducnost. <\/p>\n<p>Ovi izbori su dokazali smo da smo odgovorni u organizovanju i toku va&#382;nog izbornog procesa gde glas gradanina Republike Kosovo, kao njegovo sveto pravo, se dokazalo da je slobodno, izra&#382;avanje njihove volje ugradeno i u Ustav Republike Kosovo.<\/p>\n<p>Sada kada smo zavr&#353;ili jedan va&#382;an proces na&#353;ih anga&#382;ovanja za izgradnju pravne dr&#382;ave, sebi smo otvorili put evropskih integracija, jedne davne aspiracije gradana Kosova, bez razlike.<\/p>\n<p>Sa ovim izborima, koji su prvi put odr&#382;ani\u00a0 u celoj teritoriji zemlje, pribli&#382;ili smo na&#353;e gradane bli&#382;e jedan-drugom, i zapoceli smo integraciju svih zajednica u dru&#353;tvo i institucije zemlje.<\/p>\n<p>Ovo je zajednicki uspeh naroda, institucija i na&#353;ih medunarodnih partnera, koji je primer da se na&#353;e dru&#353;tvo mo&#382;e graditi na vrednostima i da se gradi dr&#382;ava na zakonskim nacelima. Kosovo treba da nastavlja biti kuca svih njenih gradana, gde tolerancija i razumevanje su njene osnovne vrednosti.<\/p>\n<p>Tokom ovog perioda, isto toliko koliko i du&#382; cele istorije postojanja Republike Kosovo, mi smo dokazali da smo jedna dr&#382;ava koja je posvecena za mir i stabilnost u region Jugoistocne Evrope nastojeci da prevazilazimo razlike pro&#353;losti davanjem primera za izgradnju medususednih odnosa.<\/p>\n<p>Nije bilo lako da se adresiraju izazovi i da se nalaze re&#353;enja. Ratne rane na Kosovu jo&#353; nisu izlecene, jer posledice koje je ostavio ovaj rat jo&#353; nisu\u00a0 prevazidene.<\/p>\n<p>Dijalog je jedini nacin za uspostavljanje mira i stabilnosti i za garantovanje napretka na&#353;e zemlje. Razumljivo je da smo u na&#353;e dru&#353;tvo imali oklevanja i suprotstavljanja za proces dijaloga koji treba da se zavr&#353;i Sporazumom o normalizaciji odnosa izmedu Republike Kosovo i Republike Srbije, koji obezbeduje mir i stabilnost i otvara put u pravcu evropske buducnosti.<\/p>\n<p>Neka smatramo Sporazum kao jedan nacin za kretanje napred i kao jedan na&#353; cilj za realizaciju te&#382;nje za integraciju zemlje, za ocuvanje na&#353;e celovitosti kao dr&#382;ave. I neka na nju ugledamo dobronamerno nastojanje na&#353;ih medunarodnih prijatelja, SAD-e i EZ-e, da nam pomognu da prevazidemo istoriju nasilja i nesporazuma otvarajuci nam novi prozor vecih mogucnosti.<\/p>\n<p>Ali ono &#353;to\u00a0 mi sada trebamo jeste potpuno sprovodenje Sporazuma o normalizaciji jer jedino tako on mo&#382;e imati smisao. I sprovodenje treba da se sprovede poglavlje za poglavljem, korak za korakom.<\/p>\n<p>Mi hocemo da se Sporazum nadgleda izbliza od EZ-e i svakako i SAD-e, koja je stala uz nas tokom\u00a0 svo vreme, kao &#353;to je vec dugo bila uz Kosovo, i u te&#353;ka vremena represije, i tokom rata ali posebno u izgradnji demokratske dr&#382;ave i dru&#353;tva. Mi &#382;elimo uspeh Sporazuma, jer on podrazumeva otvaranje perspektive za celu regiju i svakako jedan nepovratni\u00a0 put evropsko-atlantske integracije. Jer Sporazum podrazumeva\u00a0 stabilnost i ustrajnost u Jugoistocnu Evropu i jer ona garantuje pravnu dr&#382;avu.<\/p>\n<p>S toga Sporazum za normalizovanje odnosa\u00a0 i njegovo potpuno sprovodenje, putem mudunarodnog nadgledanja ovog procesa, tra&#382;imo da slu&#382;i kao uslovlavanje za evropsku integraciju Srbije. Otvaranje svakog poglavlja pregovora za clanstvo Srbije u EZ-e, bi trebalo da se oceni sa ucinjenim koracima na putu sprovodenja Sporazuma sa Kosovom.<\/p>\n<p>Dijalog sa Republikom Srbijom je va&#382;an za ispunjavanje kapaciteta Kosova za realizaciju na&#353;ih evropskih aspiracija, tokom kojeg procesa obezbedujemo integraciju svih zajednica. Dijalog sa na&#353;im gradanima svih zajednica, posebno srpske zajednice, jeste nastojanje za okoncanje poglavlja nepoverenja medu nama i za otvaranje novih poglavlja zasnovanih na poverenje\u00a0 i zajednicke ciljeve za jedan bolji &#382;ivot. S toga smo mi pru&#382;ili ruku saradnje srpskoj zajednici, koja &#382;ivi na jugu i severu reke Ibar.<\/p>\n<p>I sada smo odgovorni. Imamo odgovornost da pomognemo ovu zajednicu da &#382;ivi u jednoj sredini gde se po&#353;tuje red i zakon, da se oslobodi straha od kriminalaca koji su profitirali na njihovu &#353;tetu, i da se rukovode od lidera koji predstavljaju njihovu volju. S toga mi imamo odgovornost da zajedno izgradimo buducnost na&#353;e zemlje\u00a0 omougcavajuci integraciju svih gradana bez razlike.<\/p>\n<p>Da budemo jasni &#8211; Kosovo je zemlja gde se sprovodi ustavnost i zakonitost i gde svaki gradanin ima garantovana svoja prava i slobodu. Op&#353;tine Kosova mogu da poma&#382;u jedna-drugu, mogu sklapati partnerstva izmedu njih, ali bez ometanja demokratskog funkcioniranja institucija zemlje i bez stvaranja posebnih vlasti. Sve &#353;to zakonom pripada, bilo kojoj zajedinici,\u00a0 ce se sprovesti. Sve &#353;to je Ustavom garantovano ce se ispuniti. Neka otvrimo put re&#353;enjima koja se zasnivaju na\u00a0 zakone, i na&#353;e zakonske procedure.<\/p>\n<p>Odgovornost za na&#353;e kretanje u pravcu jednog boljeg &#382;ivota cemo zajedno snositi, jer je moguce da gradimo jednu bolju buducnost.<\/p>\n<p>Mi dokazujemo da je moguce da zajedno izgradimo na&#353;u buducnost. U ovoj na&#353;oj jedinstvenoj zemlji, mi ravnopravni gradani bez obzira na na&#353;u nacionalnu ili versku pripadnost, odgovorno te&#382;imo ka evropskim integracijama.<\/p>\n<p>Po&#353;tovani gradani Republike Kosovo,<br \/>\nPo&#353;tovani poslanici,<\/p>\n<p>Kosovo je danas zemlja koju je priznalo vi&#353;e od 100 dr&#382;ava sveta, koja je uspostavila bilateralne odnose sa niz dr&#382;ava i kao\u00a0 trajno stremljenje imamo clanstvo u medunarodne organizacije, ujedno postajuci clan EZ-e, OUN-a,\u00a0 i NATO-a, i svih ostalih medunarodnih organizma, jer je ovo na&#353;a buducnost i buducnost svake nezavisne dr&#382;ave. <\/p>\n<p>Na&#353;a integracija u EZ-e je moguca i to ce se postici, kada mi zaista shvatimo\u00a0 da najva&#382;nije poglavlje dr&#382;avotvornosti je vladanje zakona, pravna dr&#382;ava i ravnopravnost pred njim. EZ-e je otvorila mogucnost integracije za nas, putem pocetka pregovora o Sporazumu Stabilizacije i Asociranja i mi ocekujemo da ih zavr&#353;imo u prolece iduce godine. Pocetak ovog procesa je bio moguc zahvaljujuci &#353;irokom politickom konsenzusu\u00a0 oko evroske agende, dokazivanjem napretka u ispunjavanju bitnih reformi i uanga&#382;ovanje i napredovanje koje smo pokazali u dijalogu u Brisel.<\/p>\n<p>Sporazum o SA\u00a0 ce podr&#382;ati reforme u svim sektorima, ali ce u jedan dugorocnni period ce stvoriti nove mogucnosti u dinamici i konkurenciji na&#353;e privrede, da bi ona postigla svoj puni razvoujni potencijal.<\/p>\n<p>Posao jo&#353; nije okoncan da bi gradani na&#353;e zemlje mogli da u&#382;ivaju evropsku perspektivu, kao i gradani ostalih zemalja regiona. U proces liberalizacije viza , mada je va&#382;an napredak ucinjen u jedan broj blokova i u usvajanje zakonskog okvira, ima jo&#353; mnogo izazova koji ostaju, kao npr.efektivno sprovodenje zakonodavstva i borba protiv organizovanog kriminala i korupcije.<\/p>\n<p>Sada je vec jasno da liberalizacija viza za gradane Kosova nije samo pitanje glavnog grada Evropske zajednice, nego i preokupacija svake dr&#382;ave clanice jer se nadovezuje sa njihovim nacionalnim politikama. <\/p>\n<p>U svakoj zemlji EZ-e koju sam posetila i sa svakim evropskim liderom kojim sam se sretala,\u00a0 tra&#382;ila sam da se slobodno kretanje, kao jedno nepobitno pravo, se ne odbije gradanima Republike Kosovo.<\/p>\n<p>Mi ne tra&#382;imo jedan kraci put clanstva u EZ-e, ali smo zainteresovani da ispunimo sve obaveza u ovom procesu.\u00a0\u00a0\u00a0\u00a0\u00a0\u00a0\u00a0\u00a0\u00a0\u00a0\u00a0\u00a0\u00a0\u00a0\u00a0\u00a0\u00a0\u00a0\u00a0\u00a0\u00a0\u00a0\u00a0\u00a0\u00a0\u00a0\u00a0\u00a0\u00a0\u00a0\u00a0\u00a0\u00a0\u00a0\u00a0\u00a0\u00a0\u00a0\u00a0\u00a0\u00a0\u00a0\u00a0\u00a0\u00a0\u00a0\u00a0\u00a0\u00a0\u00a0\u00a0\u00a0\u00a0\u00a0\u00a0\u00a0\u00a0\u00a0\u00a0\u00a0\u00a0\u00a0\u00a0\u00a0\u00a0\u00a0\u00a0\u00a0\u00a0\u00a0\u00a0\u00a0\u00a0\u00a0\u00a0\u00a0\u00a0\u00a0\u00a0\u00a0\u00a0\u00a0\u00a0\u00a0\u00a0\u00a0\u00a0\u00a0\u00a0\u00a0\u00a0\u00a0\u00a0\u00a0\u00a0\u00a0\u00a0\u00a0\u00a0\u00a0\u00a0\u00a0\u00a0 Putem Nacionalnog Veca za Evropske Integracije smo vec usvojili Nacionalnu\u00a0 Strategiju za Integraciju, jednogodi&#353;nji poroces konsultacije uz &#353;ire uce&#353;ce svih institucija, politickih partija i civilnog dru&#353;tva.<\/p>\n<p>Proces integracije u EZ-e je najbolji putokaz za na&#353;u dru&#353;tvenu transformaciju i ova vizija nema alternativu. Svaki postupak koji mi preduzimamo, kao institucija i kao dru&#353;tvo, treba da odlucno bude orjentiran u pravcu potpune integracije u Evropsku Zajednicu.<\/p>\n<p>Na ovom\u00a0 putu mi cemo biti podr&#382;ani od EULEX-a, ka misija partnerstva na Kosovu, i va&#382;na za okoncanje zajednicki zapocetog posla za konsolidovanje vladanja zakona. <\/p>\n<p>Mi cemo nastaviti graditi cvrste i odgovorne domace mehanizme&#8211; sposobne i odlucne strukture, koje polazu racune za vladanje zakona, profesionalne institucije koje imaju poverenje na&#353;ih gradana. Postepeni prenos odgovornosti u oblasti vladanja zakona u institucije Republike Kosovo je povezana sa potpunom izgradnjom na&#353;ih kapaciteta u saradnji sa EULEX-om.<\/p>\n<p>Na&#353;e reforme pravnog sistema imaju za cilj stvaranje nezavisnih i efikasnih\u00a0 mehanizama koji jacaju poverenje na pravdu zemlje.<\/p>\n<p>Mi mo&#382;emo ciniti Kosovo razvijenom zemljom u Jugoistocnu Evropu, pretvarajuci je u najva&#382;niju raskrsnicu za sve zemlje ove regije, koja osigurava investitore da ce Kosovo braniti njihov kapital.<\/p>\n<p>Kosovu ce biti te&#353;ko graditi poverenje njenih gradana ukoliko borba protiv korupcije ne postaje prednost i ukoliko ona ne daje rezultate. Kosovu je te&#353;ko da menja ubedenje njenih gradana ukoliko korupcija ujeda njihovu buducnost.<\/p>\n<p>Dr&#382;avu su gradili gradani Kosova, oni ljudi koji su danas okrenuli pogled ka institucijama &#8211; i na centralnom i na lokalnom nivou, i ovde u ovo narodno mesto &#8211; da bi ugledali racunopolaganje na&#353;eg upravljanja i da vide korist koju za njih donosi dr&#382;ava koju grade.<\/p>\n<p>Mi smo se zakleli pred na&#353;im gradanima da cemo suzbiti korupciju do kraja uspostavljajuci prakse nulte tolerancije nad negativnim fenomenima. Sada je vreme za podno&#353;enje pred njima opipljivih rezultata. Treba nam doslednost, treba nam hrabrost i treba nam poverenje u sistem koji smo stvorili. <\/p>\n<p>Ova realnost u ocima sveta, ima svoj cilj da se integrira u Evropu, da se integrira u strukture Severno-Atlantske Alijanse. Ovo je moguce nakon &#353;to izvr&#353;imo svoje zadatke. I, na&#353; je zadaktak izgradnja ustrajne dr&#382;ave, nekorumpirane dr&#382;ave, dr&#382;ave gde je vladanje zakona osnov na&#353;e demokratije. Posveceni smo, stvorili smo mehanizme za suzbijanje negativnih fenomena u dru&#353;tvo, doneli smo i usvojili moderno zakonodavstvo i sada trebamo da poka&#382;emo efikasno sprovodenje zakona.<\/p>\n<p>Trebamo okoncati trend kvalifikacije na&#353;e zemlje kao jedne korumpirane zemlje sa organizovanim kriminalom, jer ne &#382;elimo da gledamo kako i&#353;cezavaju mogucnosti stranih investicija , onemogucavajuci na&#353; ekonomski razvoj. Mi trebamo prekinuti ovaj trend jer ne &#382;elimo da gledamo kako na&#353;i mladi be&#382;e iz zemlje u potrazi za boljim &#382;ivotom, izlo&#382;eci svoj fizicki opstanak opasnosti postajuci plen organizovanih kriminalnih grupa, koje ih transportuju iz svoje zemlje .. .<\/p>\n<p>Svako novo radno mesto zavisi od na&#353;e snage da zabranimo korupciju i organizovani kriminal.<\/p>\n<p>Jedan gradanin vi&#353;e bi &#382;eleo da nastavlja boraviti u zemlji da poma&#382;e njenom razvoju.<\/p>\n<p>Jedan korak napred u pravcu ekonomskog razvoja zavisi od na&#353;e volje da zaustavimo snagu korupcijie i organizovanog kriminala.<\/p>\n<p>Stotine malih investicija, i velikih, na&#353;ih gradana i onih inostranih, jednog naprednog sveta sa velikim potencijalom, su zavisili a i danas zavise od na&#353;e snage, volje,&#382;elje i mogucnosti za suzbijanje fenomena korupcije i od na&#353;e obaveze za svprovodenje zakona.<\/p>\n<p>Da pogledamo oko nas. Usprkos pote&#353;koca, na&#353;i mladi sijaju po svetu. Uskoro, digitalni diplomati Kosova u sopstvenoj inicijativi i upornosti doneli su jedno va&#382;no priznanje gradeci jedan novi imid&#382; za na&#353;u zemlju. Oni su samo jedna frakcija potencijala koji ima njihova generacija &#8211; ili oko 70% populacije Kosova koja je ispod 30 godina starosti.<\/p>\n<p>Dakle naprosto, buducnost je na na&#353;im rukama kao &#353;to je i mogucnost\u00a0 da korenito transformiramo Kosovo! Ja ne &#382;elim da to izgubimo! Verujem da niko to ne &#382;eli.<\/p>\n<p>Po&#353;tovani gradani Republike Kosovo,<br \/>\nSvi Mi &#8211; Gradani Republike Kosovo smo &#8211; ne samo jedan deo ove zemlje, nego svi Mi &#8211; ravnopravni gradani ove dr&#382;ave &#8211; koji treba da u&#382;ivamo ista i nepobitna prava, onako kako su ugradene u na&#353; Ustav.<\/p>\n<p>Mi smo, svi Mi, gradani Republike Kosovo, ljudi nezavisno od na&#353;e rodne pripadnosti &#8211; ljudi koji &#382;elimo da radimo i &#382;ivimo svaki dan sa ovom na&#353;om dr&#382;avom. S toga &#382;elimo vi&#353;e mogucnosti za &#353;kolovanje\u00a0 i vaspitanje za na&#353;e cerke. Jer su nedeljiv deo na&#353;eg dru&#353;tva.<\/p>\n<p>&#381;elimo vi&#353;e mogucnosti za ekonomsko jacanje &#382;ene i njeno ukljucivanje u institucije svih nivoa.\u00a0 <\/p>\n<p>Kosovo ovih zadnjih godina je uspela da menja stav i gledi&#353;te o rodnim pitanjima\u00a0 jer je ostvarila va&#382;an napredak u predstavljanju &#382;ene u svim oblastima &#382;ivota.<\/p>\n<p>Mi trebamo sacuvati laicki karakter na&#353;e dr&#382;ave onako kako smo utvrdili Ustavom.<\/p>\n<p>Mi ne tra&#382;imo da se izmeni nicije versko ubedenje ali &#382;elimo da dr&#382;ava i vera budu jasno izdvojene jer jedno takvo nacelo ce cuvati meduversku toleranciju koju smo vekovima gradili.<\/p>\n<p>Kosovo nikada nije bilo ognjiste verskih kriza i konflikata, nego jedna zemlja gde nacelo meduverske\u00a0 tolerancije jeste osnovna vrednost dr&#382;ave, na kojem je ona izgradena kao dr&#382;ava. Mi smo dr&#382;ava i muslimana, i katolika i pravoslavaca i svih ostalih veroispovesti, i onih koji ne veruju, isto toliko koliko smo dr&#382;ava gradana svih zajednica koje u njoj &#382;ive.<\/p>\n<p>Mi smo gradanska dr&#382;ava.<\/p>\n<p>Danas smo jedna zemlja sa jesnim ciljem i utvrdenom vizijom. Na&#353;e dana&#353;nje nastojanje jeste u izgradnji ekonomski sna&#382;ne dr&#382;ave, dr&#382;vave primernog dobrosusedstva i jedne pravne dr&#382;ave. Nastojanja na&#353;ih mladih danas su bitke mirotvorstva i zapo&#353;ljavanja, i za jedan bolji &#382;ivot.<\/p>\n<p>Gradani Kosova ne treba da se obuhvate u ijednom ratu ma gde u svetu, bilo za ideologiju ili materijalna dobra. Ne mo&#382;emo dozvoliti obuhvatanje na&#353;ih mladih u ratovima vani, kao deo radikalnih i ekstremnih grupa, ciji ciljevi nemaju ni&#353;ta zajednickog sa ciljevima demokratskog sveta i za uspostavljanje univerzalnih ljudskih prava\u00a0 u zemljama koje te&#382;e ka slobodi i demokratiji i koje se bore ptotiv diktatura.<\/p>\n<p>Mi smo mala zemlja da podnesemo posledice ekstremizma bilo koje vrste, ali smo jedna zemlja jasno i potpuno\u00a0 na strani demokratskih snaga u svetu koje ciljaju uspostaviti mir i otklanjaju diktatore. <\/p>\n<p>Ipak mi smo izazvani sa problemom radikalizma, u ovom slucaju, kao &#353;to se suceljavaju i sve ostale zemlje koje imaju svoje gradane obuhvacene u konflikt u Siriji. Mi se mo&#382;emo suceljavati sa mentalitetom jednog stranog rata, koji mo&#382;e doneti na Kosovo generacija onih mladih koji su obuhvaceni u tome ratu. Sa mentalitetom nasilja i ubistava koja se vr&#353;e u ime jedne, za mnoge jo&#353; uvek nejasne &#8211; kauze.<\/p>\n<p>I bit ce nam te&#353;ko &#8211; ali da budemo jasni: nijedna vrsta ekstremizma nece se moci smestiti na sigurno mesto na Kosovu jer Kosovo nece postati niti skloni&#353;te\u00a0 niti izvoznik jednog takvog fenomena.<\/p>\n<p>Po&#353;tovani poslanici,<\/p>\n<p>Kosovo je tokom godine ocuvala jedan stalni ekonomski rast, usprkos svetske finansijske i ekonomske krize. Ipak, potrebna je jedna veca mobilizacija i jedno ozbiljnije posvecenje ne samo za promociju mogucnosti za investiranje, nego i za pru&#382;anje &#353;to povoljnijih uslova za inostrane investicije i njihovu za&#353;titu.<\/p>\n<p>Veci infrastrukturni projekti, autoputevi koji povezuju celo Kosovo i sa ostalim susednim zemljama, pru&#382;aju jednu vecu mogucnost za zemlju i za njene gradane i stvaraju bolje poslovne uslove te povecavaju njihovu konkurentnu sposobnost.<\/p>\n<p>Mi treba da gradimo i potrebni mehanizam podr&#353;ke za olak&#353;anje investicija dijaspore pru&#382;ajuci joj konkretne mogucnosti investiranja, uz jedan minimalni rizik i bezbedan povratak.<\/p>\n<p>Ali, usprkos znacajnog napretka, Kosovo nastavlja da se suceljava sa ozbiljnim\u00a0 ekonomskim izazovima. Velika nezaposlenost, visok stepen siroma&#353;tva, nizak stepen domace proizvodnje, mali izvoz uz visoki uvoz , informalnosti i nedostatak vladanja zakona, neophodno potiskuju ekonomski rast i op&#353;ti napredak na nivou zemlje.<\/p>\n<p>S toga, proces strukturnog prilagodavanja treba da se nastavi. Privatizacija, ponekad bolan ali vrlo neophodan proces za jedan ustrajan razvoj, treba da ide dalje. <\/p>\n<p>Mi se trebamo anga&#382;ovati vi&#353;e za stvaranje preduslova za jedno efektivnije ekonomsko upravljanje &#353;to podrazumeva usredsredivanje ekonomskih institucija na pru&#382;anje potrebne zakonske i institucionalne za&#353;tite za ekonomski sistem, eliminisanje prakse monopola, pobolj&#353;anje prometa i poverljivosti informacija, za&#353;titu konkurencije, ocuvanje makro-ekonomske stabilnosti, uz jednu dodatnu pa&#382;nju za ekonomsku slobodu.<\/p>\n<p>Na&#353; ekonomski prosperitet zavisi od deblokade vanrednih resursa i potencijala koje ima na&#353;a zemlja, bili oni ljudski resursi, prirodni illi oni koji poticu od slobodne inicijative privatnog sektora.<\/p>\n<p>Dragi gradani Republike Kosovo,<\/p>\n<p>Znam koliko je te&#353;ko veliko cekanje za jedan bolji &#382;ivot i blagostanje u dru&#353;tvu. Razumem koliko je pravedna potreba celog dru&#353;tva na Kosovu za jednu odr&#382;ivu, razvijenu i sna&#382;nu dr&#382;avu. Cenim veliko strpljenje i va&#353;e posvecenje za suceljavanje sa izazovima sada&#353;njosti.<\/p>\n<p>Ali ja &#382;elim pozvati vas da ustrajemo zajedno. &#381;elim vas pozvati da pomognete va&#353;u dr&#382;avu da stane na cvrstim nogama.<\/p>\n<p>Put buducnosti zahteva od nas velika &#382;rtvovanja. I ja sna&#382;no verujem da smo mi spremni da se sa time suceljavamo i da imamo pun\u00a0 uspeh.<\/p>\n<p>Mi smo zajedno ucinili nemoguce. Izgradili smo na&#353;u dr&#382;avu. Kosovo je na&#353;e i ovaj proces je nepovratan.<\/p>\n<p>Ja cu sa posvecenjem nastaviti da izvr&#353;avam sve ustavne i zakonske obaveze kao van partijski faktor jedinstva sna&#382;no anga&#382;ovana na predstavljanju zemlje, unutra i vani, na pobolj&#353;anje imid&#382;a Kosova, kao demokratske zemlje izgradena na gradanskom nacelu zasnovano na red i vladanje zakona, sna&#382;no anga&#382;ovana u borbi protiv organizovanog kriminala i korupcije i iskorenjivanju svih negativnih pojava u na&#353;e dru&#353;tvo.<br \/>\n\u00a0<\/p>\n","protected":false},"excerpt":{"rendered":"<p>Posebna mi je \u010dast obratiti se vama gra\u0111ani Republike Kosovo i Skup&#353;tini, da predo\u010dimo dostignu\u0107a i izazove na&#353;e zemlje u ispunjavanju vizije za koju se niz generacija &#382;rtvovalo za ostvarivanje ovog  uzvi&#353;enog projekta koji je doneo mir i stabilnost za celu regiju Jugoisto\u010dne Evrope i za Evropu u celosti.<\/p>\n","protected":false},"author":1,"featured_media":47669,"comment_status":"open","ping_status":"closed","sticky":false,"template":"","format":"standard","meta":{"_eb_attr":"","footnotes":""},"categories":[106],"tags":[],"class_list":["post-78099","post","type-post","status-publish","format-standard","has-post-thumbnail","hentry","category-govori"],"yoast_head":"<!-- This site is optimized with the Yoast SEO plugin v23.5 - https:\/\/yoast.com\/wordpress\/plugins\/seo\/ -->\n<title>Godi&#154;nji govor Predsednice Jahjaga u Skup&#154;tini Kosova - Predsednik Republike Kosovo - DR. VJOSA OSMANI - SADRIU<\/title>\n<meta name=\"description\" content=\"Godi&#154;nji govor Predsednice Jahjaga u Skup&#154;tini Kosova - Predsednik Republike Kosovo - DR. VJOSA OSMANI - SADRIU -\" \/>\n<meta name=\"robots\" content=\"index, follow, max-snippet:-1, max-image-preview:large, max-video-preview:-1\" \/>\n<link rel=\"canonical\" href=\"https:\/\/president-ksgov.net\/fjalimi-vjetor-i-presidentes-jahjaga-ne-kuvendin-e-kosoves-3\/\" \/>\n<meta property=\"og:locale\" content=\"sr_RS\" \/>\n<meta property=\"og:type\" content=\"article\" \/>\n<meta property=\"og:title\" content=\"Godi&#154;nji govor Predsednice Jahjaga u Skup&#154;tini Kosova - Predsednik Republike Kosovo - DR. VJOSA OSMANI - SADRIU\" \/>\n<meta property=\"og:description\" content=\"Godi&#154;nji govor Predsednice Jahjaga u Skup&#154;tini Kosova - Predsednik Republike Kosovo - DR. VJOSA OSMANI - SADRIU -\" \/>\n<meta property=\"og:url\" content=\"https:\/\/president-ksgov.net\/fjalimi-vjetor-i-presidentes-jahjaga-ne-kuvendin-e-kosoves-3\/\" \/>\n<meta property=\"og:site_name\" content=\"Predsednik Republike Kosovo - DR. VJOSA OSMANI - SADRIU\" \/>\n<meta property=\"article:published_time\" content=\"2013-12-12T11:38:14+00:00\" \/>\n<meta property=\"article:modified_time\" content=\"2023-03-08T09:03:45+00:00\" \/>\n<meta property=\"og:image\" content=\"https:\/\/president-ksgov.net\/wp-content\/uploads\/12_12_2013_6040671_12_12_13_Fjalimi_ne_Kuvend_.jpg\" \/>\n\t<meta property=\"og:image:width\" content=\"850\" \/>\n\t<meta property=\"og:image:height\" content=\"1111\" \/>\n\t<meta property=\"og:image:type\" content=\"image\/jpeg\" \/>\n<meta name=\"author\" content=\"admin\" \/>\n<meta name=\"twitter:card\" content=\"summary_large_image\" \/>\n<meta name=\"twitter:label1\" content=\"\u041d\u0430\u043f\u0438\u0441\u0430\u043d\u043e \u043e\u0434\" \/>\n\t<meta name=\"twitter:data1\" content=\"admin\" \/>\n\t<meta name=\"twitter:label2\" content=\"\u041f\u0440\u043e\u0446\u0435\u045a\u0435\u043d\u043e \u0432\u0440\u0435\u043c\u0435 \u0447\u0438\u0442\u0430\u045a\u0430\" \/>\n\t<meta name=\"twitter:data2\" content=\"14 \u043c\u0438\u043d\u0443\u0442\u0430\" \/>\n<script type=\"application\/ld+json\" class=\"yoast-schema-graph\">{\"@context\":\"https:\/\/schema.org\",\"@graph\":[{\"@type\":\"WebPage\",\"@id\":\"https:\/\/president-ksgov.net\/fjalimi-vjetor-i-presidentes-jahjaga-ne-kuvendin-e-kosoves-3\/\",\"url\":\"https:\/\/president-ksgov.net\/fjalimi-vjetor-i-presidentes-jahjaga-ne-kuvendin-e-kosoves-3\/\",\"name\":\"Godi&#154;nji govor Predsednice Jahjaga u Skup&#154;tini Kosova - Predsednik Republike Kosovo - DR. VJOSA OSMANI - SADRIU\",\"isPartOf\":{\"@id\":\"https:\/\/president-ksgov.net\/#website\"},\"primaryImageOfPage\":{\"@id\":\"https:\/\/president-ksgov.net\/fjalimi-vjetor-i-presidentes-jahjaga-ne-kuvendin-e-kosoves-3\/#primaryimage\"},\"image\":{\"@id\":\"https:\/\/president-ksgov.net\/fjalimi-vjetor-i-presidentes-jahjaga-ne-kuvendin-e-kosoves-3\/#primaryimage\"},\"thumbnailUrl\":\"https:\/\/president-ksgov.net\/wp-content\/uploads\/12_12_2013_6040671_12_12_13_Fjalimi_ne_Kuvend_.jpg\",\"datePublished\":\"2013-12-12T11:38:14+00:00\",\"dateModified\":\"2023-03-08T09:03:45+00:00\",\"author\":{\"@id\":\"https:\/\/president-ksgov.net\/#\/schema\/person\/bb4337a5fb147cb2046d80548172cbee\"},\"description\":\"Godi&#154;nji govor Predsednice Jahjaga u Skup&#154;tini Kosova - Predsednik Republike Kosovo - DR. VJOSA OSMANI - SADRIU -\",\"breadcrumb\":{\"@id\":\"https:\/\/president-ksgov.net\/fjalimi-vjetor-i-presidentes-jahjaga-ne-kuvendin-e-kosoves-3\/#breadcrumb\"},\"inLanguage\":\"sr-RS\",\"potentialAction\":[{\"@type\":\"ReadAction\",\"target\":[\"https:\/\/president-ksgov.net\/fjalimi-vjetor-i-presidentes-jahjaga-ne-kuvendin-e-kosoves-3\/\"]}]},{\"@type\":\"ImageObject\",\"inLanguage\":\"sr-RS\",\"@id\":\"https:\/\/president-ksgov.net\/fjalimi-vjetor-i-presidentes-jahjaga-ne-kuvendin-e-kosoves-3\/#primaryimage\",\"url\":\"https:\/\/president-ksgov.net\/wp-content\/uploads\/12_12_2013_6040671_12_12_13_Fjalimi_ne_Kuvend_.jpg\",\"contentUrl\":\"https:\/\/president-ksgov.net\/wp-content\/uploads\/12_12_2013_6040671_12_12_13_Fjalimi_ne_Kuvend_.jpg\",\"width\":850,\"height\":1111},{\"@type\":\"BreadcrumbList\",\"@id\":\"https:\/\/president-ksgov.net\/fjalimi-vjetor-i-presidentes-jahjaga-ne-kuvendin-e-kosoves-3\/#breadcrumb\",\"itemListElement\":[{\"@type\":\"ListItem\",\"position\":1,\"name\":\"Home\",\"item\":\"https:\/\/president-ksgov.net\/sr\/\"},{\"@type\":\"ListItem\",\"position\":2,\"name\":\"Godi&#154;nji govor Predsednice Jahjaga u Skup&#154;tini Kosova\"}]},{\"@type\":\"WebSite\",\"@id\":\"https:\/\/president-ksgov.net\/#website\",\"url\":\"https:\/\/president-ksgov.net\/\",\"name\":\"Presidente e Republik\u00ebs s\u00eb Kosov\u00ebs\",\"description\":\"Presidente e Republik\u00ebs s\u00eb Kosov\u00ebs\",\"alternateName\":\"DR. VJOSA OSMANI - SADRIU\",\"potentialAction\":[{\"@type\":\"SearchAction\",\"target\":{\"@type\":\"EntryPoint\",\"urlTemplate\":\"https:\/\/president-ksgov.net\/?s={search_term_string}\"},\"query-input\":{\"@type\":\"PropertyValueSpecification\",\"valueRequired\":true,\"valueName\":\"search_term_string\"}}],\"inLanguage\":\"sr-RS\"},{\"@type\":\"Person\",\"@id\":\"https:\/\/president-ksgov.net\/#\/schema\/person\/bb4337a5fb147cb2046d80548172cbee\",\"name\":\"admin\",\"image\":{\"@type\":\"ImageObject\",\"inLanguage\":\"sr-RS\",\"@id\":\"https:\/\/president-ksgov.net\/#\/schema\/person\/image\/\",\"url\":\"https:\/\/secure.gravatar.com\/avatar\/36156ca0fa3b8d9d25174f146e16beea0cf28f37adf1b9e19b6c9c279a7c9dd3?s=96&d=mm&r=g\",\"contentUrl\":\"https:\/\/secure.gravatar.com\/avatar\/36156ca0fa3b8d9d25174f146e16beea0cf28f37adf1b9e19b6c9c279a7c9dd3?s=96&d=mm&r=g\",\"caption\":\"admin\"},\"sameAs\":[\"https:\/\/president-ksgov.net\"]}]}<\/script>\n<!-- \/ Yoast SEO plugin. -->","yoast_head_json":{"title":"Godi&#154;nji govor Predsednice Jahjaga u Skup&#154;tini Kosova - Predsednik Republike Kosovo - DR. VJOSA OSMANI - SADRIU","description":"Godi&#154;nji govor Predsednice Jahjaga u Skup&#154;tini Kosova - Predsednik Republike Kosovo - DR. VJOSA OSMANI - SADRIU -","robots":{"index":"index","follow":"follow","max-snippet":"max-snippet:-1","max-image-preview":"max-image-preview:large","max-video-preview":"max-video-preview:-1"},"canonical":"https:\/\/president-ksgov.net\/fjalimi-vjetor-i-presidentes-jahjaga-ne-kuvendin-e-kosoves-3\/","og_locale":"sr_RS","og_type":"article","og_title":"Godi&#154;nji govor Predsednice Jahjaga u Skup&#154;tini Kosova - Predsednik Republike Kosovo - DR. VJOSA OSMANI - SADRIU","og_description":"Godi&#154;nji govor Predsednice Jahjaga u Skup&#154;tini Kosova - Predsednik Republike Kosovo - DR. VJOSA OSMANI - SADRIU -","og_url":"https:\/\/president-ksgov.net\/fjalimi-vjetor-i-presidentes-jahjaga-ne-kuvendin-e-kosoves-3\/","og_site_name":"Predsednik Republike Kosovo - DR. VJOSA OSMANI - SADRIU","article_published_time":"2013-12-12T11:38:14+00:00","article_modified_time":"2023-03-08T09:03:45+00:00","og_image":[{"width":850,"height":1111,"url":"https:\/\/president-ksgov.net\/wp-content\/uploads\/12_12_2013_6040671_12_12_13_Fjalimi_ne_Kuvend_.jpg","type":"image\/jpeg"}],"author":"admin","twitter_card":"summary_large_image","twitter_misc":{"\u041d\u0430\u043f\u0438\u0441\u0430\u043d\u043e \u043e\u0434":"admin","\u041f\u0440\u043e\u0446\u0435\u045a\u0435\u043d\u043e \u0432\u0440\u0435\u043c\u0435 \u0447\u0438\u0442\u0430\u045a\u0430":"14 \u043c\u0438\u043d\u0443\u0442\u0430"},"schema":{"@context":"https:\/\/schema.org","@graph":[{"@type":"WebPage","@id":"https:\/\/president-ksgov.net\/fjalimi-vjetor-i-presidentes-jahjaga-ne-kuvendin-e-kosoves-3\/","url":"https:\/\/president-ksgov.net\/fjalimi-vjetor-i-presidentes-jahjaga-ne-kuvendin-e-kosoves-3\/","name":"Godi&#154;nji govor Predsednice Jahjaga u Skup&#154;tini Kosova - Predsednik Republike Kosovo - DR. VJOSA OSMANI - SADRIU","isPartOf":{"@id":"https:\/\/president-ksgov.net\/#website"},"primaryImageOfPage":{"@id":"https:\/\/president-ksgov.net\/fjalimi-vjetor-i-presidentes-jahjaga-ne-kuvendin-e-kosoves-3\/#primaryimage"},"image":{"@id":"https:\/\/president-ksgov.net\/fjalimi-vjetor-i-presidentes-jahjaga-ne-kuvendin-e-kosoves-3\/#primaryimage"},"thumbnailUrl":"https:\/\/president-ksgov.net\/wp-content\/uploads\/12_12_2013_6040671_12_12_13_Fjalimi_ne_Kuvend_.jpg","datePublished":"2013-12-12T11:38:14+00:00","dateModified":"2023-03-08T09:03:45+00:00","author":{"@id":"https:\/\/president-ksgov.net\/#\/schema\/person\/bb4337a5fb147cb2046d80548172cbee"},"description":"Godi&#154;nji govor Predsednice Jahjaga u Skup&#154;tini Kosova - Predsednik Republike Kosovo - DR. VJOSA OSMANI - SADRIU -","breadcrumb":{"@id":"https:\/\/president-ksgov.net\/fjalimi-vjetor-i-presidentes-jahjaga-ne-kuvendin-e-kosoves-3\/#breadcrumb"},"inLanguage":"sr-RS","potentialAction":[{"@type":"ReadAction","target":["https:\/\/president-ksgov.net\/fjalimi-vjetor-i-presidentes-jahjaga-ne-kuvendin-e-kosoves-3\/"]}]},{"@type":"ImageObject","inLanguage":"sr-RS","@id":"https:\/\/president-ksgov.net\/fjalimi-vjetor-i-presidentes-jahjaga-ne-kuvendin-e-kosoves-3\/#primaryimage","url":"https:\/\/president-ksgov.net\/wp-content\/uploads\/12_12_2013_6040671_12_12_13_Fjalimi_ne_Kuvend_.jpg","contentUrl":"https:\/\/president-ksgov.net\/wp-content\/uploads\/12_12_2013_6040671_12_12_13_Fjalimi_ne_Kuvend_.jpg","width":850,"height":1111},{"@type":"BreadcrumbList","@id":"https:\/\/president-ksgov.net\/fjalimi-vjetor-i-presidentes-jahjaga-ne-kuvendin-e-kosoves-3\/#breadcrumb","itemListElement":[{"@type":"ListItem","position":1,"name":"Home","item":"https:\/\/president-ksgov.net\/sr\/"},{"@type":"ListItem","position":2,"name":"Godi&#154;nji govor Predsednice Jahjaga u Skup&#154;tini Kosova"}]},{"@type":"WebSite","@id":"https:\/\/president-ksgov.net\/#website","url":"https:\/\/president-ksgov.net\/","name":"Presidente e Republik\u00ebs s\u00eb Kosov\u00ebs","description":"Presidente e Republik\u00ebs s\u00eb Kosov\u00ebs","alternateName":"DR. VJOSA OSMANI - SADRIU","potentialAction":[{"@type":"SearchAction","target":{"@type":"EntryPoint","urlTemplate":"https:\/\/president-ksgov.net\/?s={search_term_string}"},"query-input":{"@type":"PropertyValueSpecification","valueRequired":true,"valueName":"search_term_string"}}],"inLanguage":"sr-RS"},{"@type":"Person","@id":"https:\/\/president-ksgov.net\/#\/schema\/person\/bb4337a5fb147cb2046d80548172cbee","name":"admin","image":{"@type":"ImageObject","inLanguage":"sr-RS","@id":"https:\/\/president-ksgov.net\/#\/schema\/person\/image\/","url":"https:\/\/secure.gravatar.com\/avatar\/36156ca0fa3b8d9d25174f146e16beea0cf28f37adf1b9e19b6c9c279a7c9dd3?s=96&d=mm&r=g","contentUrl":"https:\/\/secure.gravatar.com\/avatar\/36156ca0fa3b8d9d25174f146e16beea0cf28f37adf1b9e19b6c9c279a7c9dd3?s=96&d=mm&r=g","caption":"admin"},"sameAs":["https:\/\/president-ksgov.net"]}]}},"_links":{"self":[{"href":"https:\/\/president-ksgov.net\/sr\/wp-json\/wp\/v2\/posts\/78099","targetHints":{"allow":["GET"]}}],"collection":[{"href":"https:\/\/president-ksgov.net\/sr\/wp-json\/wp\/v2\/posts"}],"about":[{"href":"https:\/\/president-ksgov.net\/sr\/wp-json\/wp\/v2\/types\/post"}],"author":[{"embeddable":true,"href":"https:\/\/president-ksgov.net\/sr\/wp-json\/wp\/v2\/users\/1"}],"replies":[{"embeddable":true,"href":"https:\/\/president-ksgov.net\/sr\/wp-json\/wp\/v2\/comments?post=78099"}],"version-history":[{"count":1,"href":"https:\/\/president-ksgov.net\/sr\/wp-json\/wp\/v2\/posts\/78099\/revisions"}],"predecessor-version":[{"id":81695,"href":"https:\/\/president-ksgov.net\/sr\/wp-json\/wp\/v2\/posts\/78099\/revisions\/81695"}],"wp:featuredmedia":[{"embeddable":true,"href":"https:\/\/president-ksgov.net\/sr\/wp-json\/wp\/v2\/media\/47669"}],"wp:attachment":[{"href":"https:\/\/president-ksgov.net\/sr\/wp-json\/wp\/v2\/media?parent=78099"}],"wp:term":[{"taxonomy":"category","embeddable":true,"href":"https:\/\/president-ksgov.net\/sr\/wp-json\/wp\/v2\/categories?post=78099"},{"taxonomy":"post_tag","embeddable":true,"href":"https:\/\/president-ksgov.net\/sr\/wp-json\/wp\/v2\/tags?post=78099"}],"curies":[{"name":"wp","href":"https:\/\/api.w.org\/{rel}","templated":true}]}}