{"id":78075,"date":"2013-12-20T14:14:21","date_gmt":"2013-12-20T14:14:21","guid":{"rendered":"https:\/\/dev.president-ksgov.net\/govor-predsednice-jahjaga-na-ceremoniji-inauguracije-ureda-privredne-komore-ena-kosova\/"},"modified":"2023-03-08T09:03:12","modified_gmt":"2023-03-08T09:03:12","slug":"govor-predsednice-jahjaga-na-ceremoniji-inauguracije-ureda-privredne-komore-ena-kosova","status":"publish","type":"post","link":"https:\/\/president-ksgov.net\/sr\/govor-predsednice-jahjaga-na-ceremoniji-inauguracije-ureda-privredne-komore-ena-kosova\/","title":{"rendered":"Govor Predsednice Jahjaga na ceremoniji inauguracije Ureda Privredne Komore &#158;ena Kosova"},"content":{"rendered":"<p>Predsednica Republike Kosovo, gospo\u0111a Atifete Jahjaga prisustvovala ceremoniji inauguracije Ureda Privredne Komore &#382;ena Kosova &#8211; G7<\/p>\n<p>Na jednom prigodnom govoru ovom prilikom Predsednica Jahjaga je rekla:<br \/>\n\u00a0<br \/>\nPo&#353;tovani u\u010desnici,<br \/>\nPro&#353;le godine u isto vreme smo se sastali da lansiramo osnivanje Privredne Komore &#382;ena Kosova, mehanizam proizi&#353;log iz Me\u0111unarodnog Samita &#381;ena, koji je organizovan ovde u Pri&#353;tinu, \u010dime je zabele&#382;en prvi korak u o&#382;ivotvorenju Pri&#353;tinskih Na\u010dela, koji su bili rezultat ovog Samita.<\/p>\n<p>Tokom odr&#382;avanja Samita i tokom diskusije, utvrdili smo va&#382;nost osnivanja ove Komore, zajedno sa biv&#353;om ministarkom Trgovine i Industrije, g\u0111a. Mimoza Kusari &#8211; Lila, i sna&#382;nu podr&#353;ku USAID-a, posebno gospo\u0111e Maureen Shauket i ambasade SAD-e. Mi smo uputili pozivnice sedam &#382;ena uspe&#353;nih u\u010desnika na&#353;e dr&#382;ave da vode ovaj projekat, po&#353;to ekonomska nezavisnost &#382;ene jeste klju\u010dno pitanje i za daljnje unapre\u0111enje na&#353;eg dru&#353;tva i na&#353;e dr&#382;ave i da ovo svakako ima jedan vi&#353;estruki efekat, jer neposredno uti\u010de na blagostanje dece, uti\u010de neposredno na njihovu budu\u0107nost, neposredno uti\u010de i na blagostanje porodice i na blagostanje celog na&#353;eg dru&#353;tva.<br \/>\n\u00a0<br \/>\nJa\u010danje ekonomske nezavisnosti &#382;ene jeste usko povezana i sa njenim u\u010de&#353;\u0107em u ostale oblasti, jer ovo uti\u010de na potpuno kori&#353;\u0107enje potencijala &#382;ena i na&#353;ih devojaka, jer ne govorimo samo o jednom potencijalu na&#353;ih &#382;ena i k\u0107eri, nego govorimo za jedan potencijal polovine na&#353;eg dru&#353;tva.<br \/>\n\u00a0<br \/>\nStatistike u celome svetu, kako u razvijenim tako i u nerazvijenim zemljama, pokazuju da neposredni razvoj jedne zemlje i ekonomski rast jedne dr&#382;ave su usko povezani i sa kori&#353;\u0107enjem potencijala &#382;ena, polovine dru&#353;tva, i njihovog aktivnog u\u010de&#353;\u0107a u ekonomski razvoj jedne dr&#382;ave.<br \/>\n\u00a0<br \/>\nS toga, mi, i kao dr&#382;ava i kao dru&#353;tvo, smo orjentisani i posve\u0107eni smo da stalno uti\u010demo na unapre\u0111enje uloge &#382;ene u na&#353;em dru&#353;tvu. Ne samo da je ovo jedno pravedno moralno pitanje, nego zato &#353;to smo mi orjentisani da gradimo jedno demokratsko dru&#353;tvo gde svaki njen \u010dlan mo&#382;e koristiti svoj puni potencijal i talenat.<\/p>\n<p>Ja sam jako ube\u0111ena i o\u010dekujem da Privredna Komora &#382;ena Kosova, sa svojim novim Uredom i sa sastavljenom strategijom, \u0107e mo\u0107i pru&#382;iti &#353;to bolje usluge za sve &#382;ene i devojke, putem njihove podr&#353;ke, putem obuke, koordinacijom, putem trajnog podu\u010davanja, kako bismo bile blizu njih, kako sa aspekta otvaranja novih biznisa, i sa aspekta pove\u0107anja biznisa. Vi ne samo &#353;to ja\u010date jednu osobu, ja\u010date jednu porodicu, ali putem ovih projekata uti\u010demo na ja\u010danje na&#353;eg dru&#353;tva, uti\u010demo na stalni progres i ekonomsku odr&#382;ivost na&#353;e dr&#382;ave.<\/p>\n<p>&#381;elim da se zahvalim gospo\u0111i Maureen Shauket i USAID-u za stalnu podr&#353;ku koja je pru&#382;ena ovom projektu i za stalnu pomo\u0107 za unapre\u0111enje uloge &#382;ene u na&#353;e dru&#353;tvo.<\/p>\n<p>&#381;elim da \u010destitam G-7 za sjedan odli\u010dno obavljen posao ove godine. O\u010dekuje nas jo&#353; trajan posao. &#381;elim \u010destitati novo izabranu direktoricu i \u010dlanovima Odbora \/ Bordu ka&#382;em da ste imali i ima\u0107ete moju podr&#353;ku, kao i sve druge &#382;ene u na&#353;im institucijama, kako u zakonodavstvo, isto tako i u izvr&#353;nom nivou, kako bismo postavili trajne osnove za pobolj&#353;anje uloge &#382;ena u dru&#353;tvo.<\/p>\n","protected":false},"excerpt":{"rendered":"<p>Predsednica Republike Kosovo, gospo\u0111a Atifete Jahjaga prisustvovala ceremoniji inauguracije Ureda Privredne Komore &#382;ena Kosova &#8211; G7<\/p>\n","protected":false},"author":1,"featured_media":47452,"comment_status":"open","ping_status":"closed","sticky":false,"template":"","format":"standard","meta":{"_eb_attr":"","footnotes":""},"categories":[106],"tags":[],"class_list":["post-78075","post","type-post","status-publish","format-standard","has-post-thumbnail","hentry","category-govori"],"yoast_head":"<!-- This site is optimized with the Yoast SEO plugin v23.5 - https:\/\/yoast.com\/wordpress\/plugins\/seo\/ -->\n<title>Govor Predsednice Jahjaga na ceremoniji inauguracije Ureda Privredne Komore &#158;ena Kosova - Predsednik Republike Kosovo - DR. VJOSA OSMANI - SADRIU<\/title>\n<meta name=\"description\" content=\"Govor Predsednice Jahjaga na ceremoniji inauguracije Ureda Privredne Komore &#158;ena Kosova - Predsednik Republike Kosovo - DR. VJOSA OSMANI - SADRIU -\" \/>\n<meta name=\"robots\" content=\"index, follow, max-snippet:-1, max-image-preview:large, max-video-preview:-1\" \/>\n<link rel=\"canonical\" href=\"https:\/\/president-ksgov.net\/sr\/govor-predsednice-jahjaga-na-ceremoniji-inauguracije-ureda-privredne-komore-ena-kosova\/\" \/>\n<meta property=\"og:locale\" content=\"sr_RS\" \/>\n<meta property=\"og:type\" content=\"article\" \/>\n<meta property=\"og:title\" content=\"Govor Predsednice Jahjaga na ceremoniji inauguracije Ureda Privredne Komore &#158;ena Kosova - Predsednik Republike Kosovo - DR. VJOSA OSMANI - SADRIU\" \/>\n<meta property=\"og:description\" content=\"Govor Predsednice Jahjaga na ceremoniji inauguracije Ureda Privredne Komore &#158;ena Kosova - Predsednik Republike Kosovo - DR. VJOSA OSMANI - SADRIU -\" \/>\n<meta property=\"og:url\" content=\"https:\/\/president-ksgov.net\/sr\/govor-predsednice-jahjaga-na-ceremoniji-inauguracije-ureda-privredne-komore-ena-kosova\/\" \/>\n<meta property=\"og:site_name\" content=\"Predsednik Republike Kosovo - DR. VJOSA OSMANI - SADRIU\" \/>\n<meta property=\"article:published_time\" content=\"2013-12-20T14:14:21+00:00\" \/>\n<meta property=\"article:modified_time\" content=\"2023-03-08T09:03:12+00:00\" \/>\n<meta property=\"og:image\" content=\"https:\/\/president-ksgov.net\/wp-content\/uploads\/20_12_2013_8234721_IMG_8786___.jpg\" \/>\n\t<meta property=\"og:image:width\" content=\"850\" \/>\n\t<meta property=\"og:image:height\" content=\"635\" \/>\n\t<meta property=\"og:image:type\" content=\"image\/jpeg\" \/>\n<meta name=\"author\" content=\"admin\" \/>\n<meta name=\"twitter:card\" content=\"summary_large_image\" \/>\n<meta name=\"twitter:label1\" content=\"\u041d\u0430\u043f\u0438\u0441\u0430\u043d\u043e \u043e\u0434\" \/>\n\t<meta name=\"twitter:data1\" content=\"admin\" \/>\n\t<meta name=\"twitter:label2\" content=\"\u041f\u0440\u043e\u0446\u0435\u045a\u0435\u043d\u043e \u0432\u0440\u0435\u043c\u0435 \u0447\u0438\u0442\u0430\u045a\u0430\" \/>\n\t<meta name=\"twitter:data2\" content=\"3 \u043c\u0438\u043d\u0443\u0442\u0430\" \/>\n<script type=\"application\/ld+json\" class=\"yoast-schema-graph\">{\"@context\":\"https:\/\/schema.org\",\"@graph\":[{\"@type\":\"WebPage\",\"@id\":\"https:\/\/president-ksgov.net\/sr\/govor-predsednice-jahjaga-na-ceremoniji-inauguracije-ureda-privredne-komore-ena-kosova\/\",\"url\":\"https:\/\/president-ksgov.net\/sr\/govor-predsednice-jahjaga-na-ceremoniji-inauguracije-ureda-privredne-komore-ena-kosova\/\",\"name\":\"Govor Predsednice Jahjaga na ceremoniji inauguracije Ureda Privredne Komore &#158;ena Kosova - Predsednik Republike Kosovo - DR. VJOSA OSMANI - SADRIU\",\"isPartOf\":{\"@id\":\"https:\/\/president-ksgov.net\/#website\"},\"primaryImageOfPage\":{\"@id\":\"https:\/\/president-ksgov.net\/sr\/govor-predsednice-jahjaga-na-ceremoniji-inauguracije-ureda-privredne-komore-ena-kosova\/#primaryimage\"},\"image\":{\"@id\":\"https:\/\/president-ksgov.net\/sr\/govor-predsednice-jahjaga-na-ceremoniji-inauguracije-ureda-privredne-komore-ena-kosova\/#primaryimage\"},\"thumbnailUrl\":\"https:\/\/president-ksgov.net\/wp-content\/uploads\/20_12_2013_8234721_IMG_8786___.jpg\",\"datePublished\":\"2013-12-20T14:14:21+00:00\",\"dateModified\":\"2023-03-08T09:03:12+00:00\",\"author\":{\"@id\":\"https:\/\/president-ksgov.net\/#\/schema\/person\/bb4337a5fb147cb2046d80548172cbee\"},\"description\":\"Govor Predsednice Jahjaga na ceremoniji inauguracije Ureda Privredne Komore &#158;ena Kosova - Predsednik Republike Kosovo - DR. VJOSA OSMANI - SADRIU -\",\"breadcrumb\":{\"@id\":\"https:\/\/president-ksgov.net\/sr\/govor-predsednice-jahjaga-na-ceremoniji-inauguracije-ureda-privredne-komore-ena-kosova\/#breadcrumb\"},\"inLanguage\":\"sr-RS\",\"potentialAction\":[{\"@type\":\"ReadAction\",\"target\":[\"https:\/\/president-ksgov.net\/sr\/govor-predsednice-jahjaga-na-ceremoniji-inauguracije-ureda-privredne-komore-ena-kosova\/\"]}]},{\"@type\":\"ImageObject\",\"inLanguage\":\"sr-RS\",\"@id\":\"https:\/\/president-ksgov.net\/sr\/govor-predsednice-jahjaga-na-ceremoniji-inauguracije-ureda-privredne-komore-ena-kosova\/#primaryimage\",\"url\":\"https:\/\/president-ksgov.net\/wp-content\/uploads\/20_12_2013_8234721_IMG_8786___.jpg\",\"contentUrl\":\"https:\/\/president-ksgov.net\/wp-content\/uploads\/20_12_2013_8234721_IMG_8786___.jpg\",\"width\":850,\"height\":635},{\"@type\":\"BreadcrumbList\",\"@id\":\"https:\/\/president-ksgov.net\/sr\/govor-predsednice-jahjaga-na-ceremoniji-inauguracije-ureda-privredne-komore-ena-kosova\/#breadcrumb\",\"itemListElement\":[{\"@type\":\"ListItem\",\"position\":1,\"name\":\"Home\",\"item\":\"https:\/\/president-ksgov.net\/sr\/\"},{\"@type\":\"ListItem\",\"position\":2,\"name\":\"Govor Predsednice Jahjaga na ceremoniji inauguracije Ureda Privredne Komore &#158;ena Kosova\"}]},{\"@type\":\"WebSite\",\"@id\":\"https:\/\/president-ksgov.net\/#website\",\"url\":\"https:\/\/president-ksgov.net\/\",\"name\":\"Presidente e Republik\u00ebs s\u00eb Kosov\u00ebs\",\"description\":\"Presidente e Republik\u00ebs s\u00eb Kosov\u00ebs\",\"alternateName\":\"DR. VJOSA OSMANI - SADRIU\",\"potentialAction\":[{\"@type\":\"SearchAction\",\"target\":{\"@type\":\"EntryPoint\",\"urlTemplate\":\"https:\/\/president-ksgov.net\/?s={search_term_string}\"},\"query-input\":{\"@type\":\"PropertyValueSpecification\",\"valueRequired\":true,\"valueName\":\"search_term_string\"}}],\"inLanguage\":\"sr-RS\"},{\"@type\":\"Person\",\"@id\":\"https:\/\/president-ksgov.net\/#\/schema\/person\/bb4337a5fb147cb2046d80548172cbee\",\"name\":\"admin\",\"image\":{\"@type\":\"ImageObject\",\"inLanguage\":\"sr-RS\",\"@id\":\"https:\/\/president-ksgov.net\/#\/schema\/person\/image\/\",\"url\":\"https:\/\/secure.gravatar.com\/avatar\/36156ca0fa3b8d9d25174f146e16beea0cf28f37adf1b9e19b6c9c279a7c9dd3?s=96&d=mm&r=g\",\"contentUrl\":\"https:\/\/secure.gravatar.com\/avatar\/36156ca0fa3b8d9d25174f146e16beea0cf28f37adf1b9e19b6c9c279a7c9dd3?s=96&d=mm&r=g\",\"caption\":\"admin\"},\"sameAs\":[\"https:\/\/president-ksgov.net\"]}]}<\/script>\n<!-- \/ Yoast SEO plugin. -->","yoast_head_json":{"title":"Govor Predsednice Jahjaga na ceremoniji inauguracije Ureda Privredne Komore &#158;ena Kosova - Predsednik Republike Kosovo - DR. VJOSA OSMANI - SADRIU","description":"Govor Predsednice Jahjaga na ceremoniji inauguracije Ureda Privredne Komore &#158;ena Kosova - Predsednik Republike Kosovo - DR. VJOSA OSMANI - SADRIU -","robots":{"index":"index","follow":"follow","max-snippet":"max-snippet:-1","max-image-preview":"max-image-preview:large","max-video-preview":"max-video-preview:-1"},"canonical":"https:\/\/president-ksgov.net\/sr\/govor-predsednice-jahjaga-na-ceremoniji-inauguracije-ureda-privredne-komore-ena-kosova\/","og_locale":"sr_RS","og_type":"article","og_title":"Govor Predsednice Jahjaga na ceremoniji inauguracije Ureda Privredne Komore &#158;ena Kosova - Predsednik Republike Kosovo - DR. VJOSA OSMANI - SADRIU","og_description":"Govor Predsednice Jahjaga na ceremoniji inauguracije Ureda Privredne Komore &#158;ena Kosova - Predsednik Republike Kosovo - DR. VJOSA OSMANI - SADRIU -","og_url":"https:\/\/president-ksgov.net\/sr\/govor-predsednice-jahjaga-na-ceremoniji-inauguracije-ureda-privredne-komore-ena-kosova\/","og_site_name":"Predsednik Republike Kosovo - DR. VJOSA OSMANI - SADRIU","article_published_time":"2013-12-20T14:14:21+00:00","article_modified_time":"2023-03-08T09:03:12+00:00","og_image":[{"width":850,"height":635,"url":"https:\/\/president-ksgov.net\/wp-content\/uploads\/20_12_2013_8234721_IMG_8786___.jpg","type":"image\/jpeg"}],"author":"admin","twitter_card":"summary_large_image","twitter_misc":{"\u041d\u0430\u043f\u0438\u0441\u0430\u043d\u043e \u043e\u0434":"admin","\u041f\u0440\u043e\u0446\u0435\u045a\u0435\u043d\u043e \u0432\u0440\u0435\u043c\u0435 \u0447\u0438\u0442\u0430\u045a\u0430":"3 \u043c\u0438\u043d\u0443\u0442\u0430"},"schema":{"@context":"https:\/\/schema.org","@graph":[{"@type":"WebPage","@id":"https:\/\/president-ksgov.net\/sr\/govor-predsednice-jahjaga-na-ceremoniji-inauguracije-ureda-privredne-komore-ena-kosova\/","url":"https:\/\/president-ksgov.net\/sr\/govor-predsednice-jahjaga-na-ceremoniji-inauguracije-ureda-privredne-komore-ena-kosova\/","name":"Govor Predsednice Jahjaga na ceremoniji inauguracije Ureda Privredne Komore &#158;ena Kosova - Predsednik Republike Kosovo - DR. VJOSA OSMANI - SADRIU","isPartOf":{"@id":"https:\/\/president-ksgov.net\/#website"},"primaryImageOfPage":{"@id":"https:\/\/president-ksgov.net\/sr\/govor-predsednice-jahjaga-na-ceremoniji-inauguracije-ureda-privredne-komore-ena-kosova\/#primaryimage"},"image":{"@id":"https:\/\/president-ksgov.net\/sr\/govor-predsednice-jahjaga-na-ceremoniji-inauguracije-ureda-privredne-komore-ena-kosova\/#primaryimage"},"thumbnailUrl":"https:\/\/president-ksgov.net\/wp-content\/uploads\/20_12_2013_8234721_IMG_8786___.jpg","datePublished":"2013-12-20T14:14:21+00:00","dateModified":"2023-03-08T09:03:12+00:00","author":{"@id":"https:\/\/president-ksgov.net\/#\/schema\/person\/bb4337a5fb147cb2046d80548172cbee"},"description":"Govor Predsednice Jahjaga na ceremoniji inauguracije Ureda Privredne Komore &#158;ena Kosova - Predsednik Republike Kosovo - DR. VJOSA OSMANI - SADRIU -","breadcrumb":{"@id":"https:\/\/president-ksgov.net\/sr\/govor-predsednice-jahjaga-na-ceremoniji-inauguracije-ureda-privredne-komore-ena-kosova\/#breadcrumb"},"inLanguage":"sr-RS","potentialAction":[{"@type":"ReadAction","target":["https:\/\/president-ksgov.net\/sr\/govor-predsednice-jahjaga-na-ceremoniji-inauguracije-ureda-privredne-komore-ena-kosova\/"]}]},{"@type":"ImageObject","inLanguage":"sr-RS","@id":"https:\/\/president-ksgov.net\/sr\/govor-predsednice-jahjaga-na-ceremoniji-inauguracije-ureda-privredne-komore-ena-kosova\/#primaryimage","url":"https:\/\/president-ksgov.net\/wp-content\/uploads\/20_12_2013_8234721_IMG_8786___.jpg","contentUrl":"https:\/\/president-ksgov.net\/wp-content\/uploads\/20_12_2013_8234721_IMG_8786___.jpg","width":850,"height":635},{"@type":"BreadcrumbList","@id":"https:\/\/president-ksgov.net\/sr\/govor-predsednice-jahjaga-na-ceremoniji-inauguracije-ureda-privredne-komore-ena-kosova\/#breadcrumb","itemListElement":[{"@type":"ListItem","position":1,"name":"Home","item":"https:\/\/president-ksgov.net\/sr\/"},{"@type":"ListItem","position":2,"name":"Govor Predsednice Jahjaga na ceremoniji inauguracije Ureda Privredne Komore &#158;ena Kosova"}]},{"@type":"WebSite","@id":"https:\/\/president-ksgov.net\/#website","url":"https:\/\/president-ksgov.net\/","name":"Presidente e Republik\u00ebs s\u00eb Kosov\u00ebs","description":"Presidente e Republik\u00ebs s\u00eb Kosov\u00ebs","alternateName":"DR. VJOSA OSMANI - SADRIU","potentialAction":[{"@type":"SearchAction","target":{"@type":"EntryPoint","urlTemplate":"https:\/\/president-ksgov.net\/?s={search_term_string}"},"query-input":{"@type":"PropertyValueSpecification","valueRequired":true,"valueName":"search_term_string"}}],"inLanguage":"sr-RS"},{"@type":"Person","@id":"https:\/\/president-ksgov.net\/#\/schema\/person\/bb4337a5fb147cb2046d80548172cbee","name":"admin","image":{"@type":"ImageObject","inLanguage":"sr-RS","@id":"https:\/\/president-ksgov.net\/#\/schema\/person\/image\/","url":"https:\/\/secure.gravatar.com\/avatar\/36156ca0fa3b8d9d25174f146e16beea0cf28f37adf1b9e19b6c9c279a7c9dd3?s=96&d=mm&r=g","contentUrl":"https:\/\/secure.gravatar.com\/avatar\/36156ca0fa3b8d9d25174f146e16beea0cf28f37adf1b9e19b6c9c279a7c9dd3?s=96&d=mm&r=g","caption":"admin"},"sameAs":["https:\/\/president-ksgov.net"]}]}},"_links":{"self":[{"href":"https:\/\/president-ksgov.net\/sr\/wp-json\/wp\/v2\/posts\/78075","targetHints":{"allow":["GET"]}}],"collection":[{"href":"https:\/\/president-ksgov.net\/sr\/wp-json\/wp\/v2\/posts"}],"about":[{"href":"https:\/\/president-ksgov.net\/sr\/wp-json\/wp\/v2\/types\/post"}],"author":[{"embeddable":true,"href":"https:\/\/president-ksgov.net\/sr\/wp-json\/wp\/v2\/users\/1"}],"replies":[{"embeddable":true,"href":"https:\/\/president-ksgov.net\/sr\/wp-json\/wp\/v2\/comments?post=78075"}],"version-history":[{"count":1,"href":"https:\/\/president-ksgov.net\/sr\/wp-json\/wp\/v2\/posts\/78075\/revisions"}],"predecessor-version":[{"id":81690,"href":"https:\/\/president-ksgov.net\/sr\/wp-json\/wp\/v2\/posts\/78075\/revisions\/81690"}],"wp:featuredmedia":[{"embeddable":true,"href":"https:\/\/president-ksgov.net\/sr\/wp-json\/wp\/v2\/media\/47452"}],"wp:attachment":[{"href":"https:\/\/president-ksgov.net\/sr\/wp-json\/wp\/v2\/media?parent=78075"}],"wp:term":[{"taxonomy":"category","embeddable":true,"href":"https:\/\/president-ksgov.net\/sr\/wp-json\/wp\/v2\/categories?post=78075"},{"taxonomy":"post_tag","embeddable":true,"href":"https:\/\/president-ksgov.net\/sr\/wp-json\/wp\/v2\/tags?post=78075"}],"curies":[{"name":"wp","href":"https:\/\/api.w.org\/{rel}","templated":true}]}}