{"id":78047,"date":"2014-01-15T16:12:15","date_gmt":"2014-01-15T16:12:15","guid":{"rendered":"https:\/\/dev.president-ksgov.net\/govor-predsednice-jahjaga-na-obeleavanju-15-godinjice-masakra-u-recak\/"},"modified":"2023-03-08T09:03:12","modified_gmt":"2023-03-08T09:03:12","slug":"govor-predsednice-jahjaga-na-obeleavanju-15-godinjice-masakra-u-recak","status":"publish","type":"post","link":"https:\/\/president-ksgov.net\/sr\/govor-predsednice-jahjaga-na-obeleavanju-15-godinjice-masakra-u-recak\/","title":{"rendered":"Govor Predsednice Jahjaga na obele&#158;avanju 15-godi&#154;njice Masakra u Re\u010dak"},"content":{"rendered":"<p>Ose\u0107am duboku bol dok stojim ovde pred vama da se setimo &#382;rtava masakra Re\u010daka, jednog jezivog kriminala koji je ostavio va&#353;e porodice i mnoge druge porodice po celom Kosovu uronjene u &#382;alosti i slomljenih srca.<\/p>\n<p>Po&#353;tovane porodice palih boraca i mu\u010denika,<br \/>\nPo&#353;tovani predstavnici institucija Republike Kosovo,<\/p>\n<p>Ose\u0107am duboku bol dok stojim ovde pred vama da se setimo &#382;rtava masakra Re\u010daka, jednog jezivog kriminala koji je ostavio va&#353;e porodice i mnoge druge porodice po celom Kosovu uronjene u &#382;alosti i slomljenih srca.<\/p>\n<p>Danas uz te&#353;ku bol se se\u0107amo 15 godi&#353;njice ovog neljudskog \u010dina izvr&#353;enog od strane srpskih snaga, ovog zlo\u010dina nad \u010dove\u010danstvom, ubijanja va&#353;ih nevinih uku\u0107ana tog kobnog hladnog januarskog dana, svesni da godine koje su pro&#353;le nisu smanjile bol niti su sanirale rane, svesni da sau\u010de&#353;\u0107e svih nas ne\u0107e nadoknaditi va&#353; gubitak, po&#353;tovani uku\u0107ani. <\/p>\n<p>Mi nikako ne mo&#382;emo ispuniti prazninu koju su ostavili 45 stanovnika Re\u010daka koji nisu stigli u&#382;ivati diplomiranje njihove dece, koji nisu u&#382;ivali njihov uspeh. Nisu mogle nadoknaditi njihovo fizi\u010dko nedostajanje i znam da vama, po&#353;tovane porodice koje svakog dana vidite da oni po\u010divaju u groblje na ivici seoskog brda, kao podsetnik tog kobnog zlo\u010dina, oni \u0107e vam ve\u010dno nedostati. <\/p>\n<p>Ali mi trebamo sna\u0107i snage da idemo dalje jer njihovo &#382;rtvovanje je dalo Kosovu, i dalo je svima nama mogu\u0107nost da stvorimo jednu druga\u010diju zemlju, gde ljudi &#382;ive dostojanstveno, slobodno i poja\u010dani da odlu\u010duju o svojoj sudbini. Jedna zemlja gde se takvi zlo\u010dini ne\u0107e vi&#353;e ponoviti. Cena je bila visoka za sve nas, a naro\u010dito za vas. Ali kao &#353;to dokazujemo svakog dana da nad ovim kolektivnim &#382;rtvovanjem celih generacija mi gradimo jednu dr&#382;avu koja predstavlja ostvarivanje sna da se ravnopravno &#382;ivi, radi ostvarivanja slobode.<\/p>\n<p>Po&#353;tovani prisutni,<\/p>\n<p>Masakr Re\u010daka, isto kao i ostale tragedije zadnjeg rata na Kosovu, \u0107e ostati na se\u0107anje generacijama, biti \u0107e deo na&#353;eg nacionalnog se\u0107anja. Ali svakako \u0107e zatra&#382;iti pravdu, koja \u0107e umiriti du&#353;u svih vas uku\u0107ana ovih &#382;rtava ovde u Re\u010dak i svugde na Kosovu. Jedna pravda koja \u0107e pomo\u0107i svakome od vas da se\u0107anje na va&#353;e najdra&#382;e zadr&#382;ite u najve\u0107oj ljubavi, onako kako ste ih zadr&#382;ali do danas, ali bez boli pravde. Ovo \u0107e pomo\u0107i na&#353;u zemlju da ide napred na neprekidnom putu napretka i razvoja.<\/p>\n<p>Njihovo &#382;rtvovanje \u0107e nam slu&#382;iti kao podstrek da vodimo napred poruku svih palih boraca nacije, da gradimo sna&#382;ne demokratske institucije, dr&#382;avu gde vlada red i zakon.<\/p>\n<p>Ovaj proces je nepovratan. Kosovo \u0107e biti deo svih va&#382;nih me\u0111unarodnih institucija jer samo tako \u0107emo poslati poruku onima koji su ubijeni i masakrirani da je Kosovo ku\u0107a svih njenih ravnopravnih gra\u0111ana, bez razlike i da je Kosovo jaka i prijateljska.<\/p>\n<p>Danas i ve\u010dito \u0107emo biti zajedno i uz vas u deobi bola.<\/p>\n<p>Hvala vam!<\/p>\n","protected":false},"excerpt":{"rendered":"<p>Ose\u0107am duboku bol dok stojim ovde pred vama da se setimo &#382;rtava masakra Re\u010daka, jednog jezivog kriminala koji je ostavio va&#353;e porodice i mnoge druge porodice po celom Kosovu uronjene u &#382;alosti i slomljenih srca.<\/p>\n","protected":false},"author":1,"featured_media":47237,"comment_status":"open","ping_status":"closed","sticky":false,"template":"","format":"standard","meta":{"_eb_attr":"","footnotes":""},"categories":[106],"tags":[],"class_list":["post-78047","post","type-post","status-publish","format-standard","has-post-thumbnail","hentry","category-govori"],"yoast_head":"<!-- This site is optimized with the Yoast SEO plugin v23.5 - https:\/\/yoast.com\/wordpress\/plugins\/seo\/ -->\n<title>Govor Predsednice Jahjaga na obele&#158;avanju 15-godi&#154;njice Masakra u Re\u010dak - Predsednik Republike Kosovo - DR. VJOSA OSMANI - SADRIU<\/title>\n<meta name=\"description\" content=\"Govor Predsednice Jahjaga na obele&#158;avanju 15-godi&#154;njice Masakra u Re\u010dak - Predsednik Republike Kosovo - DR. VJOSA OSMANI - SADRIU -\" \/>\n<meta name=\"robots\" content=\"index, follow, max-snippet:-1, max-image-preview:large, max-video-preview:-1\" \/>\n<link rel=\"canonical\" href=\"https:\/\/president-ksgov.net\/fjala-e-presidentes-jahjaga-ne-shenimin-e-15-vjetorit-te-masakres-se-recakut\/\" \/>\n<meta property=\"og:locale\" content=\"sr_RS\" \/>\n<meta property=\"og:type\" content=\"article\" \/>\n<meta property=\"og:title\" content=\"Govor Predsednice Jahjaga na obele&#158;avanju 15-godi&#154;njice Masakra u Re\u010dak - Predsednik Republike Kosovo - DR. VJOSA OSMANI - SADRIU\" \/>\n<meta property=\"og:description\" content=\"Govor Predsednice Jahjaga na obele&#158;avanju 15-godi&#154;njice Masakra u Re\u010dak - Predsednik Republike Kosovo - DR. VJOSA OSMANI - SADRIU -\" \/>\n<meta property=\"og:url\" content=\"https:\/\/president-ksgov.net\/fjala-e-presidentes-jahjaga-ne-shenimin-e-15-vjetorit-te-masakres-se-recakut\/\" \/>\n<meta property=\"og:site_name\" content=\"Predsednik Republike Kosovo - DR. VJOSA OSMANI - SADRIU\" \/>\n<meta property=\"article:published_time\" content=\"2014-01-15T16:12:15+00:00\" \/>\n<meta property=\"article:modified_time\" content=\"2023-03-08T09:03:12+00:00\" \/>\n<meta property=\"og:image\" content=\"https:\/\/president-ksgov.net\/wp-content\/uploads\/15_01_2014_6524077_15_01_2014_akademia_01.jpg\" \/>\n\t<meta property=\"og:image:width\" content=\"1024\" \/>\n\t<meta property=\"og:image:height\" content=\"400\" \/>\n\t<meta property=\"og:image:type\" content=\"image\/jpeg\" \/>\n<meta name=\"author\" content=\"admin\" \/>\n<meta name=\"twitter:card\" content=\"summary_large_image\" \/>\n<meta name=\"twitter:label1\" content=\"\u041d\u0430\u043f\u0438\u0441\u0430\u043d\u043e \u043e\u0434\" \/>\n\t<meta name=\"twitter:data1\" content=\"admin\" \/>\n\t<meta name=\"twitter:label2\" content=\"\u041f\u0440\u043e\u0446\u0435\u045a\u0435\u043d\u043e \u0432\u0440\u0435\u043c\u0435 \u0447\u0438\u0442\u0430\u045a\u0430\" \/>\n\t<meta name=\"twitter:data2\" content=\"3 \u043c\u0438\u043d\u0443\u0442\u0430\" \/>\n<script type=\"application\/ld+json\" class=\"yoast-schema-graph\">{\"@context\":\"https:\/\/schema.org\",\"@graph\":[{\"@type\":\"WebPage\",\"@id\":\"https:\/\/president-ksgov.net\/fjala-e-presidentes-jahjaga-ne-shenimin-e-15-vjetorit-te-masakres-se-recakut\/\",\"url\":\"https:\/\/president-ksgov.net\/fjala-e-presidentes-jahjaga-ne-shenimin-e-15-vjetorit-te-masakres-se-recakut\/\",\"name\":\"Govor Predsednice Jahjaga na obele&#158;avanju 15-godi&#154;njice Masakra u Re\u010dak - Predsednik Republike Kosovo - DR. VJOSA OSMANI - SADRIU\",\"isPartOf\":{\"@id\":\"https:\/\/president-ksgov.net\/#website\"},\"primaryImageOfPage\":{\"@id\":\"https:\/\/president-ksgov.net\/fjala-e-presidentes-jahjaga-ne-shenimin-e-15-vjetorit-te-masakres-se-recakut\/#primaryimage\"},\"image\":{\"@id\":\"https:\/\/president-ksgov.net\/fjala-e-presidentes-jahjaga-ne-shenimin-e-15-vjetorit-te-masakres-se-recakut\/#primaryimage\"},\"thumbnailUrl\":\"https:\/\/president-ksgov.net\/wp-content\/uploads\/15_01_2014_6524077_15_01_2014_akademia_01.jpg\",\"datePublished\":\"2014-01-15T16:12:15+00:00\",\"dateModified\":\"2023-03-08T09:03:12+00:00\",\"author\":{\"@id\":\"https:\/\/president-ksgov.net\/#\/schema\/person\/bb4337a5fb147cb2046d80548172cbee\"},\"description\":\"Govor Predsednice Jahjaga na obele&#158;avanju 15-godi&#154;njice Masakra u Re\u010dak - Predsednik Republike Kosovo - DR. VJOSA OSMANI - SADRIU -\",\"breadcrumb\":{\"@id\":\"https:\/\/president-ksgov.net\/fjala-e-presidentes-jahjaga-ne-shenimin-e-15-vjetorit-te-masakres-se-recakut\/#breadcrumb\"},\"inLanguage\":\"sr-RS\",\"potentialAction\":[{\"@type\":\"ReadAction\",\"target\":[\"https:\/\/president-ksgov.net\/fjala-e-presidentes-jahjaga-ne-shenimin-e-15-vjetorit-te-masakres-se-recakut\/\"]}]},{\"@type\":\"ImageObject\",\"inLanguage\":\"sr-RS\",\"@id\":\"https:\/\/president-ksgov.net\/fjala-e-presidentes-jahjaga-ne-shenimin-e-15-vjetorit-te-masakres-se-recakut\/#primaryimage\",\"url\":\"https:\/\/president-ksgov.net\/wp-content\/uploads\/15_01_2014_6524077_15_01_2014_akademia_01.jpg\",\"contentUrl\":\"https:\/\/president-ksgov.net\/wp-content\/uploads\/15_01_2014_6524077_15_01_2014_akademia_01.jpg\",\"width\":1024,\"height\":400},{\"@type\":\"BreadcrumbList\",\"@id\":\"https:\/\/president-ksgov.net\/fjala-e-presidentes-jahjaga-ne-shenimin-e-15-vjetorit-te-masakres-se-recakut\/#breadcrumb\",\"itemListElement\":[{\"@type\":\"ListItem\",\"position\":1,\"name\":\"Home\",\"item\":\"https:\/\/president-ksgov.net\/sr\/\"},{\"@type\":\"ListItem\",\"position\":2,\"name\":\"Govor Predsednice Jahjaga na obele&#158;avanju 15-godi&#154;njice Masakra u Re\u010dak\"}]},{\"@type\":\"WebSite\",\"@id\":\"https:\/\/president-ksgov.net\/#website\",\"url\":\"https:\/\/president-ksgov.net\/\",\"name\":\"Presidente e Republik\u00ebs s\u00eb Kosov\u00ebs\",\"description\":\"Presidente e Republik\u00ebs s\u00eb Kosov\u00ebs\",\"alternateName\":\"DR. VJOSA OSMANI - SADRIU\",\"potentialAction\":[{\"@type\":\"SearchAction\",\"target\":{\"@type\":\"EntryPoint\",\"urlTemplate\":\"https:\/\/president-ksgov.net\/?s={search_term_string}\"},\"query-input\":{\"@type\":\"PropertyValueSpecification\",\"valueRequired\":true,\"valueName\":\"search_term_string\"}}],\"inLanguage\":\"sr-RS\"},{\"@type\":\"Person\",\"@id\":\"https:\/\/president-ksgov.net\/#\/schema\/person\/bb4337a5fb147cb2046d80548172cbee\",\"name\":\"admin\",\"image\":{\"@type\":\"ImageObject\",\"inLanguage\":\"sr-RS\",\"@id\":\"https:\/\/president-ksgov.net\/#\/schema\/person\/image\/\",\"url\":\"https:\/\/secure.gravatar.com\/avatar\/36156ca0fa3b8d9d25174f146e16beea0cf28f37adf1b9e19b6c9c279a7c9dd3?s=96&d=mm&r=g\",\"contentUrl\":\"https:\/\/secure.gravatar.com\/avatar\/36156ca0fa3b8d9d25174f146e16beea0cf28f37adf1b9e19b6c9c279a7c9dd3?s=96&d=mm&r=g\",\"caption\":\"admin\"},\"sameAs\":[\"https:\/\/president-ksgov.net\"]}]}<\/script>\n<!-- \/ Yoast SEO plugin. -->","yoast_head_json":{"title":"Govor Predsednice Jahjaga na obele&#158;avanju 15-godi&#154;njice Masakra u Re\u010dak - Predsednik Republike Kosovo - DR. VJOSA OSMANI - SADRIU","description":"Govor Predsednice Jahjaga na obele&#158;avanju 15-godi&#154;njice Masakra u Re\u010dak - Predsednik Republike Kosovo - DR. VJOSA OSMANI - SADRIU -","robots":{"index":"index","follow":"follow","max-snippet":"max-snippet:-1","max-image-preview":"max-image-preview:large","max-video-preview":"max-video-preview:-1"},"canonical":"https:\/\/president-ksgov.net\/fjala-e-presidentes-jahjaga-ne-shenimin-e-15-vjetorit-te-masakres-se-recakut\/","og_locale":"sr_RS","og_type":"article","og_title":"Govor Predsednice Jahjaga na obele&#158;avanju 15-godi&#154;njice Masakra u Re\u010dak - Predsednik Republike Kosovo - DR. VJOSA OSMANI - SADRIU","og_description":"Govor Predsednice Jahjaga na obele&#158;avanju 15-godi&#154;njice Masakra u Re\u010dak - Predsednik Republike Kosovo - DR. VJOSA OSMANI - SADRIU -","og_url":"https:\/\/president-ksgov.net\/fjala-e-presidentes-jahjaga-ne-shenimin-e-15-vjetorit-te-masakres-se-recakut\/","og_site_name":"Predsednik Republike Kosovo - DR. VJOSA OSMANI - SADRIU","article_published_time":"2014-01-15T16:12:15+00:00","article_modified_time":"2023-03-08T09:03:12+00:00","og_image":[{"width":1024,"height":400,"url":"https:\/\/president-ksgov.net\/wp-content\/uploads\/15_01_2014_6524077_15_01_2014_akademia_01.jpg","type":"image\/jpeg"}],"author":"admin","twitter_card":"summary_large_image","twitter_misc":{"\u041d\u0430\u043f\u0438\u0441\u0430\u043d\u043e \u043e\u0434":"admin","\u041f\u0440\u043e\u0446\u0435\u045a\u0435\u043d\u043e \u0432\u0440\u0435\u043c\u0435 \u0447\u0438\u0442\u0430\u045a\u0430":"3 \u043c\u0438\u043d\u0443\u0442\u0430"},"schema":{"@context":"https:\/\/schema.org","@graph":[{"@type":"WebPage","@id":"https:\/\/president-ksgov.net\/fjala-e-presidentes-jahjaga-ne-shenimin-e-15-vjetorit-te-masakres-se-recakut\/","url":"https:\/\/president-ksgov.net\/fjala-e-presidentes-jahjaga-ne-shenimin-e-15-vjetorit-te-masakres-se-recakut\/","name":"Govor Predsednice Jahjaga na obele&#158;avanju 15-godi&#154;njice Masakra u Re\u010dak - Predsednik Republike Kosovo - DR. VJOSA OSMANI - SADRIU","isPartOf":{"@id":"https:\/\/president-ksgov.net\/#website"},"primaryImageOfPage":{"@id":"https:\/\/president-ksgov.net\/fjala-e-presidentes-jahjaga-ne-shenimin-e-15-vjetorit-te-masakres-se-recakut\/#primaryimage"},"image":{"@id":"https:\/\/president-ksgov.net\/fjala-e-presidentes-jahjaga-ne-shenimin-e-15-vjetorit-te-masakres-se-recakut\/#primaryimage"},"thumbnailUrl":"https:\/\/president-ksgov.net\/wp-content\/uploads\/15_01_2014_6524077_15_01_2014_akademia_01.jpg","datePublished":"2014-01-15T16:12:15+00:00","dateModified":"2023-03-08T09:03:12+00:00","author":{"@id":"https:\/\/president-ksgov.net\/#\/schema\/person\/bb4337a5fb147cb2046d80548172cbee"},"description":"Govor Predsednice Jahjaga na obele&#158;avanju 15-godi&#154;njice Masakra u Re\u010dak - Predsednik Republike Kosovo - DR. VJOSA OSMANI - SADRIU -","breadcrumb":{"@id":"https:\/\/president-ksgov.net\/fjala-e-presidentes-jahjaga-ne-shenimin-e-15-vjetorit-te-masakres-se-recakut\/#breadcrumb"},"inLanguage":"sr-RS","potentialAction":[{"@type":"ReadAction","target":["https:\/\/president-ksgov.net\/fjala-e-presidentes-jahjaga-ne-shenimin-e-15-vjetorit-te-masakres-se-recakut\/"]}]},{"@type":"ImageObject","inLanguage":"sr-RS","@id":"https:\/\/president-ksgov.net\/fjala-e-presidentes-jahjaga-ne-shenimin-e-15-vjetorit-te-masakres-se-recakut\/#primaryimage","url":"https:\/\/president-ksgov.net\/wp-content\/uploads\/15_01_2014_6524077_15_01_2014_akademia_01.jpg","contentUrl":"https:\/\/president-ksgov.net\/wp-content\/uploads\/15_01_2014_6524077_15_01_2014_akademia_01.jpg","width":1024,"height":400},{"@type":"BreadcrumbList","@id":"https:\/\/president-ksgov.net\/fjala-e-presidentes-jahjaga-ne-shenimin-e-15-vjetorit-te-masakres-se-recakut\/#breadcrumb","itemListElement":[{"@type":"ListItem","position":1,"name":"Home","item":"https:\/\/president-ksgov.net\/sr\/"},{"@type":"ListItem","position":2,"name":"Govor Predsednice Jahjaga na obele&#158;avanju 15-godi&#154;njice Masakra u Re\u010dak"}]},{"@type":"WebSite","@id":"https:\/\/president-ksgov.net\/#website","url":"https:\/\/president-ksgov.net\/","name":"Presidente e Republik\u00ebs s\u00eb Kosov\u00ebs","description":"Presidente e Republik\u00ebs s\u00eb Kosov\u00ebs","alternateName":"DR. VJOSA OSMANI - SADRIU","potentialAction":[{"@type":"SearchAction","target":{"@type":"EntryPoint","urlTemplate":"https:\/\/president-ksgov.net\/?s={search_term_string}"},"query-input":{"@type":"PropertyValueSpecification","valueRequired":true,"valueName":"search_term_string"}}],"inLanguage":"sr-RS"},{"@type":"Person","@id":"https:\/\/president-ksgov.net\/#\/schema\/person\/bb4337a5fb147cb2046d80548172cbee","name":"admin","image":{"@type":"ImageObject","inLanguage":"sr-RS","@id":"https:\/\/president-ksgov.net\/#\/schema\/person\/image\/","url":"https:\/\/secure.gravatar.com\/avatar\/36156ca0fa3b8d9d25174f146e16beea0cf28f37adf1b9e19b6c9c279a7c9dd3?s=96&d=mm&r=g","contentUrl":"https:\/\/secure.gravatar.com\/avatar\/36156ca0fa3b8d9d25174f146e16beea0cf28f37adf1b9e19b6c9c279a7c9dd3?s=96&d=mm&r=g","caption":"admin"},"sameAs":["https:\/\/president-ksgov.net"]}]}},"_links":{"self":[{"href":"https:\/\/president-ksgov.net\/sr\/wp-json\/wp\/v2\/posts\/78047","targetHints":{"allow":["GET"]}}],"collection":[{"href":"https:\/\/president-ksgov.net\/sr\/wp-json\/wp\/v2\/posts"}],"about":[{"href":"https:\/\/president-ksgov.net\/sr\/wp-json\/wp\/v2\/types\/post"}],"author":[{"embeddable":true,"href":"https:\/\/president-ksgov.net\/sr\/wp-json\/wp\/v2\/users\/1"}],"replies":[{"embeddable":true,"href":"https:\/\/president-ksgov.net\/sr\/wp-json\/wp\/v2\/comments?post=78047"}],"version-history":[{"count":1,"href":"https:\/\/president-ksgov.net\/sr\/wp-json\/wp\/v2\/posts\/78047\/revisions"}],"predecessor-version":[{"id":81688,"href":"https:\/\/president-ksgov.net\/sr\/wp-json\/wp\/v2\/posts\/78047\/revisions\/81688"}],"wp:featuredmedia":[{"embeddable":true,"href":"https:\/\/president-ksgov.net\/sr\/wp-json\/wp\/v2\/media\/47237"}],"wp:attachment":[{"href":"https:\/\/president-ksgov.net\/sr\/wp-json\/wp\/v2\/media?parent=78047"}],"wp:term":[{"taxonomy":"category","embeddable":true,"href":"https:\/\/president-ksgov.net\/sr\/wp-json\/wp\/v2\/categories?post=78047"},{"taxonomy":"post_tag","embeddable":true,"href":"https:\/\/president-ksgov.net\/sr\/wp-json\/wp\/v2\/tags?post=78047"}],"curies":[{"name":"wp","href":"https:\/\/api.w.org\/{rel}","templated":true}]}}