{"id":78040,"date":"2014-01-21T18:54:40","date_gmt":"2014-01-21T18:54:40","guid":{"rendered":"https:\/\/dev.president-ksgov.net\/govor-predsednice-atifete-jahjaga-na-11-medjunarodnom-kongresu-beca\/"},"modified":"2023-03-08T09:03:12","modified_gmt":"2023-03-08T09:03:12","slug":"govor-predsednice-atifete-jahjaga-na-11-medjunarodnom-kongresu-beca","status":"publish","type":"post","link":"https:\/\/president-ksgov.net\/sr\/govor-predsednice-atifete-jahjaga-na-11-medjunarodnom-kongresu-beca\/","title":{"rendered":"Govor Predsednice Atifete Jahjaga na 11. Me\u0111unarodnom Kongresu Be\u010da"},"content":{"rendered":"<p>Predsednica Republike Kosovo, gospo\u0111a Atifete Jahjaga, danas je odr&#382;ala govor na temu &#8220;Vizija za Evropu&#8220; u 11. Me\u0111unarodnom Kongresu Be\u010da (11-th International Vienna Congress &#8211; Com-Sult).<\/p>\n<p>Kongresu prisustvuju politi\u010dari, diplomati, stru\u010dnjaci ekonomske oblasti, istaknuti me\u0111unarodni nobelovci i poznate svetske li\u010dnosti. <\/p>\n<p>U nastavku sledi govor Predsednice Jahjaga u celosti: <\/p>\n<p>Zadovoljstvo je biti danas sa vama ovde i da zajedno delimo poslednja zbivanja i\u00a0 dostignu\u0107a na Kosovu<br \/>\n\u00a0<br \/>\nDozvolite mi da po\u010dinjem izra&#382;avanjem da se ose\u0107am po\u010da&#353;\u0107ena da se nalazim u Be\u010d, u ovu prijateljsku dr&#382;avu, koja je pomogla Kosovo i region da ostavlja za sobom gorku pro&#353;lost. <\/p>\n<p>Danas &#382;elim da sa vama govorim oko jednog va&#382;nog postupka preduzetog od strane institucija i naroda Kosova u cilju normalizacije odnosa sa na&#353;im susedima i otvaranja novog poglavlja saradnje. <\/p>\n<p>Kada smo po\u010deli raditi za \u010dlanstvo u EZ-e, mi smo se su\u010deljavali sa jednom va&#382;nom istinito&#353;\u0107u. EZ-e ne &#382;eli uvoziti sukobe. <\/p>\n<p>Odnosi na Balkanu, izme\u0111u dr&#382;ava, nastavljaju biti krhki, te&#353;ki i sa puno ne poverenja. <\/p>\n<p>Mi jo&#353; uvek nismo postigli uspostaviti mostove povezanosti me\u0111u nama, usprkos nekih preduzetih va&#382;nih koraka tokom zadnje decenije u cilju menjanja percepcije jednog prema drugome. <\/p>\n<p>Ali povrh toga, ono &#353;to je bilo nezamislivo pre godinu dana &#8211;dijalog izme\u0111u Kosova i Srbije &#8211; postao je najve\u0107i uspeh s toga &#353;to je nadvladala ideja Evropske integracije- ideja\u00a0 saradnje i razumevanja. <\/p>\n<p>Iako postojimo kao posebne dr&#382;ave i nosioci smo na&#353;ih sudbina, na&#353;e budu\u0107nosti su me\u0111usobno povezane, posebno po&#353;to kanimo da se uklju\u010dimo jednoj Zajednici koja simbolizuje miroljubivu koegzistenciju i ekonomsku me\u0111uzavisnost. <\/p>\n<p>Mi smo trebali na\u0107i snage i hrabrosti da bismo adresirali ono &#353;to je bila najte&#382;e tokom pro&#353;le decenije, otvaranje poglavlja politi\u010dkog pomirenja sa Srbijom i da obezbedimo prihvatljiv\/ zadovoljavaju\u0107i sme&#353;taj zajednici Srba koji &#382;ive na severnom delu Kosova koji su zadr&#382;ani kao taoci\u00a0 zbog nedostatka volje Srbije da prizna realnost jednog nezavisnog Kosova. <\/p>\n<p>Dialog potpomognut od EZ-e i podr&#382;an od SAD-e jeste jedini na\u010din za obnavljanje ravnopravnih odnosa izme\u0111u nas.<\/p>\n<p>Dialog ima za cilj da obezbedi stabilnost i da ubla&#382;i tenzije u regionu putem izbora koji sadr&#382;e najbolje Evropske standarde i prakse.Mi smo krenuli u proces dijaloga ube\u0111eni da samo putem ovog procesa mi mo&#382;emo posti\u0107i potrebnu stabilnost\u00a0 za konsolidaciju na&#353;ih dr&#382;ava, obnovu na&#353;ih ekonomija i da gradimo susedne odnose koji obezbe\u0111uju na&#353;u evropsku budu\u0107nost. <\/p>\n<p>U ovom procesu, mi smo tra&#382;ili politi\u010dku i dru&#353;tvenu\u00a0 sveobuhvatnost. Jer je ovo bila uzvi&#353;ena investicija koja prevazilazi ideolo&#353;ke granice i dnevnu politiku. <\/p>\n<p>Jer &#8211; ja \u010dvrsto verujem da- ono utvr\u0111uje kretanje na&#353;e zemlje i dotakne &#382;ivot svakog gra\u0111anina.<\/p>\n<p>Tokom nastojanja za gradnju konsenzusa mi smo nai&#353;li na skepticizam, koji se treba razumeti u kontekstu na&#353;e pro&#353;losti sa Srbijom i jednog velikog broja propalih sporazuma koji su prouzrokovali mnogo patnji gra\u0111anima moje zemlje. <\/p>\n<p>I dok su se\u0107anja na rat i njene posledice jo&#353; uvek sve&#382;a- kao &#353;to nas podse\u0107a otkrivanje jedne masivne grobnice u Srbiji, ne tako daleko od na&#353;e granice sa Srbijom, u kojoj se veruje da se nalaze tela albanskih civila. <\/p>\n<p>Kao lider najvi&#353;e institucije moje zemlje, ja sam podr&#382;ala dijalog izme\u0111u dve nezavisne zemlje- uklju\u010duju\u0107i i moj sastanak sa Predsednikom Srbije pro&#353;le godine u Bruksel<\/p>\n<p>odlu\u010dni da okrenemo jednu novu stranicu u izgradnji jedne vizije za budu\u0107nost celog regiona. Nijedna dr&#382;ava ne mo&#382;e dr&#382;ati kao taoca budu\u0107nost na&#353;ih gra\u0111ana. Pro&#353;le godine smo zavr&#353;ili sporazum o ukidanju ilegalnih struktura Srba koje su delovale na severu. <\/p>\n<p>S uspehom smo uklju\u010dili \u010dlanove ove zajednice u Policiji Kosova. <\/p>\n<p>Mi smo odr&#382;ali lokalne izbore po prvi put u celoj teritoriji Kosova biraju\u0107i predsednike op&#353;tina i op&#353;tinske poslanike koji &#8211; verujemo &#8211; predstavljati \u0107e sve gra\u0111ane Kosova. <\/p>\n<p>Isto tako smo postigli sporazum o energiji, integriranom nadzoru granice, transportu, porezu i carini, dokumenata, te smo otvarali kancelarije za vezu u oba glavna grada. <\/p>\n<p>Sporazumi koji obezbe\u0111uju stabilnost i kona\u010dno sporazumi koji pru&#382;aju ve\u0107u bezbednost za ceo region. <\/p>\n<p>Ovi sporazumi treba da se primene u celosti. I proces normalizacije izme\u0111u Kosova i Srbije treba da se vrednuje poglavlje za poglavljem\u00a0 i korak za korakom! <\/p>\n<p>Cene\u0107i primenu svakog aspekta sporazuma i obezbe\u0111ivanjem uspe&#353;nog okon\u010danja svakog perioda implementacije dok sti&#382;emo na kraju. Kosovo i Srbija treba da grade jedno obostrano partnerstvo, zasnovano na obostrano priznanje, kao kona\u010dni korak u pravcu integracije u EZ-e. <\/p>\n<p>Ni jednoj dr&#382;avi koja cilja integraciju u EZ-e ne treba dozvoliti da ometa neku drugu dr&#382;avu u ovom procesu i ovo vredi posebno za slu\u010daj Kosova i Srbije. Iz tog razloga, obostrano priznanje izme\u0111u dve dr&#382;ave, putem jednog na zakon osnovanog traktata, treba da otvara put za \u010dlanstvo u EZ-e za obe dr&#382;ave.\u00a0 <\/p>\n<p>EZ-e ne treba da dozvoli postavljanje prepreka na putu dr&#382;avama koje ciljaju EZ-e jer jedan takav \u010din bi blokiralo daljnji razvoj i stvorilo bi jedan period neslaganja u Zapadnom Balkanu, dovo\u0111enjem jo&#353; jedne druge prepreke u proces op&#353;teg\u00a0 napretka ovog regiona. <\/p>\n<p>S tog razloga na&#353;e kretanje u pravcu EZ-e treba da se uslovljava sa cementiranjem mira u na&#353;im zemljama.\u00a0 <\/p>\n<p>Mi &#382;elimo videti nastavak strukturiranog dijaloga dok postoji potreba za njim, ali sa jednim predvi\u0111enim vremenskim rokom i predvo\u0111enog od datih rezultata.\u00a0 <\/p>\n<p>Ali najvi&#353;e &#382;elimo jedan dijalog koji bi se nastavio olak&#353;ati od EZ-e i podr&#382;i od SAD-e, koji bi tako\u0111e garantovao potpunu primenu do sada postignutih sporazuma. <\/p>\n<p>Mi smo mnogo investirali u proces dijaloga i trebamo podr&#382;ati kretanje\u00a0 napred odlu\u010dnost za nalaz prihvatljivog re&#353;enja za gra\u0111ane Kosova za normalizaciju odnosa izme\u0111u dve zemlje,jer, imamo pred nama hitne zadatke ve\u0107i deo kojih uklju\u010duje ja\u010danjbe demokratskih institucija u zemlji i ispunjavanje potreba na&#353;ih gra\u0111ana. <\/p>\n<p>Ekonomski razvoj, posebno mogu\u0107nost za stvaranje novih radnih mesta i za obnovu na&#353;ih privreda, treba da se postave na prvom mestu, jer ova potreba se pojavljuje kao zajedni\u010dki imenitelj i Albanaca i Srba, i jeste njihova zajedni\u010dka briga. <\/p>\n<p>Ali, mi razumemo da su oba pitanja povezana, kao &#353;to je i dijalog izme\u0111u na&#353;ih gra\u0111ana, \u010dije poverenje jednog u drugog je poljuljano jo&#353; od perioda represije i rata na Kosovo. <\/p>\n<p>Poverenje koje se postepeno obnavlja me\u0111u nama, gra\u0111anima Republike Kosovo, koji &#382;ele &#382;iveti u miru i koji &#382;ele bolji &#382;ivot. Dakle, na&#353;e anga&#382;ovanje jo&#353; nije zavr&#353;eno.\u00a0 Putem dijaloga mi smo zahtevali da gradimo jednu sveobuhvatnu demokratsku dr&#382;avu, izgra\u0111enu od gra\u0111ana Kosova uz veliku pomo\u0107 datu od strane me\u0111unarodne zajednice. <\/p>\n<p>Kosovo nije jedna zemlja koja \u0107e podeliti svoj suverenitet sa nekom drugom dr&#382;avom. Isto tako nije jedna zemlje koja gaji teritorijalne ambicije prema nekoj susednoj zemlji.<\/p>\n<p>Mi ciljamo graditi jednu sveobuhvatnu zemlju, u kojoj razne kulture koegzistiraju- u kojoj mnogo radimo na ponovnom ja\u010danju poljuljanog poverenja izme\u0111u zajednica i obnavljanju komunikacionih veza koje su ranije bile ukinute. <\/p>\n<p>Mi &#382;elimo se obezbediti da smo ponovo uspostavili dijalog izme\u0111u na&#353;ih gra\u0111ana u svakom delu zemlje, sa svim zajednicama, jer &#382;elimo da Kosovo bude jedna zemlja ravnopravnih gra\u0111ana i jedna zemlja koja kao kamen temeljac na&#353;eg rada ima vladanje reda i zakona, toleranciju i po&#353;tovanje. <\/p>\n<p>Republika Kosvoo nije jedan interim projekat, nego jedna ve\u010dita \u010dinjenica i jedna nepobitna realnost, i njen teritorijalni integritet se ne mo&#382;e kompromitovati. <\/p>\n<p>Srbija treba da odustaje od ideje podele Kosova etni\u010dkim linijama. Treba odustati od zahteva da Kosovo razmeni jedan deo svog teritorija i treba da odustaje od ideje jednog smrznutog konflikta. <\/p>\n<p>Niko ne mo&#382;e odlu\u010divati u ime Kosova osim njenih gra\u0111ana i njenih legitimnih predstavnika. Niko osim njih\u00a0 nema pravo odlu\u010divati o sudbini Kosova. Na&#353;a nemogu\u0107nost da gradimo ovu sveobuhvatnost je bila nametnuta od stalne influencije Srbije u zajednici Srba na Kosovu, kompliciraju\u0107i shvatanje sa njihove strane realnosti na kojoj se nalaze i blokiraju\u0107i njihovo predstavljanje u institucije Kosova. Koja me stvar dovodi pitanja bezbednosti, kao klju\u010dnog elementa u razvoju jedne dr&#382;ave i zasigurno jedan od principa koji obezbe\u0111uje napredak dru&#353;tva, ujedinjavaju\u0107i ljude raznih zajednica, uklju\u010duju\u0107i i skeptike. <\/p>\n<p>Bezbednost jeste kamen temeljac recipro\u010dne saradnje izme\u0111u nacija i dr&#382;ava jer garantuje mir i otvara put napretka. <\/p>\n<p>Za jedan vremenski period, Jugoisto\u010dna Evropa je bila &#382;ari&#353;te nesigurnosti koja je proizvodila nestabilnost, iseljavanje i udaljavanje gra\u0111ana u pravcu zemalja Evropske Zajednice.<\/p>\n<p>Mi jo&#353; trebamo da sigurnost obezbedimo u svakom delu zemlje. Jedan siguram ambijent za na&#353;e gra\u0111ane, posebno na severnom delu Kosova, gde zlo\u010dina\u010dki elementi nastavljaju biti aktivni\u00a0 i gde ilegalne strukture &#8211; podr&#382;ane od Srbije su operirale jo&#353; od zavr&#353;etka rata. Uspostavljanje vladanja zakona u celoj teritoriji Kosova je potrebno jer samo na taj na\u010din mo&#382;emo spre\u010diti ponavljanje me\u0111uetni\u010dkih sukoba i tenzija. Samo uspostavljanjem vladanja zakona mo&#382;emo spre\u010diti pojave scena nasilnih izbora i bezbroj instanci zastra&#353;ivanja. <\/p>\n<p>Na&#382;alost, kao &#353;to dokazuje ubistvo op&#353;tinskog poslanika i biv&#353;eg Srpskog kandidata za predsednika op&#353;tine, koje se desilo pro&#353;le sedmice, posledice \u0107e biti te&#353;ke ukoliko se na svaku stranu ne vr&#353;i pritisak za davanje razultata u vladanju zakona.\u00a0\u00a0\u00a0 <\/p>\n<p>Po&#353;tovani u\u010desnici, <\/p>\n<p>Na&#353;e kretanje u pravcu EZ-e jeste kretanje koje spaja sve gra\u0111ane moje zemlje bez obzira na njihovo poreklo, jeste glavni cilj i prioritet svakog gra\u0111anina Republike Kosovo i ja sna&#382;no verujem da ovaj sentimentalni ose\u0107aj dele svi gra\u0111ani Jugoisto\u010dne Evrope. <\/p>\n<p>\u010cesto puta nam je postavljeno pitanje &#353;ta nama nudi Evropa i &#353;ta nudimo mi Evropi. Evropska Zajednica jeste jedini i nezamenljiv projekat koji je svoj veliki uticaj raspodelio i odigrao jednu veliku ulogu transformacije. Ne samo privredama zemalja \u010dlanica nego uop&#353;te zemalja i dru&#353;tava koje imaju aspiracija za \u010dlanstvo u EZ-e. <\/p>\n<p>Celih decenija je Evropa bele&#382;ila veliki napredak i prevazi&#353;la je razlike izme\u0111u zemalja.<\/p>\n<p>Ideja Evropske Zajednice nastavlja biti najve\u0107i projekta koji je spajao ljude u miru i prosperitetu. I doneo im je slobodu kretanja, politi\u010dku i ekonomsku stabilnost i obostrano razumevanje. <\/p>\n<p>Te s tog razloga EZ-e jeste na&#353; zajedni\u010dki cilj, zemalja Jugoisto\u010dne Evrope, i ovaj projekat mo&#382;e da se zaokru&#382;i i zaklju\u010di samo uklju\u010divanjem svakog u okviru nje Evropska celovitost \u0107e se posti\u0107i integracijom na&#353;ih zemalja koje trebaju vi&#353;e radiri da bi uspele postati deo ove velike ideje. <\/p>\n<p>Mi smo svesni da na&#353;i putevi, putevi na&#353;ih doti\u010dnih zemalja u pravcu EZ-e, su uslovljeni. Na po\u010detku sa izgra\u0111ivanjem dobrosusednih odnosa sa puno pa&#382;nje i po&#353;tovanja utvr\u0111enih normi i standarda. <\/p>\n<p>Mi smo svesni da ovo kretanje je te&#353;ko, jer zahteva od nas ispunjavanje internih reformi,<\/p>\n<p>koje se ne trebaju preduzeti radi Evrope nego zbog na&#353;ih gra\u0111ana i op&#353;teg blagostanja. Dakako da bi nam pomoglo u zbli&#382;avanju na&#353;ih gra\u0111ana i garantovalo bi jednu celokupnu stabilnost u regionu koji nastavlja ostati zavisan od integracionog procesa <\/p>\n<p>Jasna i otvorena perspektiva je potrebna. Kosovo i susedi su nedeljiv deo Evropske Zajednice. Integracija u EZ-e nije samo vizija nego jedna nepobitna realnost i najbolja opcija za region.<\/p>\n","protected":false},"excerpt":{"rendered":"<p>Predsednica Republike Kosovo, gospo\u0111a Atifete Jahjaga, danas je odr&#382;ala govor na temu &#8220;Vizija za Evropu&#8220; u 11. Me\u0111unarodnom Kongresu Be\u010da (11-th International Vienna Congress &#8211; Com-Sult).<\/p>\n","protected":false},"author":1,"featured_media":47140,"comment_status":"open","ping_status":"closed","sticky":false,"template":"","format":"standard","meta":{"_eb_attr":"","footnotes":""},"categories":[106],"tags":[],"class_list":["post-78040","post","type-post","status-publish","format-standard","has-post-thumbnail","hentry","category-govori"],"yoast_head":"<!-- This site is optimized with the Yoast SEO plugin v23.5 - https:\/\/yoast.com\/wordpress\/plugins\/seo\/ -->\n<title>Govor Predsednice Atifete Jahjaga na 11. Me\u0111unarodnom Kongresu Be\u010da - Predsednik Republike Kosovo - DR. VJOSA OSMANI - SADRIU<\/title>\n<meta name=\"description\" content=\"Govor Predsednice Atifete Jahjaga na 11. Me\u0111unarodnom Kongresu Be\u010da - Predsednik Republike Kosovo - DR. VJOSA OSMANI - SADRIU -\" \/>\n<meta name=\"robots\" content=\"index, follow, max-snippet:-1, max-image-preview:large, max-video-preview:-1\" \/>\n<link rel=\"canonical\" href=\"https:\/\/president-ksgov.net\/fjala-e-presidentes-atifete-jahjaga-ne-kongresin-e-11-te-nderkombetar-te-vjenes-2\/\" \/>\n<meta property=\"og:locale\" content=\"sr_RS\" \/>\n<meta property=\"og:type\" content=\"article\" \/>\n<meta property=\"og:title\" content=\"Govor Predsednice Atifete Jahjaga na 11. Me\u0111unarodnom Kongresu Be\u010da - Predsednik Republike Kosovo - DR. VJOSA OSMANI - SADRIU\" \/>\n<meta property=\"og:description\" content=\"Govor Predsednice Atifete Jahjaga na 11. Me\u0111unarodnom Kongresu Be\u010da - Predsednik Republike Kosovo - DR. VJOSA OSMANI - SADRIU -\" \/>\n<meta property=\"og:url\" content=\"https:\/\/president-ksgov.net\/fjala-e-presidentes-atifete-jahjaga-ne-kongresin-e-11-te-nderkombetar-te-vjenes-2\/\" \/>\n<meta property=\"og:site_name\" content=\"Predsednik Republike Kosovo - DR. VJOSA OSMANI - SADRIU\" \/>\n<meta property=\"article:published_time\" content=\"2014-01-21T18:54:40+00:00\" \/>\n<meta property=\"article:modified_time\" content=\"2023-03-08T09:03:12+00:00\" \/>\n<meta property=\"og:image\" content=\"https:\/\/president-ksgov.net\/wp-content\/uploads\/21_01_2014_1234209_fjalimi001.jpg\" \/>\n\t<meta property=\"og:image:width\" content=\"1000\" \/>\n\t<meta property=\"og:image:height\" content=\"667\" \/>\n\t<meta property=\"og:image:type\" content=\"image\/jpeg\" \/>\n<meta name=\"author\" content=\"admin\" \/>\n<meta name=\"twitter:card\" content=\"summary_large_image\" \/>\n<meta name=\"twitter:label1\" content=\"\u041d\u0430\u043f\u0438\u0441\u0430\u043d\u043e \u043e\u0434\" \/>\n\t<meta name=\"twitter:data1\" content=\"admin\" \/>\n\t<meta name=\"twitter:label2\" content=\"\u041f\u0440\u043e\u0446\u0435\u045a\u0435\u043d\u043e \u0432\u0440\u0435\u043c\u0435 \u0447\u0438\u0442\u0430\u045a\u0430\" \/>\n\t<meta name=\"twitter:data2\" content=\"10 \u043c\u0438\u043d\u0443\u0442\u0430\" \/>\n<script type=\"application\/ld+json\" class=\"yoast-schema-graph\">{\"@context\":\"https:\/\/schema.org\",\"@graph\":[{\"@type\":\"WebPage\",\"@id\":\"https:\/\/president-ksgov.net\/fjala-e-presidentes-atifete-jahjaga-ne-kongresin-e-11-te-nderkombetar-te-vjenes-2\/\",\"url\":\"https:\/\/president-ksgov.net\/fjala-e-presidentes-atifete-jahjaga-ne-kongresin-e-11-te-nderkombetar-te-vjenes-2\/\",\"name\":\"Govor Predsednice Atifete Jahjaga na 11. Me\u0111unarodnom Kongresu Be\u010da - Predsednik Republike Kosovo - DR. VJOSA OSMANI - SADRIU\",\"isPartOf\":{\"@id\":\"https:\/\/president-ksgov.net\/#website\"},\"primaryImageOfPage\":{\"@id\":\"https:\/\/president-ksgov.net\/fjala-e-presidentes-atifete-jahjaga-ne-kongresin-e-11-te-nderkombetar-te-vjenes-2\/#primaryimage\"},\"image\":{\"@id\":\"https:\/\/president-ksgov.net\/fjala-e-presidentes-atifete-jahjaga-ne-kongresin-e-11-te-nderkombetar-te-vjenes-2\/#primaryimage\"},\"thumbnailUrl\":\"https:\/\/president-ksgov.net\/wp-content\/uploads\/21_01_2014_1234209_fjalimi001.jpg\",\"datePublished\":\"2014-01-21T18:54:40+00:00\",\"dateModified\":\"2023-03-08T09:03:12+00:00\",\"author\":{\"@id\":\"https:\/\/president-ksgov.net\/#\/schema\/person\/bb4337a5fb147cb2046d80548172cbee\"},\"description\":\"Govor Predsednice Atifete Jahjaga na 11. Me\u0111unarodnom Kongresu Be\u010da - Predsednik Republike Kosovo - DR. VJOSA OSMANI - SADRIU -\",\"breadcrumb\":{\"@id\":\"https:\/\/president-ksgov.net\/fjala-e-presidentes-atifete-jahjaga-ne-kongresin-e-11-te-nderkombetar-te-vjenes-2\/#breadcrumb\"},\"inLanguage\":\"sr-RS\",\"potentialAction\":[{\"@type\":\"ReadAction\",\"target\":[\"https:\/\/president-ksgov.net\/fjala-e-presidentes-atifete-jahjaga-ne-kongresin-e-11-te-nderkombetar-te-vjenes-2\/\"]}]},{\"@type\":\"ImageObject\",\"inLanguage\":\"sr-RS\",\"@id\":\"https:\/\/president-ksgov.net\/fjala-e-presidentes-atifete-jahjaga-ne-kongresin-e-11-te-nderkombetar-te-vjenes-2\/#primaryimage\",\"url\":\"https:\/\/president-ksgov.net\/wp-content\/uploads\/21_01_2014_1234209_fjalimi001.jpg\",\"contentUrl\":\"https:\/\/president-ksgov.net\/wp-content\/uploads\/21_01_2014_1234209_fjalimi001.jpg\",\"width\":1000,\"height\":667},{\"@type\":\"BreadcrumbList\",\"@id\":\"https:\/\/president-ksgov.net\/fjala-e-presidentes-atifete-jahjaga-ne-kongresin-e-11-te-nderkombetar-te-vjenes-2\/#breadcrumb\",\"itemListElement\":[{\"@type\":\"ListItem\",\"position\":1,\"name\":\"Home\",\"item\":\"https:\/\/president-ksgov.net\/sr\/\"},{\"@type\":\"ListItem\",\"position\":2,\"name\":\"Govor Predsednice Atifete Jahjaga na 11. Me\u0111unarodnom Kongresu Be\u010da\"}]},{\"@type\":\"WebSite\",\"@id\":\"https:\/\/president-ksgov.net\/#website\",\"url\":\"https:\/\/president-ksgov.net\/\",\"name\":\"Presidente e Republik\u00ebs s\u00eb Kosov\u00ebs\",\"description\":\"Presidente e Republik\u00ebs s\u00eb Kosov\u00ebs\",\"alternateName\":\"DR. VJOSA OSMANI - SADRIU\",\"potentialAction\":[{\"@type\":\"SearchAction\",\"target\":{\"@type\":\"EntryPoint\",\"urlTemplate\":\"https:\/\/president-ksgov.net\/?s={search_term_string}\"},\"query-input\":{\"@type\":\"PropertyValueSpecification\",\"valueRequired\":true,\"valueName\":\"search_term_string\"}}],\"inLanguage\":\"sr-RS\"},{\"@type\":\"Person\",\"@id\":\"https:\/\/president-ksgov.net\/#\/schema\/person\/bb4337a5fb147cb2046d80548172cbee\",\"name\":\"admin\",\"image\":{\"@type\":\"ImageObject\",\"inLanguage\":\"sr-RS\",\"@id\":\"https:\/\/president-ksgov.net\/#\/schema\/person\/image\/\",\"url\":\"https:\/\/secure.gravatar.com\/avatar\/36156ca0fa3b8d9d25174f146e16beea0cf28f37adf1b9e19b6c9c279a7c9dd3?s=96&d=mm&r=g\",\"contentUrl\":\"https:\/\/secure.gravatar.com\/avatar\/36156ca0fa3b8d9d25174f146e16beea0cf28f37adf1b9e19b6c9c279a7c9dd3?s=96&d=mm&r=g\",\"caption\":\"admin\"},\"sameAs\":[\"https:\/\/president-ksgov.net\"]}]}<\/script>\n<!-- \/ Yoast SEO plugin. -->","yoast_head_json":{"title":"Govor Predsednice Atifete Jahjaga na 11. Me\u0111unarodnom Kongresu Be\u010da - Predsednik Republike Kosovo - DR. VJOSA OSMANI - SADRIU","description":"Govor Predsednice Atifete Jahjaga na 11. Me\u0111unarodnom Kongresu Be\u010da - Predsednik Republike Kosovo - DR. VJOSA OSMANI - SADRIU -","robots":{"index":"index","follow":"follow","max-snippet":"max-snippet:-1","max-image-preview":"max-image-preview:large","max-video-preview":"max-video-preview:-1"},"canonical":"https:\/\/president-ksgov.net\/fjala-e-presidentes-atifete-jahjaga-ne-kongresin-e-11-te-nderkombetar-te-vjenes-2\/","og_locale":"sr_RS","og_type":"article","og_title":"Govor Predsednice Atifete Jahjaga na 11. Me\u0111unarodnom Kongresu Be\u010da - Predsednik Republike Kosovo - DR. VJOSA OSMANI - SADRIU","og_description":"Govor Predsednice Atifete Jahjaga na 11. Me\u0111unarodnom Kongresu Be\u010da - Predsednik Republike Kosovo - DR. VJOSA OSMANI - SADRIU -","og_url":"https:\/\/president-ksgov.net\/fjala-e-presidentes-atifete-jahjaga-ne-kongresin-e-11-te-nderkombetar-te-vjenes-2\/","og_site_name":"Predsednik Republike Kosovo - DR. VJOSA OSMANI - SADRIU","article_published_time":"2014-01-21T18:54:40+00:00","article_modified_time":"2023-03-08T09:03:12+00:00","og_image":[{"width":1000,"height":667,"url":"https:\/\/president-ksgov.net\/wp-content\/uploads\/21_01_2014_1234209_fjalimi001.jpg","type":"image\/jpeg"}],"author":"admin","twitter_card":"summary_large_image","twitter_misc":{"\u041d\u0430\u043f\u0438\u0441\u0430\u043d\u043e \u043e\u0434":"admin","\u041f\u0440\u043e\u0446\u0435\u045a\u0435\u043d\u043e \u0432\u0440\u0435\u043c\u0435 \u0447\u0438\u0442\u0430\u045a\u0430":"10 \u043c\u0438\u043d\u0443\u0442\u0430"},"schema":{"@context":"https:\/\/schema.org","@graph":[{"@type":"WebPage","@id":"https:\/\/president-ksgov.net\/fjala-e-presidentes-atifete-jahjaga-ne-kongresin-e-11-te-nderkombetar-te-vjenes-2\/","url":"https:\/\/president-ksgov.net\/fjala-e-presidentes-atifete-jahjaga-ne-kongresin-e-11-te-nderkombetar-te-vjenes-2\/","name":"Govor Predsednice Atifete Jahjaga na 11. Me\u0111unarodnom Kongresu Be\u010da - Predsednik Republike Kosovo - DR. VJOSA OSMANI - SADRIU","isPartOf":{"@id":"https:\/\/president-ksgov.net\/#website"},"primaryImageOfPage":{"@id":"https:\/\/president-ksgov.net\/fjala-e-presidentes-atifete-jahjaga-ne-kongresin-e-11-te-nderkombetar-te-vjenes-2\/#primaryimage"},"image":{"@id":"https:\/\/president-ksgov.net\/fjala-e-presidentes-atifete-jahjaga-ne-kongresin-e-11-te-nderkombetar-te-vjenes-2\/#primaryimage"},"thumbnailUrl":"https:\/\/president-ksgov.net\/wp-content\/uploads\/21_01_2014_1234209_fjalimi001.jpg","datePublished":"2014-01-21T18:54:40+00:00","dateModified":"2023-03-08T09:03:12+00:00","author":{"@id":"https:\/\/president-ksgov.net\/#\/schema\/person\/bb4337a5fb147cb2046d80548172cbee"},"description":"Govor Predsednice Atifete Jahjaga na 11. Me\u0111unarodnom Kongresu Be\u010da - Predsednik Republike Kosovo - DR. VJOSA OSMANI - SADRIU -","breadcrumb":{"@id":"https:\/\/president-ksgov.net\/fjala-e-presidentes-atifete-jahjaga-ne-kongresin-e-11-te-nderkombetar-te-vjenes-2\/#breadcrumb"},"inLanguage":"sr-RS","potentialAction":[{"@type":"ReadAction","target":["https:\/\/president-ksgov.net\/fjala-e-presidentes-atifete-jahjaga-ne-kongresin-e-11-te-nderkombetar-te-vjenes-2\/"]}]},{"@type":"ImageObject","inLanguage":"sr-RS","@id":"https:\/\/president-ksgov.net\/fjala-e-presidentes-atifete-jahjaga-ne-kongresin-e-11-te-nderkombetar-te-vjenes-2\/#primaryimage","url":"https:\/\/president-ksgov.net\/wp-content\/uploads\/21_01_2014_1234209_fjalimi001.jpg","contentUrl":"https:\/\/president-ksgov.net\/wp-content\/uploads\/21_01_2014_1234209_fjalimi001.jpg","width":1000,"height":667},{"@type":"BreadcrumbList","@id":"https:\/\/president-ksgov.net\/fjala-e-presidentes-atifete-jahjaga-ne-kongresin-e-11-te-nderkombetar-te-vjenes-2\/#breadcrumb","itemListElement":[{"@type":"ListItem","position":1,"name":"Home","item":"https:\/\/president-ksgov.net\/sr\/"},{"@type":"ListItem","position":2,"name":"Govor Predsednice Atifete Jahjaga na 11. Me\u0111unarodnom Kongresu Be\u010da"}]},{"@type":"WebSite","@id":"https:\/\/president-ksgov.net\/#website","url":"https:\/\/president-ksgov.net\/","name":"Presidente e Republik\u00ebs s\u00eb Kosov\u00ebs","description":"Presidente e Republik\u00ebs s\u00eb Kosov\u00ebs","alternateName":"DR. VJOSA OSMANI - SADRIU","potentialAction":[{"@type":"SearchAction","target":{"@type":"EntryPoint","urlTemplate":"https:\/\/president-ksgov.net\/?s={search_term_string}"},"query-input":{"@type":"PropertyValueSpecification","valueRequired":true,"valueName":"search_term_string"}}],"inLanguage":"sr-RS"},{"@type":"Person","@id":"https:\/\/president-ksgov.net\/#\/schema\/person\/bb4337a5fb147cb2046d80548172cbee","name":"admin","image":{"@type":"ImageObject","inLanguage":"sr-RS","@id":"https:\/\/president-ksgov.net\/#\/schema\/person\/image\/","url":"https:\/\/secure.gravatar.com\/avatar\/36156ca0fa3b8d9d25174f146e16beea0cf28f37adf1b9e19b6c9c279a7c9dd3?s=96&d=mm&r=g","contentUrl":"https:\/\/secure.gravatar.com\/avatar\/36156ca0fa3b8d9d25174f146e16beea0cf28f37adf1b9e19b6c9c279a7c9dd3?s=96&d=mm&r=g","caption":"admin"},"sameAs":["https:\/\/president-ksgov.net"]}]}},"_links":{"self":[{"href":"https:\/\/president-ksgov.net\/sr\/wp-json\/wp\/v2\/posts\/78040","targetHints":{"allow":["GET"]}}],"collection":[{"href":"https:\/\/president-ksgov.net\/sr\/wp-json\/wp\/v2\/posts"}],"about":[{"href":"https:\/\/president-ksgov.net\/sr\/wp-json\/wp\/v2\/types\/post"}],"author":[{"embeddable":true,"href":"https:\/\/president-ksgov.net\/sr\/wp-json\/wp\/v2\/users\/1"}],"replies":[{"embeddable":true,"href":"https:\/\/president-ksgov.net\/sr\/wp-json\/wp\/v2\/comments?post=78040"}],"version-history":[{"count":1,"href":"https:\/\/president-ksgov.net\/sr\/wp-json\/wp\/v2\/posts\/78040\/revisions"}],"predecessor-version":[{"id":81687,"href":"https:\/\/president-ksgov.net\/sr\/wp-json\/wp\/v2\/posts\/78040\/revisions\/81687"}],"wp:featuredmedia":[{"embeddable":true,"href":"https:\/\/president-ksgov.net\/sr\/wp-json\/wp\/v2\/media\/47140"}],"wp:attachment":[{"href":"https:\/\/president-ksgov.net\/sr\/wp-json\/wp\/v2\/media?parent=78040"}],"wp:term":[{"taxonomy":"category","embeddable":true,"href":"https:\/\/president-ksgov.net\/sr\/wp-json\/wp\/v2\/categories?post=78040"},{"taxonomy":"post_tag","embeddable":true,"href":"https:\/\/president-ksgov.net\/sr\/wp-json\/wp\/v2\/tags?post=78040"}],"curies":[{"name":"wp","href":"https:\/\/api.w.org\/{rel}","templated":true}]}}