{"id":78033,"date":"2014-01-29T20:04:39","date_gmt":"2014-01-29T20:04:39","guid":{"rendered":"https:\/\/dev.president-ksgov.net\/predsednica-jahjaga-se-sastala-sa-predstavnicom-misije-sad-e-u-oun-a-ambasador-samantha-powers\/"},"modified":"2014-01-29T20:04:39","modified_gmt":"2014-01-29T20:04:39","slug":"predsednica-jahjaga-se-sastala-sa-predstavnicom-misije-sad-e-u-oun-a-ambasador-samantha-powers","status":"publish","type":"post","link":"https:\/\/president-ksgov.net\/sr\/predsednica-jahjaga-se-sastala-sa-predstavnicom-misije-sad-e-u-oun-a-ambasador-samantha-powers\/","title":{"rendered":"Predsednica Jahjaga se sastala sa predstavnicom misije SAD-e u OUN-a, ambasador Samantha Powers"},"content":{"rendered":"<p>Predsednica Republike Kosovo, gospo\u0111a Atifete Jahjaga, se sastala u New York sa predstavnicom misije SAD-e u OUN-a, ambasador Samantha Powers.<\/p>\n<p>Predsednica Jahjaga i ambasador Powers su razgovarale o aktualnim zbivanjima u regionu Jugoisto\u010dne Evrope, procesima kroz koje prolazi\u00a0 Kosovo i cela regija u pravcu evropsko-atlantskih integracija i nastavka prisutnosti i anga&#382;ovanja Amerike na Kosovu, &#353;to garantuje stabilnost i mir na Kosovu i u region.<\/p>\n<p>Predsednica Jahjaga je istakla da Kosovo je istovremeno anga&#382;ovana u neke procese, koji imaju za cilj stabilizaciju regiona Jugoisto\u010dne Evrope i zavr&#353;etak procesa dr&#382;avotvornosti zemlje, za koje su SAD-e dale sna&#382;nu podr&#353;ku, poma&#382;u\u0107i uspostavljanje mira i uspostavljanje stabilne demokratije na Kosovu.<\/p>\n<p>Predsednica Jahjaga je rekla da je region u&#353;ao u va&#382;nu fazu, posebno nakon po\u010detka dijaloga izme\u0111u Republike Kosovo i Republike Srbije, koja faza\u00a0 je otvorilo jednu mogu\u0107nost za mir i pomirenje u region. Ona je rekla da je EZ-e preduzela konkretne korake radi o\u010duvanja ovog momenta, ali Kosovo smatra anga&#382;ovanje SAD-e kao vitalan i garant za ustrajan mir u Jugoisto\u010dnu Evropu. Predsednica Jahjaga je istakla da podr&#353;ka SAD-e u procesu integracije bi pomogla ne samo Kosovo nego i celu regiju Balkana radi o\u010duvanja mira i stabilnosti.<\/p>\n<p>Govore\u0107i o postignutim sporazumima u dijalogu sa Srbijom, predsednica Jahjaga je rekla da potpuno sprovo\u0111enje istih je neophodno, jer poma&#382;e integraciju srpske zajednice u institucije i dru&#353;tvo Kosova i ocenila da kretanje Srbije ka Evropi treba da se uslovljava sa potpunom normalizacijom odnosa sa Kosovom.<\/p>\n<p>Predsednica Jahjaga je rekla da Kosovo osim postignutih uspeha, suo\u010dava se i sa izazovima koji se nadovezuju sa me\u0111unarodnom konsolidacijom, naro\u010dito zbog nepriznavanja od strane 5 dr&#382;ava \u010dlanica EZ-e i preprekama koje \u010dini Srbija i zemlje koje jo&#353; nisu priznale nezavisnost Kosova.<br \/>\nOna je rekla da Kosovo tra&#382;i potpuno \u010dlanstvo u OUN-a i u svim ostalim me\u0111unarodnim institucijama, uklju\u010duju\u0107i i EZ-e i NATO.<\/p>\n<p>Predstavnica misije SAD-e u OUN-a, ambasador Samantha Powers, je istakla da SAD-e podr&#382;avaju procese kroz koje prolazi Jugoisto\u010dna Evropa. Ona je rekla da je ohrabruje to &#353;to Kosovo i Srbija su anga&#382;ovane u dijalog i &#353;to su postigle sporazum za normalizaciju odnosa.<\/p>\n<p>\u00a0<\/p>\n","protected":false},"excerpt":{"rendered":"<p>Predsednica Republike Kosovo, gospo\u0111a Atifete Jahjaga, se sastala u New York sa predstavnicom misije SAD-e u OUN-a, ambasador Samantha Powers.<\/p>\n","protected":false},"author":1,"featured_media":47018,"comment_status":"open","ping_status":"closed","sticky":false,"template":"","format":"standard","meta":{"_eb_attr":"","footnotes":""},"categories":[101],"tags":[],"class_list":["post-78033","post","type-post","status-publish","format-standard","has-post-thumbnail","hentry","category-vesti"],"yoast_head":"<!-- This site is optimized with the Yoast SEO plugin v23.5 - https:\/\/yoast.com\/wordpress\/plugins\/seo\/ -->\n<title>Predsednica Jahjaga se sastala sa predstavnicom misije SAD-e u OUN-a, ambasador Samantha Powers - Predsednik Republike Kosovo - DR. VJOSA OSMANI - SADRIU<\/title>\n<meta name=\"description\" content=\"Predsednica Jahjaga se sastala sa predstavnicom misije SAD-e u OUN-a, ambasador Samantha Powers - Predsednik Republike Kosovo - DR. VJOSA OSMANI - SADRIU -\" \/>\n<meta name=\"robots\" content=\"index, follow, max-snippet:-1, max-image-preview:large, max-video-preview:-1\" \/>\n<link rel=\"canonical\" href=\"https:\/\/president-ksgov.net\/presidentja-jahjaga-u-takua-me-perfaqesuesen-e-misionit-te-shba-se-ne-okb-ambasadoren-samantha-power\/\" \/>\n<meta property=\"og:locale\" content=\"sr_RS\" \/>\n<meta property=\"og:type\" content=\"article\" \/>\n<meta property=\"og:title\" content=\"Predsednica Jahjaga se sastala sa predstavnicom misije SAD-e u OUN-a, ambasador Samantha Powers - Predsednik Republike Kosovo - DR. VJOSA OSMANI - SADRIU\" \/>\n<meta property=\"og:description\" content=\"Predsednica Jahjaga se sastala sa predstavnicom misije SAD-e u OUN-a, ambasador Samantha Powers - Predsednik Republike Kosovo - DR. VJOSA OSMANI - SADRIU -\" \/>\n<meta property=\"og:url\" content=\"https:\/\/president-ksgov.net\/presidentja-jahjaga-u-takua-me-perfaqesuesen-e-misionit-te-shba-se-ne-okb-ambasadoren-samantha-power\/\" \/>\n<meta property=\"og:site_name\" content=\"Predsednik Republike Kosovo - DR. VJOSA OSMANI - SADRIU\" \/>\n<meta property=\"article:published_time\" content=\"2014-01-29T20:04:39+00:00\" \/>\n<meta property=\"og:image\" content=\"https:\/\/president-ksgov.net\/wp-content\/uploads\/29_01_2014_3931613_29_01_2014_foto_nga_takimi_me_0.jpg\" \/>\n\t<meta property=\"og:image:width\" content=\"768\" \/>\n\t<meta property=\"og:image:height\" content=\"889\" \/>\n\t<meta property=\"og:image:type\" content=\"image\/jpeg\" \/>\n<meta name=\"author\" content=\"admin\" \/>\n<meta name=\"twitter:card\" content=\"summary_large_image\" \/>\n<meta name=\"twitter:label1\" content=\"\u041d\u0430\u043f\u0438\u0441\u0430\u043d\u043e \u043e\u0434\" \/>\n\t<meta name=\"twitter:data1\" content=\"admin\" \/>\n\t<meta name=\"twitter:label2\" content=\"\u041f\u0440\u043e\u0446\u0435\u045a\u0435\u043d\u043e \u0432\u0440\u0435\u043c\u0435 \u0447\u0438\u0442\u0430\u045a\u0430\" \/>\n\t<meta name=\"twitter:data2\" content=\"2 \u043c\u0438\u043d\u0443\u0442\u0430\" \/>\n<script type=\"application\/ld+json\" class=\"yoast-schema-graph\">{\"@context\":\"https:\/\/schema.org\",\"@graph\":[{\"@type\":\"WebPage\",\"@id\":\"https:\/\/president-ksgov.net\/presidentja-jahjaga-u-takua-me-perfaqesuesen-e-misionit-te-shba-se-ne-okb-ambasadoren-samantha-power\/\",\"url\":\"https:\/\/president-ksgov.net\/presidentja-jahjaga-u-takua-me-perfaqesuesen-e-misionit-te-shba-se-ne-okb-ambasadoren-samantha-power\/\",\"name\":\"Predsednica Jahjaga se sastala sa predstavnicom misije SAD-e u OUN-a, ambasador Samantha Powers - Predsednik Republike Kosovo - DR. VJOSA OSMANI - SADRIU\",\"isPartOf\":{\"@id\":\"https:\/\/president-ksgov.net\/#website\"},\"primaryImageOfPage\":{\"@id\":\"https:\/\/president-ksgov.net\/presidentja-jahjaga-u-takua-me-perfaqesuesen-e-misionit-te-shba-se-ne-okb-ambasadoren-samantha-power\/#primaryimage\"},\"image\":{\"@id\":\"https:\/\/president-ksgov.net\/presidentja-jahjaga-u-takua-me-perfaqesuesen-e-misionit-te-shba-se-ne-okb-ambasadoren-samantha-power\/#primaryimage\"},\"thumbnailUrl\":\"https:\/\/president-ksgov.net\/wp-content\/uploads\/29_01_2014_3931613_29_01_2014_foto_nga_takimi_me_0.jpg\",\"datePublished\":\"2014-01-29T20:04:39+00:00\",\"dateModified\":\"2014-01-29T20:04:39+00:00\",\"author\":{\"@id\":\"https:\/\/president-ksgov.net\/#\/schema\/person\/bb4337a5fb147cb2046d80548172cbee\"},\"description\":\"Predsednica Jahjaga se sastala sa predstavnicom misije SAD-e u OUN-a, ambasador Samantha Powers - Predsednik Republike Kosovo - DR. VJOSA OSMANI - SADRIU -\",\"breadcrumb\":{\"@id\":\"https:\/\/president-ksgov.net\/presidentja-jahjaga-u-takua-me-perfaqesuesen-e-misionit-te-shba-se-ne-okb-ambasadoren-samantha-power\/#breadcrumb\"},\"inLanguage\":\"sr-RS\",\"potentialAction\":[{\"@type\":\"ReadAction\",\"target\":[\"https:\/\/president-ksgov.net\/presidentja-jahjaga-u-takua-me-perfaqesuesen-e-misionit-te-shba-se-ne-okb-ambasadoren-samantha-power\/\"]}]},{\"@type\":\"ImageObject\",\"inLanguage\":\"sr-RS\",\"@id\":\"https:\/\/president-ksgov.net\/presidentja-jahjaga-u-takua-me-perfaqesuesen-e-misionit-te-shba-se-ne-okb-ambasadoren-samantha-power\/#primaryimage\",\"url\":\"https:\/\/president-ksgov.net\/wp-content\/uploads\/29_01_2014_3931613_29_01_2014_foto_nga_takimi_me_0.jpg\",\"contentUrl\":\"https:\/\/president-ksgov.net\/wp-content\/uploads\/29_01_2014_3931613_29_01_2014_foto_nga_takimi_me_0.jpg\",\"width\":768,\"height\":889},{\"@type\":\"BreadcrumbList\",\"@id\":\"https:\/\/president-ksgov.net\/presidentja-jahjaga-u-takua-me-perfaqesuesen-e-misionit-te-shba-se-ne-okb-ambasadoren-samantha-power\/#breadcrumb\",\"itemListElement\":[{\"@type\":\"ListItem\",\"position\":1,\"name\":\"Home\",\"item\":\"https:\/\/president-ksgov.net\/sr\/\"},{\"@type\":\"ListItem\",\"position\":2,\"name\":\"Predsednica Jahjaga se sastala sa predstavnicom misije SAD-e u OUN-a, ambasador Samantha Powers\"}]},{\"@type\":\"WebSite\",\"@id\":\"https:\/\/president-ksgov.net\/#website\",\"url\":\"https:\/\/president-ksgov.net\/\",\"name\":\"Presidente e Republik\u00ebs s\u00eb Kosov\u00ebs\",\"description\":\"Presidente e Republik\u00ebs s\u00eb Kosov\u00ebs\",\"alternateName\":\"DR. VJOSA OSMANI - SADRIU\",\"potentialAction\":[{\"@type\":\"SearchAction\",\"target\":{\"@type\":\"EntryPoint\",\"urlTemplate\":\"https:\/\/president-ksgov.net\/?s={search_term_string}\"},\"query-input\":{\"@type\":\"PropertyValueSpecification\",\"valueRequired\":true,\"valueName\":\"search_term_string\"}}],\"inLanguage\":\"sr-RS\"},{\"@type\":\"Person\",\"@id\":\"https:\/\/president-ksgov.net\/#\/schema\/person\/bb4337a5fb147cb2046d80548172cbee\",\"name\":\"admin\",\"image\":{\"@type\":\"ImageObject\",\"inLanguage\":\"sr-RS\",\"@id\":\"https:\/\/president-ksgov.net\/#\/schema\/person\/image\/\",\"url\":\"https:\/\/secure.gravatar.com\/avatar\/36156ca0fa3b8d9d25174f146e16beea0cf28f37adf1b9e19b6c9c279a7c9dd3?s=96&d=mm&r=g\",\"contentUrl\":\"https:\/\/secure.gravatar.com\/avatar\/36156ca0fa3b8d9d25174f146e16beea0cf28f37adf1b9e19b6c9c279a7c9dd3?s=96&d=mm&r=g\",\"caption\":\"admin\"},\"sameAs\":[\"https:\/\/president-ksgov.net\"]}]}<\/script>\n<!-- \/ Yoast SEO plugin. -->","yoast_head_json":{"title":"Predsednica Jahjaga se sastala sa predstavnicom misije SAD-e u OUN-a, ambasador Samantha Powers - Predsednik Republike Kosovo - DR. VJOSA OSMANI - SADRIU","description":"Predsednica Jahjaga se sastala sa predstavnicom misije SAD-e u OUN-a, ambasador Samantha Powers - Predsednik Republike Kosovo - DR. VJOSA OSMANI - SADRIU -","robots":{"index":"index","follow":"follow","max-snippet":"max-snippet:-1","max-image-preview":"max-image-preview:large","max-video-preview":"max-video-preview:-1"},"canonical":"https:\/\/president-ksgov.net\/presidentja-jahjaga-u-takua-me-perfaqesuesen-e-misionit-te-shba-se-ne-okb-ambasadoren-samantha-power\/","og_locale":"sr_RS","og_type":"article","og_title":"Predsednica Jahjaga se sastala sa predstavnicom misije SAD-e u OUN-a, ambasador Samantha Powers - Predsednik Republike Kosovo - DR. VJOSA OSMANI - SADRIU","og_description":"Predsednica Jahjaga se sastala sa predstavnicom misije SAD-e u OUN-a, ambasador Samantha Powers - Predsednik Republike Kosovo - DR. VJOSA OSMANI - SADRIU -","og_url":"https:\/\/president-ksgov.net\/presidentja-jahjaga-u-takua-me-perfaqesuesen-e-misionit-te-shba-se-ne-okb-ambasadoren-samantha-power\/","og_site_name":"Predsednik Republike Kosovo - DR. VJOSA OSMANI - SADRIU","article_published_time":"2014-01-29T20:04:39+00:00","og_image":[{"width":768,"height":889,"url":"https:\/\/president-ksgov.net\/wp-content\/uploads\/29_01_2014_3931613_29_01_2014_foto_nga_takimi_me_0.jpg","type":"image\/jpeg"}],"author":"admin","twitter_card":"summary_large_image","twitter_misc":{"\u041d\u0430\u043f\u0438\u0441\u0430\u043d\u043e \u043e\u0434":"admin","\u041f\u0440\u043e\u0446\u0435\u045a\u0435\u043d\u043e \u0432\u0440\u0435\u043c\u0435 \u0447\u0438\u0442\u0430\u045a\u0430":"2 \u043c\u0438\u043d\u0443\u0442\u0430"},"schema":{"@context":"https:\/\/schema.org","@graph":[{"@type":"WebPage","@id":"https:\/\/president-ksgov.net\/presidentja-jahjaga-u-takua-me-perfaqesuesen-e-misionit-te-shba-se-ne-okb-ambasadoren-samantha-power\/","url":"https:\/\/president-ksgov.net\/presidentja-jahjaga-u-takua-me-perfaqesuesen-e-misionit-te-shba-se-ne-okb-ambasadoren-samantha-power\/","name":"Predsednica Jahjaga se sastala sa predstavnicom misije SAD-e u OUN-a, ambasador Samantha Powers - Predsednik Republike Kosovo - DR. VJOSA OSMANI - SADRIU","isPartOf":{"@id":"https:\/\/president-ksgov.net\/#website"},"primaryImageOfPage":{"@id":"https:\/\/president-ksgov.net\/presidentja-jahjaga-u-takua-me-perfaqesuesen-e-misionit-te-shba-se-ne-okb-ambasadoren-samantha-power\/#primaryimage"},"image":{"@id":"https:\/\/president-ksgov.net\/presidentja-jahjaga-u-takua-me-perfaqesuesen-e-misionit-te-shba-se-ne-okb-ambasadoren-samantha-power\/#primaryimage"},"thumbnailUrl":"https:\/\/president-ksgov.net\/wp-content\/uploads\/29_01_2014_3931613_29_01_2014_foto_nga_takimi_me_0.jpg","datePublished":"2014-01-29T20:04:39+00:00","dateModified":"2014-01-29T20:04:39+00:00","author":{"@id":"https:\/\/president-ksgov.net\/#\/schema\/person\/bb4337a5fb147cb2046d80548172cbee"},"description":"Predsednica Jahjaga se sastala sa predstavnicom misije SAD-e u OUN-a, ambasador Samantha Powers - Predsednik Republike Kosovo - DR. VJOSA OSMANI - SADRIU -","breadcrumb":{"@id":"https:\/\/president-ksgov.net\/presidentja-jahjaga-u-takua-me-perfaqesuesen-e-misionit-te-shba-se-ne-okb-ambasadoren-samantha-power\/#breadcrumb"},"inLanguage":"sr-RS","potentialAction":[{"@type":"ReadAction","target":["https:\/\/president-ksgov.net\/presidentja-jahjaga-u-takua-me-perfaqesuesen-e-misionit-te-shba-se-ne-okb-ambasadoren-samantha-power\/"]}]},{"@type":"ImageObject","inLanguage":"sr-RS","@id":"https:\/\/president-ksgov.net\/presidentja-jahjaga-u-takua-me-perfaqesuesen-e-misionit-te-shba-se-ne-okb-ambasadoren-samantha-power\/#primaryimage","url":"https:\/\/president-ksgov.net\/wp-content\/uploads\/29_01_2014_3931613_29_01_2014_foto_nga_takimi_me_0.jpg","contentUrl":"https:\/\/president-ksgov.net\/wp-content\/uploads\/29_01_2014_3931613_29_01_2014_foto_nga_takimi_me_0.jpg","width":768,"height":889},{"@type":"BreadcrumbList","@id":"https:\/\/president-ksgov.net\/presidentja-jahjaga-u-takua-me-perfaqesuesen-e-misionit-te-shba-se-ne-okb-ambasadoren-samantha-power\/#breadcrumb","itemListElement":[{"@type":"ListItem","position":1,"name":"Home","item":"https:\/\/president-ksgov.net\/sr\/"},{"@type":"ListItem","position":2,"name":"Predsednica Jahjaga se sastala sa predstavnicom misije SAD-e u OUN-a, ambasador Samantha Powers"}]},{"@type":"WebSite","@id":"https:\/\/president-ksgov.net\/#website","url":"https:\/\/president-ksgov.net\/","name":"Presidente e Republik\u00ebs s\u00eb Kosov\u00ebs","description":"Presidente e Republik\u00ebs s\u00eb Kosov\u00ebs","alternateName":"DR. VJOSA OSMANI - SADRIU","potentialAction":[{"@type":"SearchAction","target":{"@type":"EntryPoint","urlTemplate":"https:\/\/president-ksgov.net\/?s={search_term_string}"},"query-input":{"@type":"PropertyValueSpecification","valueRequired":true,"valueName":"search_term_string"}}],"inLanguage":"sr-RS"},{"@type":"Person","@id":"https:\/\/president-ksgov.net\/#\/schema\/person\/bb4337a5fb147cb2046d80548172cbee","name":"admin","image":{"@type":"ImageObject","inLanguage":"sr-RS","@id":"https:\/\/president-ksgov.net\/#\/schema\/person\/image\/","url":"https:\/\/secure.gravatar.com\/avatar\/36156ca0fa3b8d9d25174f146e16beea0cf28f37adf1b9e19b6c9c279a7c9dd3?s=96&d=mm&r=g","contentUrl":"https:\/\/secure.gravatar.com\/avatar\/36156ca0fa3b8d9d25174f146e16beea0cf28f37adf1b9e19b6c9c279a7c9dd3?s=96&d=mm&r=g","caption":"admin"},"sameAs":["https:\/\/president-ksgov.net"]}]}},"_links":{"self":[{"href":"https:\/\/president-ksgov.net\/sr\/wp-json\/wp\/v2\/posts\/78033","targetHints":{"allow":["GET"]}}],"collection":[{"href":"https:\/\/president-ksgov.net\/sr\/wp-json\/wp\/v2\/posts"}],"about":[{"href":"https:\/\/president-ksgov.net\/sr\/wp-json\/wp\/v2\/types\/post"}],"author":[{"embeddable":true,"href":"https:\/\/president-ksgov.net\/sr\/wp-json\/wp\/v2\/users\/1"}],"replies":[{"embeddable":true,"href":"https:\/\/president-ksgov.net\/sr\/wp-json\/wp\/v2\/comments?post=78033"}],"version-history":[{"count":0,"href":"https:\/\/president-ksgov.net\/sr\/wp-json\/wp\/v2\/posts\/78033\/revisions"}],"wp:featuredmedia":[{"embeddable":true,"href":"https:\/\/president-ksgov.net\/sr\/wp-json\/wp\/v2\/media\/47018"}],"wp:attachment":[{"href":"https:\/\/president-ksgov.net\/sr\/wp-json\/wp\/v2\/media?parent=78033"}],"wp:term":[{"taxonomy":"category","embeddable":true,"href":"https:\/\/president-ksgov.net\/sr\/wp-json\/wp\/v2\/categories?post=78033"},{"taxonomy":"post_tag","embeddable":true,"href":"https:\/\/president-ksgov.net\/sr\/wp-json\/wp\/v2\/tags?post=78033"}],"curies":[{"name":"wp","href":"https:\/\/api.w.org\/{rel}","templated":true}]}}