{"id":77999,"date":"2014-03-05T12:44:19","date_gmt":"2014-03-05T12:44:19","guid":{"rendered":"https:\/\/dev.president-ksgov.net\/govor-predsednice-jahjaga-na-manifestaciji-epopeja-ovk-a-2\/"},"modified":"2014-03-05T12:44:19","modified_gmt":"2014-03-05T12:44:19","slug":"govor-predsednice-jahjaga-na-manifestaciji-epopeja-ovk-a-2","status":"publish","type":"post","link":"https:\/\/president-ksgov.net\/sr\/govor-predsednice-jahjaga-na-manifestaciji-epopeja-ovk-a-2\/","title":{"rendered":"Govor Predsednice Jahjaga na manifestaciji &#147;Epopeja OVK-a&#148;"},"content":{"rendered":"<p>Svake godine, na ovaj dan, mi se se\u0107amo i po&#353;tujemo uzvi&#353;eno &#382;rtvovanje svih onih koji su dali &#382;ivot za dr&#382;avu, za slobodu i za mir. Tako\u0111e se podse\u0107amo &#382;rtvovanje svih generacija koji su svojim idealom su dali &#382;ivot i du&#353;u na&#353;oj nezavisnosti.<\/p>\n<p>Po&#353;tovani predsednik Skup&#353;tine Kosova, g. Krasni\u0107i,<br \/>\nPo&#353;tovani Premijer Tha\u010di,<br \/>\nPo&#353;tovani predstavnici centralnih i lokalnih institucija Republike Kosovo,<br \/>\nPo&#353;tovani ambasadori i predstavnici diplomatskih misija u na&#353;u\u00a0 zemlju,<br \/>\nPo&#353;tovani komandanti i oficiri Snage Bezbednosti Kosova,<br \/>\nPo&#353;tovana porodica Ja&#353;ari i porodice palih boraca,<br \/>\nPo&#353;tovani u\u010desnici,<\/p>\n<p>Svake godine, na ovaj dan, mi se se\u0107amo i po&#353;tujemo uzvi&#353;eno &#382;rtvovanje svih onih koji su dali &#382;ivot za dr&#382;avu, za slobodu i za mir. Tako\u0111e se podse\u0107amo &#382;rtvovanje svih generacija koji su svojim idealom su dali &#382;ivot i du&#353;u na&#353;oj nezavisnosti.<\/p>\n<p>Danas, na putu koji su oni trasirali i vrednosti koje smo nasledili, mi gradimo demokratsku dr&#382;avu, pravnu dr&#382;avu, jednu sveobuhvatnu dr&#382;avu svih njenih ravnopravnih gra\u0111ana, u miru sa svima.<\/p>\n<p>Put do ovde je bio te&#382;ak i ni&#353;ta lak&#353;i ne\u0107e biti rad i anga&#382;ovanje koje nas o\u010dekuje na ja\u010danju demokratskih vrednosti do ostvarivanja na&#353;ih ciljeva, \u010dlanstva u EZ-e i NATO. Danas nam treba vi&#353;e nego ikada jedna ve\u0107a ljubav za domovinu, jedno po&#353;tovanje i solidarnost jednog za drugog, jedno ujedinjenje na&#353;ih snaga i prevazila&#382;enje dubokih politi\u010dkih razlika za uzvi&#353;ene ciljeve Kosova. Treba nam vi&#353;e rada i &#382;rtvovanja da bismo savladali izazove radi ispunjavanja na&#353;ih ciljeva.<\/p>\n<p>Mi nemamo vi&#353;e vremena za gubljenje jer na&#353;a dru&#353;tvo i dr&#382;ava imaju potrebe za okon\u010danje svih reformi koje su zapo\u010dete. Na&#353;oj zemlji trebamo stvoriti jednu ustrajnu budu\u0107nost, jedno stabilno Kosovo koja \u0107e biti pripovedanje na&#353;eg i me\u0111unarodnog zajedni\u010dkog uspeha i jedna dodatna vrednost za na&#353;e strate&#353;ke saveznike.<\/p>\n<p>Ovo je bio amanet svih generacija koje su se &#382;rtvovale za na&#353;u dana&#353;njicu i to smo du&#382;ni ispuniti Kosovu za na&#353;u budu\u0107nost.<\/p>\n<p>Slava!<\/p>\n","protected":false},"excerpt":{"rendered":"<p>Svake godine, na ovaj dan, mi se se\u0107amo i po&#353;tujemo uzvi&#353;eno &#382;rtvovanje svih onih koji su dali &#382;ivot za dr&#382;avu, za slobodu i za mir. Tako\u0111e se podse\u0107amo &#382;rtvovanje svih generacija koji su svojim idealom su dali &#382;ivot i du&#353;u na&#353;oj nezavisnosti.<\/p>\n","protected":false},"author":1,"featured_media":46592,"comment_status":"open","ping_status":"closed","sticky":false,"template":"","format":"standard","meta":{"_eb_attr":"","footnotes":""},"categories":[101],"tags":[],"class_list":["post-77999","post","type-post","status-publish","format-standard","has-post-thumbnail","hentry","category-vesti"],"yoast_head":"<!-- This site is optimized with the Yoast SEO plugin v23.5 - https:\/\/yoast.com\/wordpress\/plugins\/seo\/ -->\n<title>Govor Predsednice Jahjaga na manifestaciji &#147;Epopeja OVK-a&#148; - Predsednik Republike Kosovo - DR. VJOSA OSMANI - SADRIU<\/title>\n<meta name=\"description\" content=\"Govor Predsednice Jahjaga na manifestaciji &#147;Epopeja OVK-a&#148; - Predsednik Republike Kosovo - DR. VJOSA OSMANI - SADRIU -\" \/>\n<meta name=\"robots\" content=\"index, follow, max-snippet:-1, max-image-preview:large, max-video-preview:-1\" \/>\n<link rel=\"canonical\" href=\"https:\/\/president-ksgov.net\/fjalimi-i-presidentes-jahjaga-ne-manifestimin-epopeja-e-uck-se-2\/\" \/>\n<meta property=\"og:locale\" content=\"sr_RS\" \/>\n<meta property=\"og:type\" content=\"article\" \/>\n<meta property=\"og:title\" content=\"Govor Predsednice Jahjaga na manifestaciji &#147;Epopeja OVK-a&#148; - Predsednik Republike Kosovo - DR. VJOSA OSMANI - SADRIU\" \/>\n<meta property=\"og:description\" content=\"Govor Predsednice Jahjaga na manifestaciji &#147;Epopeja OVK-a&#148; - Predsednik Republike Kosovo - DR. VJOSA OSMANI - SADRIU -\" \/>\n<meta property=\"og:url\" content=\"https:\/\/president-ksgov.net\/fjalimi-i-presidentes-jahjaga-ne-manifestimin-epopeja-e-uck-se-2\/\" \/>\n<meta property=\"og:site_name\" content=\"Predsednik Republike Kosovo - DR. VJOSA OSMANI - SADRIU\" \/>\n<meta property=\"article:published_time\" content=\"2014-03-05T12:44:19+00:00\" \/>\n<meta property=\"og:image\" content=\"https:\/\/president-ksgov.net\/wp-content\/uploads\/05_03_2014_2954252_05_03_2014_FSK_0.jpg\" \/>\n\t<meta property=\"og:image:width\" content=\"1024\" \/>\n\t<meta property=\"og:image:height\" content=\"411\" \/>\n\t<meta property=\"og:image:type\" content=\"image\/jpeg\" \/>\n<meta name=\"author\" content=\"admin\" \/>\n<meta name=\"twitter:card\" content=\"summary_large_image\" \/>\n<meta name=\"twitter:label1\" content=\"\u041d\u0430\u043f\u0438\u0441\u0430\u043d\u043e \u043e\u0434\" \/>\n\t<meta name=\"twitter:data1\" content=\"admin\" \/>\n\t<meta name=\"twitter:label2\" content=\"\u041f\u0440\u043e\u0446\u0435\u045a\u0435\u043d\u043e \u0432\u0440\u0435\u043c\u0435 \u0447\u0438\u0442\u0430\u045a\u0430\" \/>\n\t<meta name=\"twitter:data2\" content=\"2 \u043c\u0438\u043d\u0443\u0442\u0430\" \/>\n<script type=\"application\/ld+json\" class=\"yoast-schema-graph\">{\"@context\":\"https:\/\/schema.org\",\"@graph\":[{\"@type\":\"WebPage\",\"@id\":\"https:\/\/president-ksgov.net\/fjalimi-i-presidentes-jahjaga-ne-manifestimin-epopeja-e-uck-se-2\/\",\"url\":\"https:\/\/president-ksgov.net\/fjalimi-i-presidentes-jahjaga-ne-manifestimin-epopeja-e-uck-se-2\/\",\"name\":\"Govor Predsednice Jahjaga na manifestaciji &#147;Epopeja OVK-a&#148; - Predsednik Republike Kosovo - DR. VJOSA OSMANI - SADRIU\",\"isPartOf\":{\"@id\":\"https:\/\/president-ksgov.net\/#website\"},\"primaryImageOfPage\":{\"@id\":\"https:\/\/president-ksgov.net\/fjalimi-i-presidentes-jahjaga-ne-manifestimin-epopeja-e-uck-se-2\/#primaryimage\"},\"image\":{\"@id\":\"https:\/\/president-ksgov.net\/fjalimi-i-presidentes-jahjaga-ne-manifestimin-epopeja-e-uck-se-2\/#primaryimage\"},\"thumbnailUrl\":\"https:\/\/president-ksgov.net\/wp-content\/uploads\/05_03_2014_2954252_05_03_2014_FSK_0.jpg\",\"datePublished\":\"2014-03-05T12:44:19+00:00\",\"dateModified\":\"2014-03-05T12:44:19+00:00\",\"author\":{\"@id\":\"https:\/\/president-ksgov.net\/#\/schema\/person\/bb4337a5fb147cb2046d80548172cbee\"},\"description\":\"Govor Predsednice Jahjaga na manifestaciji &#147;Epopeja OVK-a&#148; - Predsednik Republike Kosovo - DR. VJOSA OSMANI - SADRIU -\",\"breadcrumb\":{\"@id\":\"https:\/\/president-ksgov.net\/fjalimi-i-presidentes-jahjaga-ne-manifestimin-epopeja-e-uck-se-2\/#breadcrumb\"},\"inLanguage\":\"sr-RS\",\"potentialAction\":[{\"@type\":\"ReadAction\",\"target\":[\"https:\/\/president-ksgov.net\/fjalimi-i-presidentes-jahjaga-ne-manifestimin-epopeja-e-uck-se-2\/\"]}]},{\"@type\":\"ImageObject\",\"inLanguage\":\"sr-RS\",\"@id\":\"https:\/\/president-ksgov.net\/fjalimi-i-presidentes-jahjaga-ne-manifestimin-epopeja-e-uck-se-2\/#primaryimage\",\"url\":\"https:\/\/president-ksgov.net\/wp-content\/uploads\/05_03_2014_2954252_05_03_2014_FSK_0.jpg\",\"contentUrl\":\"https:\/\/president-ksgov.net\/wp-content\/uploads\/05_03_2014_2954252_05_03_2014_FSK_0.jpg\",\"width\":1024,\"height\":411},{\"@type\":\"BreadcrumbList\",\"@id\":\"https:\/\/president-ksgov.net\/fjalimi-i-presidentes-jahjaga-ne-manifestimin-epopeja-e-uck-se-2\/#breadcrumb\",\"itemListElement\":[{\"@type\":\"ListItem\",\"position\":1,\"name\":\"Home\",\"item\":\"https:\/\/president-ksgov.net\/sr\/\"},{\"@type\":\"ListItem\",\"position\":2,\"name\":\"Govor Predsednice Jahjaga na manifestaciji &#147;Epopeja OVK-a&#148;\"}]},{\"@type\":\"WebSite\",\"@id\":\"https:\/\/president-ksgov.net\/#website\",\"url\":\"https:\/\/president-ksgov.net\/\",\"name\":\"Presidente e Republik\u00ebs s\u00eb Kosov\u00ebs\",\"description\":\"Presidente e Republik\u00ebs s\u00eb Kosov\u00ebs\",\"alternateName\":\"DR. VJOSA OSMANI - SADRIU\",\"potentialAction\":[{\"@type\":\"SearchAction\",\"target\":{\"@type\":\"EntryPoint\",\"urlTemplate\":\"https:\/\/president-ksgov.net\/?s={search_term_string}\"},\"query-input\":{\"@type\":\"PropertyValueSpecification\",\"valueRequired\":true,\"valueName\":\"search_term_string\"}}],\"inLanguage\":\"sr-RS\"},{\"@type\":\"Person\",\"@id\":\"https:\/\/president-ksgov.net\/#\/schema\/person\/bb4337a5fb147cb2046d80548172cbee\",\"name\":\"admin\",\"image\":{\"@type\":\"ImageObject\",\"inLanguage\":\"sr-RS\",\"@id\":\"https:\/\/president-ksgov.net\/#\/schema\/person\/image\/\",\"url\":\"https:\/\/secure.gravatar.com\/avatar\/36156ca0fa3b8d9d25174f146e16beea0cf28f37adf1b9e19b6c9c279a7c9dd3?s=96&d=mm&r=g\",\"contentUrl\":\"https:\/\/secure.gravatar.com\/avatar\/36156ca0fa3b8d9d25174f146e16beea0cf28f37adf1b9e19b6c9c279a7c9dd3?s=96&d=mm&r=g\",\"caption\":\"admin\"},\"sameAs\":[\"https:\/\/president-ksgov.net\"]}]}<\/script>\n<!-- \/ Yoast SEO plugin. -->","yoast_head_json":{"title":"Govor Predsednice Jahjaga na manifestaciji &#147;Epopeja OVK-a&#148; - Predsednik Republike Kosovo - DR. VJOSA OSMANI - SADRIU","description":"Govor Predsednice Jahjaga na manifestaciji &#147;Epopeja OVK-a&#148; - Predsednik Republike Kosovo - DR. VJOSA OSMANI - SADRIU -","robots":{"index":"index","follow":"follow","max-snippet":"max-snippet:-1","max-image-preview":"max-image-preview:large","max-video-preview":"max-video-preview:-1"},"canonical":"https:\/\/president-ksgov.net\/fjalimi-i-presidentes-jahjaga-ne-manifestimin-epopeja-e-uck-se-2\/","og_locale":"sr_RS","og_type":"article","og_title":"Govor Predsednice Jahjaga na manifestaciji &#147;Epopeja OVK-a&#148; - Predsednik Republike Kosovo - DR. VJOSA OSMANI - SADRIU","og_description":"Govor Predsednice Jahjaga na manifestaciji &#147;Epopeja OVK-a&#148; - Predsednik Republike Kosovo - DR. VJOSA OSMANI - SADRIU -","og_url":"https:\/\/president-ksgov.net\/fjalimi-i-presidentes-jahjaga-ne-manifestimin-epopeja-e-uck-se-2\/","og_site_name":"Predsednik Republike Kosovo - DR. VJOSA OSMANI - SADRIU","article_published_time":"2014-03-05T12:44:19+00:00","og_image":[{"width":1024,"height":411,"url":"https:\/\/president-ksgov.net\/wp-content\/uploads\/05_03_2014_2954252_05_03_2014_FSK_0.jpg","type":"image\/jpeg"}],"author":"admin","twitter_card":"summary_large_image","twitter_misc":{"\u041d\u0430\u043f\u0438\u0441\u0430\u043d\u043e \u043e\u0434":"admin","\u041f\u0440\u043e\u0446\u0435\u045a\u0435\u043d\u043e \u0432\u0440\u0435\u043c\u0435 \u0447\u0438\u0442\u0430\u045a\u0430":"2 \u043c\u0438\u043d\u0443\u0442\u0430"},"schema":{"@context":"https:\/\/schema.org","@graph":[{"@type":"WebPage","@id":"https:\/\/president-ksgov.net\/fjalimi-i-presidentes-jahjaga-ne-manifestimin-epopeja-e-uck-se-2\/","url":"https:\/\/president-ksgov.net\/fjalimi-i-presidentes-jahjaga-ne-manifestimin-epopeja-e-uck-se-2\/","name":"Govor Predsednice Jahjaga na manifestaciji &#147;Epopeja OVK-a&#148; - Predsednik Republike Kosovo - DR. VJOSA OSMANI - SADRIU","isPartOf":{"@id":"https:\/\/president-ksgov.net\/#website"},"primaryImageOfPage":{"@id":"https:\/\/president-ksgov.net\/fjalimi-i-presidentes-jahjaga-ne-manifestimin-epopeja-e-uck-se-2\/#primaryimage"},"image":{"@id":"https:\/\/president-ksgov.net\/fjalimi-i-presidentes-jahjaga-ne-manifestimin-epopeja-e-uck-se-2\/#primaryimage"},"thumbnailUrl":"https:\/\/president-ksgov.net\/wp-content\/uploads\/05_03_2014_2954252_05_03_2014_FSK_0.jpg","datePublished":"2014-03-05T12:44:19+00:00","dateModified":"2014-03-05T12:44:19+00:00","author":{"@id":"https:\/\/president-ksgov.net\/#\/schema\/person\/bb4337a5fb147cb2046d80548172cbee"},"description":"Govor Predsednice Jahjaga na manifestaciji &#147;Epopeja OVK-a&#148; - Predsednik Republike Kosovo - DR. VJOSA OSMANI - SADRIU -","breadcrumb":{"@id":"https:\/\/president-ksgov.net\/fjalimi-i-presidentes-jahjaga-ne-manifestimin-epopeja-e-uck-se-2\/#breadcrumb"},"inLanguage":"sr-RS","potentialAction":[{"@type":"ReadAction","target":["https:\/\/president-ksgov.net\/fjalimi-i-presidentes-jahjaga-ne-manifestimin-epopeja-e-uck-se-2\/"]}]},{"@type":"ImageObject","inLanguage":"sr-RS","@id":"https:\/\/president-ksgov.net\/fjalimi-i-presidentes-jahjaga-ne-manifestimin-epopeja-e-uck-se-2\/#primaryimage","url":"https:\/\/president-ksgov.net\/wp-content\/uploads\/05_03_2014_2954252_05_03_2014_FSK_0.jpg","contentUrl":"https:\/\/president-ksgov.net\/wp-content\/uploads\/05_03_2014_2954252_05_03_2014_FSK_0.jpg","width":1024,"height":411},{"@type":"BreadcrumbList","@id":"https:\/\/president-ksgov.net\/fjalimi-i-presidentes-jahjaga-ne-manifestimin-epopeja-e-uck-se-2\/#breadcrumb","itemListElement":[{"@type":"ListItem","position":1,"name":"Home","item":"https:\/\/president-ksgov.net\/sr\/"},{"@type":"ListItem","position":2,"name":"Govor Predsednice Jahjaga na manifestaciji &#147;Epopeja OVK-a&#148;"}]},{"@type":"WebSite","@id":"https:\/\/president-ksgov.net\/#website","url":"https:\/\/president-ksgov.net\/","name":"Presidente e Republik\u00ebs s\u00eb Kosov\u00ebs","description":"Presidente e Republik\u00ebs s\u00eb Kosov\u00ebs","alternateName":"DR. VJOSA OSMANI - SADRIU","potentialAction":[{"@type":"SearchAction","target":{"@type":"EntryPoint","urlTemplate":"https:\/\/president-ksgov.net\/?s={search_term_string}"},"query-input":{"@type":"PropertyValueSpecification","valueRequired":true,"valueName":"search_term_string"}}],"inLanguage":"sr-RS"},{"@type":"Person","@id":"https:\/\/president-ksgov.net\/#\/schema\/person\/bb4337a5fb147cb2046d80548172cbee","name":"admin","image":{"@type":"ImageObject","inLanguage":"sr-RS","@id":"https:\/\/president-ksgov.net\/#\/schema\/person\/image\/","url":"https:\/\/secure.gravatar.com\/avatar\/36156ca0fa3b8d9d25174f146e16beea0cf28f37adf1b9e19b6c9c279a7c9dd3?s=96&d=mm&r=g","contentUrl":"https:\/\/secure.gravatar.com\/avatar\/36156ca0fa3b8d9d25174f146e16beea0cf28f37adf1b9e19b6c9c279a7c9dd3?s=96&d=mm&r=g","caption":"admin"},"sameAs":["https:\/\/president-ksgov.net"]}]}},"_links":{"self":[{"href":"https:\/\/president-ksgov.net\/sr\/wp-json\/wp\/v2\/posts\/77999","targetHints":{"allow":["GET"]}}],"collection":[{"href":"https:\/\/president-ksgov.net\/sr\/wp-json\/wp\/v2\/posts"}],"about":[{"href":"https:\/\/president-ksgov.net\/sr\/wp-json\/wp\/v2\/types\/post"}],"author":[{"embeddable":true,"href":"https:\/\/president-ksgov.net\/sr\/wp-json\/wp\/v2\/users\/1"}],"replies":[{"embeddable":true,"href":"https:\/\/president-ksgov.net\/sr\/wp-json\/wp\/v2\/comments?post=77999"}],"version-history":[{"count":0,"href":"https:\/\/president-ksgov.net\/sr\/wp-json\/wp\/v2\/posts\/77999\/revisions"}],"wp:featuredmedia":[{"embeddable":true,"href":"https:\/\/president-ksgov.net\/sr\/wp-json\/wp\/v2\/media\/46592"}],"wp:attachment":[{"href":"https:\/\/president-ksgov.net\/sr\/wp-json\/wp\/v2\/media?parent=77999"}],"wp:term":[{"taxonomy":"category","embeddable":true,"href":"https:\/\/president-ksgov.net\/sr\/wp-json\/wp\/v2\/categories?post=77999"},{"taxonomy":"post_tag","embeddable":true,"href":"https:\/\/president-ksgov.net\/sr\/wp-json\/wp\/v2\/tags?post=77999"}],"curies":[{"name":"wp","href":"https:\/\/api.w.org\/{rel}","templated":true}]}}