{"id":77988,"date":"2014-03-12T17:41:14","date_gmt":"2014-03-12T17:41:14","guid":{"rendered":"https:\/\/dev.president-ksgov.net\/predsednica-atifete-jahjaga-docekala-ministra-inostranih-poslova-ujedinjenih-arapskih-emirata-eik-abdullah-bin-zajed-al-nahjan\/"},"modified":"2014-03-12T17:41:14","modified_gmt":"2014-03-12T17:41:14","slug":"predsednica-atifete-jahjaga-docekala-ministra-inostranih-poslova-ujedinjenih-arapskih-emirata-eik-abdullah-bin-zajed-al-nahjan","status":"publish","type":"post","link":"https:\/\/president-ksgov.net\/sr\/predsednica-atifete-jahjaga-docekala-ministra-inostranih-poslova-ujedinjenih-arapskih-emirata-eik-abdullah-bin-zajed-al-nahjan\/","title":{"rendered":"Predsednica Atifete Jahjaga do\u010dekala ministra inostranih poslova Ujedinjenih Arapskih Emirata, &#138;eik Abdullah Bin Zajed Al-Nahjan"},"content":{"rendered":"<p>Predsednica Republike Kosovo, gospo\u0111a Atifete Jahjaga, danas je do\u010dekala na<br \/>\nsastanak ministra inostranih poslova Ujedinjenih Arapskih Emirata, &#352;eik Abdullah Bin Zajed Al-Nahjan, sa kojim je razgovarala o saradnji izme\u0111u dve zemlje, o procesu me\u0111unarodne konsolidacije Kosova i o ostalim demokratskim procesime zemlje.<\/p>\n<p>Predsednica Jahjaga je ocenila posetu Kosovu od strane ministra inostranih poslova, &#352;eika Abdullah Bin Zajed Al &#8211; Nahjan-a, kao mogu\u010dnost produbljivanja saradnje izme\u0111u dve zemlje u raznim oblastima. Ona je rekla da Kosovo i Ujedinjeni Arapski Emirati su postavili dobre me\u0111usobne odnose i razmenili su va&#382;ne posete najvi&#353;eg nivoa, koje treba da slu&#382;e za uspostavljanje konkretne saradnje izme\u0111u dve zemlje. <\/p>\n<p>Predsednica Jahjaga je istakla da Kosovo je ostvarila vidljiv napredak i posebno je postigao da pove\u0107a broj me\u0111unarodnih priznanja i od muslimanskih zemalja konsolidacijom njene dr&#382;avnosti. Ona je rekla da me\u0111unarodna konsolidacija zemlje jeste glavna prednost i u ovom procesu mogu joj pomo\u0107i i Ujedinjeni Arapski Emirati, posebno u regionu Srednjeg Istoka ali i kod drugih zemalja \u010dlanica Organizacije Islamske Konferencije, koje jo&#353; nisu priznale nezavisnost Kosova.<\/p>\n<p>Predsednica Jahjaga je istakla da Kosovo ima aspiracije \u010dlanstva u me\u0111unarodnim organizacijama, posebno u OUN,\u00a0 kao jedna zemlja koja je stabilizirala unutra&#353;nju demokratiju, koja gradi jedno sveobuhvatno dru&#353;tvo, kao jedna me\u0111unarodno priznata dr&#382;ava i promoter mira i stabilnosti u regionu.<\/p>\n<p>Predsednica Jahjaga je istakla da zemlja prolazi kroz\u00a0 jedan proces op&#353;tih reformi koji \u0107e omogu\u0107iti stvaranje jedne dobre klime biznisa i op&#353;teg ekonomskog\u00a0 razvoja i privla\u010denja inostranih investija. Ona je rekla da podr&#353;ka Ujedinjenih Arapskih Emirata\u00a0 u oblasti ekonomskog razvoja bi pmoglo na&#353;u zemlju.<\/p>\n<p>Predsednica Jahjaga\u00a0 je rekla da Kosovo i Ujedinjeni Arapski Emirati su dve zemlje koje imaju zajedni\u010dki interes da adresiraju pretnje ekstremizma bilo gde i bilo kada se pojave. Ona je rekla da je ovo jedno pitanje koje zahteva jedan zajedni\u010dki pristup. <\/p>\n<p>Ministar Inostranih Poslova Ujedinjenih Arapskih Emirata, &#352;eik Abdullah Bin Zajed Al-Nahjan, zahvaljuju\u0107i se Predsednici Jahjaga na gostoprimstvo, \u010destitao za dostignu\u0107a Kosova u svim oblastima, On je rekao da su UAE podr&#382;ali Kosovo u raznim periodama i nastavit \u0107e da je podr&#382;avaju i u ostalim demokratskim procesima i za njenu me\u0111unarodnu konsolidaciju.<\/p>\n<p>Ministar Inostranih Poslova UAE, &#352;eik Abdullah Bin Zajed\u00a0 Al &#8211; Nahjan, je rekao da je va&#382;na stabilnost cele regije Zapadnog Balkana isto koliko je va&#382;an i ekonomski aspekat i investicije.<\/p>\n","protected":false},"excerpt":{"rendered":"<p>Predsednica Republike Kosovo, gospo\u0111a Atifete Jahjaga, danas je do\u010dekala na<br \/>\nsastanak ministra inostranih poslova Ujedinjenih Arapskih Emirata, &#352;eik Abdullah Bin Zajed Al-Nahjan, sa kojim je razgovarala o saradnji izme\u0111u dve zemlje, o procesu me\u0111unarodne konsolidacije Kosova i o ostalim demokratskim procesime zemlje.<\/p>\n","protected":false},"author":1,"featured_media":46434,"comment_status":"open","ping_status":"closed","sticky":false,"template":"","format":"standard","meta":{"_eb_attr":"","footnotes":""},"categories":[101],"tags":[],"class_list":["post-77988","post","type-post","status-publish","format-standard","has-post-thumbnail","hentry","category-vesti"],"yoast_head":"<!-- This site is optimized with the Yoast SEO plugin v23.5 - https:\/\/yoast.com\/wordpress\/plugins\/seo\/ -->\n<title>Predsednica Atifete Jahjaga do\u010dekala ministra inostranih poslova Ujedinjenih Arapskih Emirata, &#138;eik Abdullah Bin Zajed Al-Nahjan - Predsednik Republike Kosovo - DR. VJOSA OSMANI - SADRIU<\/title>\n<meta name=\"description\" content=\"Predsednica Atifete Jahjaga do\u010dekala ministra inostranih poslova Ujedinjenih Arapskih Emirata, &#138;eik Abdullah Bin Zajed Al-Nahjan - Predsednik Republike Kosovo - DR. VJOSA OSMANI - SADRIU -\" \/>\n<meta name=\"robots\" content=\"index, follow, max-snippet:-1, max-image-preview:large, max-video-preview:-1\" \/>\n<link rel=\"canonical\" href=\"https:\/\/president-ksgov.net\/presidentja-atifete-jahjaga-priti-ministrin-e-jashtem-te-emirateve-te-bashkuara-arabe-sheik-abdullah-bin-zajed-al-nahjan\/\" \/>\n<meta property=\"og:locale\" content=\"sr_RS\" \/>\n<meta property=\"og:type\" content=\"article\" \/>\n<meta property=\"og:title\" content=\"Predsednica Atifete Jahjaga do\u010dekala ministra inostranih poslova Ujedinjenih Arapskih Emirata, &#138;eik Abdullah Bin Zajed Al-Nahjan - Predsednik Republike Kosovo - DR. VJOSA OSMANI - SADRIU\" \/>\n<meta property=\"og:description\" content=\"Predsednica Atifete Jahjaga do\u010dekala ministra inostranih poslova Ujedinjenih Arapskih Emirata, &#138;eik Abdullah Bin Zajed Al-Nahjan - Predsednik Republike Kosovo - DR. VJOSA OSMANI - SADRIU -\" \/>\n<meta property=\"og:url\" content=\"https:\/\/president-ksgov.net\/presidentja-atifete-jahjaga-priti-ministrin-e-jashtem-te-emirateve-te-bashkuara-arabe-sheik-abdullah-bin-zajed-al-nahjan\/\" \/>\n<meta property=\"og:site_name\" content=\"Predsednik Republike Kosovo - DR. VJOSA OSMANI - SADRIU\" \/>\n<meta property=\"article:published_time\" content=\"2014-03-12T17:41:14+00:00\" \/>\n<meta property=\"og:image\" content=\"https:\/\/president-ksgov.net\/wp-content\/uploads\/12_03_2014_6586072_12_03_2014_Takim_me_1.jpg\" \/>\n\t<meta property=\"og:image:width\" content=\"928\" \/>\n\t<meta property=\"og:image:height\" content=\"768\" \/>\n\t<meta property=\"og:image:type\" content=\"image\/jpeg\" \/>\n<meta name=\"author\" content=\"admin\" \/>\n<meta name=\"twitter:card\" content=\"summary_large_image\" \/>\n<meta name=\"twitter:label1\" content=\"\u041d\u0430\u043f\u0438\u0441\u0430\u043d\u043e \u043e\u0434\" \/>\n\t<meta name=\"twitter:data1\" content=\"admin\" \/>\n\t<meta name=\"twitter:label2\" content=\"\u041f\u0440\u043e\u0446\u0435\u045a\u0435\u043d\u043e \u0432\u0440\u0435\u043c\u0435 \u0447\u0438\u0442\u0430\u045a\u0430\" \/>\n\t<meta name=\"twitter:data2\" content=\"2 \u043c\u0438\u043d\u0443\u0442\u0430\" \/>\n<script type=\"application\/ld+json\" class=\"yoast-schema-graph\">{\"@context\":\"https:\/\/schema.org\",\"@graph\":[{\"@type\":\"WebPage\",\"@id\":\"https:\/\/president-ksgov.net\/presidentja-atifete-jahjaga-priti-ministrin-e-jashtem-te-emirateve-te-bashkuara-arabe-sheik-abdullah-bin-zajed-al-nahjan\/\",\"url\":\"https:\/\/president-ksgov.net\/presidentja-atifete-jahjaga-priti-ministrin-e-jashtem-te-emirateve-te-bashkuara-arabe-sheik-abdullah-bin-zajed-al-nahjan\/\",\"name\":\"Predsednica Atifete Jahjaga do\u010dekala ministra inostranih poslova Ujedinjenih Arapskih Emirata, &#138;eik Abdullah Bin Zajed Al-Nahjan - Predsednik Republike Kosovo - DR. VJOSA OSMANI - SADRIU\",\"isPartOf\":{\"@id\":\"https:\/\/president-ksgov.net\/#website\"},\"primaryImageOfPage\":{\"@id\":\"https:\/\/president-ksgov.net\/presidentja-atifete-jahjaga-priti-ministrin-e-jashtem-te-emirateve-te-bashkuara-arabe-sheik-abdullah-bin-zajed-al-nahjan\/#primaryimage\"},\"image\":{\"@id\":\"https:\/\/president-ksgov.net\/presidentja-atifete-jahjaga-priti-ministrin-e-jashtem-te-emirateve-te-bashkuara-arabe-sheik-abdullah-bin-zajed-al-nahjan\/#primaryimage\"},\"thumbnailUrl\":\"https:\/\/president-ksgov.net\/wp-content\/uploads\/12_03_2014_6586072_12_03_2014_Takim_me_1.jpg\",\"datePublished\":\"2014-03-12T17:41:14+00:00\",\"dateModified\":\"2014-03-12T17:41:14+00:00\",\"author\":{\"@id\":\"https:\/\/president-ksgov.net\/#\/schema\/person\/bb4337a5fb147cb2046d80548172cbee\"},\"description\":\"Predsednica Atifete Jahjaga do\u010dekala ministra inostranih poslova Ujedinjenih Arapskih Emirata, &#138;eik Abdullah Bin Zajed Al-Nahjan - Predsednik Republike Kosovo - DR. VJOSA OSMANI - SADRIU -\",\"breadcrumb\":{\"@id\":\"https:\/\/president-ksgov.net\/presidentja-atifete-jahjaga-priti-ministrin-e-jashtem-te-emirateve-te-bashkuara-arabe-sheik-abdullah-bin-zajed-al-nahjan\/#breadcrumb\"},\"inLanguage\":\"sr-RS\",\"potentialAction\":[{\"@type\":\"ReadAction\",\"target\":[\"https:\/\/president-ksgov.net\/presidentja-atifete-jahjaga-priti-ministrin-e-jashtem-te-emirateve-te-bashkuara-arabe-sheik-abdullah-bin-zajed-al-nahjan\/\"]}]},{\"@type\":\"ImageObject\",\"inLanguage\":\"sr-RS\",\"@id\":\"https:\/\/president-ksgov.net\/presidentja-atifete-jahjaga-priti-ministrin-e-jashtem-te-emirateve-te-bashkuara-arabe-sheik-abdullah-bin-zajed-al-nahjan\/#primaryimage\",\"url\":\"https:\/\/president-ksgov.net\/wp-content\/uploads\/12_03_2014_6586072_12_03_2014_Takim_me_1.jpg\",\"contentUrl\":\"https:\/\/president-ksgov.net\/wp-content\/uploads\/12_03_2014_6586072_12_03_2014_Takim_me_1.jpg\",\"width\":928,\"height\":768},{\"@type\":\"BreadcrumbList\",\"@id\":\"https:\/\/president-ksgov.net\/presidentja-atifete-jahjaga-priti-ministrin-e-jashtem-te-emirateve-te-bashkuara-arabe-sheik-abdullah-bin-zajed-al-nahjan\/#breadcrumb\",\"itemListElement\":[{\"@type\":\"ListItem\",\"position\":1,\"name\":\"Home\",\"item\":\"https:\/\/president-ksgov.net\/sr\/\"},{\"@type\":\"ListItem\",\"position\":2,\"name\":\"Predsednica Atifete Jahjaga do\u010dekala ministra inostranih poslova Ujedinjenih Arapskih Emirata, &#138;eik Abdullah Bin Zajed Al-Nahjan\"}]},{\"@type\":\"WebSite\",\"@id\":\"https:\/\/president-ksgov.net\/#website\",\"url\":\"https:\/\/president-ksgov.net\/\",\"name\":\"Presidente e Republik\u00ebs s\u00eb Kosov\u00ebs\",\"description\":\"Presidente e Republik\u00ebs s\u00eb Kosov\u00ebs\",\"alternateName\":\"DR. VJOSA OSMANI - SADRIU\",\"potentialAction\":[{\"@type\":\"SearchAction\",\"target\":{\"@type\":\"EntryPoint\",\"urlTemplate\":\"https:\/\/president-ksgov.net\/?s={search_term_string}\"},\"query-input\":{\"@type\":\"PropertyValueSpecification\",\"valueRequired\":true,\"valueName\":\"search_term_string\"}}],\"inLanguage\":\"sr-RS\"},{\"@type\":\"Person\",\"@id\":\"https:\/\/president-ksgov.net\/#\/schema\/person\/bb4337a5fb147cb2046d80548172cbee\",\"name\":\"admin\",\"image\":{\"@type\":\"ImageObject\",\"inLanguage\":\"sr-RS\",\"@id\":\"https:\/\/president-ksgov.net\/#\/schema\/person\/image\/\",\"url\":\"https:\/\/secure.gravatar.com\/avatar\/36156ca0fa3b8d9d25174f146e16beea0cf28f37adf1b9e19b6c9c279a7c9dd3?s=96&d=mm&r=g\",\"contentUrl\":\"https:\/\/secure.gravatar.com\/avatar\/36156ca0fa3b8d9d25174f146e16beea0cf28f37adf1b9e19b6c9c279a7c9dd3?s=96&d=mm&r=g\",\"caption\":\"admin\"},\"sameAs\":[\"https:\/\/president-ksgov.net\"]}]}<\/script>\n<!-- \/ Yoast SEO plugin. -->","yoast_head_json":{"title":"Predsednica Atifete Jahjaga do\u010dekala ministra inostranih poslova Ujedinjenih Arapskih Emirata, &#138;eik Abdullah Bin Zajed Al-Nahjan - Predsednik Republike Kosovo - DR. VJOSA OSMANI - SADRIU","description":"Predsednica Atifete Jahjaga do\u010dekala ministra inostranih poslova Ujedinjenih Arapskih Emirata, &#138;eik Abdullah Bin Zajed Al-Nahjan - Predsednik Republike Kosovo - DR. VJOSA OSMANI - SADRIU -","robots":{"index":"index","follow":"follow","max-snippet":"max-snippet:-1","max-image-preview":"max-image-preview:large","max-video-preview":"max-video-preview:-1"},"canonical":"https:\/\/president-ksgov.net\/presidentja-atifete-jahjaga-priti-ministrin-e-jashtem-te-emirateve-te-bashkuara-arabe-sheik-abdullah-bin-zajed-al-nahjan\/","og_locale":"sr_RS","og_type":"article","og_title":"Predsednica Atifete Jahjaga do\u010dekala ministra inostranih poslova Ujedinjenih Arapskih Emirata, &#138;eik Abdullah Bin Zajed Al-Nahjan - Predsednik Republike Kosovo - DR. VJOSA OSMANI - SADRIU","og_description":"Predsednica Atifete Jahjaga do\u010dekala ministra inostranih poslova Ujedinjenih Arapskih Emirata, &#138;eik Abdullah Bin Zajed Al-Nahjan - Predsednik Republike Kosovo - DR. VJOSA OSMANI - SADRIU -","og_url":"https:\/\/president-ksgov.net\/presidentja-atifete-jahjaga-priti-ministrin-e-jashtem-te-emirateve-te-bashkuara-arabe-sheik-abdullah-bin-zajed-al-nahjan\/","og_site_name":"Predsednik Republike Kosovo - DR. VJOSA OSMANI - SADRIU","article_published_time":"2014-03-12T17:41:14+00:00","og_image":[{"width":928,"height":768,"url":"https:\/\/president-ksgov.net\/wp-content\/uploads\/12_03_2014_6586072_12_03_2014_Takim_me_1.jpg","type":"image\/jpeg"}],"author":"admin","twitter_card":"summary_large_image","twitter_misc":{"\u041d\u0430\u043f\u0438\u0441\u0430\u043d\u043e \u043e\u0434":"admin","\u041f\u0440\u043e\u0446\u0435\u045a\u0435\u043d\u043e \u0432\u0440\u0435\u043c\u0435 \u0447\u0438\u0442\u0430\u045a\u0430":"2 \u043c\u0438\u043d\u0443\u0442\u0430"},"schema":{"@context":"https:\/\/schema.org","@graph":[{"@type":"WebPage","@id":"https:\/\/president-ksgov.net\/presidentja-atifete-jahjaga-priti-ministrin-e-jashtem-te-emirateve-te-bashkuara-arabe-sheik-abdullah-bin-zajed-al-nahjan\/","url":"https:\/\/president-ksgov.net\/presidentja-atifete-jahjaga-priti-ministrin-e-jashtem-te-emirateve-te-bashkuara-arabe-sheik-abdullah-bin-zajed-al-nahjan\/","name":"Predsednica Atifete Jahjaga do\u010dekala ministra inostranih poslova Ujedinjenih Arapskih Emirata, &#138;eik Abdullah Bin Zajed Al-Nahjan - Predsednik Republike Kosovo - DR. VJOSA OSMANI - SADRIU","isPartOf":{"@id":"https:\/\/president-ksgov.net\/#website"},"primaryImageOfPage":{"@id":"https:\/\/president-ksgov.net\/presidentja-atifete-jahjaga-priti-ministrin-e-jashtem-te-emirateve-te-bashkuara-arabe-sheik-abdullah-bin-zajed-al-nahjan\/#primaryimage"},"image":{"@id":"https:\/\/president-ksgov.net\/presidentja-atifete-jahjaga-priti-ministrin-e-jashtem-te-emirateve-te-bashkuara-arabe-sheik-abdullah-bin-zajed-al-nahjan\/#primaryimage"},"thumbnailUrl":"https:\/\/president-ksgov.net\/wp-content\/uploads\/12_03_2014_6586072_12_03_2014_Takim_me_1.jpg","datePublished":"2014-03-12T17:41:14+00:00","dateModified":"2014-03-12T17:41:14+00:00","author":{"@id":"https:\/\/president-ksgov.net\/#\/schema\/person\/bb4337a5fb147cb2046d80548172cbee"},"description":"Predsednica Atifete Jahjaga do\u010dekala ministra inostranih poslova Ujedinjenih Arapskih Emirata, &#138;eik Abdullah Bin Zajed Al-Nahjan - Predsednik Republike Kosovo - DR. VJOSA OSMANI - SADRIU -","breadcrumb":{"@id":"https:\/\/president-ksgov.net\/presidentja-atifete-jahjaga-priti-ministrin-e-jashtem-te-emirateve-te-bashkuara-arabe-sheik-abdullah-bin-zajed-al-nahjan\/#breadcrumb"},"inLanguage":"sr-RS","potentialAction":[{"@type":"ReadAction","target":["https:\/\/president-ksgov.net\/presidentja-atifete-jahjaga-priti-ministrin-e-jashtem-te-emirateve-te-bashkuara-arabe-sheik-abdullah-bin-zajed-al-nahjan\/"]}]},{"@type":"ImageObject","inLanguage":"sr-RS","@id":"https:\/\/president-ksgov.net\/presidentja-atifete-jahjaga-priti-ministrin-e-jashtem-te-emirateve-te-bashkuara-arabe-sheik-abdullah-bin-zajed-al-nahjan\/#primaryimage","url":"https:\/\/president-ksgov.net\/wp-content\/uploads\/12_03_2014_6586072_12_03_2014_Takim_me_1.jpg","contentUrl":"https:\/\/president-ksgov.net\/wp-content\/uploads\/12_03_2014_6586072_12_03_2014_Takim_me_1.jpg","width":928,"height":768},{"@type":"BreadcrumbList","@id":"https:\/\/president-ksgov.net\/presidentja-atifete-jahjaga-priti-ministrin-e-jashtem-te-emirateve-te-bashkuara-arabe-sheik-abdullah-bin-zajed-al-nahjan\/#breadcrumb","itemListElement":[{"@type":"ListItem","position":1,"name":"Home","item":"https:\/\/president-ksgov.net\/sr\/"},{"@type":"ListItem","position":2,"name":"Predsednica Atifete Jahjaga do\u010dekala ministra inostranih poslova Ujedinjenih Arapskih Emirata, &#138;eik Abdullah Bin Zajed Al-Nahjan"}]},{"@type":"WebSite","@id":"https:\/\/president-ksgov.net\/#website","url":"https:\/\/president-ksgov.net\/","name":"Presidente e Republik\u00ebs s\u00eb Kosov\u00ebs","description":"Presidente e Republik\u00ebs s\u00eb Kosov\u00ebs","alternateName":"DR. VJOSA OSMANI - SADRIU","potentialAction":[{"@type":"SearchAction","target":{"@type":"EntryPoint","urlTemplate":"https:\/\/president-ksgov.net\/?s={search_term_string}"},"query-input":{"@type":"PropertyValueSpecification","valueRequired":true,"valueName":"search_term_string"}}],"inLanguage":"sr-RS"},{"@type":"Person","@id":"https:\/\/president-ksgov.net\/#\/schema\/person\/bb4337a5fb147cb2046d80548172cbee","name":"admin","image":{"@type":"ImageObject","inLanguage":"sr-RS","@id":"https:\/\/president-ksgov.net\/#\/schema\/person\/image\/","url":"https:\/\/secure.gravatar.com\/avatar\/36156ca0fa3b8d9d25174f146e16beea0cf28f37adf1b9e19b6c9c279a7c9dd3?s=96&d=mm&r=g","contentUrl":"https:\/\/secure.gravatar.com\/avatar\/36156ca0fa3b8d9d25174f146e16beea0cf28f37adf1b9e19b6c9c279a7c9dd3?s=96&d=mm&r=g","caption":"admin"},"sameAs":["https:\/\/president-ksgov.net"]}]}},"_links":{"self":[{"href":"https:\/\/president-ksgov.net\/sr\/wp-json\/wp\/v2\/posts\/77988","targetHints":{"allow":["GET"]}}],"collection":[{"href":"https:\/\/president-ksgov.net\/sr\/wp-json\/wp\/v2\/posts"}],"about":[{"href":"https:\/\/president-ksgov.net\/sr\/wp-json\/wp\/v2\/types\/post"}],"author":[{"embeddable":true,"href":"https:\/\/president-ksgov.net\/sr\/wp-json\/wp\/v2\/users\/1"}],"replies":[{"embeddable":true,"href":"https:\/\/president-ksgov.net\/sr\/wp-json\/wp\/v2\/comments?post=77988"}],"version-history":[{"count":0,"href":"https:\/\/president-ksgov.net\/sr\/wp-json\/wp\/v2\/posts\/77988\/revisions"}],"wp:featuredmedia":[{"embeddable":true,"href":"https:\/\/president-ksgov.net\/sr\/wp-json\/wp\/v2\/media\/46434"}],"wp:attachment":[{"href":"https:\/\/president-ksgov.net\/sr\/wp-json\/wp\/v2\/media?parent=77988"}],"wp:term":[{"taxonomy":"category","embeddable":true,"href":"https:\/\/president-ksgov.net\/sr\/wp-json\/wp\/v2\/categories?post=77988"},{"taxonomy":"post_tag","embeddable":true,"href":"https:\/\/president-ksgov.net\/sr\/wp-json\/wp\/v2\/tags?post=77988"}],"curies":[{"name":"wp","href":"https:\/\/api.w.org\/{rel}","templated":true}]}}