{"id":77962,"date":"2014-04-02T17:21:08","date_gmt":"2014-04-02T17:21:08","guid":{"rendered":"https:\/\/dev.president-ksgov.net\/predsednica-jahjaga-je-prisustvovala-doceku-povodom-pocetka-radova-svetskog-ekonomskog-foruma-za-latinsku-ameriku\/"},"modified":"2014-04-02T17:21:08","modified_gmt":"2014-04-02T17:21:08","slug":"predsednica-jahjaga-je-prisustvovala-doceku-povodom-pocetka-radova-svetskog-ekonomskog-foruma-za-latinsku-ameriku","status":"publish","type":"post","link":"https:\/\/president-ksgov.net\/sr\/predsednica-jahjaga-je-prisustvovala-doceku-povodom-pocetka-radova-svetskog-ekonomskog-foruma-za-latinsku-ameriku\/","title":{"rendered":"Predsednica Jahjaga je prisustvovala do\u010deku povodom po\u010detka radova Svetskog Ekonomskog Foruma za Latinsku Ameriku"},"content":{"rendered":"<p>Predsednica Republike Kosovo, gospo\u0111a Atifete Jahjaga, je prisustvovala do\u010deku organizovanog povodom po\u010detka radova Svetskog Ekonomskog Foruma za Latinsku Ameriku, koji se odr&#382;ava u gradu Panama, gde prisustvuju visoki zvani\u010dnici dr&#382;ave Panama: Predsednik Ricardo Martinelli, inostrani ministar Alvarez de Soto, Ministar za pitanja Panamskog Kanala g. Roberto R. Roy, Predsednik Trgova\u010dke Komore g. Jose Luis Ford, i visoki gosti iz raznih zemalja, me\u0111u kojima i premijerom Trinidada i Tobago, Kamla Persad Bissessar.<\/p>\n<p>Predsednica Jahjaga se sastala sa premijerom Kamla Persat Bissesar, sa kojom je razgovarala o pitanju priznanja nezavisnosti Kosova od Trinidad i Tobago, koji bi pomogao konsolidaciju dr&#382;avnosti Kosovo i dobila je obecanje za razmatranje okolnosti za ovo pitanje.<\/p>\n<p>Predsednica Jahjaga je takode srela vodeceg direktora Svetskog Ekonomskog Foruma, g. Philipp R\u00f6sler, sa kojim su razmatrane mogucnosti\u00a0 saradnje u cilju podr&#353;ke ekonomskog razvoja Kosova.\u00a0\u00a0\u00a0\u00a0\u00a0\u00a0\u00a0\u00a0\u00a0\u00a0\u00a0\u00a0\u00a0\u00a0\u00a0 <\/p>\n<p>Predsednica Jahjaga je informirala g. R\u00f6sler o investicionom petencijalu koju pru&#382;a Kosovo i o preduzetim koracima od institucije Kosova radi garantovanja\u00a0 povoljnih uslova za poslovanje i privlacnost stranih investicija. Ona je rekla da regionalna i globalna ekonomska meduzavisnost\u00a0 produbljuje uzajamnu produbljuje obostranu saradnju i cini je kljucnom za gaarantovanje ustrajnog ekonomskog rasta i prevazila&#382;enje globalnih kriza.<\/p>\n<p>G. R\u00f6sler se zahvalio Predsednici Jahjaga za njeno uce&#353;ce na radovima Svetskog Ekonomskog Foruma za Latinsku Ameriku izra&#382;avajuci spremnost za izgradnju mostova saradnje koji ce pomoci ekonomski razvoj Kosova.<\/p>\n<p>Svetski Ekonomski Forum za Latinsku Ameriku pocinje sa radom u sredu i u njemu ce biti prisutni i predsednici Kostarike, Guatemale, Hondurasa i El Salvadora, inostrani i ministri privrede raznih zemalja.<\/p>\n<p>Predsednica Jahjag ce tokom radova Foruma da se sastane sa jednim brojem rukovodilaca raznih zemalja Latinske Amerike, ukljucujuci i one iz zemalja koje jo&#353; nisu priznale nezavisnost Kosova.<\/p>\n<p>Predsednica Jahjaga boravi u slu&#382;benu posetu u Panamu na poziv Predsednika Ricardo Martinelli, sa kojim se sastala prvog dana posete.<\/p>\n<p>Ona takode se sastala i predsednika Parlamenta Latinske Amerike i progla&#353;ena je pocasnim gradaninom grada Paname i predat joj je kljuc grada.<\/p>\n","protected":false},"excerpt":{"rendered":"<p>Predsednica Republike Kosovo, gospo\u0111a Atifete Jahjaga, je prisustvovala do\u010deku organizovanog povodom po\u010detka radova Svetskog Ekonomskog Foruma za Latinsku Ameriku, koji se odr&#382;ava u gradu Panama, gde prisustvuju visoki zvani\u010dnici dr&#382;ave Panama: Predsednik Ricardo Martinelli, inostrani ministar Alvarez de Soto, Ministar za pitanja Panamskog Kanala g. Roberto R. Roy, Predsednik Trgova\u010dke Komore g. Jose Luis Ford, i visoki gosti iz raznih zemalja, me\u0111u kojima i premijerom Trinidada i Tobago, Kamla Persad Bissessar.<\/p>\n","protected":false},"author":1,"featured_media":46084,"comment_status":"open","ping_status":"closed","sticky":false,"template":"","format":"standard","meta":{"_eb_attr":"","footnotes":""},"categories":[101],"tags":[],"class_list":["post-77962","post","type-post","status-publish","format-standard","has-post-thumbnail","hentry","category-vesti"],"yoast_head":"<!-- This site is optimized with the Yoast SEO plugin v23.5 - https:\/\/yoast.com\/wordpress\/plugins\/seo\/ -->\n<title>Predsednica Jahjaga je prisustvovala do\u010deku povodom po\u010detka radova Svetskog Ekonomskog Foruma za Latinsku Ameriku - Predsednik Republike Kosovo - DR. VJOSA OSMANI - SADRIU<\/title>\n<meta name=\"description\" content=\"Predsednica Jahjaga je prisustvovala do\u010deku povodom po\u010detka radova Svetskog Ekonomskog Foruma za Latinsku Ameriku - Predsednik Republike Kosovo - DR. VJOSA OSMANI - SADRIU -\" \/>\n<meta name=\"robots\" content=\"index, follow, max-snippet:-1, max-image-preview:large, max-video-preview:-1\" \/>\n<link rel=\"canonical\" href=\"https:\/\/president-ksgov.net\/presidentja-jahjaga-mori-pjese-ne-pritjen-me-rastin-e-fillimit-te-punimeve-te-forumit-ekonomik-boteror-per-ameriken-latine\/\" \/>\n<meta property=\"og:locale\" content=\"sr_RS\" \/>\n<meta property=\"og:type\" content=\"article\" \/>\n<meta property=\"og:title\" content=\"Predsednica Jahjaga je prisustvovala do\u010deku povodom po\u010detka radova Svetskog Ekonomskog Foruma za Latinsku Ameriku - Predsednik Republike Kosovo - DR. VJOSA OSMANI - SADRIU\" \/>\n<meta property=\"og:description\" content=\"Predsednica Jahjaga je prisustvovala do\u010deku povodom po\u010detka radova Svetskog Ekonomskog Foruma za Latinsku Ameriku - Predsednik Republike Kosovo - DR. VJOSA OSMANI - SADRIU -\" \/>\n<meta property=\"og:url\" content=\"https:\/\/president-ksgov.net\/presidentja-jahjaga-mori-pjese-ne-pritjen-me-rastin-e-fillimit-te-punimeve-te-forumit-ekonomik-boteror-per-ameriken-latine\/\" \/>\n<meta property=\"og:site_name\" content=\"Predsednik Republike Kosovo - DR. VJOSA OSMANI - SADRIU\" \/>\n<meta property=\"article:published_time\" content=\"2014-04-02T17:21:08+00:00\" \/>\n<meta property=\"og:image\" content=\"https:\/\/president-ksgov.net\/wp-content\/uploads\/02_04_2014_8793331_IMG_9042___.jpg\" \/>\n\t<meta property=\"og:image:width\" content=\"850\" \/>\n\t<meta property=\"og:image:height\" content=\"609\" \/>\n\t<meta property=\"og:image:type\" content=\"image\/jpeg\" \/>\n<meta name=\"author\" content=\"admin\" \/>\n<meta name=\"twitter:card\" content=\"summary_large_image\" \/>\n<meta name=\"twitter:label1\" content=\"\u041d\u0430\u043f\u0438\u0441\u0430\u043d\u043e \u043e\u0434\" \/>\n\t<meta name=\"twitter:data1\" content=\"admin\" \/>\n\t<meta name=\"twitter:label2\" content=\"\u041f\u0440\u043e\u0446\u0435\u045a\u0435\u043d\u043e \u0432\u0440\u0435\u043c\u0435 \u0447\u0438\u0442\u0430\u045a\u0430\" \/>\n\t<meta name=\"twitter:data2\" content=\"2 \u043c\u0438\u043d\u0443\u0442\u0430\" \/>\n<script type=\"application\/ld+json\" class=\"yoast-schema-graph\">{\"@context\":\"https:\/\/schema.org\",\"@graph\":[{\"@type\":\"WebPage\",\"@id\":\"https:\/\/president-ksgov.net\/presidentja-jahjaga-mori-pjese-ne-pritjen-me-rastin-e-fillimit-te-punimeve-te-forumit-ekonomik-boteror-per-ameriken-latine\/\",\"url\":\"https:\/\/president-ksgov.net\/presidentja-jahjaga-mori-pjese-ne-pritjen-me-rastin-e-fillimit-te-punimeve-te-forumit-ekonomik-boteror-per-ameriken-latine\/\",\"name\":\"Predsednica Jahjaga je prisustvovala do\u010deku povodom po\u010detka radova Svetskog Ekonomskog Foruma za Latinsku Ameriku - Predsednik Republike Kosovo - DR. VJOSA OSMANI - SADRIU\",\"isPartOf\":{\"@id\":\"https:\/\/president-ksgov.net\/#website\"},\"primaryImageOfPage\":{\"@id\":\"https:\/\/president-ksgov.net\/presidentja-jahjaga-mori-pjese-ne-pritjen-me-rastin-e-fillimit-te-punimeve-te-forumit-ekonomik-boteror-per-ameriken-latine\/#primaryimage\"},\"image\":{\"@id\":\"https:\/\/president-ksgov.net\/presidentja-jahjaga-mori-pjese-ne-pritjen-me-rastin-e-fillimit-te-punimeve-te-forumit-ekonomik-boteror-per-ameriken-latine\/#primaryimage\"},\"thumbnailUrl\":\"https:\/\/president-ksgov.net\/wp-content\/uploads\/02_04_2014_8793331_IMG_9042___.jpg\",\"datePublished\":\"2014-04-02T17:21:08+00:00\",\"dateModified\":\"2014-04-02T17:21:08+00:00\",\"author\":{\"@id\":\"https:\/\/president-ksgov.net\/#\/schema\/person\/bb4337a5fb147cb2046d80548172cbee\"},\"description\":\"Predsednica Jahjaga je prisustvovala do\u010deku povodom po\u010detka radova Svetskog Ekonomskog Foruma za Latinsku Ameriku - Predsednik Republike Kosovo - DR. VJOSA OSMANI - SADRIU -\",\"breadcrumb\":{\"@id\":\"https:\/\/president-ksgov.net\/presidentja-jahjaga-mori-pjese-ne-pritjen-me-rastin-e-fillimit-te-punimeve-te-forumit-ekonomik-boteror-per-ameriken-latine\/#breadcrumb\"},\"inLanguage\":\"sr-RS\",\"potentialAction\":[{\"@type\":\"ReadAction\",\"target\":[\"https:\/\/president-ksgov.net\/presidentja-jahjaga-mori-pjese-ne-pritjen-me-rastin-e-fillimit-te-punimeve-te-forumit-ekonomik-boteror-per-ameriken-latine\/\"]}]},{\"@type\":\"ImageObject\",\"inLanguage\":\"sr-RS\",\"@id\":\"https:\/\/president-ksgov.net\/presidentja-jahjaga-mori-pjese-ne-pritjen-me-rastin-e-fillimit-te-punimeve-te-forumit-ekonomik-boteror-per-ameriken-latine\/#primaryimage\",\"url\":\"https:\/\/president-ksgov.net\/wp-content\/uploads\/02_04_2014_8793331_IMG_9042___.jpg\",\"contentUrl\":\"https:\/\/president-ksgov.net\/wp-content\/uploads\/02_04_2014_8793331_IMG_9042___.jpg\",\"width\":850,\"height\":609},{\"@type\":\"BreadcrumbList\",\"@id\":\"https:\/\/president-ksgov.net\/presidentja-jahjaga-mori-pjese-ne-pritjen-me-rastin-e-fillimit-te-punimeve-te-forumit-ekonomik-boteror-per-ameriken-latine\/#breadcrumb\",\"itemListElement\":[{\"@type\":\"ListItem\",\"position\":1,\"name\":\"Home\",\"item\":\"https:\/\/president-ksgov.net\/sr\/\"},{\"@type\":\"ListItem\",\"position\":2,\"name\":\"Predsednica Jahjaga je prisustvovala do\u010deku povodom po\u010detka radova Svetskog Ekonomskog Foruma za Latinsku Ameriku\"}]},{\"@type\":\"WebSite\",\"@id\":\"https:\/\/president-ksgov.net\/#website\",\"url\":\"https:\/\/president-ksgov.net\/\",\"name\":\"Presidente e Republik\u00ebs s\u00eb Kosov\u00ebs\",\"description\":\"Presidente e Republik\u00ebs s\u00eb Kosov\u00ebs\",\"alternateName\":\"DR. VJOSA OSMANI - SADRIU\",\"potentialAction\":[{\"@type\":\"SearchAction\",\"target\":{\"@type\":\"EntryPoint\",\"urlTemplate\":\"https:\/\/president-ksgov.net\/?s={search_term_string}\"},\"query-input\":{\"@type\":\"PropertyValueSpecification\",\"valueRequired\":true,\"valueName\":\"search_term_string\"}}],\"inLanguage\":\"sr-RS\"},{\"@type\":\"Person\",\"@id\":\"https:\/\/president-ksgov.net\/#\/schema\/person\/bb4337a5fb147cb2046d80548172cbee\",\"name\":\"admin\",\"image\":{\"@type\":\"ImageObject\",\"inLanguage\":\"sr-RS\",\"@id\":\"https:\/\/president-ksgov.net\/#\/schema\/person\/image\/\",\"url\":\"https:\/\/secure.gravatar.com\/avatar\/36156ca0fa3b8d9d25174f146e16beea0cf28f37adf1b9e19b6c9c279a7c9dd3?s=96&d=mm&r=g\",\"contentUrl\":\"https:\/\/secure.gravatar.com\/avatar\/36156ca0fa3b8d9d25174f146e16beea0cf28f37adf1b9e19b6c9c279a7c9dd3?s=96&d=mm&r=g\",\"caption\":\"admin\"},\"sameAs\":[\"https:\/\/president-ksgov.net\"]}]}<\/script>\n<!-- \/ Yoast SEO plugin. -->","yoast_head_json":{"title":"Predsednica Jahjaga je prisustvovala do\u010deku povodom po\u010detka radova Svetskog Ekonomskog Foruma za Latinsku Ameriku - Predsednik Republike Kosovo - DR. VJOSA OSMANI - SADRIU","description":"Predsednica Jahjaga je prisustvovala do\u010deku povodom po\u010detka radova Svetskog Ekonomskog Foruma za Latinsku Ameriku - Predsednik Republike Kosovo - DR. VJOSA OSMANI - SADRIU -","robots":{"index":"index","follow":"follow","max-snippet":"max-snippet:-1","max-image-preview":"max-image-preview:large","max-video-preview":"max-video-preview:-1"},"canonical":"https:\/\/president-ksgov.net\/presidentja-jahjaga-mori-pjese-ne-pritjen-me-rastin-e-fillimit-te-punimeve-te-forumit-ekonomik-boteror-per-ameriken-latine\/","og_locale":"sr_RS","og_type":"article","og_title":"Predsednica Jahjaga je prisustvovala do\u010deku povodom po\u010detka radova Svetskog Ekonomskog Foruma za Latinsku Ameriku - Predsednik Republike Kosovo - DR. VJOSA OSMANI - SADRIU","og_description":"Predsednica Jahjaga je prisustvovala do\u010deku povodom po\u010detka radova Svetskog Ekonomskog Foruma za Latinsku Ameriku - Predsednik Republike Kosovo - DR. VJOSA OSMANI - SADRIU -","og_url":"https:\/\/president-ksgov.net\/presidentja-jahjaga-mori-pjese-ne-pritjen-me-rastin-e-fillimit-te-punimeve-te-forumit-ekonomik-boteror-per-ameriken-latine\/","og_site_name":"Predsednik Republike Kosovo - DR. VJOSA OSMANI - SADRIU","article_published_time":"2014-04-02T17:21:08+00:00","og_image":[{"width":850,"height":609,"url":"https:\/\/president-ksgov.net\/wp-content\/uploads\/02_04_2014_8793331_IMG_9042___.jpg","type":"image\/jpeg"}],"author":"admin","twitter_card":"summary_large_image","twitter_misc":{"\u041d\u0430\u043f\u0438\u0441\u0430\u043d\u043e \u043e\u0434":"admin","\u041f\u0440\u043e\u0446\u0435\u045a\u0435\u043d\u043e \u0432\u0440\u0435\u043c\u0435 \u0447\u0438\u0442\u0430\u045a\u0430":"2 \u043c\u0438\u043d\u0443\u0442\u0430"},"schema":{"@context":"https:\/\/schema.org","@graph":[{"@type":"WebPage","@id":"https:\/\/president-ksgov.net\/presidentja-jahjaga-mori-pjese-ne-pritjen-me-rastin-e-fillimit-te-punimeve-te-forumit-ekonomik-boteror-per-ameriken-latine\/","url":"https:\/\/president-ksgov.net\/presidentja-jahjaga-mori-pjese-ne-pritjen-me-rastin-e-fillimit-te-punimeve-te-forumit-ekonomik-boteror-per-ameriken-latine\/","name":"Predsednica Jahjaga je prisustvovala do\u010deku povodom po\u010detka radova Svetskog Ekonomskog Foruma za Latinsku Ameriku - Predsednik Republike Kosovo - DR. VJOSA OSMANI - SADRIU","isPartOf":{"@id":"https:\/\/president-ksgov.net\/#website"},"primaryImageOfPage":{"@id":"https:\/\/president-ksgov.net\/presidentja-jahjaga-mori-pjese-ne-pritjen-me-rastin-e-fillimit-te-punimeve-te-forumit-ekonomik-boteror-per-ameriken-latine\/#primaryimage"},"image":{"@id":"https:\/\/president-ksgov.net\/presidentja-jahjaga-mori-pjese-ne-pritjen-me-rastin-e-fillimit-te-punimeve-te-forumit-ekonomik-boteror-per-ameriken-latine\/#primaryimage"},"thumbnailUrl":"https:\/\/president-ksgov.net\/wp-content\/uploads\/02_04_2014_8793331_IMG_9042___.jpg","datePublished":"2014-04-02T17:21:08+00:00","dateModified":"2014-04-02T17:21:08+00:00","author":{"@id":"https:\/\/president-ksgov.net\/#\/schema\/person\/bb4337a5fb147cb2046d80548172cbee"},"description":"Predsednica Jahjaga je prisustvovala do\u010deku povodom po\u010detka radova Svetskog Ekonomskog Foruma za Latinsku Ameriku - Predsednik Republike Kosovo - DR. VJOSA OSMANI - SADRIU -","breadcrumb":{"@id":"https:\/\/president-ksgov.net\/presidentja-jahjaga-mori-pjese-ne-pritjen-me-rastin-e-fillimit-te-punimeve-te-forumit-ekonomik-boteror-per-ameriken-latine\/#breadcrumb"},"inLanguage":"sr-RS","potentialAction":[{"@type":"ReadAction","target":["https:\/\/president-ksgov.net\/presidentja-jahjaga-mori-pjese-ne-pritjen-me-rastin-e-fillimit-te-punimeve-te-forumit-ekonomik-boteror-per-ameriken-latine\/"]}]},{"@type":"ImageObject","inLanguage":"sr-RS","@id":"https:\/\/president-ksgov.net\/presidentja-jahjaga-mori-pjese-ne-pritjen-me-rastin-e-fillimit-te-punimeve-te-forumit-ekonomik-boteror-per-ameriken-latine\/#primaryimage","url":"https:\/\/president-ksgov.net\/wp-content\/uploads\/02_04_2014_8793331_IMG_9042___.jpg","contentUrl":"https:\/\/president-ksgov.net\/wp-content\/uploads\/02_04_2014_8793331_IMG_9042___.jpg","width":850,"height":609},{"@type":"BreadcrumbList","@id":"https:\/\/president-ksgov.net\/presidentja-jahjaga-mori-pjese-ne-pritjen-me-rastin-e-fillimit-te-punimeve-te-forumit-ekonomik-boteror-per-ameriken-latine\/#breadcrumb","itemListElement":[{"@type":"ListItem","position":1,"name":"Home","item":"https:\/\/president-ksgov.net\/sr\/"},{"@type":"ListItem","position":2,"name":"Predsednica Jahjaga je prisustvovala do\u010deku povodom po\u010detka radova Svetskog Ekonomskog Foruma za Latinsku Ameriku"}]},{"@type":"WebSite","@id":"https:\/\/president-ksgov.net\/#website","url":"https:\/\/president-ksgov.net\/","name":"Presidente e Republik\u00ebs s\u00eb Kosov\u00ebs","description":"Presidente e Republik\u00ebs s\u00eb Kosov\u00ebs","alternateName":"DR. VJOSA OSMANI - SADRIU","potentialAction":[{"@type":"SearchAction","target":{"@type":"EntryPoint","urlTemplate":"https:\/\/president-ksgov.net\/?s={search_term_string}"},"query-input":{"@type":"PropertyValueSpecification","valueRequired":true,"valueName":"search_term_string"}}],"inLanguage":"sr-RS"},{"@type":"Person","@id":"https:\/\/president-ksgov.net\/#\/schema\/person\/bb4337a5fb147cb2046d80548172cbee","name":"admin","image":{"@type":"ImageObject","inLanguage":"sr-RS","@id":"https:\/\/president-ksgov.net\/#\/schema\/person\/image\/","url":"https:\/\/secure.gravatar.com\/avatar\/36156ca0fa3b8d9d25174f146e16beea0cf28f37adf1b9e19b6c9c279a7c9dd3?s=96&d=mm&r=g","contentUrl":"https:\/\/secure.gravatar.com\/avatar\/36156ca0fa3b8d9d25174f146e16beea0cf28f37adf1b9e19b6c9c279a7c9dd3?s=96&d=mm&r=g","caption":"admin"},"sameAs":["https:\/\/president-ksgov.net"]}]}},"_links":{"self":[{"href":"https:\/\/president-ksgov.net\/sr\/wp-json\/wp\/v2\/posts\/77962","targetHints":{"allow":["GET"]}}],"collection":[{"href":"https:\/\/president-ksgov.net\/sr\/wp-json\/wp\/v2\/posts"}],"about":[{"href":"https:\/\/president-ksgov.net\/sr\/wp-json\/wp\/v2\/types\/post"}],"author":[{"embeddable":true,"href":"https:\/\/president-ksgov.net\/sr\/wp-json\/wp\/v2\/users\/1"}],"replies":[{"embeddable":true,"href":"https:\/\/president-ksgov.net\/sr\/wp-json\/wp\/v2\/comments?post=77962"}],"version-history":[{"count":0,"href":"https:\/\/president-ksgov.net\/sr\/wp-json\/wp\/v2\/posts\/77962\/revisions"}],"wp:featuredmedia":[{"embeddable":true,"href":"https:\/\/president-ksgov.net\/sr\/wp-json\/wp\/v2\/media\/46084"}],"wp:attachment":[{"href":"https:\/\/president-ksgov.net\/sr\/wp-json\/wp\/v2\/media?parent=77962"}],"wp:term":[{"taxonomy":"category","embeddable":true,"href":"https:\/\/president-ksgov.net\/sr\/wp-json\/wp\/v2\/categories?post=77962"},{"taxonomy":"post_tag","embeddable":true,"href":"https:\/\/president-ksgov.net\/sr\/wp-json\/wp\/v2\/tags?post=77962"}],"curies":[{"name":"wp","href":"https:\/\/api.w.org\/{rel}","templated":true}]}}