{"id":77952,"date":"2014-04-14T11:59:08","date_gmt":"2014-04-14T11:59:08","guid":{"rendered":"https:\/\/dev.president-ksgov.net\/predsednica-atifete-jahjaga-je-docekala-jednu-delegaciju-komisije-za-inostranu-politiku-parlamenta-albanije\/"},"modified":"2014-04-14T11:59:08","modified_gmt":"2014-04-14T11:59:08","slug":"predsednica-atifete-jahjaga-je-docekala-jednu-delegaciju-komisije-za-inostranu-politiku-parlamenta-albanije","status":"publish","type":"post","link":"https:\/\/president-ksgov.net\/sr\/predsednica-atifete-jahjaga-je-docekala-jednu-delegaciju-komisije-za-inostranu-politiku-parlamenta-albanije\/","title":{"rendered":"Predsednica Atifete Jahjaga je do\u010dekala jednu delegaciju Komisije za Inostranu Politiku Parlamenta Albanije"},"content":{"rendered":"<p>Predsednica Republike Kosovo, gospo\u0111a Atifete Jahjaga, do\u010dekala danas na sastanak jednu delegaciju Komisije za Inostranu Politiku Parlamenta Republike Albanije, predvo\u0111ene od predsednice ove komisije, gospo\u0111e Arta Dade.<\/p>\n<p>Predsednica Jahjaga je povoljno ocenila dosada&#353;nju saradnju izme\u0111u institucija Republike Kosovo i Republike Albanije, nagla&#353;avaju\u0107i potrebu pro&#353;irenja i daljnjeg produbljavanja ove saradnje u svim oblastima od obostranog interesa.<br \/>\n\u00a0<br \/>\nPredsednica Jahjaga je rekla da je Kosovo ostvarila zna\u010dajan napredak u konsolidaciji dr&#382;avnosti, uspostavljanju pravne i sveobuhvatne dr&#382;ave, kao i u izgradnji dobrosusednih odnosa sa svim dr&#382;avama regiona Balkana, obuhvataju\u0107i i nastojanja za normalizaciju odnosa sa Republikom Srbijom.<br \/>\n\u00a0<br \/>\nOna je rekla da prednost za institucije i gra\u0111ane Republike Kosovo je integracija Kosova u evropsko-atlantske strukture, cene\u0107i kao va&#382;ne kontraktualne odnose i sa NATO-m, preko Partnerstva za Mir.<br \/>\n\u00a0<br \/>\nPredsednica Jahjaga je rekla da Albanije mo&#382;e pomo\u0107i Kosovo putem razmene iskustva, za ispunjavanje standarda i kriterija za \u010dlanstvo u NATO i Evropsku Zajednicu.<br \/>\n\u00a0<br \/>\nPredsednica Parlamentarne Komisije za Inostranu Politiku Parlamenta Republike\u00a0 Albanije, gospo\u0111a Arta Dade, je ocenila postignuti napredak na Kosovu. Ona je izrazila posve\u0107enje Vlade Republike Albanije za pomaganje institucijama Kosova za proces reformi u pravcu integracije u Evropsku Zajednicu i Severno-Atlantski Savez.<br \/>\n\u00a0<\/p>\n","protected":false},"excerpt":{"rendered":"<p>Predsednica Republike Kosovo, gospo\u0111a Atifete Jahjaga, do\u010dekala danas na sastanak jednu delegaciju Komisije za Inostranu Politiku Parlamenta Republike Albanije, predvo\u0111ene od predsednice ove komisije, gospo\u0111e Arta Dade.<\/p>\n","protected":false},"author":1,"featured_media":45949,"comment_status":"open","ping_status":"closed","sticky":false,"template":"","format":"standard","meta":{"_eb_attr":"","footnotes":""},"categories":[101],"tags":[],"class_list":["post-77952","post","type-post","status-publish","format-standard","has-post-thumbnail","hentry","category-vesti"],"yoast_head":"<!-- This site is optimized with the Yoast SEO plugin v23.5 - https:\/\/yoast.com\/wordpress\/plugins\/seo\/ -->\n<title>Predsednica Atifete Jahjaga je do\u010dekala jednu delegaciju Komisije za Inostranu Politiku Parlamenta Albanije - Predsednik Republike Kosovo - DR. VJOSA OSMANI - SADRIU<\/title>\n<meta name=\"description\" content=\"Predsednica Atifete Jahjaga je do\u010dekala jednu delegaciju Komisije za Inostranu Politiku Parlamenta Albanije - Predsednik Republike Kosovo - DR. VJOSA OSMANI - SADRIU -\" \/>\n<meta name=\"robots\" content=\"index, follow, max-snippet:-1, max-image-preview:large, max-video-preview:-1\" \/>\n<link rel=\"canonical\" href=\"https:\/\/president-ksgov.net\/presidentja-atifete-jahjaga-priti-nje-delegacion-nga-komisioni-per-politike-te-jashtme-i-parlamentit-te-shqiperise\/\" \/>\n<meta property=\"og:locale\" content=\"sr_RS\" \/>\n<meta property=\"og:type\" content=\"article\" \/>\n<meta property=\"og:title\" content=\"Predsednica Atifete Jahjaga je do\u010dekala jednu delegaciju Komisije za Inostranu Politiku Parlamenta Albanije - Predsednik Republike Kosovo - DR. VJOSA OSMANI - SADRIU\" \/>\n<meta property=\"og:description\" content=\"Predsednica Atifete Jahjaga je do\u010dekala jednu delegaciju Komisije za Inostranu Politiku Parlamenta Albanije - Predsednik Republike Kosovo - DR. VJOSA OSMANI - SADRIU -\" \/>\n<meta property=\"og:url\" content=\"https:\/\/president-ksgov.net\/presidentja-atifete-jahjaga-priti-nje-delegacion-nga-komisioni-per-politike-te-jashtme-i-parlamentit-te-shqiperise\/\" \/>\n<meta property=\"og:site_name\" content=\"Predsednik Republike Kosovo - DR. VJOSA OSMANI - SADRIU\" \/>\n<meta property=\"article:published_time\" content=\"2014-04-14T11:59:08+00:00\" \/>\n<meta property=\"og:image\" content=\"https:\/\/president-ksgov.net\/wp-content\/uploads\/14_04_2014_1280380_14_04_2014_Takim_me_1_.jpg\" \/>\n\t<meta property=\"og:image:width\" content=\"1024\" \/>\n\t<meta property=\"og:image:height\" content=\"683\" \/>\n\t<meta property=\"og:image:type\" content=\"image\/jpeg\" \/>\n<meta name=\"author\" content=\"admin\" \/>\n<meta name=\"twitter:card\" content=\"summary_large_image\" \/>\n<meta name=\"twitter:label1\" content=\"\u041d\u0430\u043f\u0438\u0441\u0430\u043d\u043e \u043e\u0434\" \/>\n\t<meta name=\"twitter:data1\" content=\"admin\" \/>\n\t<meta name=\"twitter:label2\" content=\"\u041f\u0440\u043e\u0446\u0435\u045a\u0435\u043d\u043e \u0432\u0440\u0435\u043c\u0435 \u0447\u0438\u0442\u0430\u045a\u0430\" \/>\n\t<meta name=\"twitter:data2\" content=\"1 \u043c\u0438\u043d\u0443\u0442\" \/>\n<script type=\"application\/ld+json\" class=\"yoast-schema-graph\">{\"@context\":\"https:\/\/schema.org\",\"@graph\":[{\"@type\":\"WebPage\",\"@id\":\"https:\/\/president-ksgov.net\/presidentja-atifete-jahjaga-priti-nje-delegacion-nga-komisioni-per-politike-te-jashtme-i-parlamentit-te-shqiperise\/\",\"url\":\"https:\/\/president-ksgov.net\/presidentja-atifete-jahjaga-priti-nje-delegacion-nga-komisioni-per-politike-te-jashtme-i-parlamentit-te-shqiperise\/\",\"name\":\"Predsednica Atifete Jahjaga je do\u010dekala jednu delegaciju Komisije za Inostranu Politiku Parlamenta Albanije - Predsednik Republike Kosovo - DR. VJOSA OSMANI - SADRIU\",\"isPartOf\":{\"@id\":\"https:\/\/president-ksgov.net\/#website\"},\"primaryImageOfPage\":{\"@id\":\"https:\/\/president-ksgov.net\/presidentja-atifete-jahjaga-priti-nje-delegacion-nga-komisioni-per-politike-te-jashtme-i-parlamentit-te-shqiperise\/#primaryimage\"},\"image\":{\"@id\":\"https:\/\/president-ksgov.net\/presidentja-atifete-jahjaga-priti-nje-delegacion-nga-komisioni-per-politike-te-jashtme-i-parlamentit-te-shqiperise\/#primaryimage\"},\"thumbnailUrl\":\"https:\/\/president-ksgov.net\/wp-content\/uploads\/14_04_2014_1280380_14_04_2014_Takim_me_1_.jpg\",\"datePublished\":\"2014-04-14T11:59:08+00:00\",\"dateModified\":\"2014-04-14T11:59:08+00:00\",\"author\":{\"@id\":\"https:\/\/president-ksgov.net\/#\/schema\/person\/bb4337a5fb147cb2046d80548172cbee\"},\"description\":\"Predsednica Atifete Jahjaga je do\u010dekala jednu delegaciju Komisije za Inostranu Politiku Parlamenta Albanije - Predsednik Republike Kosovo - DR. VJOSA OSMANI - SADRIU -\",\"breadcrumb\":{\"@id\":\"https:\/\/president-ksgov.net\/presidentja-atifete-jahjaga-priti-nje-delegacion-nga-komisioni-per-politike-te-jashtme-i-parlamentit-te-shqiperise\/#breadcrumb\"},\"inLanguage\":\"sr-RS\",\"potentialAction\":[{\"@type\":\"ReadAction\",\"target\":[\"https:\/\/president-ksgov.net\/presidentja-atifete-jahjaga-priti-nje-delegacion-nga-komisioni-per-politike-te-jashtme-i-parlamentit-te-shqiperise\/\"]}]},{\"@type\":\"ImageObject\",\"inLanguage\":\"sr-RS\",\"@id\":\"https:\/\/president-ksgov.net\/presidentja-atifete-jahjaga-priti-nje-delegacion-nga-komisioni-per-politike-te-jashtme-i-parlamentit-te-shqiperise\/#primaryimage\",\"url\":\"https:\/\/president-ksgov.net\/wp-content\/uploads\/14_04_2014_1280380_14_04_2014_Takim_me_1_.jpg\",\"contentUrl\":\"https:\/\/president-ksgov.net\/wp-content\/uploads\/14_04_2014_1280380_14_04_2014_Takim_me_1_.jpg\",\"width\":1024,\"height\":683},{\"@type\":\"BreadcrumbList\",\"@id\":\"https:\/\/president-ksgov.net\/presidentja-atifete-jahjaga-priti-nje-delegacion-nga-komisioni-per-politike-te-jashtme-i-parlamentit-te-shqiperise\/#breadcrumb\",\"itemListElement\":[{\"@type\":\"ListItem\",\"position\":1,\"name\":\"Home\",\"item\":\"https:\/\/president-ksgov.net\/sr\/\"},{\"@type\":\"ListItem\",\"position\":2,\"name\":\"Predsednica Atifete Jahjaga je do\u010dekala jednu delegaciju Komisije za Inostranu Politiku Parlamenta Albanije\"}]},{\"@type\":\"WebSite\",\"@id\":\"https:\/\/president-ksgov.net\/#website\",\"url\":\"https:\/\/president-ksgov.net\/\",\"name\":\"Presidente e Republik\u00ebs s\u00eb Kosov\u00ebs\",\"description\":\"Presidente e Republik\u00ebs s\u00eb Kosov\u00ebs\",\"alternateName\":\"DR. VJOSA OSMANI - SADRIU\",\"potentialAction\":[{\"@type\":\"SearchAction\",\"target\":{\"@type\":\"EntryPoint\",\"urlTemplate\":\"https:\/\/president-ksgov.net\/?s={search_term_string}\"},\"query-input\":{\"@type\":\"PropertyValueSpecification\",\"valueRequired\":true,\"valueName\":\"search_term_string\"}}],\"inLanguage\":\"sr-RS\"},{\"@type\":\"Person\",\"@id\":\"https:\/\/president-ksgov.net\/#\/schema\/person\/bb4337a5fb147cb2046d80548172cbee\",\"name\":\"admin\",\"image\":{\"@type\":\"ImageObject\",\"inLanguage\":\"sr-RS\",\"@id\":\"https:\/\/president-ksgov.net\/#\/schema\/person\/image\/\",\"url\":\"https:\/\/secure.gravatar.com\/avatar\/36156ca0fa3b8d9d25174f146e16beea0cf28f37adf1b9e19b6c9c279a7c9dd3?s=96&d=mm&r=g\",\"contentUrl\":\"https:\/\/secure.gravatar.com\/avatar\/36156ca0fa3b8d9d25174f146e16beea0cf28f37adf1b9e19b6c9c279a7c9dd3?s=96&d=mm&r=g\",\"caption\":\"admin\"},\"sameAs\":[\"https:\/\/president-ksgov.net\"]}]}<\/script>\n<!-- \/ Yoast SEO plugin. -->","yoast_head_json":{"title":"Predsednica Atifete Jahjaga je do\u010dekala jednu delegaciju Komisije za Inostranu Politiku Parlamenta Albanije - Predsednik Republike Kosovo - DR. VJOSA OSMANI - SADRIU","description":"Predsednica Atifete Jahjaga je do\u010dekala jednu delegaciju Komisije za Inostranu Politiku Parlamenta Albanije - Predsednik Republike Kosovo - DR. VJOSA OSMANI - SADRIU -","robots":{"index":"index","follow":"follow","max-snippet":"max-snippet:-1","max-image-preview":"max-image-preview:large","max-video-preview":"max-video-preview:-1"},"canonical":"https:\/\/president-ksgov.net\/presidentja-atifete-jahjaga-priti-nje-delegacion-nga-komisioni-per-politike-te-jashtme-i-parlamentit-te-shqiperise\/","og_locale":"sr_RS","og_type":"article","og_title":"Predsednica Atifete Jahjaga je do\u010dekala jednu delegaciju Komisije za Inostranu Politiku Parlamenta Albanije - Predsednik Republike Kosovo - DR. VJOSA OSMANI - SADRIU","og_description":"Predsednica Atifete Jahjaga je do\u010dekala jednu delegaciju Komisije za Inostranu Politiku Parlamenta Albanije - Predsednik Republike Kosovo - DR. VJOSA OSMANI - SADRIU -","og_url":"https:\/\/president-ksgov.net\/presidentja-atifete-jahjaga-priti-nje-delegacion-nga-komisioni-per-politike-te-jashtme-i-parlamentit-te-shqiperise\/","og_site_name":"Predsednik Republike Kosovo - DR. VJOSA OSMANI - SADRIU","article_published_time":"2014-04-14T11:59:08+00:00","og_image":[{"width":1024,"height":683,"url":"https:\/\/president-ksgov.net\/wp-content\/uploads\/14_04_2014_1280380_14_04_2014_Takim_me_1_.jpg","type":"image\/jpeg"}],"author":"admin","twitter_card":"summary_large_image","twitter_misc":{"\u041d\u0430\u043f\u0438\u0441\u0430\u043d\u043e \u043e\u0434":"admin","\u041f\u0440\u043e\u0446\u0435\u045a\u0435\u043d\u043e \u0432\u0440\u0435\u043c\u0435 \u0447\u0438\u0442\u0430\u045a\u0430":"1 \u043c\u0438\u043d\u0443\u0442"},"schema":{"@context":"https:\/\/schema.org","@graph":[{"@type":"WebPage","@id":"https:\/\/president-ksgov.net\/presidentja-atifete-jahjaga-priti-nje-delegacion-nga-komisioni-per-politike-te-jashtme-i-parlamentit-te-shqiperise\/","url":"https:\/\/president-ksgov.net\/presidentja-atifete-jahjaga-priti-nje-delegacion-nga-komisioni-per-politike-te-jashtme-i-parlamentit-te-shqiperise\/","name":"Predsednica Atifete Jahjaga je do\u010dekala jednu delegaciju Komisije za Inostranu Politiku Parlamenta Albanije - Predsednik Republike Kosovo - DR. VJOSA OSMANI - SADRIU","isPartOf":{"@id":"https:\/\/president-ksgov.net\/#website"},"primaryImageOfPage":{"@id":"https:\/\/president-ksgov.net\/presidentja-atifete-jahjaga-priti-nje-delegacion-nga-komisioni-per-politike-te-jashtme-i-parlamentit-te-shqiperise\/#primaryimage"},"image":{"@id":"https:\/\/president-ksgov.net\/presidentja-atifete-jahjaga-priti-nje-delegacion-nga-komisioni-per-politike-te-jashtme-i-parlamentit-te-shqiperise\/#primaryimage"},"thumbnailUrl":"https:\/\/president-ksgov.net\/wp-content\/uploads\/14_04_2014_1280380_14_04_2014_Takim_me_1_.jpg","datePublished":"2014-04-14T11:59:08+00:00","dateModified":"2014-04-14T11:59:08+00:00","author":{"@id":"https:\/\/president-ksgov.net\/#\/schema\/person\/bb4337a5fb147cb2046d80548172cbee"},"description":"Predsednica Atifete Jahjaga je do\u010dekala jednu delegaciju Komisije za Inostranu Politiku Parlamenta Albanije - Predsednik Republike Kosovo - DR. VJOSA OSMANI - SADRIU -","breadcrumb":{"@id":"https:\/\/president-ksgov.net\/presidentja-atifete-jahjaga-priti-nje-delegacion-nga-komisioni-per-politike-te-jashtme-i-parlamentit-te-shqiperise\/#breadcrumb"},"inLanguage":"sr-RS","potentialAction":[{"@type":"ReadAction","target":["https:\/\/president-ksgov.net\/presidentja-atifete-jahjaga-priti-nje-delegacion-nga-komisioni-per-politike-te-jashtme-i-parlamentit-te-shqiperise\/"]}]},{"@type":"ImageObject","inLanguage":"sr-RS","@id":"https:\/\/president-ksgov.net\/presidentja-atifete-jahjaga-priti-nje-delegacion-nga-komisioni-per-politike-te-jashtme-i-parlamentit-te-shqiperise\/#primaryimage","url":"https:\/\/president-ksgov.net\/wp-content\/uploads\/14_04_2014_1280380_14_04_2014_Takim_me_1_.jpg","contentUrl":"https:\/\/president-ksgov.net\/wp-content\/uploads\/14_04_2014_1280380_14_04_2014_Takim_me_1_.jpg","width":1024,"height":683},{"@type":"BreadcrumbList","@id":"https:\/\/president-ksgov.net\/presidentja-atifete-jahjaga-priti-nje-delegacion-nga-komisioni-per-politike-te-jashtme-i-parlamentit-te-shqiperise\/#breadcrumb","itemListElement":[{"@type":"ListItem","position":1,"name":"Home","item":"https:\/\/president-ksgov.net\/sr\/"},{"@type":"ListItem","position":2,"name":"Predsednica Atifete Jahjaga je do\u010dekala jednu delegaciju Komisije za Inostranu Politiku Parlamenta Albanije"}]},{"@type":"WebSite","@id":"https:\/\/president-ksgov.net\/#website","url":"https:\/\/president-ksgov.net\/","name":"Presidente e Republik\u00ebs s\u00eb Kosov\u00ebs","description":"Presidente e Republik\u00ebs s\u00eb Kosov\u00ebs","alternateName":"DR. VJOSA OSMANI - SADRIU","potentialAction":[{"@type":"SearchAction","target":{"@type":"EntryPoint","urlTemplate":"https:\/\/president-ksgov.net\/?s={search_term_string}"},"query-input":{"@type":"PropertyValueSpecification","valueRequired":true,"valueName":"search_term_string"}}],"inLanguage":"sr-RS"},{"@type":"Person","@id":"https:\/\/president-ksgov.net\/#\/schema\/person\/bb4337a5fb147cb2046d80548172cbee","name":"admin","image":{"@type":"ImageObject","inLanguage":"sr-RS","@id":"https:\/\/president-ksgov.net\/#\/schema\/person\/image\/","url":"https:\/\/secure.gravatar.com\/avatar\/36156ca0fa3b8d9d25174f146e16beea0cf28f37adf1b9e19b6c9c279a7c9dd3?s=96&d=mm&r=g","contentUrl":"https:\/\/secure.gravatar.com\/avatar\/36156ca0fa3b8d9d25174f146e16beea0cf28f37adf1b9e19b6c9c279a7c9dd3?s=96&d=mm&r=g","caption":"admin"},"sameAs":["https:\/\/president-ksgov.net"]}]}},"_links":{"self":[{"href":"https:\/\/president-ksgov.net\/sr\/wp-json\/wp\/v2\/posts\/77952","targetHints":{"allow":["GET"]}}],"collection":[{"href":"https:\/\/president-ksgov.net\/sr\/wp-json\/wp\/v2\/posts"}],"about":[{"href":"https:\/\/president-ksgov.net\/sr\/wp-json\/wp\/v2\/types\/post"}],"author":[{"embeddable":true,"href":"https:\/\/president-ksgov.net\/sr\/wp-json\/wp\/v2\/users\/1"}],"replies":[{"embeddable":true,"href":"https:\/\/president-ksgov.net\/sr\/wp-json\/wp\/v2\/comments?post=77952"}],"version-history":[{"count":0,"href":"https:\/\/president-ksgov.net\/sr\/wp-json\/wp\/v2\/posts\/77952\/revisions"}],"wp:featuredmedia":[{"embeddable":true,"href":"https:\/\/president-ksgov.net\/sr\/wp-json\/wp\/v2\/media\/45949"}],"wp:attachment":[{"href":"https:\/\/president-ksgov.net\/sr\/wp-json\/wp\/v2\/media?parent=77952"}],"wp:term":[{"taxonomy":"category","embeddable":true,"href":"https:\/\/president-ksgov.net\/sr\/wp-json\/wp\/v2\/categories?post=77952"},{"taxonomy":"post_tag","embeddable":true,"href":"https:\/\/president-ksgov.net\/sr\/wp-json\/wp\/v2\/tags?post=77952"}],"curies":[{"name":"wp","href":"https:\/\/api.w.org\/{rel}","templated":true}]}}