{"id":77951,"date":"2014-04-16T13:04:07","date_gmt":"2014-04-16T13:04:07","guid":{"rendered":"https:\/\/dev.president-ksgov.net\/govor-predsednice-atifete-jahjaga-na-ceremoniji-obeleavanja-15-godinjice-osnivanja-misije-usaid-a-u-kosovo-2\/"},"modified":"2014-04-16T13:04:07","modified_gmt":"2014-04-16T13:04:07","slug":"govor-predsednice-atifete-jahjaga-na-ceremoniji-obeleavanja-15-godinjice-osnivanja-misije-usaid-a-u-kosovo-2","status":"publish","type":"post","link":"https:\/\/president-ksgov.net\/sr\/govor-predsednice-atifete-jahjaga-na-ceremoniji-obeleavanja-15-godinjice-osnivanja-misije-usaid-a-u-kosovo-2\/","title":{"rendered":"Govor Predsednice Atifete Jahjaga na ceremoniji obele&#158;avanja 15-godi&#154;njice osnivanja Misije USAID-a u Kosovo"},"content":{"rendered":"<p>Za mene je posebno zadovoljstvo govoriti u mom gradu \u0110akovici, gradu koji je dao prvu &#382;enu Predsednicu dr&#382;ave, i prvu &#382;enu predsednicu op&#353;tine \u0110akovica.<\/p>\n<p>Imam \u010dast da vam se obratim prilikom obele&#382;avanja petnaest godi&#353;njice osnivanja misije USAID-a na Kosovu, godi&#353;njica ova koja ima posebnu va&#382;nost za sve gra\u0111ane moje zemlje.<\/p>\n<p>Petnaest godina ranije, je okon\u010dan jedan od najkrvavijih ratova koje je videla Evropa 20-veka ostavljaju\u0107i za sobom razaranja, patnje i gubitke.<\/p>\n<p>Bilo je to petnaest godine ranije, kada se duga\u010dak red stotine hiljada izbeglica se vratio u Kosovo, svojim ku\u0107ama da bi iste na&#353;li potpuno razorene, ali s nadom i posvetom za otvaranje novog poglavlja mira koji bi garantovao jednu bolju budu\u0107nost, bezbedniju ne samo za njih, za gra\u0111ane Kosova, nego za ceo Region.<\/p>\n<p>U prvim koracima koje smo u\u010dinili kao dru&#353;tvo za obnovu na&#353;e zemlje, danas jedne suverene i nezavisne dr&#382;ave, uz nas su stali na&#353;i me\u0111unarodni prijatelji, koji sa njihovim nepo&#353;tednim anga&#382;ovanjem i pomo\u0107i doprineli su da prevazi\u0111emo te&#382;ak posleratni period, obnove i uspostavljanja osnova za jednu demokratsku dr&#382;avu koja po&#353;tuje i garantuje prava svima.<\/p>\n<p>Godine 1961, kada je Predsednik John Kennedy osnovao misiju USAID-a, on je govorio o obavezi koju imamo jedan prema drugome u me\u0111usobno zavisnoj zajednici slobodnih naroda, za va&#382;nost pru&#382;anja pomo\u0107i prema ostalim narodima koji se trude za jedan bolji &#382;ivot, da bi slobodno &#382;iveli u demokratskim zemljama.<\/p>\n<p>Bili su upravo ovi ideali koje je unosila misija USAID-a u Kosovo, pru&#382;aju\u0107i ruku pomo\u0107i ameri\u010dkog naroda gra\u0111anima Kosova, izme\u0111u kojih je izgra\u0111ena jedna sna&#382;na i ve\u010dna prijateljska veza.<\/p>\n<p>USAID je godinama bio i nastavlja biti jedan prijatelj gra\u0111ana Kosova, partner njenih institucija, privatnog sektora i civilnog dru&#353;tva, predvo\u0111en ciljem pru&#382;anja podr&#353;ke za uspostavljanje bezbednih osnova jedne dr&#382;ave koja pru&#382;a i garantuje razvoj, blagostanje i bezbednost.<\/p>\n<p>Putem vi&#353;e programa, USAID je odgovorio na svakom koraku potrebama na&#353;eg dru&#353;tva, stajanjem uz nas u svakoj fazi na&#353;e dr&#382;avotvornosti, konsolidacije na&#353;e demokratije, izgradnje jednog slobodnog tr&#382;i&#353;ta i pru&#382;anja mogu\u0107nosti za svakoga nezavisno od etni\u010dke ili rodne pripadnosti.<\/p>\n<p>Pro&#353;li smo duga\u010dak put zajedno radi obnove posleratnog Kosova i da je pretvorimo u jednu zemlju koja promovira\u00a0 mir i stabilnost i koja pru&#382;a mogu\u0107nost za dostojan &#382;ivot za sve njene gra\u0111ane.<\/p>\n<p>Ube\u0111ena sam da \u0107e biti nastavljena podr&#353;ka naroda Amerike u na&#353;em putu ka konsolidaciji na&#353;e dr&#382;avnosti, ja\u010danju demokratskih institucija, ja\u010danju civilnog dru&#353;tva, po&#353;tovanju prava svih gra\u0111ana bez razlike, obele&#382;avaju\u0107i vi&#353;e godi&#353;njica na&#353;eg ve\u010dnog prijateljstva.<\/p>\n<p>&#381;elim da izrazim zahvalnost i priznanje naroda Kosova za ovu stalnu podr&#353;ku koja odra&#382;ava plemenitost i nevi\u0111eno prijateljstvo naroda Amerike da budu uz nas, kao &#353;to \u010dini jedan istinit prijatelj u te&#353;ka vremena.<\/p>\n<p>Ponosni smo za na&#353;e ve\u010dno prijateljstvo sa na&#353;im prijateljem i saveznikom Sjedinjenim Ameri\u010dkim Dr&#382;avama i narodom Amerike.<\/p>\n<p>&#381;elim ceniti i pohvaliti ulogu i posve\u0107enje osoblja USAID-a u Kosovo i svugde u svetu koji pru&#382;aju nepo&#353;tednu pomo\u0107 za sve narode u oskudici.<\/p>\n<p>Dragi sugra\u0111ani,<br \/>\nPo&#353;tovani prisutni,<\/p>\n<p>Posebno &#382;elim isticati doprinos direktorice g\u0111e. Maureen Shauket, moje prijateljice kod koje su, institucije Kosova i celo dru&#353;tvo, na&#353;le prisnu saradnicu i poverljivog partnera za razvoj demokratije i ja\u010danje institucija dr&#382;ave Kosovo. <\/p>\n<p>Prisna saradnja sa misijom USAID-a nastavlja biti va&#382;na za ekonomsko ja\u010danje zemlje, za otvaranje novih radnih mesta, za ja\u010danje privatnog sektora, za ja\u010danje pravne dr&#382;ave i vladanja reda i zakona, za ja\u010danje uloge &#382;ene i izgradnje jednog sveobuhvatnog dru&#353;tva gde se svakom gra\u0111aninu pru&#382;aju mogu\u0107nosti za dostojanstven &#382;ivot.<\/p>\n<p>Zahvaljujem vam na va&#353;em neumornom radu i va&#353;em nepokolebljivom posve\u0107enju da nas podr&#382;ite u izgradnji jednog dru&#353;tva koja pru&#382;a jednu bogatu budu\u0107nost za naredne generacije.<\/p>\n<p>Hvala Vam!\u00a0<\/p>\n","protected":false},"excerpt":{"rendered":"<p>Za mene je posebno zadovoljstvo govoriti u mom gradu \u0110akovici, gradu koji je dao prvu &#382;enu Predsednicu dr&#382;ave, i prvu &#382;enu predsednicu op&#353;tine \u0110akovica.<\/p>\n","protected":false},"author":1,"featured_media":45915,"comment_status":"open","ping_status":"closed","sticky":false,"template":"","format":"standard","meta":{"_eb_attr":"","footnotes":""},"categories":[101],"tags":[],"class_list":["post-77951","post","type-post","status-publish","format-standard","has-post-thumbnail","hentry","category-vesti"],"yoast_head":"<!-- This site is optimized with the Yoast SEO plugin v23.5 - https:\/\/yoast.com\/wordpress\/plugins\/seo\/ -->\n<title>Govor Predsednice Atifete Jahjaga na ceremoniji obele&#158;avanja 15-godi&#154;njice osnivanja Misije USAID-a u Kosovo - Predsednik Republike Kosovo - DR. VJOSA OSMANI - SADRIU<\/title>\n<meta name=\"description\" content=\"Govor Predsednice Atifete Jahjaga na ceremoniji obele&#158;avanja 15-godi&#154;njice osnivanja Misije USAID-a u Kosovo - Predsednik Republike Kosovo - DR. VJOSA OSMANI - SADRIU -\" \/>\n<meta name=\"robots\" content=\"index, follow, max-snippet:-1, max-image-preview:large, max-video-preview:-1\" \/>\n<link rel=\"canonical\" href=\"https:\/\/president-ksgov.net\/fjala-e-presidentes-atifete-jahjaga-ne-ceremonine-e-shenimit-te-15-vjetorit-te-themelimit-te-misionit-te-usaid-ne-kosove-2\/\" \/>\n<meta property=\"og:locale\" content=\"sr_RS\" \/>\n<meta property=\"og:type\" content=\"article\" \/>\n<meta property=\"og:title\" content=\"Govor Predsednice Atifete Jahjaga na ceremoniji obele&#158;avanja 15-godi&#154;njice osnivanja Misije USAID-a u Kosovo - Predsednik Republike Kosovo - DR. VJOSA OSMANI - SADRIU\" \/>\n<meta property=\"og:description\" content=\"Govor Predsednice Atifete Jahjaga na ceremoniji obele&#158;avanja 15-godi&#154;njice osnivanja Misije USAID-a u Kosovo - Predsednik Republike Kosovo - DR. VJOSA OSMANI - SADRIU -\" \/>\n<meta property=\"og:url\" content=\"https:\/\/president-ksgov.net\/fjala-e-presidentes-atifete-jahjaga-ne-ceremonine-e-shenimit-te-15-vjetorit-te-themelimit-te-misionit-te-usaid-ne-kosove-2\/\" \/>\n<meta property=\"og:site_name\" content=\"Predsednik Republike Kosovo - DR. VJOSA OSMANI - SADRIU\" \/>\n<meta property=\"article:published_time\" content=\"2014-04-16T13:04:07+00:00\" \/>\n<meta property=\"og:image\" content=\"https:\/\/president-ksgov.net\/wp-content\/uploads\/16_04_2014_4389124_1_16042014.jpg\" \/>\n\t<meta property=\"og:image:width\" content=\"1000\" \/>\n\t<meta property=\"og:image:height\" content=\"667\" \/>\n\t<meta property=\"og:image:type\" content=\"image\/jpeg\" \/>\n<meta name=\"author\" content=\"admin\" \/>\n<meta name=\"twitter:card\" content=\"summary_large_image\" \/>\n<meta name=\"twitter:label1\" content=\"\u041d\u0430\u043f\u0438\u0441\u0430\u043d\u043e \u043e\u0434\" \/>\n\t<meta name=\"twitter:data1\" content=\"admin\" \/>\n\t<meta name=\"twitter:label2\" content=\"\u041f\u0440\u043e\u0446\u0435\u045a\u0435\u043d\u043e \u0432\u0440\u0435\u043c\u0435 \u0447\u0438\u0442\u0430\u045a\u0430\" \/>\n\t<meta name=\"twitter:data2\" content=\"3 \u043c\u0438\u043d\u0443\u0442\u0430\" \/>\n<script type=\"application\/ld+json\" class=\"yoast-schema-graph\">{\"@context\":\"https:\/\/schema.org\",\"@graph\":[{\"@type\":\"WebPage\",\"@id\":\"https:\/\/president-ksgov.net\/fjala-e-presidentes-atifete-jahjaga-ne-ceremonine-e-shenimit-te-15-vjetorit-te-themelimit-te-misionit-te-usaid-ne-kosove-2\/\",\"url\":\"https:\/\/president-ksgov.net\/fjala-e-presidentes-atifete-jahjaga-ne-ceremonine-e-shenimit-te-15-vjetorit-te-themelimit-te-misionit-te-usaid-ne-kosove-2\/\",\"name\":\"Govor Predsednice Atifete Jahjaga na ceremoniji obele&#158;avanja 15-godi&#154;njice osnivanja Misije USAID-a u Kosovo - Predsednik Republike Kosovo - DR. VJOSA OSMANI - SADRIU\",\"isPartOf\":{\"@id\":\"https:\/\/president-ksgov.net\/#website\"},\"primaryImageOfPage\":{\"@id\":\"https:\/\/president-ksgov.net\/fjala-e-presidentes-atifete-jahjaga-ne-ceremonine-e-shenimit-te-15-vjetorit-te-themelimit-te-misionit-te-usaid-ne-kosove-2\/#primaryimage\"},\"image\":{\"@id\":\"https:\/\/president-ksgov.net\/fjala-e-presidentes-atifete-jahjaga-ne-ceremonine-e-shenimit-te-15-vjetorit-te-themelimit-te-misionit-te-usaid-ne-kosove-2\/#primaryimage\"},\"thumbnailUrl\":\"https:\/\/president-ksgov.net\/wp-content\/uploads\/16_04_2014_4389124_1_16042014.jpg\",\"datePublished\":\"2014-04-16T13:04:07+00:00\",\"dateModified\":\"2014-04-16T13:04:07+00:00\",\"author\":{\"@id\":\"https:\/\/president-ksgov.net\/#\/schema\/person\/bb4337a5fb147cb2046d80548172cbee\"},\"description\":\"Govor Predsednice Atifete Jahjaga na ceremoniji obele&#158;avanja 15-godi&#154;njice osnivanja Misije USAID-a u Kosovo - Predsednik Republike Kosovo - DR. VJOSA OSMANI - SADRIU -\",\"breadcrumb\":{\"@id\":\"https:\/\/president-ksgov.net\/fjala-e-presidentes-atifete-jahjaga-ne-ceremonine-e-shenimit-te-15-vjetorit-te-themelimit-te-misionit-te-usaid-ne-kosove-2\/#breadcrumb\"},\"inLanguage\":\"sr-RS\",\"potentialAction\":[{\"@type\":\"ReadAction\",\"target\":[\"https:\/\/president-ksgov.net\/fjala-e-presidentes-atifete-jahjaga-ne-ceremonine-e-shenimit-te-15-vjetorit-te-themelimit-te-misionit-te-usaid-ne-kosove-2\/\"]}]},{\"@type\":\"ImageObject\",\"inLanguage\":\"sr-RS\",\"@id\":\"https:\/\/president-ksgov.net\/fjala-e-presidentes-atifete-jahjaga-ne-ceremonine-e-shenimit-te-15-vjetorit-te-themelimit-te-misionit-te-usaid-ne-kosove-2\/#primaryimage\",\"url\":\"https:\/\/president-ksgov.net\/wp-content\/uploads\/16_04_2014_4389124_1_16042014.jpg\",\"contentUrl\":\"https:\/\/president-ksgov.net\/wp-content\/uploads\/16_04_2014_4389124_1_16042014.jpg\",\"width\":1000,\"height\":667},{\"@type\":\"BreadcrumbList\",\"@id\":\"https:\/\/president-ksgov.net\/fjala-e-presidentes-atifete-jahjaga-ne-ceremonine-e-shenimit-te-15-vjetorit-te-themelimit-te-misionit-te-usaid-ne-kosove-2\/#breadcrumb\",\"itemListElement\":[{\"@type\":\"ListItem\",\"position\":1,\"name\":\"Home\",\"item\":\"https:\/\/president-ksgov.net\/sr\/\"},{\"@type\":\"ListItem\",\"position\":2,\"name\":\"Govor Predsednice Atifete Jahjaga na ceremoniji obele&#158;avanja 15-godi&#154;njice osnivanja Misije USAID-a u Kosovo\"}]},{\"@type\":\"WebSite\",\"@id\":\"https:\/\/president-ksgov.net\/#website\",\"url\":\"https:\/\/president-ksgov.net\/\",\"name\":\"Presidente e Republik\u00ebs s\u00eb Kosov\u00ebs\",\"description\":\"Presidente e Republik\u00ebs s\u00eb Kosov\u00ebs\",\"alternateName\":\"DR. VJOSA OSMANI - SADRIU\",\"potentialAction\":[{\"@type\":\"SearchAction\",\"target\":{\"@type\":\"EntryPoint\",\"urlTemplate\":\"https:\/\/president-ksgov.net\/?s={search_term_string}\"},\"query-input\":{\"@type\":\"PropertyValueSpecification\",\"valueRequired\":true,\"valueName\":\"search_term_string\"}}],\"inLanguage\":\"sr-RS\"},{\"@type\":\"Person\",\"@id\":\"https:\/\/president-ksgov.net\/#\/schema\/person\/bb4337a5fb147cb2046d80548172cbee\",\"name\":\"admin\",\"image\":{\"@type\":\"ImageObject\",\"inLanguage\":\"sr-RS\",\"@id\":\"https:\/\/president-ksgov.net\/#\/schema\/person\/image\/\",\"url\":\"https:\/\/secure.gravatar.com\/avatar\/36156ca0fa3b8d9d25174f146e16beea0cf28f37adf1b9e19b6c9c279a7c9dd3?s=96&d=mm&r=g\",\"contentUrl\":\"https:\/\/secure.gravatar.com\/avatar\/36156ca0fa3b8d9d25174f146e16beea0cf28f37adf1b9e19b6c9c279a7c9dd3?s=96&d=mm&r=g\",\"caption\":\"admin\"},\"sameAs\":[\"https:\/\/president-ksgov.net\"]}]}<\/script>\n<!-- \/ Yoast SEO plugin. -->","yoast_head_json":{"title":"Govor Predsednice Atifete Jahjaga na ceremoniji obele&#158;avanja 15-godi&#154;njice osnivanja Misije USAID-a u Kosovo - Predsednik Republike Kosovo - DR. VJOSA OSMANI - SADRIU","description":"Govor Predsednice Atifete Jahjaga na ceremoniji obele&#158;avanja 15-godi&#154;njice osnivanja Misije USAID-a u Kosovo - Predsednik Republike Kosovo - DR. VJOSA OSMANI - SADRIU -","robots":{"index":"index","follow":"follow","max-snippet":"max-snippet:-1","max-image-preview":"max-image-preview:large","max-video-preview":"max-video-preview:-1"},"canonical":"https:\/\/president-ksgov.net\/fjala-e-presidentes-atifete-jahjaga-ne-ceremonine-e-shenimit-te-15-vjetorit-te-themelimit-te-misionit-te-usaid-ne-kosove-2\/","og_locale":"sr_RS","og_type":"article","og_title":"Govor Predsednice Atifete Jahjaga na ceremoniji obele&#158;avanja 15-godi&#154;njice osnivanja Misije USAID-a u Kosovo - Predsednik Republike Kosovo - DR. VJOSA OSMANI - SADRIU","og_description":"Govor Predsednice Atifete Jahjaga na ceremoniji obele&#158;avanja 15-godi&#154;njice osnivanja Misije USAID-a u Kosovo - Predsednik Republike Kosovo - DR. VJOSA OSMANI - SADRIU -","og_url":"https:\/\/president-ksgov.net\/fjala-e-presidentes-atifete-jahjaga-ne-ceremonine-e-shenimit-te-15-vjetorit-te-themelimit-te-misionit-te-usaid-ne-kosove-2\/","og_site_name":"Predsednik Republike Kosovo - DR. VJOSA OSMANI - SADRIU","article_published_time":"2014-04-16T13:04:07+00:00","og_image":[{"width":1000,"height":667,"url":"https:\/\/president-ksgov.net\/wp-content\/uploads\/16_04_2014_4389124_1_16042014.jpg","type":"image\/jpeg"}],"author":"admin","twitter_card":"summary_large_image","twitter_misc":{"\u041d\u0430\u043f\u0438\u0441\u0430\u043d\u043e \u043e\u0434":"admin","\u041f\u0440\u043e\u0446\u0435\u045a\u0435\u043d\u043e \u0432\u0440\u0435\u043c\u0435 \u0447\u0438\u0442\u0430\u045a\u0430":"3 \u043c\u0438\u043d\u0443\u0442\u0430"},"schema":{"@context":"https:\/\/schema.org","@graph":[{"@type":"WebPage","@id":"https:\/\/president-ksgov.net\/fjala-e-presidentes-atifete-jahjaga-ne-ceremonine-e-shenimit-te-15-vjetorit-te-themelimit-te-misionit-te-usaid-ne-kosove-2\/","url":"https:\/\/president-ksgov.net\/fjala-e-presidentes-atifete-jahjaga-ne-ceremonine-e-shenimit-te-15-vjetorit-te-themelimit-te-misionit-te-usaid-ne-kosove-2\/","name":"Govor Predsednice Atifete Jahjaga na ceremoniji obele&#158;avanja 15-godi&#154;njice osnivanja Misije USAID-a u Kosovo - Predsednik Republike Kosovo - DR. VJOSA OSMANI - SADRIU","isPartOf":{"@id":"https:\/\/president-ksgov.net\/#website"},"primaryImageOfPage":{"@id":"https:\/\/president-ksgov.net\/fjala-e-presidentes-atifete-jahjaga-ne-ceremonine-e-shenimit-te-15-vjetorit-te-themelimit-te-misionit-te-usaid-ne-kosove-2\/#primaryimage"},"image":{"@id":"https:\/\/president-ksgov.net\/fjala-e-presidentes-atifete-jahjaga-ne-ceremonine-e-shenimit-te-15-vjetorit-te-themelimit-te-misionit-te-usaid-ne-kosove-2\/#primaryimage"},"thumbnailUrl":"https:\/\/president-ksgov.net\/wp-content\/uploads\/16_04_2014_4389124_1_16042014.jpg","datePublished":"2014-04-16T13:04:07+00:00","dateModified":"2014-04-16T13:04:07+00:00","author":{"@id":"https:\/\/president-ksgov.net\/#\/schema\/person\/bb4337a5fb147cb2046d80548172cbee"},"description":"Govor Predsednice Atifete Jahjaga na ceremoniji obele&#158;avanja 15-godi&#154;njice osnivanja Misije USAID-a u Kosovo - Predsednik Republike Kosovo - DR. VJOSA OSMANI - SADRIU -","breadcrumb":{"@id":"https:\/\/president-ksgov.net\/fjala-e-presidentes-atifete-jahjaga-ne-ceremonine-e-shenimit-te-15-vjetorit-te-themelimit-te-misionit-te-usaid-ne-kosove-2\/#breadcrumb"},"inLanguage":"sr-RS","potentialAction":[{"@type":"ReadAction","target":["https:\/\/president-ksgov.net\/fjala-e-presidentes-atifete-jahjaga-ne-ceremonine-e-shenimit-te-15-vjetorit-te-themelimit-te-misionit-te-usaid-ne-kosove-2\/"]}]},{"@type":"ImageObject","inLanguage":"sr-RS","@id":"https:\/\/president-ksgov.net\/fjala-e-presidentes-atifete-jahjaga-ne-ceremonine-e-shenimit-te-15-vjetorit-te-themelimit-te-misionit-te-usaid-ne-kosove-2\/#primaryimage","url":"https:\/\/president-ksgov.net\/wp-content\/uploads\/16_04_2014_4389124_1_16042014.jpg","contentUrl":"https:\/\/president-ksgov.net\/wp-content\/uploads\/16_04_2014_4389124_1_16042014.jpg","width":1000,"height":667},{"@type":"BreadcrumbList","@id":"https:\/\/president-ksgov.net\/fjala-e-presidentes-atifete-jahjaga-ne-ceremonine-e-shenimit-te-15-vjetorit-te-themelimit-te-misionit-te-usaid-ne-kosove-2\/#breadcrumb","itemListElement":[{"@type":"ListItem","position":1,"name":"Home","item":"https:\/\/president-ksgov.net\/sr\/"},{"@type":"ListItem","position":2,"name":"Govor Predsednice Atifete Jahjaga na ceremoniji obele&#158;avanja 15-godi&#154;njice osnivanja Misije USAID-a u Kosovo"}]},{"@type":"WebSite","@id":"https:\/\/president-ksgov.net\/#website","url":"https:\/\/president-ksgov.net\/","name":"Presidente e Republik\u00ebs s\u00eb Kosov\u00ebs","description":"Presidente e Republik\u00ebs s\u00eb Kosov\u00ebs","alternateName":"DR. VJOSA OSMANI - SADRIU","potentialAction":[{"@type":"SearchAction","target":{"@type":"EntryPoint","urlTemplate":"https:\/\/president-ksgov.net\/?s={search_term_string}"},"query-input":{"@type":"PropertyValueSpecification","valueRequired":true,"valueName":"search_term_string"}}],"inLanguage":"sr-RS"},{"@type":"Person","@id":"https:\/\/president-ksgov.net\/#\/schema\/person\/bb4337a5fb147cb2046d80548172cbee","name":"admin","image":{"@type":"ImageObject","inLanguage":"sr-RS","@id":"https:\/\/president-ksgov.net\/#\/schema\/person\/image\/","url":"https:\/\/secure.gravatar.com\/avatar\/36156ca0fa3b8d9d25174f146e16beea0cf28f37adf1b9e19b6c9c279a7c9dd3?s=96&d=mm&r=g","contentUrl":"https:\/\/secure.gravatar.com\/avatar\/36156ca0fa3b8d9d25174f146e16beea0cf28f37adf1b9e19b6c9c279a7c9dd3?s=96&d=mm&r=g","caption":"admin"},"sameAs":["https:\/\/president-ksgov.net"]}]}},"_links":{"self":[{"href":"https:\/\/president-ksgov.net\/sr\/wp-json\/wp\/v2\/posts\/77951","targetHints":{"allow":["GET"]}}],"collection":[{"href":"https:\/\/president-ksgov.net\/sr\/wp-json\/wp\/v2\/posts"}],"about":[{"href":"https:\/\/president-ksgov.net\/sr\/wp-json\/wp\/v2\/types\/post"}],"author":[{"embeddable":true,"href":"https:\/\/president-ksgov.net\/sr\/wp-json\/wp\/v2\/users\/1"}],"replies":[{"embeddable":true,"href":"https:\/\/president-ksgov.net\/sr\/wp-json\/wp\/v2\/comments?post=77951"}],"version-history":[{"count":0,"href":"https:\/\/president-ksgov.net\/sr\/wp-json\/wp\/v2\/posts\/77951\/revisions"}],"wp:featuredmedia":[{"embeddable":true,"href":"https:\/\/president-ksgov.net\/sr\/wp-json\/wp\/v2\/media\/45915"}],"wp:attachment":[{"href":"https:\/\/president-ksgov.net\/sr\/wp-json\/wp\/v2\/media?parent=77951"}],"wp:term":[{"taxonomy":"category","embeddable":true,"href":"https:\/\/president-ksgov.net\/sr\/wp-json\/wp\/v2\/categories?post=77951"},{"taxonomy":"post_tag","embeddable":true,"href":"https:\/\/president-ksgov.net\/sr\/wp-json\/wp\/v2\/tags?post=77951"}],"curies":[{"name":"wp","href":"https:\/\/api.w.org\/{rel}","templated":true}]}}