{"id":77947,"date":"2014-04-19T12:32:46","date_gmt":"2014-04-19T12:32:46","guid":{"rendered":"https:\/\/dev.president-ksgov.net\/cestitka-predsednice-jahjaga-povodom-praznika-uskrsa\/"},"modified":"2014-04-19T12:32:46","modified_gmt":"2014-04-19T12:32:46","slug":"cestitka-predsednice-jahjaga-povodom-praznika-uskrsa","status":"publish","type":"post","link":"https:\/\/president-ksgov.net\/sr\/cestitka-predsednice-jahjaga-povodom-praznika-uskrsa\/","title":{"rendered":"\u010cestitka Predsednice Jahjaga povodom Praznika Uskrsa"},"content":{"rendered":"<p>Predsednica  Republike Kosovo, gospo\u0111a Atifete Jahjaga je uputila \u010destitke svim kr&#353;\u0107anskim vernicima za Uskr&#353;nji Praznik.<\/p>\n<p>U \u010destiki se ka&#382;e:<br \/>\n\u00a0<br \/>\nPo&#353;tovani vernici i verski rukovodioci.<\/p>\n<p>Povodom\u00a0 praznika katoli\u010dke\u00a0 zajednice,\u00a0 pravoslavne zajednice i protestantske zajednice, upu\u0107ujem vam moje najsrda\u010dnije \u010destitke. <\/p>\n<p>\u010cestitam da za ovaj praznik, ovog velikog\u00a0 dana vaskrsnu\u0107a &#382;ivota i dobrote, dana nade, ljubavi i razumevanja me\u0111u ljudima, budete me\u0111u va&#353;im najdra&#382;im ljudima, u slozi , radosti i blagostanju.<\/p>\n<p>Poklonimo se, ovog svetog dana, pred se\u0107anjem na sve one koji nisu vi&#353;e me\u0111u nama.<\/p>\n<p>Pove\u0107ajmo po&#353;tovanje i ljubav prema svim ljudima oko nas, da bismo u&#382;ivali dana&#353;njicu i da bismo zajedni\u010dki izgradili, uz pomo\u0107 i na&#353;ih me\u0111unarodnih prijatelja,\u00a0 na&#353;u bolju i porsperiteniju budu\u0107nost.<\/p>\n<p>Isto tako, ovoga dana, neka izlazimo u susret i pomognemo svima onima koji imaju potrebe za na&#353;u pru&#382;enu ruku, za na&#353;e po&#353;tovanje i institucionalnu brigu prema svakom gra\u0111aninu na&#353;e zemlje.<\/p>\n<p>Jednu posebnu \u010destitku upu\u0107ujem predstavnicima diplomatskih misija, vojnicima KFOR-a i svim me\u0111unarodnim\u00a0 predstavnicima\u00a0 u na&#353;oj zemlji.<\/p>\n<p>Sretan vam Uskrs, za vi&#353;e godina!<\/p>\n","protected":false},"excerpt":{"rendered":"<p>Predsednica  Republike Kosovo, gospo\u0111a Atifete Jahjaga je uputila \u010destitke svim kr&#353;\u0107anskim vernicima za Uskr&#353;nji Praznik.<\/p>\n","protected":false},"author":1,"featured_media":86338,"comment_status":"open","ping_status":"closed","sticky":false,"template":"","format":"standard","meta":{"_eb_attr":"","footnotes":""},"categories":[101],"tags":[],"class_list":["post-77947","post","type-post","status-publish","format-standard","has-post-thumbnail","hentry","category-vesti"],"yoast_head":"<!-- This site is optimized with the Yoast SEO plugin v23.5 - https:\/\/yoast.com\/wordpress\/plugins\/seo\/ -->\n<title>\u010cestitka Predsednice Jahjaga povodom Praznika Uskrsa - Predsednik Republike Kosovo - DR. VJOSA OSMANI - SADRIU<\/title>\n<meta name=\"description\" content=\"\u010cestitka Predsednice Jahjaga povodom Praznika Uskrsa - Predsednik Republike Kosovo - DR. VJOSA OSMANI - SADRIU -\" \/>\n<meta name=\"robots\" content=\"index, follow, max-snippet:-1, max-image-preview:large, max-video-preview:-1\" \/>\n<link rel=\"canonical\" href=\"https:\/\/president-ksgov.net\/urimi-i-presidentes-jahjaga-me-rastin-e-festes-se-pashkeve-2\/\" \/>\n<meta property=\"og:locale\" content=\"sr_RS\" \/>\n<meta property=\"og:type\" content=\"article\" \/>\n<meta property=\"og:title\" content=\"\u010cestitka Predsednice Jahjaga povodom Praznika Uskrsa - Predsednik Republike Kosovo - DR. VJOSA OSMANI - SADRIU\" \/>\n<meta property=\"og:description\" content=\"\u010cestitka Predsednice Jahjaga povodom Praznika Uskrsa - Predsednik Republike Kosovo - DR. VJOSA OSMANI - SADRIU -\" \/>\n<meta property=\"og:url\" content=\"https:\/\/president-ksgov.net\/urimi-i-presidentes-jahjaga-me-rastin-e-festes-se-pashkeve-2\/\" \/>\n<meta property=\"og:site_name\" content=\"Predsednik Republike Kosovo - DR. VJOSA OSMANI - SADRIU\" \/>\n<meta property=\"article:published_time\" content=\"2014-04-19T12:32:46+00:00\" \/>\n<meta property=\"og:image\" content=\"https:\/\/president-ksgov.net\/wp-content\/uploads\/Zyra-e-Presidentes-Featured-Image1-e1678970937938.png\" \/>\n\t<meta property=\"og:image:width\" content=\"1024\" \/>\n\t<meta property=\"og:image:height\" content=\"716\" \/>\n\t<meta property=\"og:image:type\" content=\"image\/png\" \/>\n<meta name=\"author\" content=\"admin\" \/>\n<meta name=\"twitter:card\" content=\"summary_large_image\" \/>\n<meta name=\"twitter:label1\" content=\"\u041d\u0430\u043f\u0438\u0441\u0430\u043d\u043e \u043e\u0434\" \/>\n\t<meta name=\"twitter:data1\" content=\"admin\" \/>\n\t<meta name=\"twitter:label2\" content=\"\u041f\u0440\u043e\u0446\u0435\u045a\u0435\u043d\u043e \u0432\u0440\u0435\u043c\u0435 \u0447\u0438\u0442\u0430\u045a\u0430\" \/>\n\t<meta name=\"twitter:data2\" content=\"1 \u043c\u0438\u043d\u0443\u0442\" \/>\n<script type=\"application\/ld+json\" class=\"yoast-schema-graph\">{\"@context\":\"https:\/\/schema.org\",\"@graph\":[{\"@type\":\"WebPage\",\"@id\":\"https:\/\/president-ksgov.net\/urimi-i-presidentes-jahjaga-me-rastin-e-festes-se-pashkeve-2\/\",\"url\":\"https:\/\/president-ksgov.net\/urimi-i-presidentes-jahjaga-me-rastin-e-festes-se-pashkeve-2\/\",\"name\":\"\u010cestitka Predsednice Jahjaga povodom Praznika Uskrsa - Predsednik Republike Kosovo - DR. VJOSA OSMANI - SADRIU\",\"isPartOf\":{\"@id\":\"https:\/\/president-ksgov.net\/#website\"},\"primaryImageOfPage\":{\"@id\":\"https:\/\/president-ksgov.net\/urimi-i-presidentes-jahjaga-me-rastin-e-festes-se-pashkeve-2\/#primaryimage\"},\"image\":{\"@id\":\"https:\/\/president-ksgov.net\/urimi-i-presidentes-jahjaga-me-rastin-e-festes-se-pashkeve-2\/#primaryimage\"},\"thumbnailUrl\":\"https:\/\/president-ksgov.net\/wp-content\/uploads\/Zyra-e-Presidentes-Featured-Image1-e1678970937938.png\",\"datePublished\":\"2014-04-19T12:32:46+00:00\",\"dateModified\":\"2014-04-19T12:32:46+00:00\",\"author\":{\"@id\":\"https:\/\/president-ksgov.net\/#\/schema\/person\/bb4337a5fb147cb2046d80548172cbee\"},\"description\":\"\u010cestitka Predsednice Jahjaga povodom Praznika Uskrsa - Predsednik Republike Kosovo - DR. VJOSA OSMANI - SADRIU -\",\"breadcrumb\":{\"@id\":\"https:\/\/president-ksgov.net\/urimi-i-presidentes-jahjaga-me-rastin-e-festes-se-pashkeve-2\/#breadcrumb\"},\"inLanguage\":\"sr-RS\",\"potentialAction\":[{\"@type\":\"ReadAction\",\"target\":[\"https:\/\/president-ksgov.net\/urimi-i-presidentes-jahjaga-me-rastin-e-festes-se-pashkeve-2\/\"]}]},{\"@type\":\"ImageObject\",\"inLanguage\":\"sr-RS\",\"@id\":\"https:\/\/president-ksgov.net\/urimi-i-presidentes-jahjaga-me-rastin-e-festes-se-pashkeve-2\/#primaryimage\",\"url\":\"https:\/\/president-ksgov.net\/wp-content\/uploads\/Zyra-e-Presidentes-Featured-Image1-e1678970937938.png\",\"contentUrl\":\"https:\/\/president-ksgov.net\/wp-content\/uploads\/Zyra-e-Presidentes-Featured-Image1-e1678970937938.png\",\"width\":1024,\"height\":716},{\"@type\":\"BreadcrumbList\",\"@id\":\"https:\/\/president-ksgov.net\/urimi-i-presidentes-jahjaga-me-rastin-e-festes-se-pashkeve-2\/#breadcrumb\",\"itemListElement\":[{\"@type\":\"ListItem\",\"position\":1,\"name\":\"Home\",\"item\":\"https:\/\/president-ksgov.net\/sr\/\"},{\"@type\":\"ListItem\",\"position\":2,\"name\":\"\u010cestitka Predsednice Jahjaga povodom Praznika Uskrsa\"}]},{\"@type\":\"WebSite\",\"@id\":\"https:\/\/president-ksgov.net\/#website\",\"url\":\"https:\/\/president-ksgov.net\/\",\"name\":\"Presidente e Republik\u00ebs s\u00eb Kosov\u00ebs\",\"description\":\"Presidente e Republik\u00ebs s\u00eb Kosov\u00ebs\",\"alternateName\":\"DR. VJOSA OSMANI - SADRIU\",\"potentialAction\":[{\"@type\":\"SearchAction\",\"target\":{\"@type\":\"EntryPoint\",\"urlTemplate\":\"https:\/\/president-ksgov.net\/?s={search_term_string}\"},\"query-input\":{\"@type\":\"PropertyValueSpecification\",\"valueRequired\":true,\"valueName\":\"search_term_string\"}}],\"inLanguage\":\"sr-RS\"},{\"@type\":\"Person\",\"@id\":\"https:\/\/president-ksgov.net\/#\/schema\/person\/bb4337a5fb147cb2046d80548172cbee\",\"name\":\"admin\",\"image\":{\"@type\":\"ImageObject\",\"inLanguage\":\"sr-RS\",\"@id\":\"https:\/\/president-ksgov.net\/#\/schema\/person\/image\/\",\"url\":\"https:\/\/secure.gravatar.com\/avatar\/36156ca0fa3b8d9d25174f146e16beea0cf28f37adf1b9e19b6c9c279a7c9dd3?s=96&d=mm&r=g\",\"contentUrl\":\"https:\/\/secure.gravatar.com\/avatar\/36156ca0fa3b8d9d25174f146e16beea0cf28f37adf1b9e19b6c9c279a7c9dd3?s=96&d=mm&r=g\",\"caption\":\"admin\"},\"sameAs\":[\"https:\/\/president-ksgov.net\"]}]}<\/script>\n<!-- \/ Yoast SEO plugin. -->","yoast_head_json":{"title":"\u010cestitka Predsednice Jahjaga povodom Praznika Uskrsa - Predsednik Republike Kosovo - DR. VJOSA OSMANI - SADRIU","description":"\u010cestitka Predsednice Jahjaga povodom Praznika Uskrsa - Predsednik Republike Kosovo - DR. VJOSA OSMANI - SADRIU -","robots":{"index":"index","follow":"follow","max-snippet":"max-snippet:-1","max-image-preview":"max-image-preview:large","max-video-preview":"max-video-preview:-1"},"canonical":"https:\/\/president-ksgov.net\/urimi-i-presidentes-jahjaga-me-rastin-e-festes-se-pashkeve-2\/","og_locale":"sr_RS","og_type":"article","og_title":"\u010cestitka Predsednice Jahjaga povodom Praznika Uskrsa - Predsednik Republike Kosovo - DR. VJOSA OSMANI - SADRIU","og_description":"\u010cestitka Predsednice Jahjaga povodom Praznika Uskrsa - Predsednik Republike Kosovo - DR. VJOSA OSMANI - SADRIU -","og_url":"https:\/\/president-ksgov.net\/urimi-i-presidentes-jahjaga-me-rastin-e-festes-se-pashkeve-2\/","og_site_name":"Predsednik Republike Kosovo - DR. VJOSA OSMANI - SADRIU","article_published_time":"2014-04-19T12:32:46+00:00","og_image":[{"width":1024,"height":716,"url":"https:\/\/president-ksgov.net\/wp-content\/uploads\/Zyra-e-Presidentes-Featured-Image1-e1678970937938.png","type":"image\/png"}],"author":"admin","twitter_card":"summary_large_image","twitter_misc":{"\u041d\u0430\u043f\u0438\u0441\u0430\u043d\u043e \u043e\u0434":"admin","\u041f\u0440\u043e\u0446\u0435\u045a\u0435\u043d\u043e \u0432\u0440\u0435\u043c\u0435 \u0447\u0438\u0442\u0430\u045a\u0430":"1 \u043c\u0438\u043d\u0443\u0442"},"schema":{"@context":"https:\/\/schema.org","@graph":[{"@type":"WebPage","@id":"https:\/\/president-ksgov.net\/urimi-i-presidentes-jahjaga-me-rastin-e-festes-se-pashkeve-2\/","url":"https:\/\/president-ksgov.net\/urimi-i-presidentes-jahjaga-me-rastin-e-festes-se-pashkeve-2\/","name":"\u010cestitka Predsednice Jahjaga povodom Praznika Uskrsa - Predsednik Republike Kosovo - DR. VJOSA OSMANI - SADRIU","isPartOf":{"@id":"https:\/\/president-ksgov.net\/#website"},"primaryImageOfPage":{"@id":"https:\/\/president-ksgov.net\/urimi-i-presidentes-jahjaga-me-rastin-e-festes-se-pashkeve-2\/#primaryimage"},"image":{"@id":"https:\/\/president-ksgov.net\/urimi-i-presidentes-jahjaga-me-rastin-e-festes-se-pashkeve-2\/#primaryimage"},"thumbnailUrl":"https:\/\/president-ksgov.net\/wp-content\/uploads\/Zyra-e-Presidentes-Featured-Image1-e1678970937938.png","datePublished":"2014-04-19T12:32:46+00:00","dateModified":"2014-04-19T12:32:46+00:00","author":{"@id":"https:\/\/president-ksgov.net\/#\/schema\/person\/bb4337a5fb147cb2046d80548172cbee"},"description":"\u010cestitka Predsednice Jahjaga povodom Praznika Uskrsa - Predsednik Republike Kosovo - DR. VJOSA OSMANI - SADRIU -","breadcrumb":{"@id":"https:\/\/president-ksgov.net\/urimi-i-presidentes-jahjaga-me-rastin-e-festes-se-pashkeve-2\/#breadcrumb"},"inLanguage":"sr-RS","potentialAction":[{"@type":"ReadAction","target":["https:\/\/president-ksgov.net\/urimi-i-presidentes-jahjaga-me-rastin-e-festes-se-pashkeve-2\/"]}]},{"@type":"ImageObject","inLanguage":"sr-RS","@id":"https:\/\/president-ksgov.net\/urimi-i-presidentes-jahjaga-me-rastin-e-festes-se-pashkeve-2\/#primaryimage","url":"https:\/\/president-ksgov.net\/wp-content\/uploads\/Zyra-e-Presidentes-Featured-Image1-e1678970937938.png","contentUrl":"https:\/\/president-ksgov.net\/wp-content\/uploads\/Zyra-e-Presidentes-Featured-Image1-e1678970937938.png","width":1024,"height":716},{"@type":"BreadcrumbList","@id":"https:\/\/president-ksgov.net\/urimi-i-presidentes-jahjaga-me-rastin-e-festes-se-pashkeve-2\/#breadcrumb","itemListElement":[{"@type":"ListItem","position":1,"name":"Home","item":"https:\/\/president-ksgov.net\/sr\/"},{"@type":"ListItem","position":2,"name":"\u010cestitka Predsednice Jahjaga povodom Praznika Uskrsa"}]},{"@type":"WebSite","@id":"https:\/\/president-ksgov.net\/#website","url":"https:\/\/president-ksgov.net\/","name":"Presidente e Republik\u00ebs s\u00eb Kosov\u00ebs","description":"Presidente e Republik\u00ebs s\u00eb Kosov\u00ebs","alternateName":"DR. VJOSA OSMANI - SADRIU","potentialAction":[{"@type":"SearchAction","target":{"@type":"EntryPoint","urlTemplate":"https:\/\/president-ksgov.net\/?s={search_term_string}"},"query-input":{"@type":"PropertyValueSpecification","valueRequired":true,"valueName":"search_term_string"}}],"inLanguage":"sr-RS"},{"@type":"Person","@id":"https:\/\/president-ksgov.net\/#\/schema\/person\/bb4337a5fb147cb2046d80548172cbee","name":"admin","image":{"@type":"ImageObject","inLanguage":"sr-RS","@id":"https:\/\/president-ksgov.net\/#\/schema\/person\/image\/","url":"https:\/\/secure.gravatar.com\/avatar\/36156ca0fa3b8d9d25174f146e16beea0cf28f37adf1b9e19b6c9c279a7c9dd3?s=96&d=mm&r=g","contentUrl":"https:\/\/secure.gravatar.com\/avatar\/36156ca0fa3b8d9d25174f146e16beea0cf28f37adf1b9e19b6c9c279a7c9dd3?s=96&d=mm&r=g","caption":"admin"},"sameAs":["https:\/\/president-ksgov.net"]}]}},"_links":{"self":[{"href":"https:\/\/president-ksgov.net\/sr\/wp-json\/wp\/v2\/posts\/77947","targetHints":{"allow":["GET"]}}],"collection":[{"href":"https:\/\/president-ksgov.net\/sr\/wp-json\/wp\/v2\/posts"}],"about":[{"href":"https:\/\/president-ksgov.net\/sr\/wp-json\/wp\/v2\/types\/post"}],"author":[{"embeddable":true,"href":"https:\/\/president-ksgov.net\/sr\/wp-json\/wp\/v2\/users\/1"}],"replies":[{"embeddable":true,"href":"https:\/\/president-ksgov.net\/sr\/wp-json\/wp\/v2\/comments?post=77947"}],"version-history":[{"count":0,"href":"https:\/\/president-ksgov.net\/sr\/wp-json\/wp\/v2\/posts\/77947\/revisions"}],"wp:featuredmedia":[{"embeddable":true,"href":"https:\/\/president-ksgov.net\/sr\/wp-json\/wp\/v2\/media\/86338"}],"wp:attachment":[{"href":"https:\/\/president-ksgov.net\/sr\/wp-json\/wp\/v2\/media?parent=77947"}],"wp:term":[{"taxonomy":"category","embeddable":true,"href":"https:\/\/president-ksgov.net\/sr\/wp-json\/wp\/v2\/categories?post=77947"},{"taxonomy":"post_tag","embeddable":true,"href":"https:\/\/president-ksgov.net\/sr\/wp-json\/wp\/v2\/tags?post=77947"}],"curies":[{"name":"wp","href":"https:\/\/api.w.org\/{rel}","templated":true}]}}