{"id":77944,"date":"2014-04-21T15:09:50","date_gmt":"2014-04-21T15:09:50","guid":{"rendered":"https:\/\/dev.president-ksgov.net\/predsednica-jahjaga-se-sastala-sa-princom-mohammed-bin-zayed-al-nahyan-i-istog-odlikovala-ordenom-nezavisnosti\/"},"modified":"2014-04-21T15:09:50","modified_gmt":"2014-04-21T15:09:50","slug":"predsednica-jahjaga-se-sastala-sa-princom-mohammed-bin-zayed-al-nahyan-i-istog-odlikovala-ordenom-nezavisnosti","status":"publish","type":"post","link":"https:\/\/president-ksgov.net\/sr\/predsednica-jahjaga-se-sastala-sa-princom-mohammed-bin-zayed-al-nahyan-i-istog-odlikovala-ordenom-nezavisnosti\/","title":{"rendered":"Predsednica Jahjaga se sastala sa princom Mohammed Bin Zayed Al Nahyan i istog odlikovala Ordenom Nezavisnosti"},"content":{"rendered":"<p>Predsednica Republike Kosovo, gospo\u0111a Atifete Jahjaga danas je do\u010dekana u Abu Dhabi-ju  Ujedinjenih Arapskih Emirata, od Princa krune &#352;eik Mohammed Bin Zayed Al Nahyan.<\/p>\n<p>Predsednica Jahjaga i &#352;eik Mohammed Bin Zayed Al Nahyan su razgovarali o pro&#353;irenju i produbljivanju odnosa izme\u0111u dve zemlje, posebno za uspostavljanje saradnje u oblasti ekonomije i investicija.<\/p>\n<p>Predsednica Jahjaga je rekla da Kosovo uporedo sa konsolidacijom njene dr&#382;avnosti u me\u0111unarodnoj sceni usredsre\u0111ena je i na ekonomski razvoj i privla\u010denje inostranih investicija, koje bi pomogle napredak zemlje i blagostanje njenih gra\u0111ana.<\/p>\n<p>Ona je rekla da je Kosovo stvorila jednu dobru klimu biznisa i istakla da Kosovo pru&#382;a velike potencijale za investicije u razne oblasti, posebno u sektor energetike, poljoprivrede, rudarstva i tekstilne industrije.<\/p>\n<p>Zahvaljuju\u0107i se &#352;eiku Mohammed Bin Zayed Al Nahyan za pomo\u0107 koju su Ujedinjeni Arapski Emirati dale Kosovu tokom perioda izgradnje svoje dr&#382;avnosti pru&#382;aju\u0107i pomo\u0107 za uspostavljanje mira i stabilnosti u regionu, Predsednica Jahjaga je ocenila tu pomo\u0107 kao vrlo va&#382;nu za pro&#353;irenje saradnje u oblasti ekonomije.<br \/>\n\u00a0<br \/>\nPredsednica Jahjaga je pozvala &#352;eika Mohammed Bin Zayed Al nahyan da ekipa eksperata Ujedinjenih Arapskih Emirata poseti Kosovo za bolje upoznavanje sa mogu\u0107nosti, kapacitetima te ljudskim i prirodnim potencijalom koji ima Kosovo.<\/p>\n<p>Izra&#382;avaju\u0107i duboku zahvalnost naroda Kosova za pomo\u0107 u o\u010duvanju mira, putem u\u010de&#353;\u0107a trupa Ujedinjenih Arapskih Emirata\u00a0 u okviru mirotvornih snaga, za pomo\u0107 u obnovi Kosova\u00a0 i njene dr&#382;avotvornosti, Predsednica Jahjaga je odlikovala &#352;ika Mohammed Bin Zayed Al Nahyan sa Ordenom Nezavisnosti. <\/p>\n<p>Zahvaljuju\u0107i se Predsednici Jahjaga za ispoljenu \u010dast i po&#353;tovanje, Princ\u00a0 Krune &#352;eik Mohammed Bin Zahyed Al Nahyan, je visoko ocenio odnose izme\u0111u dve zemlje i izrazio spremnost njegove zemlje za produbljavanje saradnje u ostale oblasti od interesa.<\/p>\n<p>&#352;eik Mohammed Bin Zayed Al Nahyan je izrazio interesovanje o mogu\u0107nostima, potencijalu i kapacitetima koje pru&#382;a Kosovo za inostrane investicije i izrazio spremnost za vrednovanje\u00a0 mogu\u0107nosti pru&#382;anja pomo\u0107i putem zajedni\u010dkih projekata u oblasti ekonomije.<\/p>\n<p>\u00a0<\/p>\n","protected":false},"excerpt":{"rendered":"<p>Predsednica Republike Kosovo, gospo\u0111a Atifete Jahjaga danas je do\u010dekana u Abu Dhabi-ju  Ujedinjenih Arapskih Emirata, od Princa krune &#352;eik Mohammed Bin Zayed Al Nahyan.<\/p>\n","protected":false},"author":1,"featured_media":45825,"comment_status":"open","ping_status":"closed","sticky":false,"template":"","format":"standard","meta":{"_eb_attr":"","footnotes":""},"categories":[101],"tags":[],"class_list":["post-77944","post","type-post","status-publish","format-standard","has-post-thumbnail","hentry","category-vesti"],"yoast_head":"<!-- This site is optimized with the Yoast SEO plugin v23.5 - https:\/\/yoast.com\/wordpress\/plugins\/seo\/ -->\n<title>Predsednica Jahjaga se sastala sa princom Mohammed Bin Zayed Al Nahyan i istog odlikovala Ordenom Nezavisnosti - Predsednik Republike Kosovo - DR. VJOSA OSMANI - SADRIU<\/title>\n<meta name=\"description\" content=\"Predsednica Jahjaga se sastala sa princom Mohammed Bin Zayed Al Nahyan i istog odlikovala Ordenom Nezavisnosti - Predsednik Republike Kosovo - DR. VJOSA OSMANI - SADRIU -\" \/>\n<meta name=\"robots\" content=\"index, follow, max-snippet:-1, max-image-preview:large, max-video-preview:-1\" \/>\n<link rel=\"canonical\" href=\"https:\/\/president-ksgov.net\/presidentja-jahjaga-u-takua-me-princin-mohammed-bin-zayed-al-nahyan-dhe-e-dekoroi-ate-me-urdhrin-e-pavaresise\/\" \/>\n<meta property=\"og:locale\" content=\"sr_RS\" \/>\n<meta property=\"og:type\" content=\"article\" \/>\n<meta property=\"og:title\" content=\"Predsednica Jahjaga se sastala sa princom Mohammed Bin Zayed Al Nahyan i istog odlikovala Ordenom Nezavisnosti - Predsednik Republike Kosovo - DR. VJOSA OSMANI - SADRIU\" \/>\n<meta property=\"og:description\" content=\"Predsednica Jahjaga se sastala sa princom Mohammed Bin Zayed Al Nahyan i istog odlikovala Ordenom Nezavisnosti - Predsednik Republike Kosovo - DR. VJOSA OSMANI - SADRIU -\" \/>\n<meta property=\"og:url\" content=\"https:\/\/president-ksgov.net\/presidentja-jahjaga-u-takua-me-princin-mohammed-bin-zayed-al-nahyan-dhe-e-dekoroi-ate-me-urdhrin-e-pavaresise\/\" \/>\n<meta property=\"og:site_name\" content=\"Predsednik Republike Kosovo - DR. VJOSA OSMANI - SADRIU\" \/>\n<meta property=\"article:published_time\" content=\"2014-04-21T15:09:50+00:00\" \/>\n<meta property=\"og:image\" content=\"https:\/\/president-ksgov.net\/wp-content\/uploads\/21_04_2014_1584575_Vizita_ne_UAE001.jpg\" \/>\n\t<meta property=\"og:image:width\" content=\"1024\" \/>\n\t<meta property=\"og:image:height\" content=\"652\" \/>\n\t<meta property=\"og:image:type\" content=\"image\/jpeg\" \/>\n<meta name=\"author\" content=\"admin\" \/>\n<meta name=\"twitter:card\" content=\"summary_large_image\" \/>\n<meta name=\"twitter:label1\" content=\"\u041d\u0430\u043f\u0438\u0441\u0430\u043d\u043e \u043e\u0434\" \/>\n\t<meta name=\"twitter:data1\" content=\"admin\" \/>\n\t<meta name=\"twitter:label2\" content=\"\u041f\u0440\u043e\u0446\u0435\u045a\u0435\u043d\u043e \u0432\u0440\u0435\u043c\u0435 \u0447\u0438\u0442\u0430\u045a\u0430\" \/>\n\t<meta name=\"twitter:data2\" content=\"2 \u043c\u0438\u043d\u0443\u0442\u0430\" \/>\n<script type=\"application\/ld+json\" class=\"yoast-schema-graph\">{\"@context\":\"https:\/\/schema.org\",\"@graph\":[{\"@type\":\"WebPage\",\"@id\":\"https:\/\/president-ksgov.net\/presidentja-jahjaga-u-takua-me-princin-mohammed-bin-zayed-al-nahyan-dhe-e-dekoroi-ate-me-urdhrin-e-pavaresise\/\",\"url\":\"https:\/\/president-ksgov.net\/presidentja-jahjaga-u-takua-me-princin-mohammed-bin-zayed-al-nahyan-dhe-e-dekoroi-ate-me-urdhrin-e-pavaresise\/\",\"name\":\"Predsednica Jahjaga se sastala sa princom Mohammed Bin Zayed Al Nahyan i istog odlikovala Ordenom Nezavisnosti - Predsednik Republike Kosovo - DR. VJOSA OSMANI - SADRIU\",\"isPartOf\":{\"@id\":\"https:\/\/president-ksgov.net\/#website\"},\"primaryImageOfPage\":{\"@id\":\"https:\/\/president-ksgov.net\/presidentja-jahjaga-u-takua-me-princin-mohammed-bin-zayed-al-nahyan-dhe-e-dekoroi-ate-me-urdhrin-e-pavaresise\/#primaryimage\"},\"image\":{\"@id\":\"https:\/\/president-ksgov.net\/presidentja-jahjaga-u-takua-me-princin-mohammed-bin-zayed-al-nahyan-dhe-e-dekoroi-ate-me-urdhrin-e-pavaresise\/#primaryimage\"},\"thumbnailUrl\":\"https:\/\/president-ksgov.net\/wp-content\/uploads\/21_04_2014_1584575_Vizita_ne_UAE001.jpg\",\"datePublished\":\"2014-04-21T15:09:50+00:00\",\"dateModified\":\"2014-04-21T15:09:50+00:00\",\"author\":{\"@id\":\"https:\/\/president-ksgov.net\/#\/schema\/person\/bb4337a5fb147cb2046d80548172cbee\"},\"description\":\"Predsednica Jahjaga se sastala sa princom Mohammed Bin Zayed Al Nahyan i istog odlikovala Ordenom Nezavisnosti - Predsednik Republike Kosovo - DR. VJOSA OSMANI - SADRIU -\",\"breadcrumb\":{\"@id\":\"https:\/\/president-ksgov.net\/presidentja-jahjaga-u-takua-me-princin-mohammed-bin-zayed-al-nahyan-dhe-e-dekoroi-ate-me-urdhrin-e-pavaresise\/#breadcrumb\"},\"inLanguage\":\"sr-RS\",\"potentialAction\":[{\"@type\":\"ReadAction\",\"target\":[\"https:\/\/president-ksgov.net\/presidentja-jahjaga-u-takua-me-princin-mohammed-bin-zayed-al-nahyan-dhe-e-dekoroi-ate-me-urdhrin-e-pavaresise\/\"]}]},{\"@type\":\"ImageObject\",\"inLanguage\":\"sr-RS\",\"@id\":\"https:\/\/president-ksgov.net\/presidentja-jahjaga-u-takua-me-princin-mohammed-bin-zayed-al-nahyan-dhe-e-dekoroi-ate-me-urdhrin-e-pavaresise\/#primaryimage\",\"url\":\"https:\/\/president-ksgov.net\/wp-content\/uploads\/21_04_2014_1584575_Vizita_ne_UAE001.jpg\",\"contentUrl\":\"https:\/\/president-ksgov.net\/wp-content\/uploads\/21_04_2014_1584575_Vizita_ne_UAE001.jpg\",\"width\":1024,\"height\":652},{\"@type\":\"BreadcrumbList\",\"@id\":\"https:\/\/president-ksgov.net\/presidentja-jahjaga-u-takua-me-princin-mohammed-bin-zayed-al-nahyan-dhe-e-dekoroi-ate-me-urdhrin-e-pavaresise\/#breadcrumb\",\"itemListElement\":[{\"@type\":\"ListItem\",\"position\":1,\"name\":\"Home\",\"item\":\"https:\/\/president-ksgov.net\/sr\/\"},{\"@type\":\"ListItem\",\"position\":2,\"name\":\"Predsednica Jahjaga se sastala sa princom Mohammed Bin Zayed Al Nahyan i istog odlikovala Ordenom Nezavisnosti\"}]},{\"@type\":\"WebSite\",\"@id\":\"https:\/\/president-ksgov.net\/#website\",\"url\":\"https:\/\/president-ksgov.net\/\",\"name\":\"Presidente e Republik\u00ebs s\u00eb Kosov\u00ebs\",\"description\":\"Presidente e Republik\u00ebs s\u00eb Kosov\u00ebs\",\"alternateName\":\"DR. VJOSA OSMANI - SADRIU\",\"potentialAction\":[{\"@type\":\"SearchAction\",\"target\":{\"@type\":\"EntryPoint\",\"urlTemplate\":\"https:\/\/president-ksgov.net\/?s={search_term_string}\"},\"query-input\":{\"@type\":\"PropertyValueSpecification\",\"valueRequired\":true,\"valueName\":\"search_term_string\"}}],\"inLanguage\":\"sr-RS\"},{\"@type\":\"Person\",\"@id\":\"https:\/\/president-ksgov.net\/#\/schema\/person\/bb4337a5fb147cb2046d80548172cbee\",\"name\":\"admin\",\"image\":{\"@type\":\"ImageObject\",\"inLanguage\":\"sr-RS\",\"@id\":\"https:\/\/president-ksgov.net\/#\/schema\/person\/image\/\",\"url\":\"https:\/\/secure.gravatar.com\/avatar\/36156ca0fa3b8d9d25174f146e16beea0cf28f37adf1b9e19b6c9c279a7c9dd3?s=96&d=mm&r=g\",\"contentUrl\":\"https:\/\/secure.gravatar.com\/avatar\/36156ca0fa3b8d9d25174f146e16beea0cf28f37adf1b9e19b6c9c279a7c9dd3?s=96&d=mm&r=g\",\"caption\":\"admin\"},\"sameAs\":[\"https:\/\/president-ksgov.net\"]}]}<\/script>\n<!-- \/ Yoast SEO plugin. -->","yoast_head_json":{"title":"Predsednica Jahjaga se sastala sa princom Mohammed Bin Zayed Al Nahyan i istog odlikovala Ordenom Nezavisnosti - Predsednik Republike Kosovo - DR. VJOSA OSMANI - SADRIU","description":"Predsednica Jahjaga se sastala sa princom Mohammed Bin Zayed Al Nahyan i istog odlikovala Ordenom Nezavisnosti - Predsednik Republike Kosovo - DR. VJOSA OSMANI - SADRIU -","robots":{"index":"index","follow":"follow","max-snippet":"max-snippet:-1","max-image-preview":"max-image-preview:large","max-video-preview":"max-video-preview:-1"},"canonical":"https:\/\/president-ksgov.net\/presidentja-jahjaga-u-takua-me-princin-mohammed-bin-zayed-al-nahyan-dhe-e-dekoroi-ate-me-urdhrin-e-pavaresise\/","og_locale":"sr_RS","og_type":"article","og_title":"Predsednica Jahjaga se sastala sa princom Mohammed Bin Zayed Al Nahyan i istog odlikovala Ordenom Nezavisnosti - Predsednik Republike Kosovo - DR. VJOSA OSMANI - SADRIU","og_description":"Predsednica Jahjaga se sastala sa princom Mohammed Bin Zayed Al Nahyan i istog odlikovala Ordenom Nezavisnosti - Predsednik Republike Kosovo - DR. VJOSA OSMANI - SADRIU -","og_url":"https:\/\/president-ksgov.net\/presidentja-jahjaga-u-takua-me-princin-mohammed-bin-zayed-al-nahyan-dhe-e-dekoroi-ate-me-urdhrin-e-pavaresise\/","og_site_name":"Predsednik Republike Kosovo - DR. VJOSA OSMANI - SADRIU","article_published_time":"2014-04-21T15:09:50+00:00","og_image":[{"width":1024,"height":652,"url":"https:\/\/president-ksgov.net\/wp-content\/uploads\/21_04_2014_1584575_Vizita_ne_UAE001.jpg","type":"image\/jpeg"}],"author":"admin","twitter_card":"summary_large_image","twitter_misc":{"\u041d\u0430\u043f\u0438\u0441\u0430\u043d\u043e \u043e\u0434":"admin","\u041f\u0440\u043e\u0446\u0435\u045a\u0435\u043d\u043e \u0432\u0440\u0435\u043c\u0435 \u0447\u0438\u0442\u0430\u045a\u0430":"2 \u043c\u0438\u043d\u0443\u0442\u0430"},"schema":{"@context":"https:\/\/schema.org","@graph":[{"@type":"WebPage","@id":"https:\/\/president-ksgov.net\/presidentja-jahjaga-u-takua-me-princin-mohammed-bin-zayed-al-nahyan-dhe-e-dekoroi-ate-me-urdhrin-e-pavaresise\/","url":"https:\/\/president-ksgov.net\/presidentja-jahjaga-u-takua-me-princin-mohammed-bin-zayed-al-nahyan-dhe-e-dekoroi-ate-me-urdhrin-e-pavaresise\/","name":"Predsednica Jahjaga se sastala sa princom Mohammed Bin Zayed Al Nahyan i istog odlikovala Ordenom Nezavisnosti - Predsednik Republike Kosovo - DR. VJOSA OSMANI - SADRIU","isPartOf":{"@id":"https:\/\/president-ksgov.net\/#website"},"primaryImageOfPage":{"@id":"https:\/\/president-ksgov.net\/presidentja-jahjaga-u-takua-me-princin-mohammed-bin-zayed-al-nahyan-dhe-e-dekoroi-ate-me-urdhrin-e-pavaresise\/#primaryimage"},"image":{"@id":"https:\/\/president-ksgov.net\/presidentja-jahjaga-u-takua-me-princin-mohammed-bin-zayed-al-nahyan-dhe-e-dekoroi-ate-me-urdhrin-e-pavaresise\/#primaryimage"},"thumbnailUrl":"https:\/\/president-ksgov.net\/wp-content\/uploads\/21_04_2014_1584575_Vizita_ne_UAE001.jpg","datePublished":"2014-04-21T15:09:50+00:00","dateModified":"2014-04-21T15:09:50+00:00","author":{"@id":"https:\/\/president-ksgov.net\/#\/schema\/person\/bb4337a5fb147cb2046d80548172cbee"},"description":"Predsednica Jahjaga se sastala sa princom Mohammed Bin Zayed Al Nahyan i istog odlikovala Ordenom Nezavisnosti - Predsednik Republike Kosovo - DR. VJOSA OSMANI - SADRIU -","breadcrumb":{"@id":"https:\/\/president-ksgov.net\/presidentja-jahjaga-u-takua-me-princin-mohammed-bin-zayed-al-nahyan-dhe-e-dekoroi-ate-me-urdhrin-e-pavaresise\/#breadcrumb"},"inLanguage":"sr-RS","potentialAction":[{"@type":"ReadAction","target":["https:\/\/president-ksgov.net\/presidentja-jahjaga-u-takua-me-princin-mohammed-bin-zayed-al-nahyan-dhe-e-dekoroi-ate-me-urdhrin-e-pavaresise\/"]}]},{"@type":"ImageObject","inLanguage":"sr-RS","@id":"https:\/\/president-ksgov.net\/presidentja-jahjaga-u-takua-me-princin-mohammed-bin-zayed-al-nahyan-dhe-e-dekoroi-ate-me-urdhrin-e-pavaresise\/#primaryimage","url":"https:\/\/president-ksgov.net\/wp-content\/uploads\/21_04_2014_1584575_Vizita_ne_UAE001.jpg","contentUrl":"https:\/\/president-ksgov.net\/wp-content\/uploads\/21_04_2014_1584575_Vizita_ne_UAE001.jpg","width":1024,"height":652},{"@type":"BreadcrumbList","@id":"https:\/\/president-ksgov.net\/presidentja-jahjaga-u-takua-me-princin-mohammed-bin-zayed-al-nahyan-dhe-e-dekoroi-ate-me-urdhrin-e-pavaresise\/#breadcrumb","itemListElement":[{"@type":"ListItem","position":1,"name":"Home","item":"https:\/\/president-ksgov.net\/sr\/"},{"@type":"ListItem","position":2,"name":"Predsednica Jahjaga se sastala sa princom Mohammed Bin Zayed Al Nahyan i istog odlikovala Ordenom Nezavisnosti"}]},{"@type":"WebSite","@id":"https:\/\/president-ksgov.net\/#website","url":"https:\/\/president-ksgov.net\/","name":"Presidente e Republik\u00ebs s\u00eb Kosov\u00ebs","description":"Presidente e Republik\u00ebs s\u00eb Kosov\u00ebs","alternateName":"DR. VJOSA OSMANI - SADRIU","potentialAction":[{"@type":"SearchAction","target":{"@type":"EntryPoint","urlTemplate":"https:\/\/president-ksgov.net\/?s={search_term_string}"},"query-input":{"@type":"PropertyValueSpecification","valueRequired":true,"valueName":"search_term_string"}}],"inLanguage":"sr-RS"},{"@type":"Person","@id":"https:\/\/president-ksgov.net\/#\/schema\/person\/bb4337a5fb147cb2046d80548172cbee","name":"admin","image":{"@type":"ImageObject","inLanguage":"sr-RS","@id":"https:\/\/president-ksgov.net\/#\/schema\/person\/image\/","url":"https:\/\/secure.gravatar.com\/avatar\/36156ca0fa3b8d9d25174f146e16beea0cf28f37adf1b9e19b6c9c279a7c9dd3?s=96&d=mm&r=g","contentUrl":"https:\/\/secure.gravatar.com\/avatar\/36156ca0fa3b8d9d25174f146e16beea0cf28f37adf1b9e19b6c9c279a7c9dd3?s=96&d=mm&r=g","caption":"admin"},"sameAs":["https:\/\/president-ksgov.net"]}]}},"_links":{"self":[{"href":"https:\/\/president-ksgov.net\/sr\/wp-json\/wp\/v2\/posts\/77944","targetHints":{"allow":["GET"]}}],"collection":[{"href":"https:\/\/president-ksgov.net\/sr\/wp-json\/wp\/v2\/posts"}],"about":[{"href":"https:\/\/president-ksgov.net\/sr\/wp-json\/wp\/v2\/types\/post"}],"author":[{"embeddable":true,"href":"https:\/\/president-ksgov.net\/sr\/wp-json\/wp\/v2\/users\/1"}],"replies":[{"embeddable":true,"href":"https:\/\/president-ksgov.net\/sr\/wp-json\/wp\/v2\/comments?post=77944"}],"version-history":[{"count":0,"href":"https:\/\/president-ksgov.net\/sr\/wp-json\/wp\/v2\/posts\/77944\/revisions"}],"wp:featuredmedia":[{"embeddable":true,"href":"https:\/\/president-ksgov.net\/sr\/wp-json\/wp\/v2\/media\/45825"}],"wp:attachment":[{"href":"https:\/\/president-ksgov.net\/sr\/wp-json\/wp\/v2\/media?parent=77944"}],"wp:term":[{"taxonomy":"category","embeddable":true,"href":"https:\/\/president-ksgov.net\/sr\/wp-json\/wp\/v2\/categories?post=77944"},{"taxonomy":"post_tag","embeddable":true,"href":"https:\/\/president-ksgov.net\/sr\/wp-json\/wp\/v2\/tags?post=77944"}],"curies":[{"name":"wp","href":"https:\/\/api.w.org\/{rel}","templated":true}]}}