{"id":77934,"date":"2014-04-30T13:18:50","date_gmt":"2014-04-30T13:18:50","guid":{"rendered":"https:\/\/dev.president-ksgov.net\/predsednica-atifete-jahjaga-docekala-grupu-poslanika-skuptine-kosova-predvodjenih-od-petra-miletica\/"},"modified":"2014-04-30T13:18:50","modified_gmt":"2014-04-30T13:18:50","slug":"predsednica-atifete-jahjaga-docekala-grupu-poslanika-skuptine-kosova-predvodjenih-od-petra-miletica","status":"publish","type":"post","link":"https:\/\/president-ksgov.net\/sr\/predsednica-atifete-jahjaga-docekala-grupu-poslanika-skuptine-kosova-predvodjenih-od-petra-miletica\/","title":{"rendered":"Predsednica Atifete Jahjaga do\u010dekala grupu poslanika Skup&#154;tine Kosova, predvo\u0111enih od Petra Mileti\u0107a"},"content":{"rendered":"<p>Predsednica Republike Kosovo, gospo\u0111a Atifete Jahjaga danas se sastala sa grupom poslanika Skup&#353;tine Republike Kosovo, predvo\u0111enih od Petra Mileti\u0107a, potpredsednika Skup&#353;tine.<\/p>\n<p>Predsednica Kosova je primila za razmatranje pitanja koja su pokrenula poslanici o pravima i slobodi etni\u010dkih zajednica na Kosovu, koja su garantovana Ustavom i zakonima Kosova.<\/p>\n<p>Predsednica Jahjaga je osigurala poslanike da \u0107e nastaviti biti \u010dvrst garant gra\u0111anskog karaktera Republike Kosovo, podr&#382;avalac i promoter vrednosti ugra\u0111enih u Ustav zemlje, potpunog po&#353;tovanja ustavnosti i zakonitosti te potpune realizacije individualnih i kolektivnih prava svih gra\u0111ana, bez obzira na etni\u010dku i versku pripadnost ili njihovog brojnog stanja.<\/p>\n<p>Republika Kosovo je dr&#382;ava svih njenih gra\u0111ana i samo zajedno mo&#382;emo graditi jednu naprednu budu\u0107nost za sve.<\/p>\n<p>Predsednica Jahjaga je rekla poslanicima da \u0107e nastaviti predstavljati politi\u010dko jedinstvo, u sadejstvu institucija Republike Kosovo i ohrabrila njih da nastavljaju konsultacije i usagla&#353;avanje stavova sa parlamentarnim grupama radi ostvarivanja prihvatljivih izbora, koji unapre\u0111uju demokratske procese i prava zajednica.<\/p>\n","protected":false},"excerpt":{"rendered":"<p>Predsednica Republike Kosovo, gospo\u0111a Atifete Jahjaga danas se sastala sa grupom poslanika Skup&#353;tine Republike Kosovo, predvo\u0111enih od Petra Mileti\u0107a, potpredsednika Skup&#353;tine.<\/p>\n","protected":false},"author":1,"featured_media":45699,"comment_status":"open","ping_status":"closed","sticky":false,"template":"","format":"standard","meta":{"_eb_attr":"","footnotes":""},"categories":[101],"tags":[],"class_list":["post-77934","post","type-post","status-publish","format-standard","has-post-thumbnail","hentry","category-vesti"],"yoast_head":"<!-- This site is optimized with the Yoast SEO plugin v23.5 - https:\/\/yoast.com\/wordpress\/plugins\/seo\/ -->\n<title>Predsednica Atifete Jahjaga do\u010dekala grupu poslanika Skup&#154;tine Kosova, predvo\u0111enih od Petra Mileti\u0107a - Predsednik Republike Kosovo - DR. VJOSA OSMANI - SADRIU<\/title>\n<meta name=\"description\" content=\"Predsednica Atifete Jahjaga do\u010dekala grupu poslanika Skup&#154;tine Kosova, predvo\u0111enih od Petra Mileti\u0107a - Predsednik Republike Kosovo - DR. VJOSA OSMANI - SADRIU -\" \/>\n<meta name=\"robots\" content=\"index, follow, max-snippet:-1, max-image-preview:large, max-video-preview:-1\" \/>\n<link rel=\"canonical\" href=\"https:\/\/president-ksgov.net\/presidentja-atifete-jahjaga-takoi-nje-grup-te-deputeteve-te-kuvendit-te-kosoves-te-udhehequr-nga-petar-miletiq\/\" \/>\n<meta property=\"og:locale\" content=\"sr_RS\" \/>\n<meta property=\"og:type\" content=\"article\" \/>\n<meta property=\"og:title\" content=\"Predsednica Atifete Jahjaga do\u010dekala grupu poslanika Skup&#154;tine Kosova, predvo\u0111enih od Petra Mileti\u0107a - Predsednik Republike Kosovo - DR. VJOSA OSMANI - SADRIU\" \/>\n<meta property=\"og:description\" content=\"Predsednica Atifete Jahjaga do\u010dekala grupu poslanika Skup&#154;tine Kosova, predvo\u0111enih od Petra Mileti\u0107a - Predsednik Republike Kosovo - DR. VJOSA OSMANI - SADRIU -\" \/>\n<meta property=\"og:url\" content=\"https:\/\/president-ksgov.net\/presidentja-atifete-jahjaga-takoi-nje-grup-te-deputeteve-te-kuvendit-te-kosoves-te-udhehequr-nga-petar-miletiq\/\" \/>\n<meta property=\"og:site_name\" content=\"Predsednik Republike Kosovo - DR. VJOSA OSMANI - SADRIU\" \/>\n<meta property=\"article:published_time\" content=\"2014-04-30T13:18:50+00:00\" \/>\n<meta property=\"og:image\" content=\"https:\/\/president-ksgov.net\/wp-content\/uploads\/30_04_2014_2729355_30_04_2014_takim_Miletic_1.jpg\" \/>\n\t<meta property=\"og:image:width\" content=\"1024\" \/>\n\t<meta property=\"og:image:height\" content=\"683\" \/>\n\t<meta property=\"og:image:type\" content=\"image\/jpeg\" \/>\n<meta name=\"author\" content=\"admin\" \/>\n<meta name=\"twitter:card\" content=\"summary_large_image\" \/>\n<meta name=\"twitter:label1\" content=\"\u041d\u0430\u043f\u0438\u0441\u0430\u043d\u043e \u043e\u0434\" \/>\n\t<meta name=\"twitter:data1\" content=\"admin\" \/>\n\t<meta name=\"twitter:label2\" content=\"\u041f\u0440\u043e\u0446\u0435\u045a\u0435\u043d\u043e \u0432\u0440\u0435\u043c\u0435 \u0447\u0438\u0442\u0430\u045a\u0430\" \/>\n\t<meta name=\"twitter:data2\" content=\"1 \u043c\u0438\u043d\u0443\u0442\" \/>\n<script type=\"application\/ld+json\" class=\"yoast-schema-graph\">{\"@context\":\"https:\/\/schema.org\",\"@graph\":[{\"@type\":\"WebPage\",\"@id\":\"https:\/\/president-ksgov.net\/presidentja-atifete-jahjaga-takoi-nje-grup-te-deputeteve-te-kuvendit-te-kosoves-te-udhehequr-nga-petar-miletiq\/\",\"url\":\"https:\/\/president-ksgov.net\/presidentja-atifete-jahjaga-takoi-nje-grup-te-deputeteve-te-kuvendit-te-kosoves-te-udhehequr-nga-petar-miletiq\/\",\"name\":\"Predsednica Atifete Jahjaga do\u010dekala grupu poslanika Skup&#154;tine Kosova, predvo\u0111enih od Petra Mileti\u0107a - Predsednik Republike Kosovo - DR. VJOSA OSMANI - SADRIU\",\"isPartOf\":{\"@id\":\"https:\/\/president-ksgov.net\/#website\"},\"primaryImageOfPage\":{\"@id\":\"https:\/\/president-ksgov.net\/presidentja-atifete-jahjaga-takoi-nje-grup-te-deputeteve-te-kuvendit-te-kosoves-te-udhehequr-nga-petar-miletiq\/#primaryimage\"},\"image\":{\"@id\":\"https:\/\/president-ksgov.net\/presidentja-atifete-jahjaga-takoi-nje-grup-te-deputeteve-te-kuvendit-te-kosoves-te-udhehequr-nga-petar-miletiq\/#primaryimage\"},\"thumbnailUrl\":\"https:\/\/president-ksgov.net\/wp-content\/uploads\/30_04_2014_2729355_30_04_2014_takim_Miletic_1.jpg\",\"datePublished\":\"2014-04-30T13:18:50+00:00\",\"dateModified\":\"2014-04-30T13:18:50+00:00\",\"author\":{\"@id\":\"https:\/\/president-ksgov.net\/#\/schema\/person\/bb4337a5fb147cb2046d80548172cbee\"},\"description\":\"Predsednica Atifete Jahjaga do\u010dekala grupu poslanika Skup&#154;tine Kosova, predvo\u0111enih od Petra Mileti\u0107a - Predsednik Republike Kosovo - DR. VJOSA OSMANI - SADRIU -\",\"breadcrumb\":{\"@id\":\"https:\/\/president-ksgov.net\/presidentja-atifete-jahjaga-takoi-nje-grup-te-deputeteve-te-kuvendit-te-kosoves-te-udhehequr-nga-petar-miletiq\/#breadcrumb\"},\"inLanguage\":\"sr-RS\",\"potentialAction\":[{\"@type\":\"ReadAction\",\"target\":[\"https:\/\/president-ksgov.net\/presidentja-atifete-jahjaga-takoi-nje-grup-te-deputeteve-te-kuvendit-te-kosoves-te-udhehequr-nga-petar-miletiq\/\"]}]},{\"@type\":\"ImageObject\",\"inLanguage\":\"sr-RS\",\"@id\":\"https:\/\/president-ksgov.net\/presidentja-atifete-jahjaga-takoi-nje-grup-te-deputeteve-te-kuvendit-te-kosoves-te-udhehequr-nga-petar-miletiq\/#primaryimage\",\"url\":\"https:\/\/president-ksgov.net\/wp-content\/uploads\/30_04_2014_2729355_30_04_2014_takim_Miletic_1.jpg\",\"contentUrl\":\"https:\/\/president-ksgov.net\/wp-content\/uploads\/30_04_2014_2729355_30_04_2014_takim_Miletic_1.jpg\",\"width\":1024,\"height\":683},{\"@type\":\"BreadcrumbList\",\"@id\":\"https:\/\/president-ksgov.net\/presidentja-atifete-jahjaga-takoi-nje-grup-te-deputeteve-te-kuvendit-te-kosoves-te-udhehequr-nga-petar-miletiq\/#breadcrumb\",\"itemListElement\":[{\"@type\":\"ListItem\",\"position\":1,\"name\":\"Home\",\"item\":\"https:\/\/president-ksgov.net\/sr\/\"},{\"@type\":\"ListItem\",\"position\":2,\"name\":\"Predsednica Atifete Jahjaga do\u010dekala grupu poslanika Skup&#154;tine Kosova, predvo\u0111enih od Petra Mileti\u0107a\"}]},{\"@type\":\"WebSite\",\"@id\":\"https:\/\/president-ksgov.net\/#website\",\"url\":\"https:\/\/president-ksgov.net\/\",\"name\":\"Presidente e Republik\u00ebs s\u00eb Kosov\u00ebs\",\"description\":\"Presidente e Republik\u00ebs s\u00eb Kosov\u00ebs\",\"alternateName\":\"DR. VJOSA OSMANI - SADRIU\",\"potentialAction\":[{\"@type\":\"SearchAction\",\"target\":{\"@type\":\"EntryPoint\",\"urlTemplate\":\"https:\/\/president-ksgov.net\/?s={search_term_string}\"},\"query-input\":{\"@type\":\"PropertyValueSpecification\",\"valueRequired\":true,\"valueName\":\"search_term_string\"}}],\"inLanguage\":\"sr-RS\"},{\"@type\":\"Person\",\"@id\":\"https:\/\/president-ksgov.net\/#\/schema\/person\/bb4337a5fb147cb2046d80548172cbee\",\"name\":\"admin\",\"image\":{\"@type\":\"ImageObject\",\"inLanguage\":\"sr-RS\",\"@id\":\"https:\/\/president-ksgov.net\/#\/schema\/person\/image\/\",\"url\":\"https:\/\/secure.gravatar.com\/avatar\/36156ca0fa3b8d9d25174f146e16beea0cf28f37adf1b9e19b6c9c279a7c9dd3?s=96&d=mm&r=g\",\"contentUrl\":\"https:\/\/secure.gravatar.com\/avatar\/36156ca0fa3b8d9d25174f146e16beea0cf28f37adf1b9e19b6c9c279a7c9dd3?s=96&d=mm&r=g\",\"caption\":\"admin\"},\"sameAs\":[\"https:\/\/president-ksgov.net\"]}]}<\/script>\n<!-- \/ Yoast SEO plugin. -->","yoast_head_json":{"title":"Predsednica Atifete Jahjaga do\u010dekala grupu poslanika Skup&#154;tine Kosova, predvo\u0111enih od Petra Mileti\u0107a - Predsednik Republike Kosovo - DR. VJOSA OSMANI - SADRIU","description":"Predsednica Atifete Jahjaga do\u010dekala grupu poslanika Skup&#154;tine Kosova, predvo\u0111enih od Petra Mileti\u0107a - Predsednik Republike Kosovo - DR. VJOSA OSMANI - SADRIU -","robots":{"index":"index","follow":"follow","max-snippet":"max-snippet:-1","max-image-preview":"max-image-preview:large","max-video-preview":"max-video-preview:-1"},"canonical":"https:\/\/president-ksgov.net\/presidentja-atifete-jahjaga-takoi-nje-grup-te-deputeteve-te-kuvendit-te-kosoves-te-udhehequr-nga-petar-miletiq\/","og_locale":"sr_RS","og_type":"article","og_title":"Predsednica Atifete Jahjaga do\u010dekala grupu poslanika Skup&#154;tine Kosova, predvo\u0111enih od Petra Mileti\u0107a - Predsednik Republike Kosovo - DR. VJOSA OSMANI - SADRIU","og_description":"Predsednica Atifete Jahjaga do\u010dekala grupu poslanika Skup&#154;tine Kosova, predvo\u0111enih od Petra Mileti\u0107a - Predsednik Republike Kosovo - DR. VJOSA OSMANI - SADRIU -","og_url":"https:\/\/president-ksgov.net\/presidentja-atifete-jahjaga-takoi-nje-grup-te-deputeteve-te-kuvendit-te-kosoves-te-udhehequr-nga-petar-miletiq\/","og_site_name":"Predsednik Republike Kosovo - DR. VJOSA OSMANI - SADRIU","article_published_time":"2014-04-30T13:18:50+00:00","og_image":[{"width":1024,"height":683,"url":"https:\/\/president-ksgov.net\/wp-content\/uploads\/30_04_2014_2729355_30_04_2014_takim_Miletic_1.jpg","type":"image\/jpeg"}],"author":"admin","twitter_card":"summary_large_image","twitter_misc":{"\u041d\u0430\u043f\u0438\u0441\u0430\u043d\u043e \u043e\u0434":"admin","\u041f\u0440\u043e\u0446\u0435\u045a\u0435\u043d\u043e \u0432\u0440\u0435\u043c\u0435 \u0447\u0438\u0442\u0430\u045a\u0430":"1 \u043c\u0438\u043d\u0443\u0442"},"schema":{"@context":"https:\/\/schema.org","@graph":[{"@type":"WebPage","@id":"https:\/\/president-ksgov.net\/presidentja-atifete-jahjaga-takoi-nje-grup-te-deputeteve-te-kuvendit-te-kosoves-te-udhehequr-nga-petar-miletiq\/","url":"https:\/\/president-ksgov.net\/presidentja-atifete-jahjaga-takoi-nje-grup-te-deputeteve-te-kuvendit-te-kosoves-te-udhehequr-nga-petar-miletiq\/","name":"Predsednica Atifete Jahjaga do\u010dekala grupu poslanika Skup&#154;tine Kosova, predvo\u0111enih od Petra Mileti\u0107a - Predsednik Republike Kosovo - DR. VJOSA OSMANI - SADRIU","isPartOf":{"@id":"https:\/\/president-ksgov.net\/#website"},"primaryImageOfPage":{"@id":"https:\/\/president-ksgov.net\/presidentja-atifete-jahjaga-takoi-nje-grup-te-deputeteve-te-kuvendit-te-kosoves-te-udhehequr-nga-petar-miletiq\/#primaryimage"},"image":{"@id":"https:\/\/president-ksgov.net\/presidentja-atifete-jahjaga-takoi-nje-grup-te-deputeteve-te-kuvendit-te-kosoves-te-udhehequr-nga-petar-miletiq\/#primaryimage"},"thumbnailUrl":"https:\/\/president-ksgov.net\/wp-content\/uploads\/30_04_2014_2729355_30_04_2014_takim_Miletic_1.jpg","datePublished":"2014-04-30T13:18:50+00:00","dateModified":"2014-04-30T13:18:50+00:00","author":{"@id":"https:\/\/president-ksgov.net\/#\/schema\/person\/bb4337a5fb147cb2046d80548172cbee"},"description":"Predsednica Atifete Jahjaga do\u010dekala grupu poslanika Skup&#154;tine Kosova, predvo\u0111enih od Petra Mileti\u0107a - Predsednik Republike Kosovo - DR. VJOSA OSMANI - SADRIU -","breadcrumb":{"@id":"https:\/\/president-ksgov.net\/presidentja-atifete-jahjaga-takoi-nje-grup-te-deputeteve-te-kuvendit-te-kosoves-te-udhehequr-nga-petar-miletiq\/#breadcrumb"},"inLanguage":"sr-RS","potentialAction":[{"@type":"ReadAction","target":["https:\/\/president-ksgov.net\/presidentja-atifete-jahjaga-takoi-nje-grup-te-deputeteve-te-kuvendit-te-kosoves-te-udhehequr-nga-petar-miletiq\/"]}]},{"@type":"ImageObject","inLanguage":"sr-RS","@id":"https:\/\/president-ksgov.net\/presidentja-atifete-jahjaga-takoi-nje-grup-te-deputeteve-te-kuvendit-te-kosoves-te-udhehequr-nga-petar-miletiq\/#primaryimage","url":"https:\/\/president-ksgov.net\/wp-content\/uploads\/30_04_2014_2729355_30_04_2014_takim_Miletic_1.jpg","contentUrl":"https:\/\/president-ksgov.net\/wp-content\/uploads\/30_04_2014_2729355_30_04_2014_takim_Miletic_1.jpg","width":1024,"height":683},{"@type":"BreadcrumbList","@id":"https:\/\/president-ksgov.net\/presidentja-atifete-jahjaga-takoi-nje-grup-te-deputeteve-te-kuvendit-te-kosoves-te-udhehequr-nga-petar-miletiq\/#breadcrumb","itemListElement":[{"@type":"ListItem","position":1,"name":"Home","item":"https:\/\/president-ksgov.net\/sr\/"},{"@type":"ListItem","position":2,"name":"Predsednica Atifete Jahjaga do\u010dekala grupu poslanika Skup&#154;tine Kosova, predvo\u0111enih od Petra Mileti\u0107a"}]},{"@type":"WebSite","@id":"https:\/\/president-ksgov.net\/#website","url":"https:\/\/president-ksgov.net\/","name":"Presidente e Republik\u00ebs s\u00eb Kosov\u00ebs","description":"Presidente e Republik\u00ebs s\u00eb Kosov\u00ebs","alternateName":"DR. VJOSA OSMANI - SADRIU","potentialAction":[{"@type":"SearchAction","target":{"@type":"EntryPoint","urlTemplate":"https:\/\/president-ksgov.net\/?s={search_term_string}"},"query-input":{"@type":"PropertyValueSpecification","valueRequired":true,"valueName":"search_term_string"}}],"inLanguage":"sr-RS"},{"@type":"Person","@id":"https:\/\/president-ksgov.net\/#\/schema\/person\/bb4337a5fb147cb2046d80548172cbee","name":"admin","image":{"@type":"ImageObject","inLanguage":"sr-RS","@id":"https:\/\/president-ksgov.net\/#\/schema\/person\/image\/","url":"https:\/\/secure.gravatar.com\/avatar\/36156ca0fa3b8d9d25174f146e16beea0cf28f37adf1b9e19b6c9c279a7c9dd3?s=96&d=mm&r=g","contentUrl":"https:\/\/secure.gravatar.com\/avatar\/36156ca0fa3b8d9d25174f146e16beea0cf28f37adf1b9e19b6c9c279a7c9dd3?s=96&d=mm&r=g","caption":"admin"},"sameAs":["https:\/\/president-ksgov.net"]}]}},"_links":{"self":[{"href":"https:\/\/president-ksgov.net\/sr\/wp-json\/wp\/v2\/posts\/77934","targetHints":{"allow":["GET"]}}],"collection":[{"href":"https:\/\/president-ksgov.net\/sr\/wp-json\/wp\/v2\/posts"}],"about":[{"href":"https:\/\/president-ksgov.net\/sr\/wp-json\/wp\/v2\/types\/post"}],"author":[{"embeddable":true,"href":"https:\/\/president-ksgov.net\/sr\/wp-json\/wp\/v2\/users\/1"}],"replies":[{"embeddable":true,"href":"https:\/\/president-ksgov.net\/sr\/wp-json\/wp\/v2\/comments?post=77934"}],"version-history":[{"count":0,"href":"https:\/\/president-ksgov.net\/sr\/wp-json\/wp\/v2\/posts\/77934\/revisions"}],"wp:featuredmedia":[{"embeddable":true,"href":"https:\/\/president-ksgov.net\/sr\/wp-json\/wp\/v2\/media\/45699"}],"wp:attachment":[{"href":"https:\/\/president-ksgov.net\/sr\/wp-json\/wp\/v2\/media?parent=77934"}],"wp:term":[{"taxonomy":"category","embeddable":true,"href":"https:\/\/president-ksgov.net\/sr\/wp-json\/wp\/v2\/categories?post=77934"},{"taxonomy":"post_tag","embeddable":true,"href":"https:\/\/president-ksgov.net\/sr\/wp-json\/wp\/v2\/tags?post=77934"}],"curies":[{"name":"wp","href":"https:\/\/api.w.org\/{rel}","templated":true}]}}