{"id":77931,"date":"2014-04-30T17:48:47","date_gmt":"2014-04-30T17:48:47","guid":{"rendered":"https:\/\/dev.president-ksgov.net\/poruka-predsednice-jahjaga-za-ucesnice-kairskog-medjunarodnog-samita-za-jacanje-ene-i-preduzetnitva\/"},"modified":"2023-03-08T09:03:11","modified_gmt":"2023-03-08T09:03:11","slug":"poruka-predsednice-jahjaga-za-ucesnice-kairskog-medjunarodnog-samita-za-jacanje-ene-i-preduzetnitva","status":"publish","type":"post","link":"https:\/\/president-ksgov.net\/sr\/poruka-predsednice-jahjaga-za-ucesnice-kairskog-medjunarodnog-samita-za-jacanje-ene-i-preduzetnitva\/","title":{"rendered":"Poruka Predsednice Jahjaga za u\u010desnice Kairskog Me\u0111unarodnog Samita za Ja\u010danje &#142;ene i Preduzetni&#154;tva"},"content":{"rendered":"<p>Predsednica Republike Kosovo, gospo\u0111a Atifete Jahjaga je poslala video poruku pozdrava u\u010desnicima Kairskog Me\u0111unarodnog Samita za Ja\u010danje &#381;ene i Preduzetni&#353;tva i Me\u0111unarodnog Kongresa za Preduzetnike &#381;ene koji je po\u010deo sa radom 29. Aprila i traja\u0107e do 01.Maja.<\/p>\n<p>Ovom Samitu prisustvuje vi&#353;e od 300 &#382;ena iz celoga sveta koje predstavljaju &#382;ene preduzetnike, svetske lidere, asocijacije biznisa &#382;ena, Afri\u010dke Unije, Evropske Komisije, Agencija OUN-a, te sve agencije i ostale organizacije zainteresovane za Ja\u010danje &#381;ene i Preduzetni&#353;tvo, radi promocije Razvojnih ciljeva Milenija, Agende Razvoja posle 2015-te godine, te podr&#353;ku za ekonomski razvoj me\u0111u malih i srednjih preduze\u0107a <\/p>\n<p>Poruka je preneta tokom ceremonije otvaranja Samita.<\/p>\n<p>U nastavku sledi poruka Predsednice Jahjaga:<\/p>\n<p>Po&#353;tovane Dame, <\/p>\n<p>Posebnim zadovoljstvom vam se obra\u0107am, vama hrabrim &#382;enama iz celoga sveta, skupljene ovde u ovu divnu konferenciju, sa odlu\u010dno&#353;\u0107u da delotvorno pokrenete izmene koje &#382;elite videti u va&#353;im dru&#353;tvima, izmene koje \u0107e oblikovati svet u kojem &#382;ivimo.<\/p>\n<p>&#381;elela sam biti zajedno sa vama danas, ali na&#382;alost, zbog dr&#382;avnih obaveza, nisam u stanju da danas budem sa vama. Ipak, &#382;elim vam poslati poruku podr&#353;ke u ime &#382;ena Kosova i uputiti vam moje srda\u010dne \u010destitke za misiju koju ste preduzimale radi slamanja prepreka i da bi ste &#382;enama u celom svetu pribli&#382;avale vi&#353;e mogu\u0107nosti.<\/p>\n<p>I u moju zemlju, u Republici Kosovo, se trudimo da &#382;enama pru&#382;imo vi&#353;e mogu\u0107nosti, zemlji koja je pro&#353;la kroz jedan te&#382;ak period njene istorije, jedan ratni period koji je ostavljao neizbrisive tragove u du&#353;u njenih gra\u0111ana.<\/p>\n<p>Jedna nasilna istorija koja je za sobom ostavila mnogo izgubljenih &#382;ivota i uni&#353;tenih porodica, period tokom kojeg su &#382;ene odigrale jednu vrlo va&#382;nu ulogu u pre&#382;ivljavanju institucije porodice, postaju\u0107i glava (vo\u0111a) porodice u izgradnji\u00a0\u00a0 budu\u0107nost svoje zemlje.<\/p>\n<p>&#381;ene su postale stub dr&#382;avnosti Kosova i danas su voditelji va&#382;nih procesa za zemlju. Ipak, mi jo&#353; uvek nastojimo da prevazilazimo prepreke rodova, da gradimo poverenje u &#382;ene, u polovini populacije zemlje, i da njih \u010dinimo integralnim delom svakog dru&#353;tvenog procesa.<\/p>\n<p>&#381;ene su temelj na&#353;ih dru&#353;tava, te s tog razloga, ukoliko &#382;elimo obezbediti ustrajan prosperitet i demokratiju potpunog smisla re\u010di, mi trebamo garantovati aktivno u\u010de&#353;\u0107e &#382;ene u postupku odlu\u010divanja u svim oblastima &#382;ivota. Investicije za &#382;ene jesu vizionarske investicije jedne zemlje, koja neposredno podsti\u010de ekonomski rast, socijalno blagostanje i demokratski razvoj svake dr&#382;ave.<\/p>\n<p>Ukoliko mi investiramo na ekonomsko ja\u010danje &#382;ene, mi istovremeno investiramo u pravcu ekonomskog razvoja, socijalnog i politi\u010dkog razvoja a tako\u0111e i u budu\u0107nost novih generacija.<\/p>\n<p>Kao &#353;to smo \u010desto puta \u010duli da se ka&#382;e, sada je potrebni momenat da se suo\u010dimo sa vekovnom nepravdom, nepravdom na&#353;e generacije za pru&#382;anje prava, slobode i ravnopravnih mogu\u0107nosti &#382;enama i devojkama.<\/p>\n<p>Mi trebamo garantovati i da se obezbedimo da na&#353;i ciljevi rodne ravnopravnosti budu integrirane u sve na&#353;e politike. Mi trebamo da osiguramo njihovu integraciju u ekonomski razvoj pru&#382;aju\u0107i im ravnopravan pristup u mogu\u0107nostima, kapitalu i kreditima. Mi trebamo razbiti strukturne i kulturne prepreke koje ometaju njihov doprinos razvoju zemlje.<\/p>\n<p>Na&#353;a je misija da spre\u010davamo svaki vid diskriminacije prema &#382;enama i devojkama, da slomimo bilo kakvu barijeru koja spre\u010dava &#353;kolovanje devojaka, i da spre\u010davamo socijalne i kulturne predrasude, menjanjem politike i prakse koje &#382;ene \u010dine marginalizovanom grupom u njihova dru&#353;tva. <\/p>\n<p>Imamo pred sobom jedan put ispunjen izazovima. Prepreke \u0107e nastaviti blokirati na&#353;e kretanje i osporavati na&#353; napredak, ali mi \u0107emo posti\u0107i uspeh u pravcu pretvaranja ja\u010danja &#382;ena u realnost, bilo gde, u svaku dr&#382;avu, svakom gradu i svako selo.<\/p>\n<p>Ostaje na nama, nad na&#353;om generacijom da nastavljamo prostirati ovaj put za budu\u0107u generaciju i onu posle nje, sve do onda kada vi&#353;e ne\u0107emo govoriti o prava &#382;ena i mu&#353;karaca, nego o mogu\u0107nostima za svakog \u010dlana dru&#353;tva, bez obzira na rod.<\/p>\n<p>Po&#353;tovanje dame, <\/p>\n<p>Nakon zavr&#353;etka ove konferencije vi \u0107ete biti osna&#382;ene. I dobi\u0107ete sredstva za ja\u010danje mnogih drugih &#382;ena u va&#353;oj zajednici pro&#353;irenjem va&#353;ih biznisa, ve\u0107im investiranjem na obrazovanje va&#353;e dece i rastanjem va&#353;ih devojaka i va&#353;ih de\u010daka kao ravnopravne. Jer vi ste agenti promena u va&#353;a dru&#353;tva.<\/p>\n<p>&#381;elim da \u010destitam organizatore ove divne konferencije &#382;ena koja dokazuje da su &#382;ene glavni pokreta\u010di ekonomskog razvoja, \u010dije rezultate prime\u0107ujemo svakog dana.<\/p>\n<p>Ova platforma ideja i vizija, najbolje prakse i vizije, mre&#382;a i partnerstva sa kojima &#382;ene prevazilaze granice i razlike, rigidne ideologije i uske politike, govore\u0107i jednoglasno, nudi jedan plan za pobolj&#353;anje &#382;ivota svakog od vas. I kao posledica vi \u0107ete imati uticaja na &#382;ivote mnogih drugih &#382;ena. Zato &#353;to su &#382;ene stubovi: svaka odluka koju one donose, jeste u korist blagostanja deteta, porodice, zajednice, dru&#353;tva i same dr&#382;ave. <\/p>\n<p>Ja sna&#382;no verujem da investicija za &#382;ene jeste fundamentalna za stavljanje u pokret socijalnih i ekonomskih promena\u00a0 za koje imamo potrebe kao globalno dru&#353;tvo. Ohrabrujemo vas da budete neustra&#353;ive i da verujete u va&#353;e sposobnosti transformiranja.<\/p>\n<p>Ja\u010danje &#382;ena treba da bude socijalni pokret 21. veka. To je pravda, to je mudrost i mi treba da delujemo u tom pravcu.<\/p>\n<p>Hvala vam.<\/p>\n","protected":false},"excerpt":{"rendered":"<p>Predsednica Republike Kosovo, gospo\u0111a Atifete Jahjaga je poslala video poruku pozdrava u\u010desnicima Kairskog Me\u0111unarodnog Samita za Ja\u010danje &#381;ene i Preduzetni&#353;tva i Me\u0111unarodnog Kongresa za Preduzetnike &#381;ene koji je po\u010deo sa radom 29. Aprila i traja\u0107e do 01.Maja.<\/p>\n","protected":false},"author":1,"featured_media":45684,"comment_status":"open","ping_status":"closed","sticky":false,"template":"","format":"standard","meta":{"_eb_attr":"","footnotes":""},"categories":[106],"tags":[],"class_list":["post-77931","post","type-post","status-publish","format-standard","has-post-thumbnail","hentry","category-govori"],"yoast_head":"<!-- This site is optimized with the Yoast SEO plugin v23.5 - https:\/\/yoast.com\/wordpress\/plugins\/seo\/ -->\n<title>Poruka Predsednice Jahjaga za u\u010desnice Kairskog Me\u0111unarodnog Samita za Ja\u010danje &#142;ene i Preduzetni&#154;tva - Predsednik Republike Kosovo - DR. VJOSA OSMANI - SADRIU<\/title>\n<meta name=\"description\" content=\"Poruka Predsednice Jahjaga za u\u010desnice Kairskog Me\u0111unarodnog Samita za Ja\u010danje &#142;ene i Preduzetni&#154;tva - Predsednik Republike Kosovo - DR. VJOSA OSMANI - SADRIU -\" \/>\n<meta name=\"robots\" content=\"index, follow, max-snippet:-1, max-image-preview:large, max-video-preview:-1\" \/>\n<link rel=\"canonical\" href=\"https:\/\/president-ksgov.net\/mesazhi-i-presidentes-jahjaga-per-pjesemarreset-e-samitit-nderkombetar-te-kajros-per-fuqizimin-e-gruas-dhe-ndermarresine-2\/\" \/>\n<meta property=\"og:locale\" content=\"sr_RS\" \/>\n<meta property=\"og:type\" content=\"article\" \/>\n<meta property=\"og:title\" content=\"Poruka Predsednice Jahjaga za u\u010desnice Kairskog Me\u0111unarodnog Samita za Ja\u010danje &#142;ene i Preduzetni&#154;tva - Predsednik Republike Kosovo - DR. VJOSA OSMANI - SADRIU\" \/>\n<meta property=\"og:description\" content=\"Poruka Predsednice Jahjaga za u\u010desnice Kairskog Me\u0111unarodnog Samita za Ja\u010danje &#142;ene i Preduzetni&#154;tva - Predsednik Republike Kosovo - DR. VJOSA OSMANI - SADRIU -\" \/>\n<meta property=\"og:url\" content=\"https:\/\/president-ksgov.net\/mesazhi-i-presidentes-jahjaga-per-pjesemarreset-e-samitit-nderkombetar-te-kajros-per-fuqizimin-e-gruas-dhe-ndermarresine-2\/\" \/>\n<meta property=\"og:site_name\" content=\"Predsednik Republike Kosovo - DR. VJOSA OSMANI - SADRIU\" \/>\n<meta property=\"article:published_time\" content=\"2014-04-30T17:48:47+00:00\" \/>\n<meta property=\"article:modified_time\" content=\"2023-03-08T09:03:11+00:00\" \/>\n<meta property=\"og:image\" content=\"https:\/\/president-ksgov.net\/wp-content\/uploads\/30_04_2014_9176417_presidentja_video_mesazhi.jpg\" \/>\n\t<meta property=\"og:image:width\" content=\"1156\" \/>\n\t<meta property=\"og:image:height\" content=\"921\" \/>\n\t<meta property=\"og:image:type\" content=\"image\/jpeg\" \/>\n<meta name=\"author\" content=\"admin\" \/>\n<meta name=\"twitter:card\" content=\"summary_large_image\" \/>\n<meta name=\"twitter:label1\" content=\"\u041d\u0430\u043f\u0438\u0441\u0430\u043d\u043e \u043e\u0434\" \/>\n\t<meta name=\"twitter:data1\" content=\"admin\" \/>\n\t<meta name=\"twitter:label2\" content=\"\u041f\u0440\u043e\u0446\u0435\u045a\u0435\u043d\u043e \u0432\u0440\u0435\u043c\u0435 \u0447\u0438\u0442\u0430\u045a\u0430\" \/>\n\t<meta name=\"twitter:data2\" content=\"4 \u043c\u0438\u043d\u0443\u0442\u0430\" \/>\n<script type=\"application\/ld+json\" class=\"yoast-schema-graph\">{\"@context\":\"https:\/\/schema.org\",\"@graph\":[{\"@type\":\"WebPage\",\"@id\":\"https:\/\/president-ksgov.net\/mesazhi-i-presidentes-jahjaga-per-pjesemarreset-e-samitit-nderkombetar-te-kajros-per-fuqizimin-e-gruas-dhe-ndermarresine-2\/\",\"url\":\"https:\/\/president-ksgov.net\/mesazhi-i-presidentes-jahjaga-per-pjesemarreset-e-samitit-nderkombetar-te-kajros-per-fuqizimin-e-gruas-dhe-ndermarresine-2\/\",\"name\":\"Poruka Predsednice Jahjaga za u\u010desnice Kairskog Me\u0111unarodnog Samita za Ja\u010danje &#142;ene i Preduzetni&#154;tva - Predsednik Republike Kosovo - DR. VJOSA OSMANI - SADRIU\",\"isPartOf\":{\"@id\":\"https:\/\/president-ksgov.net\/#website\"},\"primaryImageOfPage\":{\"@id\":\"https:\/\/president-ksgov.net\/mesazhi-i-presidentes-jahjaga-per-pjesemarreset-e-samitit-nderkombetar-te-kajros-per-fuqizimin-e-gruas-dhe-ndermarresine-2\/#primaryimage\"},\"image\":{\"@id\":\"https:\/\/president-ksgov.net\/mesazhi-i-presidentes-jahjaga-per-pjesemarreset-e-samitit-nderkombetar-te-kajros-per-fuqizimin-e-gruas-dhe-ndermarresine-2\/#primaryimage\"},\"thumbnailUrl\":\"https:\/\/president-ksgov.net\/wp-content\/uploads\/30_04_2014_9176417_presidentja_video_mesazhi.jpg\",\"datePublished\":\"2014-04-30T17:48:47+00:00\",\"dateModified\":\"2023-03-08T09:03:11+00:00\",\"author\":{\"@id\":\"https:\/\/president-ksgov.net\/#\/schema\/person\/bb4337a5fb147cb2046d80548172cbee\"},\"description\":\"Poruka Predsednice Jahjaga za u\u010desnice Kairskog Me\u0111unarodnog Samita za Ja\u010danje &#142;ene i Preduzetni&#154;tva - Predsednik Republike Kosovo - DR. VJOSA OSMANI - SADRIU -\",\"breadcrumb\":{\"@id\":\"https:\/\/president-ksgov.net\/mesazhi-i-presidentes-jahjaga-per-pjesemarreset-e-samitit-nderkombetar-te-kajros-per-fuqizimin-e-gruas-dhe-ndermarresine-2\/#breadcrumb\"},\"inLanguage\":\"sr-RS\",\"potentialAction\":[{\"@type\":\"ReadAction\",\"target\":[\"https:\/\/president-ksgov.net\/mesazhi-i-presidentes-jahjaga-per-pjesemarreset-e-samitit-nderkombetar-te-kajros-per-fuqizimin-e-gruas-dhe-ndermarresine-2\/\"]}]},{\"@type\":\"ImageObject\",\"inLanguage\":\"sr-RS\",\"@id\":\"https:\/\/president-ksgov.net\/mesazhi-i-presidentes-jahjaga-per-pjesemarreset-e-samitit-nderkombetar-te-kajros-per-fuqizimin-e-gruas-dhe-ndermarresine-2\/#primaryimage\",\"url\":\"https:\/\/president-ksgov.net\/wp-content\/uploads\/30_04_2014_9176417_presidentja_video_mesazhi.jpg\",\"contentUrl\":\"https:\/\/president-ksgov.net\/wp-content\/uploads\/30_04_2014_9176417_presidentja_video_mesazhi.jpg\",\"width\":1156,\"height\":921},{\"@type\":\"BreadcrumbList\",\"@id\":\"https:\/\/president-ksgov.net\/mesazhi-i-presidentes-jahjaga-per-pjesemarreset-e-samitit-nderkombetar-te-kajros-per-fuqizimin-e-gruas-dhe-ndermarresine-2\/#breadcrumb\",\"itemListElement\":[{\"@type\":\"ListItem\",\"position\":1,\"name\":\"Home\",\"item\":\"https:\/\/president-ksgov.net\/sr\/\"},{\"@type\":\"ListItem\",\"position\":2,\"name\":\"Poruka Predsednice Jahjaga za u\u010desnice Kairskog Me\u0111unarodnog Samita za Ja\u010danje &#142;ene i Preduzetni&#154;tva\"}]},{\"@type\":\"WebSite\",\"@id\":\"https:\/\/president-ksgov.net\/#website\",\"url\":\"https:\/\/president-ksgov.net\/\",\"name\":\"Presidente e Republik\u00ebs s\u00eb Kosov\u00ebs\",\"description\":\"Presidente e Republik\u00ebs s\u00eb Kosov\u00ebs\",\"alternateName\":\"DR. VJOSA OSMANI - SADRIU\",\"potentialAction\":[{\"@type\":\"SearchAction\",\"target\":{\"@type\":\"EntryPoint\",\"urlTemplate\":\"https:\/\/president-ksgov.net\/?s={search_term_string}\"},\"query-input\":{\"@type\":\"PropertyValueSpecification\",\"valueRequired\":true,\"valueName\":\"search_term_string\"}}],\"inLanguage\":\"sr-RS\"},{\"@type\":\"Person\",\"@id\":\"https:\/\/president-ksgov.net\/#\/schema\/person\/bb4337a5fb147cb2046d80548172cbee\",\"name\":\"admin\",\"image\":{\"@type\":\"ImageObject\",\"inLanguage\":\"sr-RS\",\"@id\":\"https:\/\/president-ksgov.net\/#\/schema\/person\/image\/\",\"url\":\"https:\/\/secure.gravatar.com\/avatar\/36156ca0fa3b8d9d25174f146e16beea0cf28f37adf1b9e19b6c9c279a7c9dd3?s=96&d=mm&r=g\",\"contentUrl\":\"https:\/\/secure.gravatar.com\/avatar\/36156ca0fa3b8d9d25174f146e16beea0cf28f37adf1b9e19b6c9c279a7c9dd3?s=96&d=mm&r=g\",\"caption\":\"admin\"},\"sameAs\":[\"https:\/\/president-ksgov.net\"]}]}<\/script>\n<!-- \/ Yoast SEO plugin. -->","yoast_head_json":{"title":"Poruka Predsednice Jahjaga za u\u010desnice Kairskog Me\u0111unarodnog Samita za Ja\u010danje &#142;ene i Preduzetni&#154;tva - Predsednik Republike Kosovo - DR. VJOSA OSMANI - SADRIU","description":"Poruka Predsednice Jahjaga za u\u010desnice Kairskog Me\u0111unarodnog Samita za Ja\u010danje &#142;ene i Preduzetni&#154;tva - Predsednik Republike Kosovo - DR. VJOSA OSMANI - SADRIU -","robots":{"index":"index","follow":"follow","max-snippet":"max-snippet:-1","max-image-preview":"max-image-preview:large","max-video-preview":"max-video-preview:-1"},"canonical":"https:\/\/president-ksgov.net\/mesazhi-i-presidentes-jahjaga-per-pjesemarreset-e-samitit-nderkombetar-te-kajros-per-fuqizimin-e-gruas-dhe-ndermarresine-2\/","og_locale":"sr_RS","og_type":"article","og_title":"Poruka Predsednice Jahjaga za u\u010desnice Kairskog Me\u0111unarodnog Samita za Ja\u010danje &#142;ene i Preduzetni&#154;tva - Predsednik Republike Kosovo - DR. VJOSA OSMANI - SADRIU","og_description":"Poruka Predsednice Jahjaga za u\u010desnice Kairskog Me\u0111unarodnog Samita za Ja\u010danje &#142;ene i Preduzetni&#154;tva - Predsednik Republike Kosovo - DR. VJOSA OSMANI - SADRIU -","og_url":"https:\/\/president-ksgov.net\/mesazhi-i-presidentes-jahjaga-per-pjesemarreset-e-samitit-nderkombetar-te-kajros-per-fuqizimin-e-gruas-dhe-ndermarresine-2\/","og_site_name":"Predsednik Republike Kosovo - DR. VJOSA OSMANI - SADRIU","article_published_time":"2014-04-30T17:48:47+00:00","article_modified_time":"2023-03-08T09:03:11+00:00","og_image":[{"width":1156,"height":921,"url":"https:\/\/president-ksgov.net\/wp-content\/uploads\/30_04_2014_9176417_presidentja_video_mesazhi.jpg","type":"image\/jpeg"}],"author":"admin","twitter_card":"summary_large_image","twitter_misc":{"\u041d\u0430\u043f\u0438\u0441\u0430\u043d\u043e \u043e\u0434":"admin","\u041f\u0440\u043e\u0446\u0435\u045a\u0435\u043d\u043e \u0432\u0440\u0435\u043c\u0435 \u0447\u0438\u0442\u0430\u045a\u0430":"4 \u043c\u0438\u043d\u0443\u0442\u0430"},"schema":{"@context":"https:\/\/schema.org","@graph":[{"@type":"WebPage","@id":"https:\/\/president-ksgov.net\/mesazhi-i-presidentes-jahjaga-per-pjesemarreset-e-samitit-nderkombetar-te-kajros-per-fuqizimin-e-gruas-dhe-ndermarresine-2\/","url":"https:\/\/president-ksgov.net\/mesazhi-i-presidentes-jahjaga-per-pjesemarreset-e-samitit-nderkombetar-te-kajros-per-fuqizimin-e-gruas-dhe-ndermarresine-2\/","name":"Poruka Predsednice Jahjaga za u\u010desnice Kairskog Me\u0111unarodnog Samita za Ja\u010danje &#142;ene i Preduzetni&#154;tva - Predsednik Republike Kosovo - DR. VJOSA OSMANI - SADRIU","isPartOf":{"@id":"https:\/\/president-ksgov.net\/#website"},"primaryImageOfPage":{"@id":"https:\/\/president-ksgov.net\/mesazhi-i-presidentes-jahjaga-per-pjesemarreset-e-samitit-nderkombetar-te-kajros-per-fuqizimin-e-gruas-dhe-ndermarresine-2\/#primaryimage"},"image":{"@id":"https:\/\/president-ksgov.net\/mesazhi-i-presidentes-jahjaga-per-pjesemarreset-e-samitit-nderkombetar-te-kajros-per-fuqizimin-e-gruas-dhe-ndermarresine-2\/#primaryimage"},"thumbnailUrl":"https:\/\/president-ksgov.net\/wp-content\/uploads\/30_04_2014_9176417_presidentja_video_mesazhi.jpg","datePublished":"2014-04-30T17:48:47+00:00","dateModified":"2023-03-08T09:03:11+00:00","author":{"@id":"https:\/\/president-ksgov.net\/#\/schema\/person\/bb4337a5fb147cb2046d80548172cbee"},"description":"Poruka Predsednice Jahjaga za u\u010desnice Kairskog Me\u0111unarodnog Samita za Ja\u010danje &#142;ene i Preduzetni&#154;tva - Predsednik Republike Kosovo - DR. VJOSA OSMANI - SADRIU -","breadcrumb":{"@id":"https:\/\/president-ksgov.net\/mesazhi-i-presidentes-jahjaga-per-pjesemarreset-e-samitit-nderkombetar-te-kajros-per-fuqizimin-e-gruas-dhe-ndermarresine-2\/#breadcrumb"},"inLanguage":"sr-RS","potentialAction":[{"@type":"ReadAction","target":["https:\/\/president-ksgov.net\/mesazhi-i-presidentes-jahjaga-per-pjesemarreset-e-samitit-nderkombetar-te-kajros-per-fuqizimin-e-gruas-dhe-ndermarresine-2\/"]}]},{"@type":"ImageObject","inLanguage":"sr-RS","@id":"https:\/\/president-ksgov.net\/mesazhi-i-presidentes-jahjaga-per-pjesemarreset-e-samitit-nderkombetar-te-kajros-per-fuqizimin-e-gruas-dhe-ndermarresine-2\/#primaryimage","url":"https:\/\/president-ksgov.net\/wp-content\/uploads\/30_04_2014_9176417_presidentja_video_mesazhi.jpg","contentUrl":"https:\/\/president-ksgov.net\/wp-content\/uploads\/30_04_2014_9176417_presidentja_video_mesazhi.jpg","width":1156,"height":921},{"@type":"BreadcrumbList","@id":"https:\/\/president-ksgov.net\/mesazhi-i-presidentes-jahjaga-per-pjesemarreset-e-samitit-nderkombetar-te-kajros-per-fuqizimin-e-gruas-dhe-ndermarresine-2\/#breadcrumb","itemListElement":[{"@type":"ListItem","position":1,"name":"Home","item":"https:\/\/president-ksgov.net\/sr\/"},{"@type":"ListItem","position":2,"name":"Poruka Predsednice Jahjaga za u\u010desnice Kairskog Me\u0111unarodnog Samita za Ja\u010danje &#142;ene i Preduzetni&#154;tva"}]},{"@type":"WebSite","@id":"https:\/\/president-ksgov.net\/#website","url":"https:\/\/president-ksgov.net\/","name":"Presidente e Republik\u00ebs s\u00eb Kosov\u00ebs","description":"Presidente e Republik\u00ebs s\u00eb Kosov\u00ebs","alternateName":"DR. VJOSA OSMANI - SADRIU","potentialAction":[{"@type":"SearchAction","target":{"@type":"EntryPoint","urlTemplate":"https:\/\/president-ksgov.net\/?s={search_term_string}"},"query-input":{"@type":"PropertyValueSpecification","valueRequired":true,"valueName":"search_term_string"}}],"inLanguage":"sr-RS"},{"@type":"Person","@id":"https:\/\/president-ksgov.net\/#\/schema\/person\/bb4337a5fb147cb2046d80548172cbee","name":"admin","image":{"@type":"ImageObject","inLanguage":"sr-RS","@id":"https:\/\/president-ksgov.net\/#\/schema\/person\/image\/","url":"https:\/\/secure.gravatar.com\/avatar\/36156ca0fa3b8d9d25174f146e16beea0cf28f37adf1b9e19b6c9c279a7c9dd3?s=96&d=mm&r=g","contentUrl":"https:\/\/secure.gravatar.com\/avatar\/36156ca0fa3b8d9d25174f146e16beea0cf28f37adf1b9e19b6c9c279a7c9dd3?s=96&d=mm&r=g","caption":"admin"},"sameAs":["https:\/\/president-ksgov.net"]}]}},"_links":{"self":[{"href":"https:\/\/president-ksgov.net\/sr\/wp-json\/wp\/v2\/posts\/77931","targetHints":{"allow":["GET"]}}],"collection":[{"href":"https:\/\/president-ksgov.net\/sr\/wp-json\/wp\/v2\/posts"}],"about":[{"href":"https:\/\/president-ksgov.net\/sr\/wp-json\/wp\/v2\/types\/post"}],"author":[{"embeddable":true,"href":"https:\/\/president-ksgov.net\/sr\/wp-json\/wp\/v2\/users\/1"}],"replies":[{"embeddable":true,"href":"https:\/\/president-ksgov.net\/sr\/wp-json\/wp\/v2\/comments?post=77931"}],"version-history":[{"count":1,"href":"https:\/\/president-ksgov.net\/sr\/wp-json\/wp\/v2\/posts\/77931\/revisions"}],"predecessor-version":[{"id":81680,"href":"https:\/\/president-ksgov.net\/sr\/wp-json\/wp\/v2\/posts\/77931\/revisions\/81680"}],"wp:featuredmedia":[{"embeddable":true,"href":"https:\/\/president-ksgov.net\/sr\/wp-json\/wp\/v2\/media\/45684"}],"wp:attachment":[{"href":"https:\/\/president-ksgov.net\/sr\/wp-json\/wp\/v2\/media?parent=77931"}],"wp:term":[{"taxonomy":"category","embeddable":true,"href":"https:\/\/president-ksgov.net\/sr\/wp-json\/wp\/v2\/categories?post=77931"},{"taxonomy":"post_tag","embeddable":true,"href":"https:\/\/president-ksgov.net\/sr\/wp-json\/wp\/v2\/tags?post=77931"}],"curies":[{"name":"wp","href":"https:\/\/api.w.org\/{rel}","templated":true}]}}