{"id":77922,"date":"2014-05-06T13:35:44","date_gmt":"2014-05-06T13:35:44","guid":{"rendered":"https:\/\/dev.president-ksgov.net\/govor-predsednice-jahjaga-na-sedmom-sastanku-nacionalnog-saveta-za-evropsku-integraciju\/"},"modified":"2023-03-08T09:03:11","modified_gmt":"2023-03-08T09:03:11","slug":"govor-predsednice-jahjaga-na-sedmom-sastanku-nacionalnog-saveta-za-evropsku-integraciju","status":"publish","type":"post","link":"https:\/\/president-ksgov.net\/sr\/govor-predsednice-jahjaga-na-sedmom-sastanku-nacionalnog-saveta-za-evropsku-integraciju\/","title":{"rendered":"Govor Predsednice Jahjaga na sedmom sastanku Nacionalnog Saveta za Evropsku Integraciju"},"content":{"rendered":"<p>Po&#353;tovani rukovodioci institucija Republike Kosovo, rukovodioci politi\u010dkih partija, predstavnici me\u0111unarodnih misija na Kosovu i predstavnici civilnog dru&#353;tva.<\/p>\n<p>Po&#353;tovani rukovodioci institucija Republike Kosovo, rukovodioci politi\u010dkih partija, predstavnici me\u0111unarodnih misija na Kosovu i predstavnici civilnog dru&#353;tva.<br \/>\n\u00a0<br \/>\nPo&#353;tovanki g. Fule,<br \/>\n\u00a0<br \/>\n&#381;elim vam dobrodo&#353;licu na sedmom sastanku Nacionalnog Saveta za Evropske Integracije.<br \/>\n\u00a0<br \/>\nDve godine ranije, u ovom Savetu smo \u010dinili prvi slu&#382;beni korak u procesu integracije Kosova u Evropu Zajednicu, lansiraju\u0107i zajedno studiju fizibiliteta za Sporazum o Stabilizaciji i Asociranju. Danas imam zadovoljstvo da u ime Saveta pozdravljam okon\u010danje pregovora za SSA pro&#353;le sedmice izme\u0111u Republike Kosovo i Evropske Zajednice. O\u010dekujemo da potpisivanje ovog sporazuma u\u010dinimo &#353;to pre.<br \/>\n\u00a0<br \/>\nOvaj prvi korak uspostavljanja kontraktualnih odnosa bele&#382;i jedno novo poglavlje u odnosima Kosova sa Evropskom Zajednicom. Ovaj napredak je rezultat &#353;ireg dru&#353;tvenog i politi\u010dkog konsenzusa na Kosovu koji u&#382;iva na&#353;a evropska agenda. Mi smo oja\u010dali ovaj konsenzus \u010dine\u0107i evropsku agendu jednim sveobuhvatnim projektom i op&#353;te dru&#353;tveno nastojanje.<br \/>\n\u00a0<br \/>\nZavr&#353;etak pregovora treba da nam slu&#382;i kao osnova na kojoj gradimo na&#353;e daljnje kretanje. \u010clanstvo u Evropsku Zajednicu nastavlja biti jedina opcija koja \u0107e podsticati transformaciju i razvoj zemalja regiona. Momenat procesa pro&#353;irenja Evropske Zajednice i politike otvorenih vrata za Zapadni Balkan treba da se unapredi, i za ovaj poduhvat treba volja obeju strana.<br \/>\n\u00a0<br \/>\nRekla sam da Kosovo ne tra&#382;i jedan kratak put za EZ-e. Mi &#382;elimo da ovaj proces bude odr&#382;iv i ustrajan, u istoj liniji sa evropskom perspektivom zemalja regiona, zasnovan na zasluge i u jedan individualni proces za svaku dr&#382;avu.<br \/>\n\u00a0<br \/>\nMi tra&#382;imo da imamo jedno pove\u0107ano nastojanje i ja\u010danje dijaloga za vize, koje ima za cilj &#353;to br&#382;e ispunjavanje kriterija utvr\u0111enih u Putokazu. Gra\u0111ani Kosova, a naro\u010dito mladi zaslu&#382;uju da ostvare Evropsku\u00a0 perspektivu kao i ostali gra\u0111ani regiona. Kosovo i njeni gra\u0111ani ne ugro&#382;avaju nikoga.<br \/>\n\u00a0<br \/>\nU na&#353;em daljnjem kretanju mi tra&#382;imo ravnopravno tretiranje, jer smo pokazali politi\u010dku zrelost i hrabro odlu\u010divanje u korist mira i prosperiteta Kosova i regije.<br \/>\n\u00a0<br \/>\nNa&#353;li smo politi\u010dku volju za adresiranje pitanja od zajedni\u010dkog interesa sa zemljom sa kojom delimo jednu stra&#382;nu pro&#353;lost, i smatramo da dr&#382;ave Evropske Zajednice, posebno one koje jo&#353; ne priznaju Kosovo, pokazuju jedan isti pragmatizam za jednu ve\u0107 nepobitnu realnost.<br \/>\n\u00a0<br \/>\nPo&#353;tovani \u010dlanovi Saveta,<br \/>\n\u00a0<br \/>\nU izazovima i zadacima koje imamo pred sobom, na&#353;a jasna misija jeste anga&#382;ovanje za jedan ustrajan ekonomski razvoj zemlje. Ovo &#382;ele i zaslu&#382;uju na&#353;i gra\u0111ani.<br \/>\n\u00a0<br \/>\nOhrabreni smo sa zadnjom Strategijom Pro&#353;irenja EZ-e za pomo\u0107 zemljama Balkana u ekonomskim prioritetima i podsticanje inostranih\u00a0 investicija. Potreban je jedan sveobuhvatni pristup za jednu kredibilnu agendu reformi za ekonomski rast, podr&#353;ku biznisa, i stvaranje novih radnih mesta. Ostajem posve\u0107ena raditi sa svim institucijama i sa privatnim sektorom da bi se pomoglo i promovirali uslovi za jedan &#353;to bolji i bezbedniji ambijent za inostrane investicije.<br \/>\n\u00a0<br \/>\nAli, \u010dvor na&#353;eg napretka kao dr&#382;ave i kao dru&#353;tvo jeste vladanje zakona. Mi \u0107emo biti uspe&#353;ni ukoliko se ozbiljno latimo reformama i ukoliko smo bezkompromisni prema svim negativnim pojavama, koje usporavaju razvoj zemlje. Po&#353;tovanje i vladanje zakona i borba protiv organizovanog kriminala i korupcije jeste bitno da bismo imali uspeha na ovom putu. Onako kao &#353;to je zapo\u010deta reforma u pravnom sistemu, koje ima za cilj stvaranje jedne nezavisne i efikasne pravde.<br \/>\n\u00a0<br \/>\nMi \u0107emo nastaviti biti faktor mira i stabilnosti u regionu i promoteri dobrosusednih odnosa. Ostajemo posve\u0107eni za dijalog sa Republikom Srbijom, kao jedini na\u010din za ponovni po\u010detak na&#353;ih odnosa kao ravnopravne strane. Postignuti sporazumi u ovom dijalogu treba da se sprovedu i njihovo sprovo\u0111enje treba da bude odlu\u010duju\u0107i uslov kretanja ka EZ-e.<br \/>\n\u00a0<br \/>\nOva godina jeste izborna godina na Kosovu. Budu\u0107i parlamentarni izbori trebaju dokazati na&#353;u politi\u010dku i demokratsku zrelost te visok standard koji smo uspostavili u zadnjim lokalnim izborima. Po&#353;teni i sveobuhvatni izbori, koji dokazuju da smo mi jedna dr&#382;ava izgra\u0111ena na gra\u0111anskim na\u010delima \u0107e poja\u010dati jo&#353; vi&#353;e na&#353;a nastojanja u kretanju ka evropskoj integraciji.<br \/>\n\u00a0<br \/>\nDanas, na ovom sastanku Saveta, zadovoljstvo nam je da je prisutan i Komisioner za Pro&#353;irenje Evropske Zajednice, gospodin &#352;tefan Fule, da bi ocenio procese koje smo pro&#353;li zajedno u daljnjem putu ka EZ-e. &#381;elim da se zahvaljim Komisioneru Fule za stalan doprinos i podr&#353;ku za unapre\u0111enje evropske agende i pribli&#382;avanja Republike Kosovo ka Evropskoj Zajednici.<br \/>\n\u00a0<br \/>\nPozivam vas da putem diskusije ocenimo izazove i obaveze koje nas o\u010dekuju u budu\u0107e.<br \/>\n\u00a0<br \/>\nHvala vam!<\/p>\n","protected":false},"excerpt":{"rendered":"<p>Po&#353;tovani rukovodioci institucija Republike Kosovo, rukovodioci politi\u010dkih partija, predstavnici me\u0111unarodnih misija na Kosovu i predstavnici civilnog dru&#353;tva.<\/p>\n","protected":false},"author":1,"featured_media":45561,"comment_status":"open","ping_status":"closed","sticky":false,"template":"","format":"standard","meta":{"_eb_attr":"","footnotes":""},"categories":[106],"tags":[],"class_list":["post-77922","post","type-post","status-publish","format-standard","has-post-thumbnail","hentry","category-govori"],"yoast_head":"<!-- This site is optimized with the Yoast SEO plugin v23.5 - https:\/\/yoast.com\/wordpress\/plugins\/seo\/ -->\n<title>Govor Predsednice Jahjaga na sedmom sastanku Nacionalnog Saveta za Evropsku Integraciju - Predsednik Republike Kosovo - DR. VJOSA OSMANI - SADRIU<\/title>\n<meta name=\"description\" content=\"Govor Predsednice Jahjaga na sedmom sastanku Nacionalnog Saveta za Evropsku Integraciju - Predsednik Republike Kosovo - DR. VJOSA OSMANI - SADRIU -\" \/>\n<meta name=\"robots\" content=\"index, follow, max-snippet:-1, max-image-preview:large, max-video-preview:-1\" \/>\n<link rel=\"canonical\" href=\"https:\/\/president-ksgov.net\/fjalimi-i-presidentes-jahjaga-ne-takimin-e-shtate-te-keshillit-kombetar-per-integrim-evropian\/\" \/>\n<meta property=\"og:locale\" content=\"sr_RS\" \/>\n<meta property=\"og:type\" content=\"article\" \/>\n<meta property=\"og:title\" content=\"Govor Predsednice Jahjaga na sedmom sastanku Nacionalnog Saveta za Evropsku Integraciju - Predsednik Republike Kosovo - DR. VJOSA OSMANI - SADRIU\" \/>\n<meta property=\"og:description\" content=\"Govor Predsednice Jahjaga na sedmom sastanku Nacionalnog Saveta za Evropsku Integraciju - Predsednik Republike Kosovo - DR. VJOSA OSMANI - SADRIU -\" \/>\n<meta property=\"og:url\" content=\"https:\/\/president-ksgov.net\/fjalimi-i-presidentes-jahjaga-ne-takimin-e-shtate-te-keshillit-kombetar-per-integrim-evropian\/\" \/>\n<meta property=\"og:site_name\" content=\"Predsednik Republike Kosovo - DR. VJOSA OSMANI - SADRIU\" \/>\n<meta property=\"article:published_time\" content=\"2014-05-06T13:35:44+00:00\" \/>\n<meta property=\"article:modified_time\" content=\"2023-03-08T09:03:11+00:00\" \/>\n<meta property=\"og:image\" content=\"https:\/\/president-ksgov.net\/wp-content\/uploads\/06_05_2014_2482331_06_05_2014Keshilli_per_Integrim_Evropian_1.jpg\" \/>\n\t<meta property=\"og:image:width\" content=\"1024\" \/>\n\t<meta property=\"og:image:height\" content=\"683\" \/>\n\t<meta property=\"og:image:type\" content=\"image\/jpeg\" \/>\n<meta name=\"author\" content=\"admin\" \/>\n<meta name=\"twitter:card\" content=\"summary_large_image\" \/>\n<meta name=\"twitter:label1\" content=\"\u041d\u0430\u043f\u0438\u0441\u0430\u043d\u043e \u043e\u0434\" \/>\n\t<meta name=\"twitter:data1\" content=\"admin\" \/>\n\t<meta name=\"twitter:label2\" content=\"\u041f\u0440\u043e\u0446\u0435\u045a\u0435\u043d\u043e \u0432\u0440\u0435\u043c\u0435 \u0447\u0438\u0442\u0430\u045a\u0430\" \/>\n\t<meta name=\"twitter:data2\" content=\"4 \u043c\u0438\u043d\u0443\u0442\u0430\" \/>\n<script type=\"application\/ld+json\" class=\"yoast-schema-graph\">{\"@context\":\"https:\/\/schema.org\",\"@graph\":[{\"@type\":\"WebPage\",\"@id\":\"https:\/\/president-ksgov.net\/fjalimi-i-presidentes-jahjaga-ne-takimin-e-shtate-te-keshillit-kombetar-per-integrim-evropian\/\",\"url\":\"https:\/\/president-ksgov.net\/fjalimi-i-presidentes-jahjaga-ne-takimin-e-shtate-te-keshillit-kombetar-per-integrim-evropian\/\",\"name\":\"Govor Predsednice Jahjaga na sedmom sastanku Nacionalnog Saveta za Evropsku Integraciju - Predsednik Republike Kosovo - DR. VJOSA OSMANI - SADRIU\",\"isPartOf\":{\"@id\":\"https:\/\/president-ksgov.net\/#website\"},\"primaryImageOfPage\":{\"@id\":\"https:\/\/president-ksgov.net\/fjalimi-i-presidentes-jahjaga-ne-takimin-e-shtate-te-keshillit-kombetar-per-integrim-evropian\/#primaryimage\"},\"image\":{\"@id\":\"https:\/\/president-ksgov.net\/fjalimi-i-presidentes-jahjaga-ne-takimin-e-shtate-te-keshillit-kombetar-per-integrim-evropian\/#primaryimage\"},\"thumbnailUrl\":\"https:\/\/president-ksgov.net\/wp-content\/uploads\/06_05_2014_2482331_06_05_2014Keshilli_per_Integrim_Evropian_1.jpg\",\"datePublished\":\"2014-05-06T13:35:44+00:00\",\"dateModified\":\"2023-03-08T09:03:11+00:00\",\"author\":{\"@id\":\"https:\/\/president-ksgov.net\/#\/schema\/person\/bb4337a5fb147cb2046d80548172cbee\"},\"description\":\"Govor Predsednice Jahjaga na sedmom sastanku Nacionalnog Saveta za Evropsku Integraciju - Predsednik Republike Kosovo - DR. VJOSA OSMANI - SADRIU -\",\"breadcrumb\":{\"@id\":\"https:\/\/president-ksgov.net\/fjalimi-i-presidentes-jahjaga-ne-takimin-e-shtate-te-keshillit-kombetar-per-integrim-evropian\/#breadcrumb\"},\"inLanguage\":\"sr-RS\",\"potentialAction\":[{\"@type\":\"ReadAction\",\"target\":[\"https:\/\/president-ksgov.net\/fjalimi-i-presidentes-jahjaga-ne-takimin-e-shtate-te-keshillit-kombetar-per-integrim-evropian\/\"]}]},{\"@type\":\"ImageObject\",\"inLanguage\":\"sr-RS\",\"@id\":\"https:\/\/president-ksgov.net\/fjalimi-i-presidentes-jahjaga-ne-takimin-e-shtate-te-keshillit-kombetar-per-integrim-evropian\/#primaryimage\",\"url\":\"https:\/\/president-ksgov.net\/wp-content\/uploads\/06_05_2014_2482331_06_05_2014Keshilli_per_Integrim_Evropian_1.jpg\",\"contentUrl\":\"https:\/\/president-ksgov.net\/wp-content\/uploads\/06_05_2014_2482331_06_05_2014Keshilli_per_Integrim_Evropian_1.jpg\",\"width\":1024,\"height\":683},{\"@type\":\"BreadcrumbList\",\"@id\":\"https:\/\/president-ksgov.net\/fjalimi-i-presidentes-jahjaga-ne-takimin-e-shtate-te-keshillit-kombetar-per-integrim-evropian\/#breadcrumb\",\"itemListElement\":[{\"@type\":\"ListItem\",\"position\":1,\"name\":\"Home\",\"item\":\"https:\/\/president-ksgov.net\/sr\/\"},{\"@type\":\"ListItem\",\"position\":2,\"name\":\"Govor Predsednice Jahjaga na sedmom sastanku Nacionalnog Saveta za Evropsku Integraciju\"}]},{\"@type\":\"WebSite\",\"@id\":\"https:\/\/president-ksgov.net\/#website\",\"url\":\"https:\/\/president-ksgov.net\/\",\"name\":\"Presidente e Republik\u00ebs s\u00eb Kosov\u00ebs\",\"description\":\"Presidente e Republik\u00ebs s\u00eb Kosov\u00ebs\",\"alternateName\":\"DR. VJOSA OSMANI - SADRIU\",\"potentialAction\":[{\"@type\":\"SearchAction\",\"target\":{\"@type\":\"EntryPoint\",\"urlTemplate\":\"https:\/\/president-ksgov.net\/?s={search_term_string}\"},\"query-input\":{\"@type\":\"PropertyValueSpecification\",\"valueRequired\":true,\"valueName\":\"search_term_string\"}}],\"inLanguage\":\"sr-RS\"},{\"@type\":\"Person\",\"@id\":\"https:\/\/president-ksgov.net\/#\/schema\/person\/bb4337a5fb147cb2046d80548172cbee\",\"name\":\"admin\",\"image\":{\"@type\":\"ImageObject\",\"inLanguage\":\"sr-RS\",\"@id\":\"https:\/\/president-ksgov.net\/#\/schema\/person\/image\/\",\"url\":\"https:\/\/secure.gravatar.com\/avatar\/36156ca0fa3b8d9d25174f146e16beea0cf28f37adf1b9e19b6c9c279a7c9dd3?s=96&d=mm&r=g\",\"contentUrl\":\"https:\/\/secure.gravatar.com\/avatar\/36156ca0fa3b8d9d25174f146e16beea0cf28f37adf1b9e19b6c9c279a7c9dd3?s=96&d=mm&r=g\",\"caption\":\"admin\"},\"sameAs\":[\"https:\/\/president-ksgov.net\"]}]}<\/script>\n<!-- \/ Yoast SEO plugin. -->","yoast_head_json":{"title":"Govor Predsednice Jahjaga na sedmom sastanku Nacionalnog Saveta za Evropsku Integraciju - Predsednik Republike Kosovo - DR. VJOSA OSMANI - SADRIU","description":"Govor Predsednice Jahjaga na sedmom sastanku Nacionalnog Saveta za Evropsku Integraciju - Predsednik Republike Kosovo - DR. VJOSA OSMANI - SADRIU -","robots":{"index":"index","follow":"follow","max-snippet":"max-snippet:-1","max-image-preview":"max-image-preview:large","max-video-preview":"max-video-preview:-1"},"canonical":"https:\/\/president-ksgov.net\/fjalimi-i-presidentes-jahjaga-ne-takimin-e-shtate-te-keshillit-kombetar-per-integrim-evropian\/","og_locale":"sr_RS","og_type":"article","og_title":"Govor Predsednice Jahjaga na sedmom sastanku Nacionalnog Saveta za Evropsku Integraciju - Predsednik Republike Kosovo - DR. VJOSA OSMANI - SADRIU","og_description":"Govor Predsednice Jahjaga na sedmom sastanku Nacionalnog Saveta za Evropsku Integraciju - Predsednik Republike Kosovo - DR. VJOSA OSMANI - SADRIU -","og_url":"https:\/\/president-ksgov.net\/fjalimi-i-presidentes-jahjaga-ne-takimin-e-shtate-te-keshillit-kombetar-per-integrim-evropian\/","og_site_name":"Predsednik Republike Kosovo - DR. VJOSA OSMANI - SADRIU","article_published_time":"2014-05-06T13:35:44+00:00","article_modified_time":"2023-03-08T09:03:11+00:00","og_image":[{"width":1024,"height":683,"url":"https:\/\/president-ksgov.net\/wp-content\/uploads\/06_05_2014_2482331_06_05_2014Keshilli_per_Integrim_Evropian_1.jpg","type":"image\/jpeg"}],"author":"admin","twitter_card":"summary_large_image","twitter_misc":{"\u041d\u0430\u043f\u0438\u0441\u0430\u043d\u043e \u043e\u0434":"admin","\u041f\u0440\u043e\u0446\u0435\u045a\u0435\u043d\u043e \u0432\u0440\u0435\u043c\u0435 \u0447\u0438\u0442\u0430\u045a\u0430":"4 \u043c\u0438\u043d\u0443\u0442\u0430"},"schema":{"@context":"https:\/\/schema.org","@graph":[{"@type":"WebPage","@id":"https:\/\/president-ksgov.net\/fjalimi-i-presidentes-jahjaga-ne-takimin-e-shtate-te-keshillit-kombetar-per-integrim-evropian\/","url":"https:\/\/president-ksgov.net\/fjalimi-i-presidentes-jahjaga-ne-takimin-e-shtate-te-keshillit-kombetar-per-integrim-evropian\/","name":"Govor Predsednice Jahjaga na sedmom sastanku Nacionalnog Saveta za Evropsku Integraciju - Predsednik Republike Kosovo - DR. VJOSA OSMANI - SADRIU","isPartOf":{"@id":"https:\/\/president-ksgov.net\/#website"},"primaryImageOfPage":{"@id":"https:\/\/president-ksgov.net\/fjalimi-i-presidentes-jahjaga-ne-takimin-e-shtate-te-keshillit-kombetar-per-integrim-evropian\/#primaryimage"},"image":{"@id":"https:\/\/president-ksgov.net\/fjalimi-i-presidentes-jahjaga-ne-takimin-e-shtate-te-keshillit-kombetar-per-integrim-evropian\/#primaryimage"},"thumbnailUrl":"https:\/\/president-ksgov.net\/wp-content\/uploads\/06_05_2014_2482331_06_05_2014Keshilli_per_Integrim_Evropian_1.jpg","datePublished":"2014-05-06T13:35:44+00:00","dateModified":"2023-03-08T09:03:11+00:00","author":{"@id":"https:\/\/president-ksgov.net\/#\/schema\/person\/bb4337a5fb147cb2046d80548172cbee"},"description":"Govor Predsednice Jahjaga na sedmom sastanku Nacionalnog Saveta za Evropsku Integraciju - Predsednik Republike Kosovo - DR. VJOSA OSMANI - SADRIU -","breadcrumb":{"@id":"https:\/\/president-ksgov.net\/fjalimi-i-presidentes-jahjaga-ne-takimin-e-shtate-te-keshillit-kombetar-per-integrim-evropian\/#breadcrumb"},"inLanguage":"sr-RS","potentialAction":[{"@type":"ReadAction","target":["https:\/\/president-ksgov.net\/fjalimi-i-presidentes-jahjaga-ne-takimin-e-shtate-te-keshillit-kombetar-per-integrim-evropian\/"]}]},{"@type":"ImageObject","inLanguage":"sr-RS","@id":"https:\/\/president-ksgov.net\/fjalimi-i-presidentes-jahjaga-ne-takimin-e-shtate-te-keshillit-kombetar-per-integrim-evropian\/#primaryimage","url":"https:\/\/president-ksgov.net\/wp-content\/uploads\/06_05_2014_2482331_06_05_2014Keshilli_per_Integrim_Evropian_1.jpg","contentUrl":"https:\/\/president-ksgov.net\/wp-content\/uploads\/06_05_2014_2482331_06_05_2014Keshilli_per_Integrim_Evropian_1.jpg","width":1024,"height":683},{"@type":"BreadcrumbList","@id":"https:\/\/president-ksgov.net\/fjalimi-i-presidentes-jahjaga-ne-takimin-e-shtate-te-keshillit-kombetar-per-integrim-evropian\/#breadcrumb","itemListElement":[{"@type":"ListItem","position":1,"name":"Home","item":"https:\/\/president-ksgov.net\/sr\/"},{"@type":"ListItem","position":2,"name":"Govor Predsednice Jahjaga na sedmom sastanku Nacionalnog Saveta za Evropsku Integraciju"}]},{"@type":"WebSite","@id":"https:\/\/president-ksgov.net\/#website","url":"https:\/\/president-ksgov.net\/","name":"Presidente e Republik\u00ebs s\u00eb Kosov\u00ebs","description":"Presidente e Republik\u00ebs s\u00eb Kosov\u00ebs","alternateName":"DR. VJOSA OSMANI - SADRIU","potentialAction":[{"@type":"SearchAction","target":{"@type":"EntryPoint","urlTemplate":"https:\/\/president-ksgov.net\/?s={search_term_string}"},"query-input":{"@type":"PropertyValueSpecification","valueRequired":true,"valueName":"search_term_string"}}],"inLanguage":"sr-RS"},{"@type":"Person","@id":"https:\/\/president-ksgov.net\/#\/schema\/person\/bb4337a5fb147cb2046d80548172cbee","name":"admin","image":{"@type":"ImageObject","inLanguage":"sr-RS","@id":"https:\/\/president-ksgov.net\/#\/schema\/person\/image\/","url":"https:\/\/secure.gravatar.com\/avatar\/36156ca0fa3b8d9d25174f146e16beea0cf28f37adf1b9e19b6c9c279a7c9dd3?s=96&d=mm&r=g","contentUrl":"https:\/\/secure.gravatar.com\/avatar\/36156ca0fa3b8d9d25174f146e16beea0cf28f37adf1b9e19b6c9c279a7c9dd3?s=96&d=mm&r=g","caption":"admin"},"sameAs":["https:\/\/president-ksgov.net"]}]}},"_links":{"self":[{"href":"https:\/\/president-ksgov.net\/sr\/wp-json\/wp\/v2\/posts\/77922","targetHints":{"allow":["GET"]}}],"collection":[{"href":"https:\/\/president-ksgov.net\/sr\/wp-json\/wp\/v2\/posts"}],"about":[{"href":"https:\/\/president-ksgov.net\/sr\/wp-json\/wp\/v2\/types\/post"}],"author":[{"embeddable":true,"href":"https:\/\/president-ksgov.net\/sr\/wp-json\/wp\/v2\/users\/1"}],"replies":[{"embeddable":true,"href":"https:\/\/president-ksgov.net\/sr\/wp-json\/wp\/v2\/comments?post=77922"}],"version-history":[{"count":1,"href":"https:\/\/president-ksgov.net\/sr\/wp-json\/wp\/v2\/posts\/77922\/revisions"}],"predecessor-version":[{"id":81679,"href":"https:\/\/president-ksgov.net\/sr\/wp-json\/wp\/v2\/posts\/77922\/revisions\/81679"}],"wp:featuredmedia":[{"embeddable":true,"href":"https:\/\/president-ksgov.net\/sr\/wp-json\/wp\/v2\/media\/45561"}],"wp:attachment":[{"href":"https:\/\/president-ksgov.net\/sr\/wp-json\/wp\/v2\/media?parent=77922"}],"wp:term":[{"taxonomy":"category","embeddable":true,"href":"https:\/\/president-ksgov.net\/sr\/wp-json\/wp\/v2\/categories?post=77922"},{"taxonomy":"post_tag","embeddable":true,"href":"https:\/\/president-ksgov.net\/sr\/wp-json\/wp\/v2\/tags?post=77922"}],"curies":[{"name":"wp","href":"https:\/\/api.w.org\/{rel}","templated":true}]}}