{"id":77900,"date":"2014-05-16T11:19:29","date_gmt":"2014-05-16T11:19:29","guid":{"rendered":"https:\/\/dev.president-ksgov.net\/govor-predsednice-jahjaga-na-otvaranju-dana-malog-biznisa-u-kosovo\/"},"modified":"2023-03-08T09:03:11","modified_gmt":"2023-03-08T09:03:11","slug":"govor-predsednice-jahjaga-na-otvaranju-dana-malog-biznisa-u-kosovo","status":"publish","type":"post","link":"https:\/\/president-ksgov.net\/sr\/govor-predsednice-jahjaga-na-otvaranju-dana-malog-biznisa-u-kosovo\/","title":{"rendered":"Govor Predsednice Jahjaga na otvaranju Dana Malog Biznisa u Kosovo"},"content":{"rendered":"<p>Drago mije biti me\u0111u vama za po\u010detak manifestacije Dani Malog Biznisa u Kosovo, obele&#382;avanjem va&#382;nih doga\u0111aja, dodele nagrada za najuspe&#353;nije &#382;ene u preduzetni&#353;tvo.<\/p>\n<p>Ovaj doga\u0111aj, pretvoren ve\u0107 u tradiciju svake godine, dokazuje posve\u0107enje i na&#353;u ozbiljnost kao dru&#353;tvo za garantovanje aktivnog u\u010de&#353;\u0107a devojaka i &#382;ena u svakoj oblasti &#382;ivota, cene\u0107i to kao neodvojiv deo za postizanje ekonomske ustrajnosti, dru&#353;tvenog progresa i ispunjavanje demokratskih na\u010dela.<br \/>\n\u00a0<br \/>\nMinistarstvo Trgovine i Industrije je odigralo va&#382;nu ulogu stalnom podr&#353;kom koju je dala i nastavlja dati promociji Preduzetni&#353;tva &#382;ena putem njenih programa, grade\u0107i jedan sveobuhvatni pristup i pru&#382;aju\u0107i &#382;enama i devojkama mogu\u0107nost za ispunjavanje njihovih snova i talenta koji one imaju.<br \/>\n\u00a0<br \/>\n&#381;elim visoko ceniti ulogu &#381;enske Privredne Komore Kosova, \u010dije osnivanje je imalo za cilj pru&#382;anje ve\u0107ih mogu\u0107nosti za &#382;ene i devojke, za pru&#382;anje jedne ruke od &#382;ena biznisa za &#382;ene biznisa. Nadam se da rad ove institucije ispunjava svoju misiju jo&#353; ja\u010de u budu\u0107e, pro&#353;irenjem svog prisustva i usluge koje nudi, postaju\u0107i na taj na\u010din jedan dostojan partner promocije biznisa &#382;ena.<br \/>\n\u00a0<br \/>\n\u010cesto sam rekla da investiranje za &#382;enu jeste investicija u viziji jedne zemlje i u nasledstvo koje &#382;elimo ostaviti budu\u0107im generacijama. Mi smo se opredelili da sna&#382;no kre\u0107emo u pravcu budu\u0107nosti, s toga i na&#353;e politike trebaju odra&#382;avati ovu orjentaciju, svladavanjem strukturalnih i kulturnih prepreka koje ometaju &#382;ene da daju svoj doprinos za razvoj zemlje.<br \/>\n\u00a0<br \/>\nSna&#382;no verujem da investicija za &#382;enu jeste bitno za ostvarivanje dru&#353;tvenih i ekonomskih promena za koje imamo potrebe kao dru&#353;tvo, ne samo u Kosovo nego u celom svetu.<br \/>\n\u00a0<br \/>\nUstrajan i odr&#382;iv razvoj \u0107emo posti\u0107i samo onda kada budemo pru&#382;ili ravnopravne mogu\u0107nosti devojkama i momcima, mu&#353;karcima i &#382;enama. Onda kada budemo smatrali pitanje rodne ravnopravnosti nedeljivim od na&#353;eg cilja za postizanje ekonomskog i socijalnog blagostanja, i demokratskog dru&#353;tva.<br \/>\n\u00a0<br \/>\nOnda kada postizanje rodne ravnopravnosti se bude smatralo dru&#353;tvena vrednost i sastavni deo strategije razvoja zemlje.<br \/>\n\u00a0<br \/>\nUbe\u0111ena sam da \u0107e &#382;ene nastaviti sve vi&#353;e, svakoga dana, da odigraju svoju ulogu davaoca doprinosa globalnom ekonomskom rastu, koje \u0107e se pretvoriti u ve\u0107i porast GDP-a, prosperiteta i stabilnosti svakog dru&#353;tva.<br \/>\n\u00a0<br \/>\nDrage u\u010desnice, &#382;ene preduzetnici,<br \/>\nJa\u010danje &#382;ene jeste ja\u010danje dru&#353;tva, i prava &#382;ene su jednake u dru&#353;tvo, kao &#353;to je i njena odgovornost i obaveza. Ohrabrim vas da preuzmete na sebe ulogu i va&#353;u obavezu kao ravnopravne gra\u0111anke ove zemlje, da imate odlu\u010dnost za slamanje prepreka koje vam se ispre\u010de na putu.<br \/>\n\u00a0<br \/>\nHrabrim vas da budete neustra&#353;ive i da verujete u va&#353;e sposobnosti transformiranja. Vi predstavljate primer nade, poverenja i uspeha, koji \u0107ete preneti svakoj devojci i &#382;eni, ja\u010daju\u0107i potencijal koji svaka od vas i svaka od nas ima.<br \/>\n\u00a0<br \/>\n\u010cestitam Fatmire Mali\u0107i, Sevdije Hajrulahu, Zamire Hiseni, Vjolca Birin\u0111iku i Bljerina Rugovu za njihove nagrade \u010destitaju\u0107i im daljnji uspeh u njihovom radu.<br \/>\n\u00a0<br \/>\n&#381;ene su ravnopravan deo promena koje &#382;elimo ostvariti u na&#353;a dru&#353;tva, koje \u0107e utvrditi budu\u0107nost na&#353;e dece i dru&#353;tva u celini. S toga je vrlo va&#382;no da promoviramo uspeh &#382;ena u svakoj oblasti &#382;ivota, da bi menjali percepcije i da podignemo svest o ekonomskoj, politi\u010dkoj i socijalnoj vrednosti koje donosi anga&#382;ovanje i potencijal &#382;ena kao ravnopravan deo dru&#353;tva.<br \/>\n\u00a0<br \/>\n&#381;elim vam puno uspeha uz moju nepo&#353;tednu podr&#353;ku za pru&#382;anje mogu\u0107nosti svakoj devojci i &#382;eni za ostvarivanje svojih snova u svakom delu Kosova.\u00a0<\/p>\n","protected":false},"excerpt":{"rendered":"<p>Drago mije biti me\u0111u vama za po\u010detak manifestacije Dani Malog Biznisa u Kosovo, obele&#382;avanjem va&#382;nih doga\u0111aja, dodele nagrada za najuspe&#353;nije &#382;ene u preduzetni&#353;tvo.<\/p>\n","protected":false},"author":1,"featured_media":45325,"comment_status":"open","ping_status":"closed","sticky":false,"template":"","format":"standard","meta":{"_eb_attr":"","footnotes":""},"categories":[106],"tags":[],"class_list":["post-77900","post","type-post","status-publish","format-standard","has-post-thumbnail","hentry","category-govori"],"yoast_head":"<!-- This site is optimized with the Yoast SEO plugin v23.5 - https:\/\/yoast.com\/wordpress\/plugins\/seo\/ -->\n<title>Govor Predsednice Jahjaga na otvaranju Dana Malog Biznisa u Kosovo - Predsednik Republike Kosovo - DR. VJOSA OSMANI - SADRIU<\/title>\n<meta name=\"description\" content=\"Govor Predsednice Jahjaga na otvaranju Dana Malog Biznisa u Kosovo - Predsednik Republike Kosovo - DR. VJOSA OSMANI - SADRIU -\" \/>\n<meta name=\"robots\" content=\"index, follow, max-snippet:-1, max-image-preview:large, max-video-preview:-1\" \/>\n<link rel=\"canonical\" href=\"https:\/\/president-ksgov.net\/fjala-e-presidentes-jahjaga-ne-hapjen-e-diteve-te-biznesit-te-vogel-ne-kosove\/\" \/>\n<meta property=\"og:locale\" content=\"sr_RS\" \/>\n<meta property=\"og:type\" content=\"article\" \/>\n<meta property=\"og:title\" content=\"Govor Predsednice Jahjaga na otvaranju Dana Malog Biznisa u Kosovo - Predsednik Republike Kosovo - DR. VJOSA OSMANI - SADRIU\" \/>\n<meta property=\"og:description\" content=\"Govor Predsednice Jahjaga na otvaranju Dana Malog Biznisa u Kosovo - Predsednik Republike Kosovo - DR. VJOSA OSMANI - SADRIU -\" \/>\n<meta property=\"og:url\" content=\"https:\/\/president-ksgov.net\/fjala-e-presidentes-jahjaga-ne-hapjen-e-diteve-te-biznesit-te-vogel-ne-kosove\/\" \/>\n<meta property=\"og:site_name\" content=\"Predsednik Republike Kosovo - DR. VJOSA OSMANI - SADRIU\" \/>\n<meta property=\"article:published_time\" content=\"2014-05-16T11:19:29+00:00\" \/>\n<meta property=\"article:modified_time\" content=\"2023-03-08T09:03:11+00:00\" \/>\n<meta property=\"og:image\" content=\"https:\/\/president-ksgov.net\/wp-content\/uploads\/16_05_2014_3327099_001_16052014.jpg\" \/>\n\t<meta property=\"og:image:width\" content=\"1000\" \/>\n\t<meta property=\"og:image:height\" content=\"713\" \/>\n\t<meta property=\"og:image:type\" content=\"image\/jpeg\" \/>\n<meta name=\"author\" content=\"admin\" \/>\n<meta name=\"twitter:card\" content=\"summary_large_image\" \/>\n<meta name=\"twitter:label1\" content=\"\u041d\u0430\u043f\u0438\u0441\u0430\u043d\u043e \u043e\u0434\" \/>\n\t<meta name=\"twitter:data1\" content=\"admin\" \/>\n\t<meta name=\"twitter:label2\" content=\"\u041f\u0440\u043e\u0446\u0435\u045a\u0435\u043d\u043e \u0432\u0440\u0435\u043c\u0435 \u0447\u0438\u0442\u0430\u045a\u0430\" \/>\n\t<meta name=\"twitter:data2\" content=\"3 \u043c\u0438\u043d\u0443\u0442\u0430\" \/>\n<script type=\"application\/ld+json\" class=\"yoast-schema-graph\">{\"@context\":\"https:\/\/schema.org\",\"@graph\":[{\"@type\":\"WebPage\",\"@id\":\"https:\/\/president-ksgov.net\/fjala-e-presidentes-jahjaga-ne-hapjen-e-diteve-te-biznesit-te-vogel-ne-kosove\/\",\"url\":\"https:\/\/president-ksgov.net\/fjala-e-presidentes-jahjaga-ne-hapjen-e-diteve-te-biznesit-te-vogel-ne-kosove\/\",\"name\":\"Govor Predsednice Jahjaga na otvaranju Dana Malog Biznisa u Kosovo - Predsednik Republike Kosovo - DR. VJOSA OSMANI - SADRIU\",\"isPartOf\":{\"@id\":\"https:\/\/president-ksgov.net\/#website\"},\"primaryImageOfPage\":{\"@id\":\"https:\/\/president-ksgov.net\/fjala-e-presidentes-jahjaga-ne-hapjen-e-diteve-te-biznesit-te-vogel-ne-kosove\/#primaryimage\"},\"image\":{\"@id\":\"https:\/\/president-ksgov.net\/fjala-e-presidentes-jahjaga-ne-hapjen-e-diteve-te-biznesit-te-vogel-ne-kosove\/#primaryimage\"},\"thumbnailUrl\":\"https:\/\/president-ksgov.net\/wp-content\/uploads\/16_05_2014_3327099_001_16052014.jpg\",\"datePublished\":\"2014-05-16T11:19:29+00:00\",\"dateModified\":\"2023-03-08T09:03:11+00:00\",\"author\":{\"@id\":\"https:\/\/president-ksgov.net\/#\/schema\/person\/bb4337a5fb147cb2046d80548172cbee\"},\"description\":\"Govor Predsednice Jahjaga na otvaranju Dana Malog Biznisa u Kosovo - Predsednik Republike Kosovo - DR. VJOSA OSMANI - SADRIU -\",\"breadcrumb\":{\"@id\":\"https:\/\/president-ksgov.net\/fjala-e-presidentes-jahjaga-ne-hapjen-e-diteve-te-biznesit-te-vogel-ne-kosove\/#breadcrumb\"},\"inLanguage\":\"sr-RS\",\"potentialAction\":[{\"@type\":\"ReadAction\",\"target\":[\"https:\/\/president-ksgov.net\/fjala-e-presidentes-jahjaga-ne-hapjen-e-diteve-te-biznesit-te-vogel-ne-kosove\/\"]}]},{\"@type\":\"ImageObject\",\"inLanguage\":\"sr-RS\",\"@id\":\"https:\/\/president-ksgov.net\/fjala-e-presidentes-jahjaga-ne-hapjen-e-diteve-te-biznesit-te-vogel-ne-kosove\/#primaryimage\",\"url\":\"https:\/\/president-ksgov.net\/wp-content\/uploads\/16_05_2014_3327099_001_16052014.jpg\",\"contentUrl\":\"https:\/\/president-ksgov.net\/wp-content\/uploads\/16_05_2014_3327099_001_16052014.jpg\",\"width\":1000,\"height\":713},{\"@type\":\"BreadcrumbList\",\"@id\":\"https:\/\/president-ksgov.net\/fjala-e-presidentes-jahjaga-ne-hapjen-e-diteve-te-biznesit-te-vogel-ne-kosove\/#breadcrumb\",\"itemListElement\":[{\"@type\":\"ListItem\",\"position\":1,\"name\":\"Home\",\"item\":\"https:\/\/president-ksgov.net\/sr\/\"},{\"@type\":\"ListItem\",\"position\":2,\"name\":\"Govor Predsednice Jahjaga na otvaranju Dana Malog Biznisa u Kosovo\"}]},{\"@type\":\"WebSite\",\"@id\":\"https:\/\/president-ksgov.net\/#website\",\"url\":\"https:\/\/president-ksgov.net\/\",\"name\":\"Presidente e Republik\u00ebs s\u00eb Kosov\u00ebs\",\"description\":\"Presidente e Republik\u00ebs s\u00eb Kosov\u00ebs\",\"alternateName\":\"DR. VJOSA OSMANI - SADRIU\",\"potentialAction\":[{\"@type\":\"SearchAction\",\"target\":{\"@type\":\"EntryPoint\",\"urlTemplate\":\"https:\/\/president-ksgov.net\/?s={search_term_string}\"},\"query-input\":{\"@type\":\"PropertyValueSpecification\",\"valueRequired\":true,\"valueName\":\"search_term_string\"}}],\"inLanguage\":\"sr-RS\"},{\"@type\":\"Person\",\"@id\":\"https:\/\/president-ksgov.net\/#\/schema\/person\/bb4337a5fb147cb2046d80548172cbee\",\"name\":\"admin\",\"image\":{\"@type\":\"ImageObject\",\"inLanguage\":\"sr-RS\",\"@id\":\"https:\/\/president-ksgov.net\/#\/schema\/person\/image\/\",\"url\":\"https:\/\/secure.gravatar.com\/avatar\/36156ca0fa3b8d9d25174f146e16beea0cf28f37adf1b9e19b6c9c279a7c9dd3?s=96&d=mm&r=g\",\"contentUrl\":\"https:\/\/secure.gravatar.com\/avatar\/36156ca0fa3b8d9d25174f146e16beea0cf28f37adf1b9e19b6c9c279a7c9dd3?s=96&d=mm&r=g\",\"caption\":\"admin\"},\"sameAs\":[\"https:\/\/president-ksgov.net\"]}]}<\/script>\n<!-- \/ Yoast SEO plugin. -->","yoast_head_json":{"title":"Govor Predsednice Jahjaga na otvaranju Dana Malog Biznisa u Kosovo - Predsednik Republike Kosovo - DR. VJOSA OSMANI - SADRIU","description":"Govor Predsednice Jahjaga na otvaranju Dana Malog Biznisa u Kosovo - Predsednik Republike Kosovo - DR. VJOSA OSMANI - SADRIU -","robots":{"index":"index","follow":"follow","max-snippet":"max-snippet:-1","max-image-preview":"max-image-preview:large","max-video-preview":"max-video-preview:-1"},"canonical":"https:\/\/president-ksgov.net\/fjala-e-presidentes-jahjaga-ne-hapjen-e-diteve-te-biznesit-te-vogel-ne-kosove\/","og_locale":"sr_RS","og_type":"article","og_title":"Govor Predsednice Jahjaga na otvaranju Dana Malog Biznisa u Kosovo - Predsednik Republike Kosovo - DR. VJOSA OSMANI - SADRIU","og_description":"Govor Predsednice Jahjaga na otvaranju Dana Malog Biznisa u Kosovo - Predsednik Republike Kosovo - DR. VJOSA OSMANI - SADRIU -","og_url":"https:\/\/president-ksgov.net\/fjala-e-presidentes-jahjaga-ne-hapjen-e-diteve-te-biznesit-te-vogel-ne-kosove\/","og_site_name":"Predsednik Republike Kosovo - DR. VJOSA OSMANI - SADRIU","article_published_time":"2014-05-16T11:19:29+00:00","article_modified_time":"2023-03-08T09:03:11+00:00","og_image":[{"width":1000,"height":713,"url":"https:\/\/president-ksgov.net\/wp-content\/uploads\/16_05_2014_3327099_001_16052014.jpg","type":"image\/jpeg"}],"author":"admin","twitter_card":"summary_large_image","twitter_misc":{"\u041d\u0430\u043f\u0438\u0441\u0430\u043d\u043e \u043e\u0434":"admin","\u041f\u0440\u043e\u0446\u0435\u045a\u0435\u043d\u043e \u0432\u0440\u0435\u043c\u0435 \u0447\u0438\u0442\u0430\u045a\u0430":"3 \u043c\u0438\u043d\u0443\u0442\u0430"},"schema":{"@context":"https:\/\/schema.org","@graph":[{"@type":"WebPage","@id":"https:\/\/president-ksgov.net\/fjala-e-presidentes-jahjaga-ne-hapjen-e-diteve-te-biznesit-te-vogel-ne-kosove\/","url":"https:\/\/president-ksgov.net\/fjala-e-presidentes-jahjaga-ne-hapjen-e-diteve-te-biznesit-te-vogel-ne-kosove\/","name":"Govor Predsednice Jahjaga na otvaranju Dana Malog Biznisa u Kosovo - Predsednik Republike Kosovo - DR. VJOSA OSMANI - SADRIU","isPartOf":{"@id":"https:\/\/president-ksgov.net\/#website"},"primaryImageOfPage":{"@id":"https:\/\/president-ksgov.net\/fjala-e-presidentes-jahjaga-ne-hapjen-e-diteve-te-biznesit-te-vogel-ne-kosove\/#primaryimage"},"image":{"@id":"https:\/\/president-ksgov.net\/fjala-e-presidentes-jahjaga-ne-hapjen-e-diteve-te-biznesit-te-vogel-ne-kosove\/#primaryimage"},"thumbnailUrl":"https:\/\/president-ksgov.net\/wp-content\/uploads\/16_05_2014_3327099_001_16052014.jpg","datePublished":"2014-05-16T11:19:29+00:00","dateModified":"2023-03-08T09:03:11+00:00","author":{"@id":"https:\/\/president-ksgov.net\/#\/schema\/person\/bb4337a5fb147cb2046d80548172cbee"},"description":"Govor Predsednice Jahjaga na otvaranju Dana Malog Biznisa u Kosovo - Predsednik Republike Kosovo - DR. VJOSA OSMANI - SADRIU -","breadcrumb":{"@id":"https:\/\/president-ksgov.net\/fjala-e-presidentes-jahjaga-ne-hapjen-e-diteve-te-biznesit-te-vogel-ne-kosove\/#breadcrumb"},"inLanguage":"sr-RS","potentialAction":[{"@type":"ReadAction","target":["https:\/\/president-ksgov.net\/fjala-e-presidentes-jahjaga-ne-hapjen-e-diteve-te-biznesit-te-vogel-ne-kosove\/"]}]},{"@type":"ImageObject","inLanguage":"sr-RS","@id":"https:\/\/president-ksgov.net\/fjala-e-presidentes-jahjaga-ne-hapjen-e-diteve-te-biznesit-te-vogel-ne-kosove\/#primaryimage","url":"https:\/\/president-ksgov.net\/wp-content\/uploads\/16_05_2014_3327099_001_16052014.jpg","contentUrl":"https:\/\/president-ksgov.net\/wp-content\/uploads\/16_05_2014_3327099_001_16052014.jpg","width":1000,"height":713},{"@type":"BreadcrumbList","@id":"https:\/\/president-ksgov.net\/fjala-e-presidentes-jahjaga-ne-hapjen-e-diteve-te-biznesit-te-vogel-ne-kosove\/#breadcrumb","itemListElement":[{"@type":"ListItem","position":1,"name":"Home","item":"https:\/\/president-ksgov.net\/sr\/"},{"@type":"ListItem","position":2,"name":"Govor Predsednice Jahjaga na otvaranju Dana Malog Biznisa u Kosovo"}]},{"@type":"WebSite","@id":"https:\/\/president-ksgov.net\/#website","url":"https:\/\/president-ksgov.net\/","name":"Presidente e Republik\u00ebs s\u00eb Kosov\u00ebs","description":"Presidente e Republik\u00ebs s\u00eb Kosov\u00ebs","alternateName":"DR. VJOSA OSMANI - SADRIU","potentialAction":[{"@type":"SearchAction","target":{"@type":"EntryPoint","urlTemplate":"https:\/\/president-ksgov.net\/?s={search_term_string}"},"query-input":{"@type":"PropertyValueSpecification","valueRequired":true,"valueName":"search_term_string"}}],"inLanguage":"sr-RS"},{"@type":"Person","@id":"https:\/\/president-ksgov.net\/#\/schema\/person\/bb4337a5fb147cb2046d80548172cbee","name":"admin","image":{"@type":"ImageObject","inLanguage":"sr-RS","@id":"https:\/\/president-ksgov.net\/#\/schema\/person\/image\/","url":"https:\/\/secure.gravatar.com\/avatar\/36156ca0fa3b8d9d25174f146e16beea0cf28f37adf1b9e19b6c9c279a7c9dd3?s=96&d=mm&r=g","contentUrl":"https:\/\/secure.gravatar.com\/avatar\/36156ca0fa3b8d9d25174f146e16beea0cf28f37adf1b9e19b6c9c279a7c9dd3?s=96&d=mm&r=g","caption":"admin"},"sameAs":["https:\/\/president-ksgov.net"]}]}},"_links":{"self":[{"href":"https:\/\/president-ksgov.net\/sr\/wp-json\/wp\/v2\/posts\/77900","targetHints":{"allow":["GET"]}}],"collection":[{"href":"https:\/\/president-ksgov.net\/sr\/wp-json\/wp\/v2\/posts"}],"about":[{"href":"https:\/\/president-ksgov.net\/sr\/wp-json\/wp\/v2\/types\/post"}],"author":[{"embeddable":true,"href":"https:\/\/president-ksgov.net\/sr\/wp-json\/wp\/v2\/users\/1"}],"replies":[{"embeddable":true,"href":"https:\/\/president-ksgov.net\/sr\/wp-json\/wp\/v2\/comments?post=77900"}],"version-history":[{"count":1,"href":"https:\/\/president-ksgov.net\/sr\/wp-json\/wp\/v2\/posts\/77900\/revisions"}],"predecessor-version":[{"id":81678,"href":"https:\/\/president-ksgov.net\/sr\/wp-json\/wp\/v2\/posts\/77900\/revisions\/81678"}],"wp:featuredmedia":[{"embeddable":true,"href":"https:\/\/president-ksgov.net\/sr\/wp-json\/wp\/v2\/media\/45325"}],"wp:attachment":[{"href":"https:\/\/president-ksgov.net\/sr\/wp-json\/wp\/v2\/media?parent=77900"}],"wp:term":[{"taxonomy":"category","embeddable":true,"href":"https:\/\/president-ksgov.net\/sr\/wp-json\/wp\/v2\/categories?post=77900"},{"taxonomy":"post_tag","embeddable":true,"href":"https:\/\/president-ksgov.net\/sr\/wp-json\/wp\/v2\/tags?post=77900"}],"curies":[{"name":"wp","href":"https:\/\/api.w.org\/{rel}","templated":true}]}}