{"id":77897,"date":"2014-05-20T09:42:36","date_gmt":"2014-05-20T09:42:36","guid":{"rendered":"https:\/\/dev.president-ksgov.net\/predsednica-atifete-jahjaga-je-docekala-na-sastanku-posebnog-predstavnika-ez-e-samuel-bogar\/"},"modified":"2014-05-20T09:42:36","modified_gmt":"2014-05-20T09:42:36","slug":"predsednica-atifete-jahjaga-je-docekala-na-sastanku-posebnog-predstavnika-ez-e-samuel-bogar","status":"publish","type":"post","link":"https:\/\/president-ksgov.net\/sr\/predsednica-atifete-jahjaga-je-docekala-na-sastanku-posebnog-predstavnika-ez-e-samuel-bogar\/","title":{"rendered":"Predsednica Atifete Jahjaga je do\u010dekala na sastanku Posebnog Predstavnika EZ-e, Samuel &#142;bogar"},"content":{"rendered":"<p>Predsednica Republike Kosovo, gospo\u0111a Atifete Jahjaga, danas je do\u010dekala na sastanku Posebnog Predstavnika EZ-e za Kosovo, gospodina Samuel &#381;bogar, koji je obavestio Predsednicu o odluci Visoke Predstavnice EZ-e za Inostranu Politiku i Bezbednost, Catherine Ashton, o upu\u0107ivanju Misije Posmatra\u010da EZ-e za nadgledanje prevremenih op&#353;tih izbora u zemlji.<\/p>\n<p>Odluka Baronice Ashton jeste odgovor na upu\u0107eno pismo od strane Predsednice sa zahtevom da EZ-e nadgleda izbore 08. Juna, u cilju obezbe\u0111enja jednog demokratskog i korektnog izbornog procesa.<\/p>\n<p>Gospodin &#381;bogar je obavestio Predsednicu da se u odgovor gospo\u0111e Ashton isti\u010de da jedna Misija EZ-e, sli\u010dna misiji posmatra\u010da koja je pratila op&#353;tinske izbore pro&#353;le godine, biti poslata u Kosovo radi posmatranja izbornog procesa.<\/p>\n<p>Predsednica Jahjaga se zahvalila na pozitivan odgovor Visoke Predstavnice\u00a0 EZ-e,\u00a0 baronice Ashton, na zahtev za me\u0111unarodne posmatra\u010de i rekla da jedan uredan i pravedan izborni proces \u0107e pomo\u0107i Kosovo na putu integracije. Predsednica Jahjaga je istakla da op&#353;ti prevremeni izbori u zemlji treba da budu sigurni, po&#353;teni, demokratski i sveobuhvatni gde \u0107e svi gra\u0111ani imati mogu\u0107nosti da slobodno glasaju.<\/p>\n","protected":false},"excerpt":{"rendered":"<p>Predsednica Republike Kosovo, gospo\u0111a Atifete Jahjaga, danas je do\u010dekala na sastanku Posebnog Predstavnika EZ-e za Kosovo, gospodina Samuel &#381;bogar, koji je obavestio Predsednicu o odluci Visoke Predstavnice EZ-e za Inostranu Politiku i Bezbednost, Catherine Ashton, o upu\u0107ivanju Misije Posmatra\u010da EZ-e za nadgledanje prevremenih op&#353;tih izbora u zemlji.<\/p>\n","protected":false},"author":1,"featured_media":45307,"comment_status":"open","ping_status":"closed","sticky":false,"template":"","format":"standard","meta":{"_eb_attr":"","footnotes":""},"categories":[101],"tags":[],"class_list":["post-77897","post","type-post","status-publish","format-standard","has-post-thumbnail","hentry","category-vesti"],"yoast_head":"<!-- This site is optimized with the Yoast SEO plugin v23.5 - https:\/\/yoast.com\/wordpress\/plugins\/seo\/ -->\n<title>Predsednica Atifete Jahjaga je do\u010dekala na sastanku Posebnog Predstavnika EZ-e, Samuel &#142;bogar - Predsednik Republike Kosovo - DR. VJOSA OSMANI - SADRIU<\/title>\n<meta name=\"description\" content=\"Predsednica Atifete Jahjaga je do\u010dekala na sastanku Posebnog Predstavnika EZ-e, Samuel &#142;bogar - Predsednik Republike Kosovo - DR. VJOSA OSMANI - SADRIU -\" \/>\n<meta name=\"robots\" content=\"index, follow, max-snippet:-1, max-image-preview:large, max-video-preview:-1\" \/>\n<link rel=\"canonical\" href=\"https:\/\/president-ksgov.net\/presidentja-atifete-jahjaga-priti-perfaqesuesin-e-posacem-te-be-se-ne-kosove-samuel-zbogar\/\" \/>\n<meta property=\"og:locale\" content=\"sr_RS\" \/>\n<meta property=\"og:type\" content=\"article\" \/>\n<meta property=\"og:title\" content=\"Predsednica Atifete Jahjaga je do\u010dekala na sastanku Posebnog Predstavnika EZ-e, Samuel &#142;bogar - Predsednik Republike Kosovo - DR. VJOSA OSMANI - SADRIU\" \/>\n<meta property=\"og:description\" content=\"Predsednica Atifete Jahjaga je do\u010dekala na sastanku Posebnog Predstavnika EZ-e, Samuel &#142;bogar - Predsednik Republike Kosovo - DR. VJOSA OSMANI - SADRIU -\" \/>\n<meta property=\"og:url\" content=\"https:\/\/president-ksgov.net\/presidentja-atifete-jahjaga-priti-perfaqesuesin-e-posacem-te-be-se-ne-kosove-samuel-zbogar\/\" \/>\n<meta property=\"og:site_name\" content=\"Predsednik Republike Kosovo - DR. VJOSA OSMANI - SADRIU\" \/>\n<meta property=\"article:published_time\" content=\"2014-05-20T09:42:36+00:00\" \/>\n<meta property=\"og:image\" content=\"https:\/\/president-ksgov.net\/wp-content\/uploads\/20_05_2014_3441152_1.jpg\" \/>\n\t<meta property=\"og:image:width\" content=\"1000\" \/>\n\t<meta property=\"og:image:height\" content=\"670\" \/>\n\t<meta property=\"og:image:type\" content=\"image\/jpeg\" \/>\n<meta name=\"author\" content=\"admin\" \/>\n<meta name=\"twitter:card\" content=\"summary_large_image\" \/>\n<meta name=\"twitter:label1\" content=\"\u041d\u0430\u043f\u0438\u0441\u0430\u043d\u043e \u043e\u0434\" \/>\n\t<meta name=\"twitter:data1\" content=\"admin\" \/>\n\t<meta name=\"twitter:label2\" content=\"\u041f\u0440\u043e\u0446\u0435\u045a\u0435\u043d\u043e \u0432\u0440\u0435\u043c\u0435 \u0447\u0438\u0442\u0430\u045a\u0430\" \/>\n\t<meta name=\"twitter:data2\" content=\"1 \u043c\u0438\u043d\u0443\u0442\" \/>\n<script type=\"application\/ld+json\" class=\"yoast-schema-graph\">{\"@context\":\"https:\/\/schema.org\",\"@graph\":[{\"@type\":\"WebPage\",\"@id\":\"https:\/\/president-ksgov.net\/presidentja-atifete-jahjaga-priti-perfaqesuesin-e-posacem-te-be-se-ne-kosove-samuel-zbogar\/\",\"url\":\"https:\/\/president-ksgov.net\/presidentja-atifete-jahjaga-priti-perfaqesuesin-e-posacem-te-be-se-ne-kosove-samuel-zbogar\/\",\"name\":\"Predsednica Atifete Jahjaga je do\u010dekala na sastanku Posebnog Predstavnika EZ-e, Samuel &#142;bogar - Predsednik Republike Kosovo - DR. VJOSA OSMANI - SADRIU\",\"isPartOf\":{\"@id\":\"https:\/\/president-ksgov.net\/#website\"},\"primaryImageOfPage\":{\"@id\":\"https:\/\/president-ksgov.net\/presidentja-atifete-jahjaga-priti-perfaqesuesin-e-posacem-te-be-se-ne-kosove-samuel-zbogar\/#primaryimage\"},\"image\":{\"@id\":\"https:\/\/president-ksgov.net\/presidentja-atifete-jahjaga-priti-perfaqesuesin-e-posacem-te-be-se-ne-kosove-samuel-zbogar\/#primaryimage\"},\"thumbnailUrl\":\"https:\/\/president-ksgov.net\/wp-content\/uploads\/20_05_2014_3441152_1.jpg\",\"datePublished\":\"2014-05-20T09:42:36+00:00\",\"dateModified\":\"2014-05-20T09:42:36+00:00\",\"author\":{\"@id\":\"https:\/\/president-ksgov.net\/#\/schema\/person\/bb4337a5fb147cb2046d80548172cbee\"},\"description\":\"Predsednica Atifete Jahjaga je do\u010dekala na sastanku Posebnog Predstavnika EZ-e, Samuel &#142;bogar - Predsednik Republike Kosovo - DR. VJOSA OSMANI - SADRIU -\",\"breadcrumb\":{\"@id\":\"https:\/\/president-ksgov.net\/presidentja-atifete-jahjaga-priti-perfaqesuesin-e-posacem-te-be-se-ne-kosove-samuel-zbogar\/#breadcrumb\"},\"inLanguage\":\"sr-RS\",\"potentialAction\":[{\"@type\":\"ReadAction\",\"target\":[\"https:\/\/president-ksgov.net\/presidentja-atifete-jahjaga-priti-perfaqesuesin-e-posacem-te-be-se-ne-kosove-samuel-zbogar\/\"]}]},{\"@type\":\"ImageObject\",\"inLanguage\":\"sr-RS\",\"@id\":\"https:\/\/president-ksgov.net\/presidentja-atifete-jahjaga-priti-perfaqesuesin-e-posacem-te-be-se-ne-kosove-samuel-zbogar\/#primaryimage\",\"url\":\"https:\/\/president-ksgov.net\/wp-content\/uploads\/20_05_2014_3441152_1.jpg\",\"contentUrl\":\"https:\/\/president-ksgov.net\/wp-content\/uploads\/20_05_2014_3441152_1.jpg\",\"width\":1000,\"height\":670},{\"@type\":\"BreadcrumbList\",\"@id\":\"https:\/\/president-ksgov.net\/presidentja-atifete-jahjaga-priti-perfaqesuesin-e-posacem-te-be-se-ne-kosove-samuel-zbogar\/#breadcrumb\",\"itemListElement\":[{\"@type\":\"ListItem\",\"position\":1,\"name\":\"Home\",\"item\":\"https:\/\/president-ksgov.net\/sr\/\"},{\"@type\":\"ListItem\",\"position\":2,\"name\":\"Predsednica Atifete Jahjaga je do\u010dekala na sastanku Posebnog Predstavnika EZ-e, Samuel &#142;bogar\"}]},{\"@type\":\"WebSite\",\"@id\":\"https:\/\/president-ksgov.net\/#website\",\"url\":\"https:\/\/president-ksgov.net\/\",\"name\":\"Presidente e Republik\u00ebs s\u00eb Kosov\u00ebs\",\"description\":\"Presidente e Republik\u00ebs s\u00eb Kosov\u00ebs\",\"alternateName\":\"DR. VJOSA OSMANI - SADRIU\",\"potentialAction\":[{\"@type\":\"SearchAction\",\"target\":{\"@type\":\"EntryPoint\",\"urlTemplate\":\"https:\/\/president-ksgov.net\/?s={search_term_string}\"},\"query-input\":{\"@type\":\"PropertyValueSpecification\",\"valueRequired\":true,\"valueName\":\"search_term_string\"}}],\"inLanguage\":\"sr-RS\"},{\"@type\":\"Person\",\"@id\":\"https:\/\/president-ksgov.net\/#\/schema\/person\/bb4337a5fb147cb2046d80548172cbee\",\"name\":\"admin\",\"image\":{\"@type\":\"ImageObject\",\"inLanguage\":\"sr-RS\",\"@id\":\"https:\/\/president-ksgov.net\/#\/schema\/person\/image\/\",\"url\":\"https:\/\/secure.gravatar.com\/avatar\/36156ca0fa3b8d9d25174f146e16beea0cf28f37adf1b9e19b6c9c279a7c9dd3?s=96&d=mm&r=g\",\"contentUrl\":\"https:\/\/secure.gravatar.com\/avatar\/36156ca0fa3b8d9d25174f146e16beea0cf28f37adf1b9e19b6c9c279a7c9dd3?s=96&d=mm&r=g\",\"caption\":\"admin\"},\"sameAs\":[\"https:\/\/president-ksgov.net\"]}]}<\/script>\n<!-- \/ Yoast SEO plugin. -->","yoast_head_json":{"title":"Predsednica Atifete Jahjaga je do\u010dekala na sastanku Posebnog Predstavnika EZ-e, Samuel &#142;bogar - Predsednik Republike Kosovo - DR. VJOSA OSMANI - SADRIU","description":"Predsednica Atifete Jahjaga je do\u010dekala na sastanku Posebnog Predstavnika EZ-e, Samuel &#142;bogar - Predsednik Republike Kosovo - DR. VJOSA OSMANI - SADRIU -","robots":{"index":"index","follow":"follow","max-snippet":"max-snippet:-1","max-image-preview":"max-image-preview:large","max-video-preview":"max-video-preview:-1"},"canonical":"https:\/\/president-ksgov.net\/presidentja-atifete-jahjaga-priti-perfaqesuesin-e-posacem-te-be-se-ne-kosove-samuel-zbogar\/","og_locale":"sr_RS","og_type":"article","og_title":"Predsednica Atifete Jahjaga je do\u010dekala na sastanku Posebnog Predstavnika EZ-e, Samuel &#142;bogar - Predsednik Republike Kosovo - DR. VJOSA OSMANI - SADRIU","og_description":"Predsednica Atifete Jahjaga je do\u010dekala na sastanku Posebnog Predstavnika EZ-e, Samuel &#142;bogar - Predsednik Republike Kosovo - DR. VJOSA OSMANI - SADRIU -","og_url":"https:\/\/president-ksgov.net\/presidentja-atifete-jahjaga-priti-perfaqesuesin-e-posacem-te-be-se-ne-kosove-samuel-zbogar\/","og_site_name":"Predsednik Republike Kosovo - DR. VJOSA OSMANI - SADRIU","article_published_time":"2014-05-20T09:42:36+00:00","og_image":[{"width":1000,"height":670,"url":"https:\/\/president-ksgov.net\/wp-content\/uploads\/20_05_2014_3441152_1.jpg","type":"image\/jpeg"}],"author":"admin","twitter_card":"summary_large_image","twitter_misc":{"\u041d\u0430\u043f\u0438\u0441\u0430\u043d\u043e \u043e\u0434":"admin","\u041f\u0440\u043e\u0446\u0435\u045a\u0435\u043d\u043e \u0432\u0440\u0435\u043c\u0435 \u0447\u0438\u0442\u0430\u045a\u0430":"1 \u043c\u0438\u043d\u0443\u0442"},"schema":{"@context":"https:\/\/schema.org","@graph":[{"@type":"WebPage","@id":"https:\/\/president-ksgov.net\/presidentja-atifete-jahjaga-priti-perfaqesuesin-e-posacem-te-be-se-ne-kosove-samuel-zbogar\/","url":"https:\/\/president-ksgov.net\/presidentja-atifete-jahjaga-priti-perfaqesuesin-e-posacem-te-be-se-ne-kosove-samuel-zbogar\/","name":"Predsednica Atifete Jahjaga je do\u010dekala na sastanku Posebnog Predstavnika EZ-e, Samuel &#142;bogar - Predsednik Republike Kosovo - DR. VJOSA OSMANI - SADRIU","isPartOf":{"@id":"https:\/\/president-ksgov.net\/#website"},"primaryImageOfPage":{"@id":"https:\/\/president-ksgov.net\/presidentja-atifete-jahjaga-priti-perfaqesuesin-e-posacem-te-be-se-ne-kosove-samuel-zbogar\/#primaryimage"},"image":{"@id":"https:\/\/president-ksgov.net\/presidentja-atifete-jahjaga-priti-perfaqesuesin-e-posacem-te-be-se-ne-kosove-samuel-zbogar\/#primaryimage"},"thumbnailUrl":"https:\/\/president-ksgov.net\/wp-content\/uploads\/20_05_2014_3441152_1.jpg","datePublished":"2014-05-20T09:42:36+00:00","dateModified":"2014-05-20T09:42:36+00:00","author":{"@id":"https:\/\/president-ksgov.net\/#\/schema\/person\/bb4337a5fb147cb2046d80548172cbee"},"description":"Predsednica Atifete Jahjaga je do\u010dekala na sastanku Posebnog Predstavnika EZ-e, Samuel &#142;bogar - Predsednik Republike Kosovo - DR. VJOSA OSMANI - SADRIU -","breadcrumb":{"@id":"https:\/\/president-ksgov.net\/presidentja-atifete-jahjaga-priti-perfaqesuesin-e-posacem-te-be-se-ne-kosove-samuel-zbogar\/#breadcrumb"},"inLanguage":"sr-RS","potentialAction":[{"@type":"ReadAction","target":["https:\/\/president-ksgov.net\/presidentja-atifete-jahjaga-priti-perfaqesuesin-e-posacem-te-be-se-ne-kosove-samuel-zbogar\/"]}]},{"@type":"ImageObject","inLanguage":"sr-RS","@id":"https:\/\/president-ksgov.net\/presidentja-atifete-jahjaga-priti-perfaqesuesin-e-posacem-te-be-se-ne-kosove-samuel-zbogar\/#primaryimage","url":"https:\/\/president-ksgov.net\/wp-content\/uploads\/20_05_2014_3441152_1.jpg","contentUrl":"https:\/\/president-ksgov.net\/wp-content\/uploads\/20_05_2014_3441152_1.jpg","width":1000,"height":670},{"@type":"BreadcrumbList","@id":"https:\/\/president-ksgov.net\/presidentja-atifete-jahjaga-priti-perfaqesuesin-e-posacem-te-be-se-ne-kosove-samuel-zbogar\/#breadcrumb","itemListElement":[{"@type":"ListItem","position":1,"name":"Home","item":"https:\/\/president-ksgov.net\/sr\/"},{"@type":"ListItem","position":2,"name":"Predsednica Atifete Jahjaga je do\u010dekala na sastanku Posebnog Predstavnika EZ-e, Samuel &#142;bogar"}]},{"@type":"WebSite","@id":"https:\/\/president-ksgov.net\/#website","url":"https:\/\/president-ksgov.net\/","name":"Presidente e Republik\u00ebs s\u00eb Kosov\u00ebs","description":"Presidente e Republik\u00ebs s\u00eb Kosov\u00ebs","alternateName":"DR. VJOSA OSMANI - SADRIU","potentialAction":[{"@type":"SearchAction","target":{"@type":"EntryPoint","urlTemplate":"https:\/\/president-ksgov.net\/?s={search_term_string}"},"query-input":{"@type":"PropertyValueSpecification","valueRequired":true,"valueName":"search_term_string"}}],"inLanguage":"sr-RS"},{"@type":"Person","@id":"https:\/\/president-ksgov.net\/#\/schema\/person\/bb4337a5fb147cb2046d80548172cbee","name":"admin","image":{"@type":"ImageObject","inLanguage":"sr-RS","@id":"https:\/\/president-ksgov.net\/#\/schema\/person\/image\/","url":"https:\/\/secure.gravatar.com\/avatar\/36156ca0fa3b8d9d25174f146e16beea0cf28f37adf1b9e19b6c9c279a7c9dd3?s=96&d=mm&r=g","contentUrl":"https:\/\/secure.gravatar.com\/avatar\/36156ca0fa3b8d9d25174f146e16beea0cf28f37adf1b9e19b6c9c279a7c9dd3?s=96&d=mm&r=g","caption":"admin"},"sameAs":["https:\/\/president-ksgov.net"]}]}},"_links":{"self":[{"href":"https:\/\/president-ksgov.net\/sr\/wp-json\/wp\/v2\/posts\/77897","targetHints":{"allow":["GET"]}}],"collection":[{"href":"https:\/\/president-ksgov.net\/sr\/wp-json\/wp\/v2\/posts"}],"about":[{"href":"https:\/\/president-ksgov.net\/sr\/wp-json\/wp\/v2\/types\/post"}],"author":[{"embeddable":true,"href":"https:\/\/president-ksgov.net\/sr\/wp-json\/wp\/v2\/users\/1"}],"replies":[{"embeddable":true,"href":"https:\/\/president-ksgov.net\/sr\/wp-json\/wp\/v2\/comments?post=77897"}],"version-history":[{"count":0,"href":"https:\/\/president-ksgov.net\/sr\/wp-json\/wp\/v2\/posts\/77897\/revisions"}],"wp:featuredmedia":[{"embeddable":true,"href":"https:\/\/president-ksgov.net\/sr\/wp-json\/wp\/v2\/media\/45307"}],"wp:attachment":[{"href":"https:\/\/president-ksgov.net\/sr\/wp-json\/wp\/v2\/media?parent=77897"}],"wp:term":[{"taxonomy":"category","embeddable":true,"href":"https:\/\/president-ksgov.net\/sr\/wp-json\/wp\/v2\/categories?post=77897"},{"taxonomy":"post_tag","embeddable":true,"href":"https:\/\/president-ksgov.net\/sr\/wp-json\/wp\/v2\/tags?post=77897"}],"curies":[{"name":"wp","href":"https:\/\/api.w.org\/{rel}","templated":true}]}}