{"id":77892,"date":"2014-05-21T19:25:10","date_gmt":"2014-05-21T19:25:10","guid":{"rendered":"https:\/\/dev.president-ksgov.net\/predsednica-jahjaga-posetila-sedite-kfor-a\/"},"modified":"2014-05-21T19:25:10","modified_gmt":"2014-05-21T19:25:10","slug":"predsednica-jahjaga-posetila-sedite-kfor-a","status":"publish","type":"post","link":"https:\/\/president-ksgov.net\/sr\/predsednica-jahjaga-posetila-sedite-kfor-a\/","title":{"rendered":"Predsednica Jahjaga posetila sedi&#154;te KFOR-a"},"content":{"rendered":"<p>Predsednica Republike Kosovo, gospo\u0111a Atifete Jahjaga danas je, na poziv komandanta KFOR-a, generala Salvatore Farina, posetila centralno sedi&#353;te mirotvornih snaga NATO, KFOR-a, Camp Film City u Pri&#353;tinu, gde je do\u010dekana po\u010dasnom gardom.<\/p>\n<p>Predsednica Jahjaga i komandant KFOR-a, general Farina su odr&#382;ali jedan zajedni\u010dki sastanak, tokom kojeg General Farina je upoznao Predsednicu sa op&#353;tom bezbednosnom situacijom na Kosovu i regionu Balkana te anga&#382;ovanju i aktivnostima KFOR-a. \u00a0<\/p>\n<p>Komandant KFOR-a, general Farina je pohvalio postignuti napredak u oblasti bezbednosti i slobodi kretanja, postignutih\u00a0 pove\u0107anjem kapaciteta Kosovske Policije i SBK.<br \/>\n\u00a0<br \/>\nPredsednica Jahjaga i general Farina su naglasili i va&#382;nost dijalog izme\u0111u Kosova i Srbije, posredovanog od Evropske Zajednice i neophodnosti sprovo\u0111enja u praksu postignutih sporazuma.<br \/>\n\u00a0<br \/>\nTokom boravka u sedi&#353;te KFOR-a, Predsednica Jahjaga je posetila i Zajedni\u010dku Operacionu Kancelariju i upoznala se sa anga&#382;ovanjem mirotvorne snage na Kosovu tokom odr&#382;avanja op&#353;tih prevremenih izbora u zemlji i saradnju KFOR-a, Kosovske Policije i Snage Bezbednosti Kosova.<br \/>\n\u00a0<br \/>\nPredsednica Kosova je istakla da &#8220;prevremeni izbori na Kosovu treba da budu demokratski, po&#353;teni, pravedni i sveobuhvatni i da Kosovska Policija, EULEX, i KFOR trebaju se koordinirati kako bi se garantovala sigurnost i da svaki gra\u0111anin mo&#382;e ostvariti svoje pravo za slobodno glasanje u svakom delu zemlje, obuhvataju\u0107i i sever Kosova&#8221;.<\/p>\n<p>Predsednica Jahjaga se zahvalila Generalu Farina za potpunu podr&#353;ku i vanredni doprinos, koju su dali svi pripadnici KFOR-a, na profesionalan na\u010din vi&#353;e od 15 godina na Kosovu i istakla da mirotvorna snaga NATO-a igra jednu va&#382;nu ulogu za mir i stabilnost ne samo na Kosovu nego i u regionu Balkana.<\/p>\n<p>Genera\u010d Farina je potvrdio posve\u0107enje KFOR-a za ispunjavanje misije NATO-a koja ima za cilj garantovanje bezbednosti za sve gra\u0111ane Kosova.<\/p>\n<p>Oba su sagovornika visoko cenili usku saradnju koju imaju KFOR i institucije Kosova.<\/p>\n<p>Predsednica Jahjaga i komandant KFOR-a, general Farina u jednoj ceremoniji su polo&#382;ili vence cve\u0107a pred spomenikom podignutog u spomen palih vojnika.<br \/>\n\u00a0<br \/>\nOvo je prvi put da je centralno sedi&#353;te KFOR-a u Pri&#353;tini bio gostoprimac Predsednika Kosova od kada je general Farina preuzeo komandu snaga na Kosovu.<br \/>\n\u00a0<\/p>\n","protected":false},"excerpt":{"rendered":"<p>Predsednica Republike Kosovo, gospo\u0111a Atifete Jahjaga danas je, na poziv komandanta KFOR-a, generala Salvatore Farina, posetila centralno sedi&#353;te mirotvornih snaga NATO, KFOR-a, Camp Film City u Pri&#353;tinu, gde je do\u010dekana po\u010dasnom gardom.<\/p>\n","protected":false},"author":1,"featured_media":45251,"comment_status":"open","ping_status":"closed","sticky":false,"template":"","format":"standard","meta":{"_eb_attr":"","footnotes":""},"categories":[101],"tags":[],"class_list":["post-77892","post","type-post","status-publish","format-standard","has-post-thumbnail","hentry","category-vesti"],"yoast_head":"<!-- This site is optimized with the Yoast SEO plugin v23.5 - https:\/\/yoast.com\/wordpress\/plugins\/seo\/ -->\n<title>Predsednica Jahjaga posetila sedi&#154;te KFOR-a - Predsednik Republike Kosovo - DR. VJOSA OSMANI - SADRIU<\/title>\n<meta name=\"description\" content=\"Predsednica Jahjaga posetila sedi&#154;te KFOR-a - Predsednik Republike Kosovo - DR. VJOSA OSMANI - SADRIU -\" \/>\n<meta name=\"robots\" content=\"index, follow, max-snippet:-1, max-image-preview:large, max-video-preview:-1\" \/>\n<link rel=\"canonical\" href=\"https:\/\/president-ksgov.net\/presidentja-jahjaga-vizitoi-seline-e-kfor-it\/\" \/>\n<meta property=\"og:locale\" content=\"sr_RS\" \/>\n<meta property=\"og:type\" content=\"article\" \/>\n<meta property=\"og:title\" content=\"Predsednica Jahjaga posetila sedi&#154;te KFOR-a - Predsednik Republike Kosovo - DR. VJOSA OSMANI - SADRIU\" \/>\n<meta property=\"og:description\" content=\"Predsednica Jahjaga posetila sedi&#154;te KFOR-a - Predsednik Republike Kosovo - DR. VJOSA OSMANI - SADRIU -\" \/>\n<meta property=\"og:url\" content=\"https:\/\/president-ksgov.net\/presidentja-jahjaga-vizitoi-seline-e-kfor-it\/\" \/>\n<meta property=\"og:site_name\" content=\"Predsednik Republike Kosovo - DR. VJOSA OSMANI - SADRIU\" \/>\n<meta property=\"article:published_time\" content=\"2014-05-21T19:25:10+00:00\" \/>\n<meta property=\"og:image\" content=\"https:\/\/president-ksgov.net\/wp-content\/uploads\/21_05_2014_6969793_1_21052014.jpg\" \/>\n\t<meta property=\"og:image:width\" content=\"1000\" \/>\n\t<meta property=\"og:image:height\" content=\"720\" \/>\n\t<meta property=\"og:image:type\" content=\"image\/jpeg\" \/>\n<meta name=\"author\" content=\"admin\" \/>\n<meta name=\"twitter:card\" content=\"summary_large_image\" \/>\n<meta name=\"twitter:label1\" content=\"\u041d\u0430\u043f\u0438\u0441\u0430\u043d\u043e \u043e\u0434\" \/>\n\t<meta name=\"twitter:data1\" content=\"admin\" \/>\n\t<meta name=\"twitter:label2\" content=\"\u041f\u0440\u043e\u0446\u0435\u045a\u0435\u043d\u043e \u0432\u0440\u0435\u043c\u0435 \u0447\u0438\u0442\u0430\u045a\u0430\" \/>\n\t<meta name=\"twitter:data2\" content=\"2 \u043c\u0438\u043d\u0443\u0442\u0430\" \/>\n<script type=\"application\/ld+json\" class=\"yoast-schema-graph\">{\"@context\":\"https:\/\/schema.org\",\"@graph\":[{\"@type\":\"WebPage\",\"@id\":\"https:\/\/president-ksgov.net\/presidentja-jahjaga-vizitoi-seline-e-kfor-it\/\",\"url\":\"https:\/\/president-ksgov.net\/presidentja-jahjaga-vizitoi-seline-e-kfor-it\/\",\"name\":\"Predsednica Jahjaga posetila sedi&#154;te KFOR-a - Predsednik Republike Kosovo - DR. VJOSA OSMANI - SADRIU\",\"isPartOf\":{\"@id\":\"https:\/\/president-ksgov.net\/#website\"},\"primaryImageOfPage\":{\"@id\":\"https:\/\/president-ksgov.net\/presidentja-jahjaga-vizitoi-seline-e-kfor-it\/#primaryimage\"},\"image\":{\"@id\":\"https:\/\/president-ksgov.net\/presidentja-jahjaga-vizitoi-seline-e-kfor-it\/#primaryimage\"},\"thumbnailUrl\":\"https:\/\/president-ksgov.net\/wp-content\/uploads\/21_05_2014_6969793_1_21052014.jpg\",\"datePublished\":\"2014-05-21T19:25:10+00:00\",\"dateModified\":\"2014-05-21T19:25:10+00:00\",\"author\":{\"@id\":\"https:\/\/president-ksgov.net\/#\/schema\/person\/bb4337a5fb147cb2046d80548172cbee\"},\"description\":\"Predsednica Jahjaga posetila sedi&#154;te KFOR-a - Predsednik Republike Kosovo - DR. VJOSA OSMANI - SADRIU -\",\"breadcrumb\":{\"@id\":\"https:\/\/president-ksgov.net\/presidentja-jahjaga-vizitoi-seline-e-kfor-it\/#breadcrumb\"},\"inLanguage\":\"sr-RS\",\"potentialAction\":[{\"@type\":\"ReadAction\",\"target\":[\"https:\/\/president-ksgov.net\/presidentja-jahjaga-vizitoi-seline-e-kfor-it\/\"]}]},{\"@type\":\"ImageObject\",\"inLanguage\":\"sr-RS\",\"@id\":\"https:\/\/president-ksgov.net\/presidentja-jahjaga-vizitoi-seline-e-kfor-it\/#primaryimage\",\"url\":\"https:\/\/president-ksgov.net\/wp-content\/uploads\/21_05_2014_6969793_1_21052014.jpg\",\"contentUrl\":\"https:\/\/president-ksgov.net\/wp-content\/uploads\/21_05_2014_6969793_1_21052014.jpg\",\"width\":1000,\"height\":720},{\"@type\":\"BreadcrumbList\",\"@id\":\"https:\/\/president-ksgov.net\/presidentja-jahjaga-vizitoi-seline-e-kfor-it\/#breadcrumb\",\"itemListElement\":[{\"@type\":\"ListItem\",\"position\":1,\"name\":\"Home\",\"item\":\"https:\/\/president-ksgov.net\/sr\/\"},{\"@type\":\"ListItem\",\"position\":2,\"name\":\"Predsednica Jahjaga posetila sedi&#154;te KFOR-a\"}]},{\"@type\":\"WebSite\",\"@id\":\"https:\/\/president-ksgov.net\/#website\",\"url\":\"https:\/\/president-ksgov.net\/\",\"name\":\"Presidente e Republik\u00ebs s\u00eb Kosov\u00ebs\",\"description\":\"Presidente e Republik\u00ebs s\u00eb Kosov\u00ebs\",\"alternateName\":\"DR. VJOSA OSMANI - SADRIU\",\"potentialAction\":[{\"@type\":\"SearchAction\",\"target\":{\"@type\":\"EntryPoint\",\"urlTemplate\":\"https:\/\/president-ksgov.net\/?s={search_term_string}\"},\"query-input\":{\"@type\":\"PropertyValueSpecification\",\"valueRequired\":true,\"valueName\":\"search_term_string\"}}],\"inLanguage\":\"sr-RS\"},{\"@type\":\"Person\",\"@id\":\"https:\/\/president-ksgov.net\/#\/schema\/person\/bb4337a5fb147cb2046d80548172cbee\",\"name\":\"admin\",\"image\":{\"@type\":\"ImageObject\",\"inLanguage\":\"sr-RS\",\"@id\":\"https:\/\/president-ksgov.net\/#\/schema\/person\/image\/\",\"url\":\"https:\/\/secure.gravatar.com\/avatar\/36156ca0fa3b8d9d25174f146e16beea0cf28f37adf1b9e19b6c9c279a7c9dd3?s=96&d=mm&r=g\",\"contentUrl\":\"https:\/\/secure.gravatar.com\/avatar\/36156ca0fa3b8d9d25174f146e16beea0cf28f37adf1b9e19b6c9c279a7c9dd3?s=96&d=mm&r=g\",\"caption\":\"admin\"},\"sameAs\":[\"https:\/\/president-ksgov.net\"]}]}<\/script>\n<!-- \/ Yoast SEO plugin. -->","yoast_head_json":{"title":"Predsednica Jahjaga posetila sedi&#154;te KFOR-a - Predsednik Republike Kosovo - DR. VJOSA OSMANI - SADRIU","description":"Predsednica Jahjaga posetila sedi&#154;te KFOR-a - Predsednik Republike Kosovo - DR. VJOSA OSMANI - SADRIU -","robots":{"index":"index","follow":"follow","max-snippet":"max-snippet:-1","max-image-preview":"max-image-preview:large","max-video-preview":"max-video-preview:-1"},"canonical":"https:\/\/president-ksgov.net\/presidentja-jahjaga-vizitoi-seline-e-kfor-it\/","og_locale":"sr_RS","og_type":"article","og_title":"Predsednica Jahjaga posetila sedi&#154;te KFOR-a - Predsednik Republike Kosovo - DR. VJOSA OSMANI - SADRIU","og_description":"Predsednica Jahjaga posetila sedi&#154;te KFOR-a - Predsednik Republike Kosovo - DR. VJOSA OSMANI - SADRIU -","og_url":"https:\/\/president-ksgov.net\/presidentja-jahjaga-vizitoi-seline-e-kfor-it\/","og_site_name":"Predsednik Republike Kosovo - DR. VJOSA OSMANI - SADRIU","article_published_time":"2014-05-21T19:25:10+00:00","og_image":[{"width":1000,"height":720,"url":"https:\/\/president-ksgov.net\/wp-content\/uploads\/21_05_2014_6969793_1_21052014.jpg","type":"image\/jpeg"}],"author":"admin","twitter_card":"summary_large_image","twitter_misc":{"\u041d\u0430\u043f\u0438\u0441\u0430\u043d\u043e \u043e\u0434":"admin","\u041f\u0440\u043e\u0446\u0435\u045a\u0435\u043d\u043e \u0432\u0440\u0435\u043c\u0435 \u0447\u0438\u0442\u0430\u045a\u0430":"2 \u043c\u0438\u043d\u0443\u0442\u0430"},"schema":{"@context":"https:\/\/schema.org","@graph":[{"@type":"WebPage","@id":"https:\/\/president-ksgov.net\/presidentja-jahjaga-vizitoi-seline-e-kfor-it\/","url":"https:\/\/president-ksgov.net\/presidentja-jahjaga-vizitoi-seline-e-kfor-it\/","name":"Predsednica Jahjaga posetila sedi&#154;te KFOR-a - Predsednik Republike Kosovo - DR. VJOSA OSMANI - SADRIU","isPartOf":{"@id":"https:\/\/president-ksgov.net\/#website"},"primaryImageOfPage":{"@id":"https:\/\/president-ksgov.net\/presidentja-jahjaga-vizitoi-seline-e-kfor-it\/#primaryimage"},"image":{"@id":"https:\/\/president-ksgov.net\/presidentja-jahjaga-vizitoi-seline-e-kfor-it\/#primaryimage"},"thumbnailUrl":"https:\/\/president-ksgov.net\/wp-content\/uploads\/21_05_2014_6969793_1_21052014.jpg","datePublished":"2014-05-21T19:25:10+00:00","dateModified":"2014-05-21T19:25:10+00:00","author":{"@id":"https:\/\/president-ksgov.net\/#\/schema\/person\/bb4337a5fb147cb2046d80548172cbee"},"description":"Predsednica Jahjaga posetila sedi&#154;te KFOR-a - Predsednik Republike Kosovo - DR. VJOSA OSMANI - SADRIU -","breadcrumb":{"@id":"https:\/\/president-ksgov.net\/presidentja-jahjaga-vizitoi-seline-e-kfor-it\/#breadcrumb"},"inLanguage":"sr-RS","potentialAction":[{"@type":"ReadAction","target":["https:\/\/president-ksgov.net\/presidentja-jahjaga-vizitoi-seline-e-kfor-it\/"]}]},{"@type":"ImageObject","inLanguage":"sr-RS","@id":"https:\/\/president-ksgov.net\/presidentja-jahjaga-vizitoi-seline-e-kfor-it\/#primaryimage","url":"https:\/\/president-ksgov.net\/wp-content\/uploads\/21_05_2014_6969793_1_21052014.jpg","contentUrl":"https:\/\/president-ksgov.net\/wp-content\/uploads\/21_05_2014_6969793_1_21052014.jpg","width":1000,"height":720},{"@type":"BreadcrumbList","@id":"https:\/\/president-ksgov.net\/presidentja-jahjaga-vizitoi-seline-e-kfor-it\/#breadcrumb","itemListElement":[{"@type":"ListItem","position":1,"name":"Home","item":"https:\/\/president-ksgov.net\/sr\/"},{"@type":"ListItem","position":2,"name":"Predsednica Jahjaga posetila sedi&#154;te KFOR-a"}]},{"@type":"WebSite","@id":"https:\/\/president-ksgov.net\/#website","url":"https:\/\/president-ksgov.net\/","name":"Presidente e Republik\u00ebs s\u00eb Kosov\u00ebs","description":"Presidente e Republik\u00ebs s\u00eb Kosov\u00ebs","alternateName":"DR. VJOSA OSMANI - SADRIU","potentialAction":[{"@type":"SearchAction","target":{"@type":"EntryPoint","urlTemplate":"https:\/\/president-ksgov.net\/?s={search_term_string}"},"query-input":{"@type":"PropertyValueSpecification","valueRequired":true,"valueName":"search_term_string"}}],"inLanguage":"sr-RS"},{"@type":"Person","@id":"https:\/\/president-ksgov.net\/#\/schema\/person\/bb4337a5fb147cb2046d80548172cbee","name":"admin","image":{"@type":"ImageObject","inLanguage":"sr-RS","@id":"https:\/\/president-ksgov.net\/#\/schema\/person\/image\/","url":"https:\/\/secure.gravatar.com\/avatar\/36156ca0fa3b8d9d25174f146e16beea0cf28f37adf1b9e19b6c9c279a7c9dd3?s=96&d=mm&r=g","contentUrl":"https:\/\/secure.gravatar.com\/avatar\/36156ca0fa3b8d9d25174f146e16beea0cf28f37adf1b9e19b6c9c279a7c9dd3?s=96&d=mm&r=g","caption":"admin"},"sameAs":["https:\/\/president-ksgov.net"]}]}},"_links":{"self":[{"href":"https:\/\/president-ksgov.net\/sr\/wp-json\/wp\/v2\/posts\/77892","targetHints":{"allow":["GET"]}}],"collection":[{"href":"https:\/\/president-ksgov.net\/sr\/wp-json\/wp\/v2\/posts"}],"about":[{"href":"https:\/\/president-ksgov.net\/sr\/wp-json\/wp\/v2\/types\/post"}],"author":[{"embeddable":true,"href":"https:\/\/president-ksgov.net\/sr\/wp-json\/wp\/v2\/users\/1"}],"replies":[{"embeddable":true,"href":"https:\/\/president-ksgov.net\/sr\/wp-json\/wp\/v2\/comments?post=77892"}],"version-history":[{"count":0,"href":"https:\/\/president-ksgov.net\/sr\/wp-json\/wp\/v2\/posts\/77892\/revisions"}],"wp:featuredmedia":[{"embeddable":true,"href":"https:\/\/president-ksgov.net\/sr\/wp-json\/wp\/v2\/media\/45251"}],"wp:attachment":[{"href":"https:\/\/president-ksgov.net\/sr\/wp-json\/wp\/v2\/media?parent=77892"}],"wp:term":[{"taxonomy":"category","embeddable":true,"href":"https:\/\/president-ksgov.net\/sr\/wp-json\/wp\/v2\/categories?post=77892"},{"taxonomy":"post_tag","embeddable":true,"href":"https:\/\/president-ksgov.net\/sr\/wp-json\/wp\/v2\/tags?post=77892"}],"curies":[{"name":"wp","href":"https:\/\/api.w.org\/{rel}","templated":true}]}}