{"id":77852,"date":"2014-05-23T18:51:07","date_gmt":"2014-05-23T18:51:07","guid":{"rendered":"https:\/\/dev.president-ksgov.net\/govor-predsednice-jahjaga-na-otvaranju-drugog-medjuverskog-sastanka-u-okviru-nedelje-medjuverske-tolerancije-i-pomirenja\/"},"modified":"2023-03-08T09:03:10","modified_gmt":"2023-03-08T09:03:10","slug":"govor-predsednice-jahjaga-na-otvaranju-drugog-medjuverskog-sastanka-u-okviru-nedelje-medjuverske-tolerancije-i-pomirenja","status":"publish","type":"post","link":"https:\/\/president-ksgov.net\/sr\/govor-predsednice-jahjaga-na-otvaranju-drugog-medjuverskog-sastanka-u-okviru-nedelje-medjuverske-tolerancije-i-pomirenja\/","title":{"rendered":"GOVOR PREDSEDNICE JAHJAGA NA OTVARANJU DRUGOG ME\u0110UVERSKOG SASTANKA U OKVIRU NEDELJE ME\u0110UVERSKE TOLERANCIJE I POMIRENJA"},"content":{"rendered":"<p>&#381;elim vam dobrodo&#353;licu u drugu me\u0111uversku konferenciju, jednog tradicionalnog doga\u0111aja koji cilja ja\u010danje me\u0111uverskog dijaloga na Kosovu i gradnju obostranog poverenja izme\u0111u lai\u010dke dr&#382;ave i verskih zajednica na Kosovu.<\/p>\n<p>Po&#353;tovani rukovodioci institucija Republike Kosovo,<br \/>\nRukovodioci verskih zajednica Kosova,<br \/>\nAmbasadori i &#353;efovi me\u0111unarodnih misija na Kosovu,<br \/>\nDragi gosti, dame i gospodo,<\/p>\n<p>&#381;elim vam dobrodo&#353;licu u drugu me\u0111uversku konferenciju, jednog tradicionalnog doga\u0111aja koji cilja ja\u010danje me\u0111uverskog dijaloga na Kosovu i gradnju obostranog poverenja izme\u0111u lai\u010dke dr&#382;ave i verskih zajednica na Kosovu. <\/p>\n<p>Ove godine, organizatori ove konferencije i njeni podr&#382;avaoci su odlu\u010dili sakupiti istra&#382;iva\u010de, poklonike i stru\u010dnjake raznih oblasti radi raspravljanja o ulozi i doprinosu vere i verovanja u sekularna dru&#353;tva i izgradnju stvarnih odnosa izme\u0111u laicizma i slobode prakticiranja vere, koja \u0107e garantovati zajedni\u010dki &#382;ivot i slogu za sve gra\u0111ane Kosova, vernika i ateista. <\/p>\n<p>Predvo\u0111ena ovim ube\u0111enjem, zadovoljstvo mije da sa vama podelim neka gledi&#353;ta upravo ovde u Prizren, u ovom gradu koji uklju\u010duje na&#353;u bogatu kulturnu tradiciju, u ovome gradu gde poziv na vreme klanjanja se utapa u odjek crkvenih zvona. U mestu koji skuplja pod jednim krovom srednjevekovnu tvr\u0111avu, srpsku pravoslavnu crkvu 14-tog stole\u0107a, sedi&#353;te Katoli\u010dke crkve i divnu Sinan Pa&#353;inu D&#382;amiju.<\/p>\n<p>Kao nova dr&#382;ava, Kosovo se suo\u010dava sa mnogo izazova na njenom putu uspostavljanja jedne demokratije u potpunom smislu, za izgradnju jedne ustrajne ekonomije i ja\u010danje njenog me\u0111unarodnog subjektivitet. Povrh toga, gra\u0111ani Kosova su se suo\u010davali sa ovim izazovima sa entuzijazmom i nadom, percepcijom i razumevanjem ovoga kretanja kao na&#353;u istorijsku &#353;ansu za uspostavljanje dr&#382;ave ravnopravnih mogu\u0107nosti za sve gra\u0111ane, bez obzira na etni\u010dku i versku pripadnost.<\/p>\n<p>Pre jednog vremena, mi smo bili obuhva\u0107enu ratom koji je ostavlja duboke rane, i mnogo nere&#353;ivih pitanja, uklju\u010duju\u0107i i potrebu za obnovu odnosa koji dr&#382;e na&#353;e dru&#353;tvo zajedni\u010dko, i da adresiramo nepoverenje usa\u0111eno me\u0111u nama.<\/p>\n<p>Da bi prevazi&#353;li ovo ratno nasle\u0111e, prihvatili smo pristup zasnovan na na&#353;u tradiciju zajedni\u010dkog &#382;ivota koja je du&#382;a od perioda nesporazuma, ideju da mir i stabilnost se ne mo&#382;e menjati sa pretnjom i pritiskom, da ekonomski napredak sa vrednostima i demokratijom ne mogu se realizovati bez okon\u010danja neprijateljstva.<\/p>\n<p>Radi utvr\u0111ivanja ovoga puta u pravu na&#353;eg cilja stvaranja jednog Kosova\u00a0 kao ku\u0107e svih njenih gra\u0111ana, uzeli smo kao primer na&#353;u tradiciju vi&#353;e vrsti kultura i zajedni\u010dkog &#382;ivota me\u0111u njima koju su gajili na&#353;i preci.<\/p>\n<p>Po&#353;tovani prisutni,<\/p>\n<p>Upravo je ovaj duh zajedni\u010dkog &#382;ivota i vrednosti tradicionalnih vera na Kosovu ono koje treba biti na&#353; orijentir u daljnju izgradnju na&#353;e nove dr&#382;ave. Na&#353; Ustav, koji obavezuje nas da gradimo jednu suverenu i ravnopravnu dr&#382;avu, jeste vrlo jasno u izdvajanju dr&#382;ave i vere. Ona garantuje versku slobodu i uklju\u010duje posve\u0107enje koje trebamo realizovati za po&#353;tovanje i za&#353;titu verskih spomenika.<\/p>\n<p>Nema suprotnosti izme\u0111u Ustava Republike Kosovo i politike religije jer se obe oslanjaju na po&#353;tovanje i ljubav za vi&#353;e vrsti, za diverzitet.<\/p>\n<p>Religija, iznad svega, ne samo &#353;to ispunjava duhovne potrebe ovih ljudi, nego obezbe\u0111uje njihovo posve\u0107enje i njihovim naslednicima prema jednoj zajednici verovanja i prema vrednostima koje uti\u010du na pona&#353;anje i javno delovanje. Jer vera nije samo privatno pitanje, nego \u010desto jeste op&#353;ta pozitivna snaga, koja se ispoljava u ljubavi i brizi prema drugome.<\/p>\n<p>Ovu dodatnu vrednost koju religija donosi na&#353;im dru&#353;tvima smo utvrdili i u na&#353;oj istoriji, personificiranu i u liku Majke Tereze, koja je svoj &#382;ivot posvetila ubla&#382;avanju sirotinja i patnje zajednica isklju\u010denih iz dru&#353;tvenih margina. U liku Oca Qazim Bakalli, koji je pretvorio njegovu delatnost i u okviru Tekije u \u0110akovici u misiju emancipacije i obrazovanja stanovni&#353;tva, bez obzira na rod. U plemenitosti stotine mama koji su slu&#382;ili generacijama u redovima Islamske Zajednice mobiliziraju\u0107i se da bi se solidarizirali sa gra\u0111anima u te&#353;ka vremena.<\/p>\n<p>Izazove je za sve nas da sa\u010duvamo ovu ba&#353;tinu me\u0111uverske tolerancije. Da bi ovu na&#353;u agendu posve\u0107enja prema na&#353;im tradicionalnim vrednostima sa\u010duvali da je ne otmu politike isklju\u010divanja koje stvaraju podele i neprijateljstva me\u0111u ljudima.<\/p>\n<p>Jednu takvu epizodu smo videli u pro&#353;losti i vidimo da se ispoljava jo&#353; uvek na Balkanu sa ru&#353;enjem d&#382;amija i crkava, napadi nad d&#382;amijama i crkvama, mr&#382;nje za ljude koji ne pripadaju istoj veri ili koji ne dele iste vrednosti &#8211; i mi trebamo da jednom zauvek da raskinemo sa takvim na\u010dinom razmi&#353;ljanja.<\/p>\n<p>Da sebe i druge podsetimo da na&#353;a tradicija, izra&#382;ena u na&#353;u kulturnu ba&#353;tinu i fizi\u010dki ugra\u0111ena u kultna zdanja oko Kosova, jeste na&#353;e najve\u0107e bogatstvo.<\/p>\n","protected":false},"excerpt":{"rendered":"<p>&#381;elim vam dobrodo&#353;licu u drugu me\u0111uversku konferenciju, jednog tradicionalnog doga\u0111aja koji cilja ja\u010danje me\u0111uverskog dijaloga na Kosovu i gradnju obostranog poverenja izme\u0111u lai\u010dke dr&#382;ave i verskih zajednica na Kosovu.<\/p>\n","protected":false},"author":1,"featured_media":45186,"comment_status":"open","ping_status":"closed","sticky":false,"template":"","format":"standard","meta":{"_eb_attr":"","footnotes":""},"categories":[106],"tags":[],"class_list":["post-77852","post","type-post","status-publish","format-standard","has-post-thumbnail","hentry","category-govori"],"yoast_head":"<!-- This site is optimized with the Yoast SEO plugin v23.5 - https:\/\/yoast.com\/wordpress\/plugins\/seo\/ -->\n<title>GOVOR PREDSEDNICE JAHJAGA NA OTVARANJU DRUGOG ME\u0110UVERSKOG SASTANKA U OKVIRU NEDELJE ME\u0110UVERSKE TOLERANCIJE I POMIRENJA - Predsednik Republike Kosovo - DR. VJOSA OSMANI - SADRIU<\/title>\n<meta name=\"description\" content=\"GOVOR PREDSEDNICE JAHJAGA NA OTVARANJU DRUGOG ME\u0110UVERSKOG SASTANKA U OKVIRU NEDELJE ME\u0110UVERSKE TOLERANCIJE I POMIRENJA - Predsednik Republike Kosovo - DR. VJOSA OSMANI - SADRIU -\" \/>\n<meta name=\"robots\" content=\"index, follow, max-snippet:-1, max-image-preview:large, max-video-preview:-1\" \/>\n<link rel=\"canonical\" href=\"https:\/\/president-ksgov.net\/fjalimi-i-presidentes-jahjaga-ne-hapjen-e-konferences-se-dyte-nderfetare-ne-kuader-te-javes-se-pajtimit-dhe-tolerances-nderfetare\/\" \/>\n<meta property=\"og:locale\" content=\"sr_RS\" \/>\n<meta property=\"og:type\" content=\"article\" \/>\n<meta property=\"og:title\" content=\"GOVOR PREDSEDNICE JAHJAGA NA OTVARANJU DRUGOG ME\u0110UVERSKOG SASTANKA U OKVIRU NEDELJE ME\u0110UVERSKE TOLERANCIJE I POMIRENJA - Predsednik Republike Kosovo - DR. VJOSA OSMANI - SADRIU\" \/>\n<meta property=\"og:description\" content=\"GOVOR PREDSEDNICE JAHJAGA NA OTVARANJU DRUGOG ME\u0110UVERSKOG SASTANKA U OKVIRU NEDELJE ME\u0110UVERSKE TOLERANCIJE I POMIRENJA - Predsednik Republike Kosovo - DR. VJOSA OSMANI - SADRIU -\" \/>\n<meta property=\"og:url\" content=\"https:\/\/president-ksgov.net\/fjalimi-i-presidentes-jahjaga-ne-hapjen-e-konferences-se-dyte-nderfetare-ne-kuader-te-javes-se-pajtimit-dhe-tolerances-nderfetare\/\" \/>\n<meta property=\"og:site_name\" content=\"Predsednik Republike Kosovo - DR. VJOSA OSMANI - SADRIU\" \/>\n<meta property=\"article:published_time\" content=\"2014-05-23T18:51:07+00:00\" \/>\n<meta property=\"article:modified_time\" content=\"2023-03-08T09:03:10+00:00\" \/>\n<meta property=\"og:image\" content=\"https:\/\/president-ksgov.net\/wp-content\/uploads\/23_05_2014_8293945_1_23052014.jpg\" \/>\n\t<meta property=\"og:image:width\" content=\"1000\" \/>\n\t<meta property=\"og:image:height\" content=\"667\" \/>\n\t<meta property=\"og:image:type\" content=\"image\/jpeg\" \/>\n<meta name=\"author\" content=\"admin\" \/>\n<meta name=\"twitter:card\" content=\"summary_large_image\" \/>\n<meta name=\"twitter:label1\" content=\"\u041d\u0430\u043f\u0438\u0441\u0430\u043d\u043e \u043e\u0434\" \/>\n\t<meta name=\"twitter:data1\" content=\"admin\" \/>\n\t<meta name=\"twitter:label2\" content=\"\u041f\u0440\u043e\u0446\u0435\u045a\u0435\u043d\u043e \u0432\u0440\u0435\u043c\u0435 \u0447\u0438\u0442\u0430\u045a\u0430\" \/>\n\t<meta name=\"twitter:data2\" content=\"4 \u043c\u0438\u043d\u0443\u0442\u0430\" \/>\n<script type=\"application\/ld+json\" class=\"yoast-schema-graph\">{\"@context\":\"https:\/\/schema.org\",\"@graph\":[{\"@type\":\"WebPage\",\"@id\":\"https:\/\/president-ksgov.net\/fjalimi-i-presidentes-jahjaga-ne-hapjen-e-konferences-se-dyte-nderfetare-ne-kuader-te-javes-se-pajtimit-dhe-tolerances-nderfetare\/\",\"url\":\"https:\/\/president-ksgov.net\/fjalimi-i-presidentes-jahjaga-ne-hapjen-e-konferences-se-dyte-nderfetare-ne-kuader-te-javes-se-pajtimit-dhe-tolerances-nderfetare\/\",\"name\":\"GOVOR PREDSEDNICE JAHJAGA NA OTVARANJU DRUGOG ME\u0110UVERSKOG SASTANKA U OKVIRU NEDELJE ME\u0110UVERSKE TOLERANCIJE I POMIRENJA - Predsednik Republike Kosovo - DR. VJOSA OSMANI - SADRIU\",\"isPartOf\":{\"@id\":\"https:\/\/president-ksgov.net\/#website\"},\"primaryImageOfPage\":{\"@id\":\"https:\/\/president-ksgov.net\/fjalimi-i-presidentes-jahjaga-ne-hapjen-e-konferences-se-dyte-nderfetare-ne-kuader-te-javes-se-pajtimit-dhe-tolerances-nderfetare\/#primaryimage\"},\"image\":{\"@id\":\"https:\/\/president-ksgov.net\/fjalimi-i-presidentes-jahjaga-ne-hapjen-e-konferences-se-dyte-nderfetare-ne-kuader-te-javes-se-pajtimit-dhe-tolerances-nderfetare\/#primaryimage\"},\"thumbnailUrl\":\"https:\/\/president-ksgov.net\/wp-content\/uploads\/23_05_2014_8293945_1_23052014.jpg\",\"datePublished\":\"2014-05-23T18:51:07+00:00\",\"dateModified\":\"2023-03-08T09:03:10+00:00\",\"author\":{\"@id\":\"https:\/\/president-ksgov.net\/#\/schema\/person\/bb4337a5fb147cb2046d80548172cbee\"},\"description\":\"GOVOR PREDSEDNICE JAHJAGA NA OTVARANJU DRUGOG ME\u0110UVERSKOG SASTANKA U OKVIRU NEDELJE ME\u0110UVERSKE TOLERANCIJE I POMIRENJA - Predsednik Republike Kosovo - DR. VJOSA OSMANI - SADRIU -\",\"breadcrumb\":{\"@id\":\"https:\/\/president-ksgov.net\/fjalimi-i-presidentes-jahjaga-ne-hapjen-e-konferences-se-dyte-nderfetare-ne-kuader-te-javes-se-pajtimit-dhe-tolerances-nderfetare\/#breadcrumb\"},\"inLanguage\":\"sr-RS\",\"potentialAction\":[{\"@type\":\"ReadAction\",\"target\":[\"https:\/\/president-ksgov.net\/fjalimi-i-presidentes-jahjaga-ne-hapjen-e-konferences-se-dyte-nderfetare-ne-kuader-te-javes-se-pajtimit-dhe-tolerances-nderfetare\/\"]}]},{\"@type\":\"ImageObject\",\"inLanguage\":\"sr-RS\",\"@id\":\"https:\/\/president-ksgov.net\/fjalimi-i-presidentes-jahjaga-ne-hapjen-e-konferences-se-dyte-nderfetare-ne-kuader-te-javes-se-pajtimit-dhe-tolerances-nderfetare\/#primaryimage\",\"url\":\"https:\/\/president-ksgov.net\/wp-content\/uploads\/23_05_2014_8293945_1_23052014.jpg\",\"contentUrl\":\"https:\/\/president-ksgov.net\/wp-content\/uploads\/23_05_2014_8293945_1_23052014.jpg\",\"width\":1000,\"height\":667},{\"@type\":\"BreadcrumbList\",\"@id\":\"https:\/\/president-ksgov.net\/fjalimi-i-presidentes-jahjaga-ne-hapjen-e-konferences-se-dyte-nderfetare-ne-kuader-te-javes-se-pajtimit-dhe-tolerances-nderfetare\/#breadcrumb\",\"itemListElement\":[{\"@type\":\"ListItem\",\"position\":1,\"name\":\"Home\",\"item\":\"https:\/\/president-ksgov.net\/sr\/\"},{\"@type\":\"ListItem\",\"position\":2,\"name\":\"GOVOR PREDSEDNICE JAHJAGA NA OTVARANJU DRUGOG ME\u0110UVERSKOG SASTANKA U OKVIRU NEDELJE ME\u0110UVERSKE TOLERANCIJE I POMIRENJA\"}]},{\"@type\":\"WebSite\",\"@id\":\"https:\/\/president-ksgov.net\/#website\",\"url\":\"https:\/\/president-ksgov.net\/\",\"name\":\"Presidente e Republik\u00ebs s\u00eb Kosov\u00ebs\",\"description\":\"Presidente e Republik\u00ebs s\u00eb Kosov\u00ebs\",\"alternateName\":\"DR. VJOSA OSMANI - SADRIU\",\"potentialAction\":[{\"@type\":\"SearchAction\",\"target\":{\"@type\":\"EntryPoint\",\"urlTemplate\":\"https:\/\/president-ksgov.net\/?s={search_term_string}\"},\"query-input\":{\"@type\":\"PropertyValueSpecification\",\"valueRequired\":true,\"valueName\":\"search_term_string\"}}],\"inLanguage\":\"sr-RS\"},{\"@type\":\"Person\",\"@id\":\"https:\/\/president-ksgov.net\/#\/schema\/person\/bb4337a5fb147cb2046d80548172cbee\",\"name\":\"admin\",\"image\":{\"@type\":\"ImageObject\",\"inLanguage\":\"sr-RS\",\"@id\":\"https:\/\/president-ksgov.net\/#\/schema\/person\/image\/\",\"url\":\"https:\/\/secure.gravatar.com\/avatar\/36156ca0fa3b8d9d25174f146e16beea0cf28f37adf1b9e19b6c9c279a7c9dd3?s=96&d=mm&r=g\",\"contentUrl\":\"https:\/\/secure.gravatar.com\/avatar\/36156ca0fa3b8d9d25174f146e16beea0cf28f37adf1b9e19b6c9c279a7c9dd3?s=96&d=mm&r=g\",\"caption\":\"admin\"},\"sameAs\":[\"https:\/\/president-ksgov.net\"]}]}<\/script>\n<!-- \/ Yoast SEO plugin. -->","yoast_head_json":{"title":"GOVOR PREDSEDNICE JAHJAGA NA OTVARANJU DRUGOG ME\u0110UVERSKOG SASTANKA U OKVIRU NEDELJE ME\u0110UVERSKE TOLERANCIJE I POMIRENJA - Predsednik Republike Kosovo - DR. VJOSA OSMANI - SADRIU","description":"GOVOR PREDSEDNICE JAHJAGA NA OTVARANJU DRUGOG ME\u0110UVERSKOG SASTANKA U OKVIRU NEDELJE ME\u0110UVERSKE TOLERANCIJE I POMIRENJA - Predsednik Republike Kosovo - DR. VJOSA OSMANI - SADRIU -","robots":{"index":"index","follow":"follow","max-snippet":"max-snippet:-1","max-image-preview":"max-image-preview:large","max-video-preview":"max-video-preview:-1"},"canonical":"https:\/\/president-ksgov.net\/fjalimi-i-presidentes-jahjaga-ne-hapjen-e-konferences-se-dyte-nderfetare-ne-kuader-te-javes-se-pajtimit-dhe-tolerances-nderfetare\/","og_locale":"sr_RS","og_type":"article","og_title":"GOVOR PREDSEDNICE JAHJAGA NA OTVARANJU DRUGOG ME\u0110UVERSKOG SASTANKA U OKVIRU NEDELJE ME\u0110UVERSKE TOLERANCIJE I POMIRENJA - Predsednik Republike Kosovo - DR. VJOSA OSMANI - SADRIU","og_description":"GOVOR PREDSEDNICE JAHJAGA NA OTVARANJU DRUGOG ME\u0110UVERSKOG SASTANKA U OKVIRU NEDELJE ME\u0110UVERSKE TOLERANCIJE I POMIRENJA - Predsednik Republike Kosovo - DR. VJOSA OSMANI - SADRIU -","og_url":"https:\/\/president-ksgov.net\/fjalimi-i-presidentes-jahjaga-ne-hapjen-e-konferences-se-dyte-nderfetare-ne-kuader-te-javes-se-pajtimit-dhe-tolerances-nderfetare\/","og_site_name":"Predsednik Republike Kosovo - DR. VJOSA OSMANI - SADRIU","article_published_time":"2014-05-23T18:51:07+00:00","article_modified_time":"2023-03-08T09:03:10+00:00","og_image":[{"width":1000,"height":667,"url":"https:\/\/president-ksgov.net\/wp-content\/uploads\/23_05_2014_8293945_1_23052014.jpg","type":"image\/jpeg"}],"author":"admin","twitter_card":"summary_large_image","twitter_misc":{"\u041d\u0430\u043f\u0438\u0441\u0430\u043d\u043e \u043e\u0434":"admin","\u041f\u0440\u043e\u0446\u0435\u045a\u0435\u043d\u043e \u0432\u0440\u0435\u043c\u0435 \u0447\u0438\u0442\u0430\u045a\u0430":"4 \u043c\u0438\u043d\u0443\u0442\u0430"},"schema":{"@context":"https:\/\/schema.org","@graph":[{"@type":"WebPage","@id":"https:\/\/president-ksgov.net\/fjalimi-i-presidentes-jahjaga-ne-hapjen-e-konferences-se-dyte-nderfetare-ne-kuader-te-javes-se-pajtimit-dhe-tolerances-nderfetare\/","url":"https:\/\/president-ksgov.net\/fjalimi-i-presidentes-jahjaga-ne-hapjen-e-konferences-se-dyte-nderfetare-ne-kuader-te-javes-se-pajtimit-dhe-tolerances-nderfetare\/","name":"GOVOR PREDSEDNICE JAHJAGA NA OTVARANJU DRUGOG ME\u0110UVERSKOG SASTANKA U OKVIRU NEDELJE ME\u0110UVERSKE TOLERANCIJE I POMIRENJA - Predsednik Republike Kosovo - DR. VJOSA OSMANI - SADRIU","isPartOf":{"@id":"https:\/\/president-ksgov.net\/#website"},"primaryImageOfPage":{"@id":"https:\/\/president-ksgov.net\/fjalimi-i-presidentes-jahjaga-ne-hapjen-e-konferences-se-dyte-nderfetare-ne-kuader-te-javes-se-pajtimit-dhe-tolerances-nderfetare\/#primaryimage"},"image":{"@id":"https:\/\/president-ksgov.net\/fjalimi-i-presidentes-jahjaga-ne-hapjen-e-konferences-se-dyte-nderfetare-ne-kuader-te-javes-se-pajtimit-dhe-tolerances-nderfetare\/#primaryimage"},"thumbnailUrl":"https:\/\/president-ksgov.net\/wp-content\/uploads\/23_05_2014_8293945_1_23052014.jpg","datePublished":"2014-05-23T18:51:07+00:00","dateModified":"2023-03-08T09:03:10+00:00","author":{"@id":"https:\/\/president-ksgov.net\/#\/schema\/person\/bb4337a5fb147cb2046d80548172cbee"},"description":"GOVOR PREDSEDNICE JAHJAGA NA OTVARANJU DRUGOG ME\u0110UVERSKOG SASTANKA U OKVIRU NEDELJE ME\u0110UVERSKE TOLERANCIJE I POMIRENJA - Predsednik Republike Kosovo - DR. VJOSA OSMANI - SADRIU -","breadcrumb":{"@id":"https:\/\/president-ksgov.net\/fjalimi-i-presidentes-jahjaga-ne-hapjen-e-konferences-se-dyte-nderfetare-ne-kuader-te-javes-se-pajtimit-dhe-tolerances-nderfetare\/#breadcrumb"},"inLanguage":"sr-RS","potentialAction":[{"@type":"ReadAction","target":["https:\/\/president-ksgov.net\/fjalimi-i-presidentes-jahjaga-ne-hapjen-e-konferences-se-dyte-nderfetare-ne-kuader-te-javes-se-pajtimit-dhe-tolerances-nderfetare\/"]}]},{"@type":"ImageObject","inLanguage":"sr-RS","@id":"https:\/\/president-ksgov.net\/fjalimi-i-presidentes-jahjaga-ne-hapjen-e-konferences-se-dyte-nderfetare-ne-kuader-te-javes-se-pajtimit-dhe-tolerances-nderfetare\/#primaryimage","url":"https:\/\/president-ksgov.net\/wp-content\/uploads\/23_05_2014_8293945_1_23052014.jpg","contentUrl":"https:\/\/president-ksgov.net\/wp-content\/uploads\/23_05_2014_8293945_1_23052014.jpg","width":1000,"height":667},{"@type":"BreadcrumbList","@id":"https:\/\/president-ksgov.net\/fjalimi-i-presidentes-jahjaga-ne-hapjen-e-konferences-se-dyte-nderfetare-ne-kuader-te-javes-se-pajtimit-dhe-tolerances-nderfetare\/#breadcrumb","itemListElement":[{"@type":"ListItem","position":1,"name":"Home","item":"https:\/\/president-ksgov.net\/sr\/"},{"@type":"ListItem","position":2,"name":"GOVOR PREDSEDNICE JAHJAGA NA OTVARANJU DRUGOG ME\u0110UVERSKOG SASTANKA U OKVIRU NEDELJE ME\u0110UVERSKE TOLERANCIJE I POMIRENJA"}]},{"@type":"WebSite","@id":"https:\/\/president-ksgov.net\/#website","url":"https:\/\/president-ksgov.net\/","name":"Presidente e Republik\u00ebs s\u00eb Kosov\u00ebs","description":"Presidente e Republik\u00ebs s\u00eb Kosov\u00ebs","alternateName":"DR. VJOSA OSMANI - SADRIU","potentialAction":[{"@type":"SearchAction","target":{"@type":"EntryPoint","urlTemplate":"https:\/\/president-ksgov.net\/?s={search_term_string}"},"query-input":{"@type":"PropertyValueSpecification","valueRequired":true,"valueName":"search_term_string"}}],"inLanguage":"sr-RS"},{"@type":"Person","@id":"https:\/\/president-ksgov.net\/#\/schema\/person\/bb4337a5fb147cb2046d80548172cbee","name":"admin","image":{"@type":"ImageObject","inLanguage":"sr-RS","@id":"https:\/\/president-ksgov.net\/#\/schema\/person\/image\/","url":"https:\/\/secure.gravatar.com\/avatar\/36156ca0fa3b8d9d25174f146e16beea0cf28f37adf1b9e19b6c9c279a7c9dd3?s=96&d=mm&r=g","contentUrl":"https:\/\/secure.gravatar.com\/avatar\/36156ca0fa3b8d9d25174f146e16beea0cf28f37adf1b9e19b6c9c279a7c9dd3?s=96&d=mm&r=g","caption":"admin"},"sameAs":["https:\/\/president-ksgov.net"]}]}},"_links":{"self":[{"href":"https:\/\/president-ksgov.net\/sr\/wp-json\/wp\/v2\/posts\/77852","targetHints":{"allow":["GET"]}}],"collection":[{"href":"https:\/\/president-ksgov.net\/sr\/wp-json\/wp\/v2\/posts"}],"about":[{"href":"https:\/\/president-ksgov.net\/sr\/wp-json\/wp\/v2\/types\/post"}],"author":[{"embeddable":true,"href":"https:\/\/president-ksgov.net\/sr\/wp-json\/wp\/v2\/users\/1"}],"replies":[{"embeddable":true,"href":"https:\/\/president-ksgov.net\/sr\/wp-json\/wp\/v2\/comments?post=77852"}],"version-history":[{"count":1,"href":"https:\/\/president-ksgov.net\/sr\/wp-json\/wp\/v2\/posts\/77852\/revisions"}],"predecessor-version":[{"id":81675,"href":"https:\/\/president-ksgov.net\/sr\/wp-json\/wp\/v2\/posts\/77852\/revisions\/81675"}],"wp:featuredmedia":[{"embeddable":true,"href":"https:\/\/president-ksgov.net\/sr\/wp-json\/wp\/v2\/media\/45186"}],"wp:attachment":[{"href":"https:\/\/president-ksgov.net\/sr\/wp-json\/wp\/v2\/media?parent=77852"}],"wp:term":[{"taxonomy":"category","embeddable":true,"href":"https:\/\/president-ksgov.net\/sr\/wp-json\/wp\/v2\/categories?post=77852"},{"taxonomy":"post_tag","embeddable":true,"href":"https:\/\/president-ksgov.net\/sr\/wp-json\/wp\/v2\/tags?post=77852"}],"curies":[{"name":"wp","href":"https:\/\/api.w.org\/{rel}","templated":true}]}}