{"id":77850,"date":"2014-05-27T23:04:23","date_gmt":"2014-05-27T23:04:23","guid":{"rendered":"https:\/\/dev.president-ksgov.net\/govor-predsednice-republike-kosovo-u-savet-bezbednosti-ujedinjenih-naroda-o-kosovu\/"},"modified":"2023-03-08T09:03:10","modified_gmt":"2023-03-08T09:03:10","slug":"govor-predsednice-republike-kosovo-u-savet-bezbednosti-ujedinjenih-naroda-o-kosovu","status":"publish","type":"post","link":"https:\/\/president-ksgov.net\/sr\/govor-predsednice-republike-kosovo-u-savet-bezbednosti-ujedinjenih-naroda-o-kosovu\/","title":{"rendered":"GOVOR PREDSEDNICE REPUBLIKE KOSOVO U SAVET BEZBEDNOSTI UJEDINJENIH NARODA O KOSOVU"},"content":{"rendered":"<p>Po&#353;tovani G. Predsedni\u010de,<br \/>\nPo&#353;tovani \u010dlanovi Saveta Bezbednosti Ujedinjenih Naroda<\/p>\n<p>Posebna je \u010dast biti danas ovde sa vama, da razmotrimo tokove razvoja u Republici Kosovo prethodnih tri meseca, period tokom kojeg smo ostvarili veliki napredak u konsolidovanju na&#353;e dr&#382;ave, uspostavljanju vladanja zakona u svakom delu na&#353;e teritorije, i doprinosu mira i stabilnosti u regionu jugoisto\u010dne Evrope.<\/p>\n<p>U ime institucija Kosova i njenih gra\u0111ana &#382;elim vam izraziti na&#353;u zahvalnost Generalnom Sekretaru Ujedinjenih Naroda Ban Ki-Moon za njegov doprinos miru i stabilnosti na Kosovu i regionu, i zemljama \u010dlanice Saveta Bezbednosti Ujedinjenih Naroda za njihovo interesovanje i podr&#353;ku op&#353;tem napretku Kosova i regiona.<\/p>\n<p>&#381;elim koristiti ovu mogu\u0107nost da izrazim na&#353;e iskreno sau\u010de&#353;\u0107e Predsedniku Srbije i njenim gra\u0111anima za izgubljene &#382;ivote i imovine od stra&#353;nih poplava pro&#353;lih sedmica. Predsednik Nikoli\u0107, na&#353;e misli i molitve su uz vas i va&#353;e gra\u0111ane pogo\u0111ene ovom tragi\u010dnom prirodnom nesre\u0107om. <\/p>\n<p>Po&#353;tovani \u010dlanovi Saveta Bezbednosti UN,<\/p>\n<p>Tokom ovih proteklih meseca, Republike Kosovo je vodilo obazrivu politiku, pokazala se hrabra i lider, te smo postigli vidljive rezultate koji nas pribli&#382;avaju na&#353;em glavnom cilju, uspostavljanju multietni\u010dke o multikulturne dr&#382;ave ravnopravnih dr&#382;avljana, koji &#382;ive u miru i prosperitetu, bez obzira na nacionalnost, rod, veru ili rasu.<br \/>\n\u00a0<br \/>\nPovrh na&#353;ih dnevnih pote&#353;ko\u0107a, za&#353;tite i integracije svih zajednica Kosova u institucionalni i dru&#353;tveni &#382;ivot, mi smo na konstruktivan na\u010din anga&#382;ovali na jedan detaljan dijalog koji ima za cilj normalizaciju odnosa izme\u0111u na&#353;ih dveju dr&#382;ava i pobolj&#353;anje &#382;ivota na&#353;ih gra\u0111ana.<\/p>\n<p>Danas Kosovo je sasvim druga\u010dija od one razorene zemlje koju smo nasledili pre petnaest godina sa hiljada mrtvih civila, sa mnogo &#382;rtava torture i silovanja, izvr&#353;enih kao sredstvo rata, fizi\u010dki uni&#353;tena i jedno nasle\u0111e neprijateljstva i etni\u010dkog \u010di&#353;\u0107enja izvr&#353;enih od strane srpskih snaga. Obnova nije bila laka. Trebala je jedna plemenitost me\u0111unarodne zajednice i volja na&#353;ih gra\u0111ana da bismo postigli onde gde smo danas. Tako\u0111e je trebalo politi\u010dke volje i hrabrosti da bi se kretalo napred.<\/p>\n<p>Uzimaju\u0107i u obzir podr&#353;ku koju je Predsednik Srbije. g. Tomislav Nikoli\u0107 dao procesu dijaloga izme\u0111u Kosova i Srbije za normalizaciju odnosa izme\u0111u na&#353;ih zemalja. Usprkos \u010dinjenice da imamo razlike o Kosovu, va&#382;no je da priznali realnost nezavisnosti Kosova i njenog nepovrata. <\/p>\n<p>U sadejstvu sa politi\u010dkim progresom, mi smo jako usredsredili na&#353;u pa&#382;nju na daljnju konsolidaciju na&#353;eg suvereniteta, daljnjim pro&#353;irenjem i ja\u010danjem vladanja zakona, izgradnji jedne zdrave osnove za ekonomski razvoj i privla\u010dnost preko potrebnih stranih investicija, ja\u010danje poverenja institucija i dokazivanje politi\u010dke volje i zrelosti za kretanje napred pribli&#382;avaju\u0107i se cilju na&#353;e aspiracije \u010dlanstva u Evropsku Zajednicu i ostale me\u0111unarodne organe.<\/p>\n<p>Republika Kosovo ostaje privr&#382;ena procesu dijaloga sa Republikom Srbijom.<\/p>\n<p>U ovom napretku, koji je po\u010deo 2011 godine i okon\u010dao se sveobuhvatnim sporazumom od 19. Aprila 2013 godine, posredovan od Visoke Predstavnice za Inostranu Politiku i Bezbednost EZ-e, Baronice Catherine Ashton, i podr&#382;an od me\u0111unarodne zajednice, mi smo postigli sveobuhvatnost te politi\u010dki i socijalni konsenzus.Mi smo prevazi&#353;li ideolo&#353;ke granice i dnevno politi\u010dke agende. Mi smo odlu\u010dni da se kre\u0107emo i idemo napred.<\/p>\n<p>Ovaj proces dijaloga sa Srbijom je bio jedan od na&#353;ih glavnih anga&#382;ovanja i implikacije ovoga procesa idu preko konsolidacije suvereniteta i teritorijalnog integriteta Kosova i njenog \u010dlanstva u me\u0111unarodnim organizacijama.<\/p>\n<p>Postignuti sporazumi u Bruksel olak&#353;aju punu integraciju srpske zajednice na Kosovu. Sporazum je postigao obustaviti delatnost ilegalnih struktura bezbednosti podr&#382;anih od Srbije, u nekim delovima Kosova, dovode\u0107i kao rezultat preko potrebno vladanje zakona pred gra\u0111ane severnih delova, koji su &#382;iveli u jednoj atmosferi straha, pretnji i ne zakonitosti za vrlo dugo vreme.<\/p>\n<p>Ovi \u0107e sporazumi dovesti dnevne usluge bli&#382;e gra\u0111anima severnih op&#353;tina. Njima je pobolj&#353;ano slobodno kretanje, kao &#353;to je pobolj&#353;ano i kretanje robe i blagostanje gra\u0111ana sa obe strane granice putem prikupljanja prihoda na potreban na\u010din. Iako se najve\u0107im delom usredsredilo na sever, mi ovo smatramo kao pozitivan razvoj za celo dru&#353;tvo i korist za sve gra\u0111ane zemlje.<\/p>\n<p>Pregovarani i\u00a0 potpisani sporazumi u Bruksel su ja\u010dali evropsku perspektivu Kosova i Srbije zasnovanu na saradnju i dobrosusedne odnose, iako svaka na posebnom kretanju u pravcu Evropske Zajednice.<\/p>\n<p>Uspeh procesa dijaloga je ponovo potvrdilo snagu transformiranja koju u sebi sadr&#382;i projekat Evropske Zajednice, prostiranjem puta u pravcu ove Unije i u na&#353;em pravcu radi unapre\u0111enja kretanja integracije regiona u svoja nedra. <\/p>\n<p>U ovom pravcu, ja ohrabrim pet preostala \u010dlanova EZ-e da priznaju nezavisnost Kosova i da unaprede ovu perspektivu, koja ostaje klju\u010dna za mir i stabilnost zapadnog Balkana i &#353;ire. Tako\u0111e koristim mogu\u0107nost da izrazim na&#353;u zahvalnost vi&#353;e od 100 dr&#382;ava sveta za priznanje dr&#382;avnosti Kosova i podr&#353;ku vizije za jednu demokratsku i multietni\u010dku dr&#382;avu. I tako\u0111e zahtevam od dr&#382;ava \u010dlanica UN koje jo&#353; nije priznale Kosovo, da to \u010dine.<\/p>\n<p>Po&#353;tovani g. Predsedni\u010de,<br \/>\nPo&#353;tovani \u010dlanovi Saveta Bezbednosti\u00a0 <\/p>\n<p>Tokom prve godi&#353;njice bilateralnog sporazuma za normalizaciju, postignutog u Bruksel sa posredovanjem EZ-e u Aprilu pro&#353;le godine Premijeri dve zemlje, institucije Kosova su se usred fokusirale na uspe&#353;nu implementaciju 15 ta\u010daka ovog sporazuma,<\/p>\n<p>Mi smo ube\u0111eni da njegova potpuna implementacija, na ustrajan na\u010din i efikasno, \u0107e transformirati na&#353;e odnose ubudu\u0107e i dove&#353;\u0107e do stabilnosti regiona. Mi se zahvaljujemo na&#353;im partnerima, Evropskoj Zajednici, za njenu ulogu kao posrednika i garant procesa dijaloga, i Sjedinjene Ameri\u010dke Dr&#382;ave, jak oslonac ovog procesa, i hrabrimo da budu uz nas tokom na&#353;eg kretanja napred.<\/p>\n<p>Zna\u010dajan uspeh je postignut u implementaciji sporazuma, i mi o\u010dekujemo jo&#353; pove\u0107anje nakon zavr&#353;etka izbornog procesa u obe zemlje.<\/p>\n<p>&#381;elim da posebno naglasim uspe&#353;an zavr&#353;etak lokalnih izbora organizovanih u celo Kosovo, obuhvataju\u0107i inauguraciju i zvani\u010dno prilago\u0111avanje op&#353;tinskih statuta sa zakonom Kosova, kao &#353;to se zahteva sporazumom Brisela. Radosna sam obavestiti vas da u\u010de&#353;\u0107e zajednice Srba u drugih etni\u010dkih zajednica na Kosovu je bilo zadovoljavaju\u0107e.<\/p>\n<p>Zavr&#353;avanjem statuta \u010detiri severnih op&#353;tina, Asocijacija op&#353;tina sa srpskom ve\u010dinom mo&#382;e da se osnuje u skladu sa Ustavom Kosova, zakonima i Evropskom Kartom lokalne uprave radi obezbe\u0111enja integracije srpske zajednice u zemlji. Asocijacija \u0107e biti integralni deo institucija Kosova.<\/p>\n<p>Sli\u010dno je postignut dobar napredak i u prikupljanju carinskih prihoda u grani\u010dnim prelazima na severu, kao i u osnivanju Fonda za razvoj i njegovog odbora upravljanja, ukidanju kancelarija Ministarstva unutra&#353;njih poslova Srbije koje su delovale u ovim op&#353;tinama i integraciju njihovog osoblja u okviru Kosovske Policije kao &#353;to je predvi\u0111eno sporazumom Brisela. Raduje nas zaklju\u010divanje sporazuma za ukidanje paralelnih sudova u narednom sastanku u Bruksel i o\u010dekujemo da Srbija ispuni njene obaveze za ukidanje delovanja ovih sudova i stvaranje mogu\u0107nosti za integraciju sudija i tu&#382;ilaca Srba Kosova u pravni sistem Kosova.<\/p>\n<p>Jo&#353; toga ostaje da se uradi u oblasti bezbednosti u \u010detiri op&#353;tine na severu, obuhvataju\u0107i i ukidanje zaostalih paralelnih struktura. U ovom periodu, uz brigu \u0107u spomenuti slu\u010dajeve suprotstavljanja prostiranju vladanja zakona u \u010detiri severne op&#353;tine od strane paravojnih i kriminalnih grupa koje su dr&#382;ali kao taoca srpsku zajednicu na Kosovu tokom pro&#353;lih petnaest godina. Ove strukture tako\u0111e nastavljaju ugroziti doma\u0107e i me\u0111unarodno osoblje organizacija vladanja zakona, kao &#353;to je bio raniji napad na vozila EULEX-a i postavljanje barikada za nastavljanje spre\u010davanja slobodnog kretanja.<\/p>\n<p>Mi o\u010dekujemo od nove vlade Srbije da se pridr&#382;ava njenog dela sporazuma i da nastavlja da se anga&#382;uje na konstruktivan na\u010din radi obezbe\u0111enja da Srbi Kosova prihvate i podr&#382;e postignute sporazume u Bruksel, kao na&#353;e zajedni\u010dko anga&#382;ovanje da bismo doneli stabilnost i mir na&#353;im gra\u0111anima, regionu i &#353;ire.<\/p>\n<p>Dok se pribli&#382;avamo prevremenim parlamentarnim izborima na Kosovu, ja sam uputila poziv svim mehanizmima i stranama na Kosovu da obezbede jednu stabilnu sredinu, pravedne i demokratske uslove, koje \u0107e omogu\u0107iti slobodno i sveobuhvatno glasanje.<\/p>\n<p>Ponavljam poziv koji sam uputila svim etni\u010dkim zajednicama Kosova da koriste svoje ustavno pravo putem potpunog u\u010de&#353;\u0107e na glasanje, da biraju predstavnike koji \u0107e dati odjeka njihovim interesima i zahtevima i koji \u0107e raditi zajedno sa nama u pravcu ja\u010danja demokratije na Kosovu.<\/p>\n<p>Institucije Kosova ostaju posve\u0107ene za proces povratka svih izbeglica i onih raseljenih od rata. Da bismo imali ustrajan proces povratka mi smo preduzeli jedan sveobuhvatni pristup investiranjem u sektor stanovanja, zdravstva i bezbednosti, pristupu obrazovanju i ekonomskom razvoju.<br \/>\nPosebno sam ohrabrena da se jedan broj vratio u urbane centre i saradnjom regionalnih zemalja sa vladom Kosova za olak&#353;anje povratka.<\/p>\n<p>Po&#353;tovani g. Predsedni\u010de,<br \/>\nPo&#353;tovani \u010dlanovi Saveta Bezbednosti <\/p>\n<p>Republika Kosovo je posve\u0107ena sveobuhvatnom procesu reformi, &#353;to \u0107e ja\u010dati budu\u0107e perspektive \u010dlanstva u Evropsku Zajednicu, kao glavna agenda koja ujedinjuje gra\u0111ane Kosova i opcija koja u&#382;iva dru&#353;tveni i institucionalni konsenzus.<\/p>\n<p>Gradnjom ovoga osetljivog procesa, zadovoljstvo mije da vas obavestim da Kosovo, ranije tokom ovoga meseca, je zavr&#353;ila pregovore za Sporazum o Stabilizaciji i Asociranju sa Evropskom Zajednicom, kao prvi bitni korak na&#353;eg kretanja u pravcu budu\u0107eg \u010dlanstva. <\/p>\n<p>O\u010dekujem skoru formalizaciju rezultata nakon parlamentarnih izbora na Kosovu, dok radimo na osiguranje jedne bezbedne sredine za na&#353;e gra\u0111ane i jednog boljeg kvaliteta &#382;ivota u pratnji evropske perspektive. Postigli smo zna\u010dajan napredak u ispunjavanju uslova za uklju\u010divanje u re&#382;im EZ-e bez viza i o\u010dekujemo da se ovaj proces ubrzo okon\u010da.<\/p>\n<p>Tokom ovog perioda mi smo tako\u0111e zavr&#353;ili i proces revizije na&#353;eg sektora bezbednosti. Ovaj proces, koji po prvi put jeste doma\u0107i, preduzet je na jedan organski i transparentan na\u010din, prou\u010davao je mehanizme bezbednosti i ocenio potrebe na&#353;ih gra\u0111ana i strate&#353;ke ciljeve Kosova.<\/p>\n<p>Kao deo preporuka proizi&#353;lih iz ovoga procesa, jeste i stvaranje Oru&#382;anih Snaga Kosova, dizajniranih kao jedna odbrambena lako naoru&#382;ana snaga, koja nadamo se da \u0107e uspeti da se suo\u010dava sa izazovima bezbednosti Kosova u jednom srednjem i dugoro\u010dnom periodu i biti na&#353;e sredstvo za doprinos kolektivnoj bezbednosti regiona.<\/p>\n<p>Formiranje Oru&#382;anih snaga Kosova jeste jedan desetogodi&#353;nji sveobuhvatni proces koji zahteva ne samo podr&#353;ku svih etni\u010dkih zajednica nego i njihovo\u00a0 aktivno u\u010de&#353;\u0107e.<\/p>\n<p>Obe organizacije bezbednosti na Kosovu imaju jednu dobru sveobuhvatnu istoriju &#8211; oko 15 % policijske snage su oficiri iz etni\u010dkih zajednica, dok oko 9% Snage Bezbednosti Kosova su pripadnici etni\u010dkih zajednica.<br \/>\nU stvaranju Oru&#382;ane Snage Kosova mi smo se obratili etni\u010dkim zajednicama Kosova, zemljama regiona i zainteresovanim me\u0111unarodnim stranama u NATO, kako bismo im objasnili rezultate procesa revizije i nastaviti \u0107emo ovaj va&#382;an dijalog.<\/p>\n<p>U na&#353;e anga&#382;ovanje da postanemo osigura\u010di bezbednosti, institucije Kosova su, a i nastavljati \u0107e, delovati u partnerstvo sa me\u0111unarodnom zajednicom i specifi\u010dno sa NATO-m u ovaj proces.<\/p>\n<p>U na&#353;u jasnu odlu\u010dnost za jednu Evropsku budu\u0107nost Kosov, mi smo postali partner sa misijom EZ-e, EULEX-om, u pravcu ja\u010danja vladanja zakona u celoj zemlji. I dok transformiramo ovu \u010dvrstu odlu\u010dnost protiv korupcije i organizovanog kriminala u konkretnim postupcima, ja sam zahtevala od Evropske Zajednice produ&#382;enje mandata EULEX-a do 2016 godine. Iako \u0107e EULEX da se transformira sa jedne misije izvr&#353;nim mandatom na mandat nadgledanja, doprinos ove misije za ja\u010danje nezavisnosti na&#353;eg multietni\u010dkog sudstva \u0107e biti jako velik. Tokom novog mandata, EULEX \u0107e okon\u010dati nezavr&#353;ene slu\u010dajeve, i preuzet \u0107e na sebe nove slu\u010dajeve na zahtev institucija Kosova.<\/p>\n<p>Novi mandat EULEX-a, koji je podr&#382;an od Skup&#353;tine Kosova, \u0107e nastavljati pomo\u0107i u implementaciji, prema sporazumi, dijaloga Kosovo &#8211; Srbija, posredovan od EZ-e.<\/p>\n<p>U na&#353;im anga&#382;ovanjima da bismo bili verni odlu\u010dnosti za izgradnju jednog demokratskog Kosova, u miru sa sobom i njenim susedima i vrednostima i idealima ugra\u0111enih u njen ustav, Parlament Kosova je podr&#382;ao formiranje jednog Posebnog suda, sa sedi&#353;tem unutar i van zemlje, koji \u0107e adresirati prijave za ratni zlo\u010din proizi&#353;lih iz izve&#353;taja Saveta Evrope 2010 godine.<\/p>\n<p>Formiranje ovog Posebnog suda odra&#382;ava odlu\u010dnost Kosova za jedan nezavisan i nepristrasan proces za poverljivo adresiranje ovih prijava kao &#353;to verujemo da odlu\u010dnost za pravdu za sve jeste jedini na\u010din za istinito pomirenje u regionu.<\/p>\n<p>Dok danas govorimo, radne ekipe Kosova i Srbije su u toku iskopavanja jedne masovne grobnice u srpski grad Rudnica, radi va\u0111enja posmrtnih ostataka hiljadu sedamsto dvanaest nestalih od rata na Kosovu. Ovo su tela civila, Albanaca Kosova, kidnapovanih i pogubljenih od srpskih snaga tokom rata.<\/p>\n<p>Zaklju\u010divanje ovoga poglavlja prevazilazi politiku. Kao lideri na&#353;ih zemalja imamo obavezu pomo\u0107i u zaklju\u010divanju sudbine hiljade o&#353;te\u0107enih porodica, ja\u010danjem komisija koje rade na ova pitanja da bi istra&#382;ivale njihove sudbine i pokazivanjem volje i politi\u010dke hrabrosti dovo\u0111enjem pred zakonom svih onih koji su izvr&#353;ili te u&#382;asne zlo\u010dine.<\/p>\n<p>G. Predsedni\u010de, \u010dlanovi Saveta Bezbednosti <\/p>\n<p>Mi smo intenzivno radili da otvorimo jedno novo poglavlje na Kosovu, gde svaki gra\u0111anin u&#382;iva ravnopravnost i &#382;ivi u slobodi i miru. Mnogo je postignuto ali jo&#353; mnogo ostaje da se postigne.<\/p>\n<p>Ohrabrena sam izmenama koje sam videla u region i podr&#353;ku koju smo dobili od me\u0111unarodne zajednice, koja je stala uz nas pru&#382;aju\u0107i nam jasne i posebne perspektive za Kosovo i Srbiju u na&#353;em kretanju u pravcu EZ-e.<\/p>\n<p>Kosovo \u0107e ostati odlu\u010dna u izgradnji dobrih odnosa sa susedima, koji promoviraju saradnju i obostrano poverenje &#8211; jedna uzvi&#353;ena izmena za jednu regiju koji pre manje od dve decenije je bila zahva\u0107ena ratom.<\/p>\n<p>U ovo kretanje mi smo se rukovodili dubokim ube\u0111enjem da ne dozvolimo ponavljanje pro&#353;losti neizmerne bola i patnji izazvane nad &#382;ivotima gra\u0111ana Kosova. Dok nastavljamo da se kre\u0107emo napred, nesumnjivo \u0107e biti suprotnosti i tenzija.<\/p>\n<p>Ali,\u00a0 i uprkos tome,<br \/>\n\u00a0<br \/>\nAli uprkos tome, verujem da do sada postignuti napredak treba da se odr&#382;i dok smo odlu\u010dni da obezbedimo jednu naprednu budu\u0107nost za nove generacije.<\/p>\n<p>G. Predsedni\u010de, po&#353;tovani \u010dlanovi Saveta Bezbednosti,<\/p>\n<p>Mi &#382;elimo da nastavimo cementiranje koristi koje smo ostvarili ja\u010danjem Kosova iznutra i me\u0111unarodnom konsolidacijom, jer oba procesa su usko povezani.<\/p>\n<p>I dok se kre\u0107emo napred, mi tra&#382;imo va&#353;u pomo\u0107 i uputstvo jer uspeh Kosova i unapre\u0111enje ovoga dostignu\u0107a \u0107e biti na&#353;e zajedni\u010dko nasle\u0111e, kao &#353;to je dana&#353;nje Kosovo, u miru i prosperitetu, na&#353; zajedni\u010dki uspeh.<\/p>\n<p>Hvala vam na pa&#382;nju i va&#353;u podr&#353;ku za progres na Kosovu.\u00a0<\/p>\n","protected":false},"excerpt":{"rendered":"<p>Po&#353;tovani G. Predsedni\u010de,<br \/>\nPo&#353;tovani \u010dlanovi Saveta Bezbednosti Ujedinjenih Naroda<\/p>\n","protected":false},"author":1,"featured_media":45112,"comment_status":"open","ping_status":"closed","sticky":false,"template":"","format":"standard","meta":{"_eb_attr":"","footnotes":""},"categories":[106],"tags":[],"class_list":["post-77850","post","type-post","status-publish","format-standard","has-post-thumbnail","hentry","category-govori"],"yoast_head":"<!-- This site is optimized with the Yoast SEO plugin v23.5 - https:\/\/yoast.com\/wordpress\/plugins\/seo\/ -->\n<title>GOVOR PREDSEDNICE REPUBLIKE KOSOVO U SAVET BEZBEDNOSTI UJEDINJENIH NARODA O KOSOVU - Predsednik Republike Kosovo - DR. VJOSA OSMANI - SADRIU<\/title>\n<meta name=\"description\" content=\"GOVOR PREDSEDNICE REPUBLIKE KOSOVO U SAVET BEZBEDNOSTI UJEDINJENIH NARODA O KOSOVU - Predsednik Republike Kosovo - DR. VJOSA OSMANI - SADRIU -\" \/>\n<meta name=\"robots\" content=\"index, follow, max-snippet:-1, max-image-preview:large, max-video-preview:-1\" \/>\n<link rel=\"canonical\" href=\"https:\/\/president-ksgov.net\/sr\/govor-predsednice-republike-kosovo-u-savet-bezbednosti-ujedinjenih-naroda-o-kosovu\/\" \/>\n<meta property=\"og:locale\" content=\"sr_RS\" \/>\n<meta property=\"og:type\" content=\"article\" \/>\n<meta property=\"og:title\" content=\"GOVOR PREDSEDNICE REPUBLIKE KOSOVO U SAVET BEZBEDNOSTI UJEDINJENIH NARODA O KOSOVU - Predsednik Republike Kosovo - DR. VJOSA OSMANI - SADRIU\" \/>\n<meta property=\"og:description\" content=\"GOVOR PREDSEDNICE REPUBLIKE KOSOVO U SAVET BEZBEDNOSTI UJEDINJENIH NARODA O KOSOVU - Predsednik Republike Kosovo - DR. VJOSA OSMANI - SADRIU -\" \/>\n<meta property=\"og:url\" content=\"https:\/\/president-ksgov.net\/sr\/govor-predsednice-republike-kosovo-u-savet-bezbednosti-ujedinjenih-naroda-o-kosovu\/\" \/>\n<meta property=\"og:site_name\" content=\"Predsednik Republike Kosovo - DR. VJOSA OSMANI - SADRIU\" \/>\n<meta property=\"article:published_time\" content=\"2014-05-27T23:04:23+00:00\" \/>\n<meta property=\"article:modified_time\" content=\"2023-03-08T09:03:10+00:00\" \/>\n<meta property=\"og:image\" content=\"https:\/\/president-ksgov.net\/wp-content\/uploads\/27_05_2014_8220619_690_350_27_05_2014_55349_IMG_4445.jpg\" \/>\n\t<meta property=\"og:image:width\" content=\"690\" \/>\n\t<meta property=\"og:image:height\" content=\"350\" \/>\n\t<meta property=\"og:image:type\" content=\"image\/jpeg\" \/>\n<meta name=\"author\" content=\"admin\" \/>\n<meta name=\"twitter:card\" content=\"summary_large_image\" \/>\n<meta name=\"twitter:label1\" content=\"\u041d\u0430\u043f\u0438\u0441\u0430\u043d\u043e \u043e\u0434\" \/>\n\t<meta name=\"twitter:data1\" content=\"admin\" \/>\n\t<meta name=\"twitter:label2\" content=\"\u041f\u0440\u043e\u0446\u0435\u045a\u0435\u043d\u043e \u0432\u0440\u0435\u043c\u0435 \u0447\u0438\u0442\u0430\u045a\u0430\" \/>\n\t<meta name=\"twitter:data2\" content=\"12 \u043c\u0438\u043d\u0443\u0442\u0430\" \/>\n<script type=\"application\/ld+json\" class=\"yoast-schema-graph\">{\"@context\":\"https:\/\/schema.org\",\"@graph\":[{\"@type\":\"WebPage\",\"@id\":\"https:\/\/president-ksgov.net\/sr\/govor-predsednice-republike-kosovo-u-savet-bezbednosti-ujedinjenih-naroda-o-kosovu\/\",\"url\":\"https:\/\/president-ksgov.net\/sr\/govor-predsednice-republike-kosovo-u-savet-bezbednosti-ujedinjenih-naroda-o-kosovu\/\",\"name\":\"GOVOR PREDSEDNICE REPUBLIKE KOSOVO U SAVET BEZBEDNOSTI UJEDINJENIH NARODA O KOSOVU - Predsednik Republike Kosovo - DR. VJOSA OSMANI - SADRIU\",\"isPartOf\":{\"@id\":\"https:\/\/president-ksgov.net\/#website\"},\"primaryImageOfPage\":{\"@id\":\"https:\/\/president-ksgov.net\/sr\/govor-predsednice-republike-kosovo-u-savet-bezbednosti-ujedinjenih-naroda-o-kosovu\/#primaryimage\"},\"image\":{\"@id\":\"https:\/\/president-ksgov.net\/sr\/govor-predsednice-republike-kosovo-u-savet-bezbednosti-ujedinjenih-naroda-o-kosovu\/#primaryimage\"},\"thumbnailUrl\":\"https:\/\/president-ksgov.net\/wp-content\/uploads\/27_05_2014_8220619_690_350_27_05_2014_55349_IMG_4445.jpg\",\"datePublished\":\"2014-05-27T23:04:23+00:00\",\"dateModified\":\"2023-03-08T09:03:10+00:00\",\"author\":{\"@id\":\"https:\/\/president-ksgov.net\/#\/schema\/person\/bb4337a5fb147cb2046d80548172cbee\"},\"description\":\"GOVOR PREDSEDNICE REPUBLIKE KOSOVO U SAVET BEZBEDNOSTI UJEDINJENIH NARODA O KOSOVU - Predsednik Republike Kosovo - DR. VJOSA OSMANI - SADRIU -\",\"breadcrumb\":{\"@id\":\"https:\/\/president-ksgov.net\/sr\/govor-predsednice-republike-kosovo-u-savet-bezbednosti-ujedinjenih-naroda-o-kosovu\/#breadcrumb\"},\"inLanguage\":\"sr-RS\",\"potentialAction\":[{\"@type\":\"ReadAction\",\"target\":[\"https:\/\/president-ksgov.net\/sr\/govor-predsednice-republike-kosovo-u-savet-bezbednosti-ujedinjenih-naroda-o-kosovu\/\"]}]},{\"@type\":\"ImageObject\",\"inLanguage\":\"sr-RS\",\"@id\":\"https:\/\/president-ksgov.net\/sr\/govor-predsednice-republike-kosovo-u-savet-bezbednosti-ujedinjenih-naroda-o-kosovu\/#primaryimage\",\"url\":\"https:\/\/president-ksgov.net\/wp-content\/uploads\/27_05_2014_8220619_690_350_27_05_2014_55349_IMG_4445.jpg\",\"contentUrl\":\"https:\/\/president-ksgov.net\/wp-content\/uploads\/27_05_2014_8220619_690_350_27_05_2014_55349_IMG_4445.jpg\",\"width\":690,\"height\":350},{\"@type\":\"BreadcrumbList\",\"@id\":\"https:\/\/president-ksgov.net\/sr\/govor-predsednice-republike-kosovo-u-savet-bezbednosti-ujedinjenih-naroda-o-kosovu\/#breadcrumb\",\"itemListElement\":[{\"@type\":\"ListItem\",\"position\":1,\"name\":\"Home\",\"item\":\"https:\/\/president-ksgov.net\/sr\/\"},{\"@type\":\"ListItem\",\"position\":2,\"name\":\"GOVOR PREDSEDNICE REPUBLIKE KOSOVO U SAVET BEZBEDNOSTI UJEDINJENIH NARODA O KOSOVU\"}]},{\"@type\":\"WebSite\",\"@id\":\"https:\/\/president-ksgov.net\/#website\",\"url\":\"https:\/\/president-ksgov.net\/\",\"name\":\"Presidente e Republik\u00ebs s\u00eb Kosov\u00ebs\",\"description\":\"Presidente e Republik\u00ebs s\u00eb Kosov\u00ebs\",\"alternateName\":\"DR. VJOSA OSMANI - SADRIU\",\"potentialAction\":[{\"@type\":\"SearchAction\",\"target\":{\"@type\":\"EntryPoint\",\"urlTemplate\":\"https:\/\/president-ksgov.net\/?s={search_term_string}\"},\"query-input\":{\"@type\":\"PropertyValueSpecification\",\"valueRequired\":true,\"valueName\":\"search_term_string\"}}],\"inLanguage\":\"sr-RS\"},{\"@type\":\"Person\",\"@id\":\"https:\/\/president-ksgov.net\/#\/schema\/person\/bb4337a5fb147cb2046d80548172cbee\",\"name\":\"admin\",\"image\":{\"@type\":\"ImageObject\",\"inLanguage\":\"sr-RS\",\"@id\":\"https:\/\/president-ksgov.net\/#\/schema\/person\/image\/\",\"url\":\"https:\/\/secure.gravatar.com\/avatar\/36156ca0fa3b8d9d25174f146e16beea0cf28f37adf1b9e19b6c9c279a7c9dd3?s=96&d=mm&r=g\",\"contentUrl\":\"https:\/\/secure.gravatar.com\/avatar\/36156ca0fa3b8d9d25174f146e16beea0cf28f37adf1b9e19b6c9c279a7c9dd3?s=96&d=mm&r=g\",\"caption\":\"admin\"},\"sameAs\":[\"https:\/\/president-ksgov.net\"]}]}<\/script>\n<!-- \/ Yoast SEO plugin. -->","yoast_head_json":{"title":"GOVOR PREDSEDNICE REPUBLIKE KOSOVO U SAVET BEZBEDNOSTI UJEDINJENIH NARODA O KOSOVU - Predsednik Republike Kosovo - DR. VJOSA OSMANI - SADRIU","description":"GOVOR PREDSEDNICE REPUBLIKE KOSOVO U SAVET BEZBEDNOSTI UJEDINJENIH NARODA O KOSOVU - Predsednik Republike Kosovo - DR. VJOSA OSMANI - SADRIU -","robots":{"index":"index","follow":"follow","max-snippet":"max-snippet:-1","max-image-preview":"max-image-preview:large","max-video-preview":"max-video-preview:-1"},"canonical":"https:\/\/president-ksgov.net\/sr\/govor-predsednice-republike-kosovo-u-savet-bezbednosti-ujedinjenih-naroda-o-kosovu\/","og_locale":"sr_RS","og_type":"article","og_title":"GOVOR PREDSEDNICE REPUBLIKE KOSOVO U SAVET BEZBEDNOSTI UJEDINJENIH NARODA O KOSOVU - Predsednik Republike Kosovo - DR. VJOSA OSMANI - SADRIU","og_description":"GOVOR PREDSEDNICE REPUBLIKE KOSOVO U SAVET BEZBEDNOSTI UJEDINJENIH NARODA O KOSOVU - Predsednik Republike Kosovo - DR. VJOSA OSMANI - SADRIU -","og_url":"https:\/\/president-ksgov.net\/sr\/govor-predsednice-republike-kosovo-u-savet-bezbednosti-ujedinjenih-naroda-o-kosovu\/","og_site_name":"Predsednik Republike Kosovo - DR. VJOSA OSMANI - SADRIU","article_published_time":"2014-05-27T23:04:23+00:00","article_modified_time":"2023-03-08T09:03:10+00:00","og_image":[{"width":690,"height":350,"url":"https:\/\/president-ksgov.net\/wp-content\/uploads\/27_05_2014_8220619_690_350_27_05_2014_55349_IMG_4445.jpg","type":"image\/jpeg"}],"author":"admin","twitter_card":"summary_large_image","twitter_misc":{"\u041d\u0430\u043f\u0438\u0441\u0430\u043d\u043e \u043e\u0434":"admin","\u041f\u0440\u043e\u0446\u0435\u045a\u0435\u043d\u043e \u0432\u0440\u0435\u043c\u0435 \u0447\u0438\u0442\u0430\u045a\u0430":"12 \u043c\u0438\u043d\u0443\u0442\u0430"},"schema":{"@context":"https:\/\/schema.org","@graph":[{"@type":"WebPage","@id":"https:\/\/president-ksgov.net\/sr\/govor-predsednice-republike-kosovo-u-savet-bezbednosti-ujedinjenih-naroda-o-kosovu\/","url":"https:\/\/president-ksgov.net\/sr\/govor-predsednice-republike-kosovo-u-savet-bezbednosti-ujedinjenih-naroda-o-kosovu\/","name":"GOVOR PREDSEDNICE REPUBLIKE KOSOVO U SAVET BEZBEDNOSTI UJEDINJENIH NARODA O KOSOVU - Predsednik Republike Kosovo - DR. VJOSA OSMANI - SADRIU","isPartOf":{"@id":"https:\/\/president-ksgov.net\/#website"},"primaryImageOfPage":{"@id":"https:\/\/president-ksgov.net\/sr\/govor-predsednice-republike-kosovo-u-savet-bezbednosti-ujedinjenih-naroda-o-kosovu\/#primaryimage"},"image":{"@id":"https:\/\/president-ksgov.net\/sr\/govor-predsednice-republike-kosovo-u-savet-bezbednosti-ujedinjenih-naroda-o-kosovu\/#primaryimage"},"thumbnailUrl":"https:\/\/president-ksgov.net\/wp-content\/uploads\/27_05_2014_8220619_690_350_27_05_2014_55349_IMG_4445.jpg","datePublished":"2014-05-27T23:04:23+00:00","dateModified":"2023-03-08T09:03:10+00:00","author":{"@id":"https:\/\/president-ksgov.net\/#\/schema\/person\/bb4337a5fb147cb2046d80548172cbee"},"description":"GOVOR PREDSEDNICE REPUBLIKE KOSOVO U SAVET BEZBEDNOSTI UJEDINJENIH NARODA O KOSOVU - Predsednik Republike Kosovo - DR. VJOSA OSMANI - SADRIU -","breadcrumb":{"@id":"https:\/\/president-ksgov.net\/sr\/govor-predsednice-republike-kosovo-u-savet-bezbednosti-ujedinjenih-naroda-o-kosovu\/#breadcrumb"},"inLanguage":"sr-RS","potentialAction":[{"@type":"ReadAction","target":["https:\/\/president-ksgov.net\/sr\/govor-predsednice-republike-kosovo-u-savet-bezbednosti-ujedinjenih-naroda-o-kosovu\/"]}]},{"@type":"ImageObject","inLanguage":"sr-RS","@id":"https:\/\/president-ksgov.net\/sr\/govor-predsednice-republike-kosovo-u-savet-bezbednosti-ujedinjenih-naroda-o-kosovu\/#primaryimage","url":"https:\/\/president-ksgov.net\/wp-content\/uploads\/27_05_2014_8220619_690_350_27_05_2014_55349_IMG_4445.jpg","contentUrl":"https:\/\/president-ksgov.net\/wp-content\/uploads\/27_05_2014_8220619_690_350_27_05_2014_55349_IMG_4445.jpg","width":690,"height":350},{"@type":"BreadcrumbList","@id":"https:\/\/president-ksgov.net\/sr\/govor-predsednice-republike-kosovo-u-savet-bezbednosti-ujedinjenih-naroda-o-kosovu\/#breadcrumb","itemListElement":[{"@type":"ListItem","position":1,"name":"Home","item":"https:\/\/president-ksgov.net\/sr\/"},{"@type":"ListItem","position":2,"name":"GOVOR PREDSEDNICE REPUBLIKE KOSOVO U SAVET BEZBEDNOSTI UJEDINJENIH NARODA O KOSOVU"}]},{"@type":"WebSite","@id":"https:\/\/president-ksgov.net\/#website","url":"https:\/\/president-ksgov.net\/","name":"Presidente e Republik\u00ebs s\u00eb Kosov\u00ebs","description":"Presidente e Republik\u00ebs s\u00eb Kosov\u00ebs","alternateName":"DR. VJOSA OSMANI - SADRIU","potentialAction":[{"@type":"SearchAction","target":{"@type":"EntryPoint","urlTemplate":"https:\/\/president-ksgov.net\/?s={search_term_string}"},"query-input":{"@type":"PropertyValueSpecification","valueRequired":true,"valueName":"search_term_string"}}],"inLanguage":"sr-RS"},{"@type":"Person","@id":"https:\/\/president-ksgov.net\/#\/schema\/person\/bb4337a5fb147cb2046d80548172cbee","name":"admin","image":{"@type":"ImageObject","inLanguage":"sr-RS","@id":"https:\/\/president-ksgov.net\/#\/schema\/person\/image\/","url":"https:\/\/secure.gravatar.com\/avatar\/36156ca0fa3b8d9d25174f146e16beea0cf28f37adf1b9e19b6c9c279a7c9dd3?s=96&d=mm&r=g","contentUrl":"https:\/\/secure.gravatar.com\/avatar\/36156ca0fa3b8d9d25174f146e16beea0cf28f37adf1b9e19b6c9c279a7c9dd3?s=96&d=mm&r=g","caption":"admin"},"sameAs":["https:\/\/president-ksgov.net"]}]}},"_links":{"self":[{"href":"https:\/\/president-ksgov.net\/sr\/wp-json\/wp\/v2\/posts\/77850","targetHints":{"allow":["GET"]}}],"collection":[{"href":"https:\/\/president-ksgov.net\/sr\/wp-json\/wp\/v2\/posts"}],"about":[{"href":"https:\/\/president-ksgov.net\/sr\/wp-json\/wp\/v2\/types\/post"}],"author":[{"embeddable":true,"href":"https:\/\/president-ksgov.net\/sr\/wp-json\/wp\/v2\/users\/1"}],"replies":[{"embeddable":true,"href":"https:\/\/president-ksgov.net\/sr\/wp-json\/wp\/v2\/comments?post=77850"}],"version-history":[{"count":1,"href":"https:\/\/president-ksgov.net\/sr\/wp-json\/wp\/v2\/posts\/77850\/revisions"}],"predecessor-version":[{"id":81674,"href":"https:\/\/president-ksgov.net\/sr\/wp-json\/wp\/v2\/posts\/77850\/revisions\/81674"}],"wp:featuredmedia":[{"embeddable":true,"href":"https:\/\/president-ksgov.net\/sr\/wp-json\/wp\/v2\/media\/45112"}],"wp:attachment":[{"href":"https:\/\/president-ksgov.net\/sr\/wp-json\/wp\/v2\/media?parent=77850"}],"wp:term":[{"taxonomy":"category","embeddable":true,"href":"https:\/\/president-ksgov.net\/sr\/wp-json\/wp\/v2\/categories?post=77850"},{"taxonomy":"post_tag","embeddable":true,"href":"https:\/\/president-ksgov.net\/sr\/wp-json\/wp\/v2\/tags?post=77850"}],"curies":[{"name":"wp","href":"https:\/\/api.w.org\/{rel}","templated":true}]}}