{"id":77842,"date":"2014-06-03T11:42:20","date_gmt":"2014-06-03T11:42:20","guid":{"rendered":"https:\/\/dev.president-ksgov.net\/govor-predsednice-jahjaga-na-konferenciji-ene-i-biznis\/"},"modified":"2023-03-08T09:03:10","modified_gmt":"2023-03-08T09:03:10","slug":"govor-predsednice-jahjaga-na-konferenciji-ene-i-biznis","status":"publish","type":"post","link":"https:\/\/president-ksgov.net\/sr\/govor-predsednice-jahjaga-na-konferenciji-ene-i-biznis\/","title":{"rendered":"Govor Predsednice Jahjaga na konferenciji &#147;&#142;ene i Biznis&#148;"},"content":{"rendered":"<p>\u010cast mi je i zadovoljstvo biti danas sa vama i da razmenim iskustvo sa vama &#382;enama preduzetnici ali i sa svima vama koji na razne na\u010dine ste dokazali podr&#353;ku ekonomskom razvoju Kosova, putem podr&#353;ke malom i srednjem biznisu i predvo\u0111enog od &#382;ena.<\/p>\n<p>Po&#353;tovana gospo\u0111a Maureen Shauket,<br \/>\nPo&#353;tovane &#382;ene preduzetnici\u00a0 Kosova,<br \/>\nPo&#353;tovani prisutni!<\/p>\n<p>\u010cast mi je i zadovoljstvo biti danas sa vama i da razmenim iskustvo sa vama &#382;enama preduzetnici ali i sa svima vama koji na razne na\u010dine ste dokazali podr&#353;ku ekonomskom razvoju Kosova, putem podr&#353;ke malom i srednjem biznisu i predvo\u0111enog od &#382;ena.<\/p>\n<p>&#381;ena na Kosovu, ve\u0107 dugo vremena, je odigrala jednu vrlo va&#382;nu ulogu ne samo u odr&#382;avanju i o\u010duvanju porodice, nego i u izgradnji i konsolidaciji dr&#382;avnosti, ja\u010danju institucija zemlje i razvoju demokratije, putem njenog neposrednog u\u010de&#353;\u0107a u svim procesima.<\/p>\n<p>Decenijama za redom, &#382;ena na Kosovu je dokazala odlu\u010dnost za provo\u0111enje pozitivnih promena u dru&#353;tvo, dokazuju\u0107i da ove promene po\u010dinju sa njom, da bi se ostvarile istinite demokratske izmene te da se ukidaju predrasude o njoj i njene vrednosti.<\/p>\n<p>Uporedo sa vrlo va&#382;nom ulogom u brizi o deci i porodici, &#382;ene su dale veliki doprinos u procesima za budu\u0107nost zemlje.<\/p>\n<p>Uz uklju\u010divanje &#382;ene u najva&#382;nijim procesima za zemlju, jo&#353; od pre rata i tokom celog perioda dr&#382;avotvornosti, ona jo&#353; nije prevazi&#353;la rodne prepreke i jo&#353; nije postala potpuno ravnopravni deo na&#353;eg dru&#353;tva.<\/p>\n<p>Nastojanja za ekonomsko ja\u010danje &#382;ene, su nastojanja za prikazivanje nivoa demokratizacije dru&#353;tva nego pre svega radi orjentacije zemlje u pravcu jednog pravednog i br&#382;eg ekonomskog razvoja zemlje. Ekonomsko ja\u010danje &#382;ene jeste ja\u010danje dru&#353;tva u celosti, jeste investicija u budu\u0107nosti i garantovanje prosperiteta zemlje.<\/p>\n<p>Duboko sam ube\u0111ena da \u0107e ekonomski ja\u010danje &#382;ena doneti njihovo ja\u010danje u politici i odlu\u010divanje, onde gde se svakog dana odlu\u010duje o na&#353;oj deci, o budu\u0107nosti zemlje ali i &#353;ire.<\/p>\n<p>Vreme je da &#382;ena jo&#353; jednom dokaze da donosi promene u dru&#353;tvo, stalno rade\u0107i za &#353;kolovanje devojaka danas, koje \u0107e sutra da budu podstreka\u010di promena, ekonomskog razvoja i da ravnopravno uzdi&#382;u svoju decu, bez obzira kojem rodu pripadaju, da im obezbede jedan bogatiji &#382;ivot.<\/p>\n<p>Investicija za &#382;enu jeste investicija u vizije zemlje i ima neposrednog uticaja na ekonomski rast, socijalno blagostanje i demokratski razvoj svake dr&#382;ave.<\/p>\n<p>Nama &#382;enama lider sleduje da ukinemo barijere kako bi &#382;ene dale svoj doprinos ekonomskom razvoju zemlje i ne samo to.<\/p>\n<p>Mi trebamo dokazati na\u0111e posve\u0107enje i na&#353;u ozbiljnost kao dru&#353;tvo, da bi garantovale aktivno u\u010de&#353;\u0107e devojaka i &#382;ena u svaku oblast &#382;ivota, cene\u0107i to kao nedeljiv deo ta ostvarivanja ekonomske ustrajnosti, dru&#353;tvenog progresa i ispunjavanja demokratskih na\u010dela.<\/p>\n<p>U ovom kontekstu, &#382;elim isticati anga&#382;ovanje svake &#382;ene preduzetnik radi priznavanja izazova kroz koje je pro&#353;la u cilju postizanja cilja postanka &#382;ene ravnopravnim delom dru&#353;tva. &#381;ene Kosova danas rukovode samo sa 6 posto biznisa i samo 8% svojine na njeno ime.<\/p>\n<p>Ovaj trend ipak treba da se menja. Institucije zemlje treba da \u010dine mnogo da se poma&#382;e razvoj malih i srednjih preduze\u0107a, koje se predvode od &#382;ena preduzetnika. <\/p>\n<p>Izvanrednu pomo\u0107 u ovome pravcu je dala Agencija Sjedinjenih Dr&#382;ava za Me\u0111unarodni\u00a0 Razvoj, s toga &#382;elim da posebno isti\u010dem doprinos direktorice USAID-a. g. Maureen Shauket, moje prijateljice kod koje su institucije Kosova i celo dru&#353;tvo su na&#353;le prisnog saradnika\u00a0 lojalnog partnera za razvoj demokratije i ja\u010danje institucija Republike Kosovo.<\/p>\n<p>Maureen, od srca vam zahvaljujem, za va&#353;e neumorno i posve\u0107eno anga&#382;ovanja za podr&#382;avanje svake inicijative za ravnopravnost rodova i posebno &#382;ena u politici i odlu\u010divanje i &#382;ena u biznis. Na ovaj na\u010din vi ste li\u010dno podr&#382;ali razvoj demokratskih institucija i ja\u010danje pravne dr&#382;ave. Hvala Vam Maureen!<br \/>\n\u00a0<br \/>\nPo&#353;tovane &#382;ene preduzetnici, <\/p>\n<p>Na kraju, &#382;elim sa vama deliti jednu \u010dinjenicu objavljenu pre nekoliko dan u presti&#382;ni\u00a0 \u010dasopis Forbs, gde se navodi da ove godine &#382;ene preduzetnici \u010dine 20% naj ja\u010dih &#382;ena u svetu.<\/p>\n<p>One su uspe&#353;ne jer su rizikovale, imaju talenat, jako su kreativne i iznad svega one su mnogo radile. Takve ste i vi.<\/p>\n<p>&#381;elim vam puno uspeha u razvoj i pro&#353;irenje va&#353;ih biznisa!<\/p>\n","protected":false},"excerpt":{"rendered":"<p>\u010cast mi je i zadovoljstvo biti danas sa vama i da razmenim iskustvo sa vama &#382;enama preduzetnici ali i sa svima vama koji na razne na\u010dine ste dokazali podr&#353;ku ekonomskom razvoju Kosova, putem podr&#353;ke malom i srednjem biznisu i predvo\u0111enog od &#382;ena.<\/p>\n","protected":false},"author":1,"featured_media":44996,"comment_status":"open","ping_status":"closed","sticky":false,"template":"","format":"standard","meta":{"_eb_attr":"","footnotes":""},"categories":[106],"tags":[],"class_list":["post-77842","post","type-post","status-publish","format-standard","has-post-thumbnail","hentry","category-govori"],"yoast_head":"<!-- This site is optimized with the Yoast SEO plugin v23.5 - https:\/\/yoast.com\/wordpress\/plugins\/seo\/ -->\n<title>Govor Predsednice Jahjaga na konferenciji &#147;&#142;ene i Biznis&#148; - Predsednik Republike Kosovo - DR. VJOSA OSMANI - SADRIU<\/title>\n<meta name=\"description\" content=\"Govor Predsednice Jahjaga na konferenciji &#147;&#142;ene i Biznis&#148; - Predsednik Republike Kosovo - DR. VJOSA OSMANI - SADRIU -\" \/>\n<meta name=\"robots\" content=\"index, follow, max-snippet:-1, max-image-preview:large, max-video-preview:-1\" \/>\n<link rel=\"canonical\" href=\"https:\/\/president-ksgov.net\/sr\/govor-predsednice-jahjaga-na-konferenciji-ene-i-biznis\/\" \/>\n<meta property=\"og:locale\" content=\"sr_RS\" \/>\n<meta property=\"og:type\" content=\"article\" \/>\n<meta property=\"og:title\" content=\"Govor Predsednice Jahjaga na konferenciji &#147;&#142;ene i Biznis&#148; - Predsednik Republike Kosovo - DR. VJOSA OSMANI - SADRIU\" \/>\n<meta property=\"og:description\" content=\"Govor Predsednice Jahjaga na konferenciji &#147;&#142;ene i Biznis&#148; - Predsednik Republike Kosovo - DR. VJOSA OSMANI - SADRIU -\" \/>\n<meta property=\"og:url\" content=\"https:\/\/president-ksgov.net\/sr\/govor-predsednice-jahjaga-na-konferenciji-ene-i-biznis\/\" \/>\n<meta property=\"og:site_name\" content=\"Predsednik Republike Kosovo - DR. VJOSA OSMANI - SADRIU\" \/>\n<meta property=\"article:published_time\" content=\"2014-06-03T11:42:20+00:00\" \/>\n<meta property=\"article:modified_time\" content=\"2023-03-08T09:03:10+00:00\" \/>\n<meta property=\"og:image\" content=\"https:\/\/president-ksgov.net\/wp-content\/uploads\/03_06_2014_3941565_03_06_2014_Konferenca_Femrat_dhe_biznesi_1.jpg\" \/>\n\t<meta property=\"og:image:width\" content=\"1024\" \/>\n\t<meta property=\"og:image:height\" content=\"683\" \/>\n\t<meta property=\"og:image:type\" content=\"image\/jpeg\" \/>\n<meta name=\"author\" content=\"admin\" \/>\n<meta name=\"twitter:card\" content=\"summary_large_image\" \/>\n<meta name=\"twitter:label1\" content=\"\u041d\u0430\u043f\u0438\u0441\u0430\u043d\u043e \u043e\u0434\" \/>\n\t<meta name=\"twitter:data1\" content=\"admin\" \/>\n\t<meta name=\"twitter:label2\" content=\"\u041f\u0440\u043e\u0446\u0435\u045a\u0435\u043d\u043e \u0432\u0440\u0435\u043c\u0435 \u0447\u0438\u0442\u0430\u045a\u0430\" \/>\n\t<meta name=\"twitter:data2\" content=\"4 \u043c\u0438\u043d\u0443\u0442\u0430\" \/>\n<script type=\"application\/ld+json\" class=\"yoast-schema-graph\">{\"@context\":\"https:\/\/schema.org\",\"@graph\":[{\"@type\":\"WebPage\",\"@id\":\"https:\/\/president-ksgov.net\/sr\/govor-predsednice-jahjaga-na-konferenciji-ene-i-biznis\/\",\"url\":\"https:\/\/president-ksgov.net\/sr\/govor-predsednice-jahjaga-na-konferenciji-ene-i-biznis\/\",\"name\":\"Govor Predsednice Jahjaga na konferenciji &#147;&#142;ene i Biznis&#148; - Predsednik Republike Kosovo - DR. VJOSA OSMANI - SADRIU\",\"isPartOf\":{\"@id\":\"https:\/\/president-ksgov.net\/#website\"},\"primaryImageOfPage\":{\"@id\":\"https:\/\/president-ksgov.net\/sr\/govor-predsednice-jahjaga-na-konferenciji-ene-i-biznis\/#primaryimage\"},\"image\":{\"@id\":\"https:\/\/president-ksgov.net\/sr\/govor-predsednice-jahjaga-na-konferenciji-ene-i-biznis\/#primaryimage\"},\"thumbnailUrl\":\"https:\/\/president-ksgov.net\/wp-content\/uploads\/03_06_2014_3941565_03_06_2014_Konferenca_Femrat_dhe_biznesi_1.jpg\",\"datePublished\":\"2014-06-03T11:42:20+00:00\",\"dateModified\":\"2023-03-08T09:03:10+00:00\",\"author\":{\"@id\":\"https:\/\/president-ksgov.net\/#\/schema\/person\/bb4337a5fb147cb2046d80548172cbee\"},\"description\":\"Govor Predsednice Jahjaga na konferenciji &#147;&#142;ene i Biznis&#148; - Predsednik Republike Kosovo - DR. VJOSA OSMANI - SADRIU -\",\"breadcrumb\":{\"@id\":\"https:\/\/president-ksgov.net\/sr\/govor-predsednice-jahjaga-na-konferenciji-ene-i-biznis\/#breadcrumb\"},\"inLanguage\":\"sr-RS\",\"potentialAction\":[{\"@type\":\"ReadAction\",\"target\":[\"https:\/\/president-ksgov.net\/sr\/govor-predsednice-jahjaga-na-konferenciji-ene-i-biznis\/\"]}]},{\"@type\":\"ImageObject\",\"inLanguage\":\"sr-RS\",\"@id\":\"https:\/\/president-ksgov.net\/sr\/govor-predsednice-jahjaga-na-konferenciji-ene-i-biznis\/#primaryimage\",\"url\":\"https:\/\/president-ksgov.net\/wp-content\/uploads\/03_06_2014_3941565_03_06_2014_Konferenca_Femrat_dhe_biznesi_1.jpg\",\"contentUrl\":\"https:\/\/president-ksgov.net\/wp-content\/uploads\/03_06_2014_3941565_03_06_2014_Konferenca_Femrat_dhe_biznesi_1.jpg\",\"width\":1024,\"height\":683},{\"@type\":\"BreadcrumbList\",\"@id\":\"https:\/\/president-ksgov.net\/sr\/govor-predsednice-jahjaga-na-konferenciji-ene-i-biznis\/#breadcrumb\",\"itemListElement\":[{\"@type\":\"ListItem\",\"position\":1,\"name\":\"Home\",\"item\":\"https:\/\/president-ksgov.net\/sr\/\"},{\"@type\":\"ListItem\",\"position\":2,\"name\":\"Govor Predsednice Jahjaga na konferenciji &#147;&#142;ene i Biznis&#148;\"}]},{\"@type\":\"WebSite\",\"@id\":\"https:\/\/president-ksgov.net\/#website\",\"url\":\"https:\/\/president-ksgov.net\/\",\"name\":\"Presidente e Republik\u00ebs s\u00eb Kosov\u00ebs\",\"description\":\"Presidente e Republik\u00ebs s\u00eb Kosov\u00ebs\",\"alternateName\":\"DR. VJOSA OSMANI - SADRIU\",\"potentialAction\":[{\"@type\":\"SearchAction\",\"target\":{\"@type\":\"EntryPoint\",\"urlTemplate\":\"https:\/\/president-ksgov.net\/?s={search_term_string}\"},\"query-input\":{\"@type\":\"PropertyValueSpecification\",\"valueRequired\":true,\"valueName\":\"search_term_string\"}}],\"inLanguage\":\"sr-RS\"},{\"@type\":\"Person\",\"@id\":\"https:\/\/president-ksgov.net\/#\/schema\/person\/bb4337a5fb147cb2046d80548172cbee\",\"name\":\"admin\",\"image\":{\"@type\":\"ImageObject\",\"inLanguage\":\"sr-RS\",\"@id\":\"https:\/\/president-ksgov.net\/#\/schema\/person\/image\/\",\"url\":\"https:\/\/secure.gravatar.com\/avatar\/36156ca0fa3b8d9d25174f146e16beea0cf28f37adf1b9e19b6c9c279a7c9dd3?s=96&d=mm&r=g\",\"contentUrl\":\"https:\/\/secure.gravatar.com\/avatar\/36156ca0fa3b8d9d25174f146e16beea0cf28f37adf1b9e19b6c9c279a7c9dd3?s=96&d=mm&r=g\",\"caption\":\"admin\"},\"sameAs\":[\"https:\/\/president-ksgov.net\"]}]}<\/script>\n<!-- \/ Yoast SEO plugin. -->","yoast_head_json":{"title":"Govor Predsednice Jahjaga na konferenciji &#147;&#142;ene i Biznis&#148; - Predsednik Republike Kosovo - DR. VJOSA OSMANI - SADRIU","description":"Govor Predsednice Jahjaga na konferenciji &#147;&#142;ene i Biznis&#148; - Predsednik Republike Kosovo - DR. VJOSA OSMANI - SADRIU -","robots":{"index":"index","follow":"follow","max-snippet":"max-snippet:-1","max-image-preview":"max-image-preview:large","max-video-preview":"max-video-preview:-1"},"canonical":"https:\/\/president-ksgov.net\/sr\/govor-predsednice-jahjaga-na-konferenciji-ene-i-biznis\/","og_locale":"sr_RS","og_type":"article","og_title":"Govor Predsednice Jahjaga na konferenciji &#147;&#142;ene i Biznis&#148; - Predsednik Republike Kosovo - DR. VJOSA OSMANI - SADRIU","og_description":"Govor Predsednice Jahjaga na konferenciji &#147;&#142;ene i Biznis&#148; - Predsednik Republike Kosovo - DR. VJOSA OSMANI - SADRIU -","og_url":"https:\/\/president-ksgov.net\/sr\/govor-predsednice-jahjaga-na-konferenciji-ene-i-biznis\/","og_site_name":"Predsednik Republike Kosovo - DR. VJOSA OSMANI - SADRIU","article_published_time":"2014-06-03T11:42:20+00:00","article_modified_time":"2023-03-08T09:03:10+00:00","og_image":[{"width":1024,"height":683,"url":"https:\/\/president-ksgov.net\/wp-content\/uploads\/03_06_2014_3941565_03_06_2014_Konferenca_Femrat_dhe_biznesi_1.jpg","type":"image\/jpeg"}],"author":"admin","twitter_card":"summary_large_image","twitter_misc":{"\u041d\u0430\u043f\u0438\u0441\u0430\u043d\u043e \u043e\u0434":"admin","\u041f\u0440\u043e\u0446\u0435\u045a\u0435\u043d\u043e \u0432\u0440\u0435\u043c\u0435 \u0447\u0438\u0442\u0430\u045a\u0430":"4 \u043c\u0438\u043d\u0443\u0442\u0430"},"schema":{"@context":"https:\/\/schema.org","@graph":[{"@type":"WebPage","@id":"https:\/\/president-ksgov.net\/sr\/govor-predsednice-jahjaga-na-konferenciji-ene-i-biznis\/","url":"https:\/\/president-ksgov.net\/sr\/govor-predsednice-jahjaga-na-konferenciji-ene-i-biznis\/","name":"Govor Predsednice Jahjaga na konferenciji &#147;&#142;ene i Biznis&#148; - Predsednik Republike Kosovo - DR. VJOSA OSMANI - SADRIU","isPartOf":{"@id":"https:\/\/president-ksgov.net\/#website"},"primaryImageOfPage":{"@id":"https:\/\/president-ksgov.net\/sr\/govor-predsednice-jahjaga-na-konferenciji-ene-i-biznis\/#primaryimage"},"image":{"@id":"https:\/\/president-ksgov.net\/sr\/govor-predsednice-jahjaga-na-konferenciji-ene-i-biznis\/#primaryimage"},"thumbnailUrl":"https:\/\/president-ksgov.net\/wp-content\/uploads\/03_06_2014_3941565_03_06_2014_Konferenca_Femrat_dhe_biznesi_1.jpg","datePublished":"2014-06-03T11:42:20+00:00","dateModified":"2023-03-08T09:03:10+00:00","author":{"@id":"https:\/\/president-ksgov.net\/#\/schema\/person\/bb4337a5fb147cb2046d80548172cbee"},"description":"Govor Predsednice Jahjaga na konferenciji &#147;&#142;ene i Biznis&#148; - Predsednik Republike Kosovo - DR. VJOSA OSMANI - SADRIU -","breadcrumb":{"@id":"https:\/\/president-ksgov.net\/sr\/govor-predsednice-jahjaga-na-konferenciji-ene-i-biznis\/#breadcrumb"},"inLanguage":"sr-RS","potentialAction":[{"@type":"ReadAction","target":["https:\/\/president-ksgov.net\/sr\/govor-predsednice-jahjaga-na-konferenciji-ene-i-biznis\/"]}]},{"@type":"ImageObject","inLanguage":"sr-RS","@id":"https:\/\/president-ksgov.net\/sr\/govor-predsednice-jahjaga-na-konferenciji-ene-i-biznis\/#primaryimage","url":"https:\/\/president-ksgov.net\/wp-content\/uploads\/03_06_2014_3941565_03_06_2014_Konferenca_Femrat_dhe_biznesi_1.jpg","contentUrl":"https:\/\/president-ksgov.net\/wp-content\/uploads\/03_06_2014_3941565_03_06_2014_Konferenca_Femrat_dhe_biznesi_1.jpg","width":1024,"height":683},{"@type":"BreadcrumbList","@id":"https:\/\/president-ksgov.net\/sr\/govor-predsednice-jahjaga-na-konferenciji-ene-i-biznis\/#breadcrumb","itemListElement":[{"@type":"ListItem","position":1,"name":"Home","item":"https:\/\/president-ksgov.net\/sr\/"},{"@type":"ListItem","position":2,"name":"Govor Predsednice Jahjaga na konferenciji &#147;&#142;ene i Biznis&#148;"}]},{"@type":"WebSite","@id":"https:\/\/president-ksgov.net\/#website","url":"https:\/\/president-ksgov.net\/","name":"Presidente e Republik\u00ebs s\u00eb Kosov\u00ebs","description":"Presidente e Republik\u00ebs s\u00eb Kosov\u00ebs","alternateName":"DR. VJOSA OSMANI - SADRIU","potentialAction":[{"@type":"SearchAction","target":{"@type":"EntryPoint","urlTemplate":"https:\/\/president-ksgov.net\/?s={search_term_string}"},"query-input":{"@type":"PropertyValueSpecification","valueRequired":true,"valueName":"search_term_string"}}],"inLanguage":"sr-RS"},{"@type":"Person","@id":"https:\/\/president-ksgov.net\/#\/schema\/person\/bb4337a5fb147cb2046d80548172cbee","name":"admin","image":{"@type":"ImageObject","inLanguage":"sr-RS","@id":"https:\/\/president-ksgov.net\/#\/schema\/person\/image\/","url":"https:\/\/secure.gravatar.com\/avatar\/36156ca0fa3b8d9d25174f146e16beea0cf28f37adf1b9e19b6c9c279a7c9dd3?s=96&d=mm&r=g","contentUrl":"https:\/\/secure.gravatar.com\/avatar\/36156ca0fa3b8d9d25174f146e16beea0cf28f37adf1b9e19b6c9c279a7c9dd3?s=96&d=mm&r=g","caption":"admin"},"sameAs":["https:\/\/president-ksgov.net"]}]}},"_links":{"self":[{"href":"https:\/\/president-ksgov.net\/sr\/wp-json\/wp\/v2\/posts\/77842","targetHints":{"allow":["GET"]}}],"collection":[{"href":"https:\/\/president-ksgov.net\/sr\/wp-json\/wp\/v2\/posts"}],"about":[{"href":"https:\/\/president-ksgov.net\/sr\/wp-json\/wp\/v2\/types\/post"}],"author":[{"embeddable":true,"href":"https:\/\/president-ksgov.net\/sr\/wp-json\/wp\/v2\/users\/1"}],"replies":[{"embeddable":true,"href":"https:\/\/president-ksgov.net\/sr\/wp-json\/wp\/v2\/comments?post=77842"}],"version-history":[{"count":1,"href":"https:\/\/president-ksgov.net\/sr\/wp-json\/wp\/v2\/posts\/77842\/revisions"}],"predecessor-version":[{"id":81673,"href":"https:\/\/president-ksgov.net\/sr\/wp-json\/wp\/v2\/posts\/77842\/revisions\/81673"}],"wp:featuredmedia":[{"embeddable":true,"href":"https:\/\/president-ksgov.net\/sr\/wp-json\/wp\/v2\/media\/44996"}],"wp:attachment":[{"href":"https:\/\/president-ksgov.net\/sr\/wp-json\/wp\/v2\/media?parent=77842"}],"wp:term":[{"taxonomy":"category","embeddable":true,"href":"https:\/\/president-ksgov.net\/sr\/wp-json\/wp\/v2\/categories?post=77842"},{"taxonomy":"post_tag","embeddable":true,"href":"https:\/\/president-ksgov.net\/sr\/wp-json\/wp\/v2\/tags?post=77842"}],"curies":[{"name":"wp","href":"https:\/\/api.w.org\/{rel}","templated":true}]}}