{"id":77838,"date":"2014-06-05T16:20:52","date_gmt":"2014-06-05T16:20:52","guid":{"rendered":"https:\/\/dev.president-ksgov.net\/predsednica-atifete-jahjaga-se-sastala-danas-u-pariz-sa-ministrom-inostranih-poslova-francuske-g-laurent-fabius\/"},"modified":"2014-06-05T16:20:52","modified_gmt":"2014-06-05T16:20:52","slug":"predsednica-atifete-jahjaga-se-sastala-danas-u-pariz-sa-ministrom-inostranih-poslova-francuske-g-laurent-fabius","status":"publish","type":"post","link":"https:\/\/president-ksgov.net\/sr\/predsednica-atifete-jahjaga-se-sastala-danas-u-pariz-sa-ministrom-inostranih-poslova-francuske-g-laurent-fabius\/","title":{"rendered":"Predsednica Atifete Jahjaga se sastala danas u Pariz sa Ministrom Inostranih poslova Francuske, g. Laurent Fabius"},"content":{"rendered":"<p>Predsednica Republike Kosovo, gospo\u0111a Atifete Jahjaga, se sastala danas u Pariz sa Ministrom inostranih poslova Republike Francuske, gospodinom Laurent Fabius, sa kojim je razgovarala o aktualnim zbivanjima u Kosovo i integracionim procesima zemlje i regiona Balkana.<\/p>\n<p>Predsednica Jahjaga je u razgovoru sa Fabius-om izrazila zahvalnost za stalnu podr&#353;ku vlade Francuske za proces kroz koji prolazi Kosovo i cela regija te ocenila da je Republika Kosovo \u010dinila va&#382;an korak u pravcu konsolidacije njene demokratije i me\u0111unarodnog subjektiviteta, nagla&#353;avaju\u0107i va&#382;nost podr&#353;ke ovim procesima od strane raznih zemalja sveta, uklju\u010duju\u0107i ovde i Francusku. Predsednica Jahjaga je istakla da je za Kosovo od velike va&#382;nosti izgradnja dobrih odnosa sa Republikom Francuske i posebno njihovo pro&#353;irenje u oblasti ekonomije.\u00a0 <\/p>\n<p>Govore\u0107i o va&#382;nosti i uticaju koji je ima dijalog izme\u0111u Republike Kosovo i Republike Srbije, Predsednica Jahjaga je istakla da je od va&#382;nosti potpuno\u00a0 sprovo\u0111enje u praksu postignutih sporazuma u dijalogu, jer ovo \u0107e olak&#353;ati &#382;ivot gra\u0111ana i doprineti \u0107e normalizaciji odnosa izme\u0111u dve zemlje istovremenim\u00a0 otvaranjem evropske perspektive za obe zemlje.<\/p>\n<p>Ona je rekla da je Kosovo \u010dinila va&#382;an korak napred u procesu evropske integracije i putem pregovara za Sporazum o Stabilizaciji i Asociranju. Predsednica Jahjaga je rekla da je va&#382;no za gra\u0111ane Republike Kosovo, da se proces liberalizacije viza za Kosovo zavr&#353;i &#353;to pre i da dr&#382;avljani Kosova imaju mogu\u0107nosti kretanja bez viza u EZ-e, kao i svi gra\u0111ani zemalja regiona.<br \/>\nPredsednica Jahjaga je istakla da proces evropske integracije ima posebnu va&#382;nost za unapre\u0111enje svih dr&#382;ava regiona, pru&#382;aju\u0107i perspektivu trajnom miru i napretku zemalja regiona.<\/p>\n<p>Predsednica Jahjaga je istakla da\u00a0 \u0107e Kosovo 8. Juna okon\u010dati jedan va&#382;an proces op&#353;tih izbora, koji \u0107e pomo\u0107i zemlji u kretanju napred isti\u010du\u0107i da sve institucije i celo dru&#353;tvo Kosova, su anga&#382;ovane za odr&#382;avanje mirnih, demokratskih, sveobuhvatnih i po&#353;tenih izbora.<\/p>\n<p>Inostrani ministar republike Francuske, gospodin Laurent Fabius, cene\u0107i anga&#382;ovanje Predsednice Jahjaga, istakao da je ona odigrala va&#382;nu ulogu u dru&#353;tvo Kosova, posebno njenim anga&#382;ovanjem za podr&#353;ku vladanja reda i zakona. On je rekao da njegova zemlja vrlo pa&#382;ljivo prati zbivanja na Kosovu i u regionu Balkana isti\u010du\u0107i podr&#353;ku Francuske za procese kroz koje prolazi na&#353;a zemlja.<br \/>\nOn je ocenio da su odnosi izme\u0111u dve zemlje bele&#382;ili primetan napredak posebno u oblasti ekonomije izra&#382;avaju\u0107i spremnost za daljnje intenziviranje ovih odnosa.<\/p>\n<p>Predsednica Republike Kosovo, gospo\u0111a Atifete Jahjaga boravi u Pariz, gde u\u010destvuje u radu Globalnog Samita &#381;ena, koji se ove godine organizuje pod patronatom vlade Francuske. U zvani\u010dnom otvaranju Samita, koje \u0107e se odr&#382;ati danas, Predsednica Jahjaga \u0107e odr&#382;ati izlaganje o polo&#382;aju i ulozi &#382;ene u dru&#353;tvo.<\/p>\n","protected":false},"excerpt":{"rendered":"<p>Predsednica Republike Kosovo, gospo\u0111a Atifete Jahjaga, se sastala danas u Pariz sa Ministrom inostranih poslova Republike Francuske, gospodinom Laurent Fabius, sa kojim je razgovarala o aktualnim zbivanjima u Kosovo i integracionim procesima zemlje i regiona Balkana.<\/p>\n","protected":false},"author":1,"featured_media":44962,"comment_status":"open","ping_status":"closed","sticky":false,"template":"","format":"standard","meta":{"_eb_attr":"","footnotes":""},"categories":[101],"tags":[],"class_list":["post-77838","post","type-post","status-publish","format-standard","has-post-thumbnail","hentry","category-vesti"],"yoast_head":"<!-- This site is optimized with the Yoast SEO plugin v23.5 - https:\/\/yoast.com\/wordpress\/plugins\/seo\/ -->\n<title>Predsednica Atifete Jahjaga se sastala danas u Pariz sa Ministrom Inostranih poslova Francuske, g. Laurent Fabius - Predsednik Republike Kosovo - DR. VJOSA OSMANI - SADRIU<\/title>\n<meta name=\"description\" content=\"Predsednica Atifete Jahjaga se sastala danas u Pariz sa Ministrom Inostranih poslova Francuske, g. Laurent Fabius - Predsednik Republike Kosovo - DR. VJOSA OSMANI - SADRIU -\" \/>\n<meta name=\"robots\" content=\"index, follow, max-snippet:-1, max-image-preview:large, max-video-preview:-1\" \/>\n<link rel=\"canonical\" href=\"https:\/\/president-ksgov.net\/presidentja-atifete-jahjaga-u-takua-sot-ne-paris-me-ministrin-e-puneve-te-jashtme-te-frances-laurent-fabius\/\" \/>\n<meta property=\"og:locale\" content=\"sr_RS\" \/>\n<meta property=\"og:type\" content=\"article\" \/>\n<meta property=\"og:title\" content=\"Predsednica Atifete Jahjaga se sastala danas u Pariz sa Ministrom Inostranih poslova Francuske, g. Laurent Fabius - Predsednik Republike Kosovo - DR. VJOSA OSMANI - SADRIU\" \/>\n<meta property=\"og:description\" content=\"Predsednica Atifete Jahjaga se sastala danas u Pariz sa Ministrom Inostranih poslova Francuske, g. Laurent Fabius - Predsednik Republike Kosovo - DR. VJOSA OSMANI - SADRIU -\" \/>\n<meta property=\"og:url\" content=\"https:\/\/president-ksgov.net\/presidentja-atifete-jahjaga-u-takua-sot-ne-paris-me-ministrin-e-puneve-te-jashtme-te-frances-laurent-fabius\/\" \/>\n<meta property=\"og:site_name\" content=\"Predsednik Republike Kosovo - DR. VJOSA OSMANI - SADRIU\" \/>\n<meta property=\"article:published_time\" content=\"2014-06-05T16:20:52+00:00\" \/>\n<meta property=\"og:image\" content=\"https:\/\/president-ksgov.net\/wp-content\/uploads\/05_06_2014_4110422_05_06_2014_Takim_me_ministrin_e_puneve_te_Jashtme_te_Frances_1.jpg\" \/>\n\t<meta property=\"og:image:width\" content=\"863\" \/>\n\t<meta property=\"og:image:height\" content=\"768\" \/>\n\t<meta property=\"og:image:type\" content=\"image\/jpeg\" \/>\n<meta name=\"author\" content=\"admin\" \/>\n<meta name=\"twitter:card\" content=\"summary_large_image\" \/>\n<meta name=\"twitter:label1\" content=\"\u041d\u0430\u043f\u0438\u0441\u0430\u043d\u043e \u043e\u0434\" \/>\n\t<meta name=\"twitter:data1\" content=\"admin\" \/>\n\t<meta name=\"twitter:label2\" content=\"\u041f\u0440\u043e\u0446\u0435\u045a\u0435\u043d\u043e \u0432\u0440\u0435\u043c\u0435 \u0447\u0438\u0442\u0430\u045a\u0430\" \/>\n\t<meta name=\"twitter:data2\" content=\"2 \u043c\u0438\u043d\u0443\u0442\u0430\" \/>\n<script type=\"application\/ld+json\" class=\"yoast-schema-graph\">{\"@context\":\"https:\/\/schema.org\",\"@graph\":[{\"@type\":\"WebPage\",\"@id\":\"https:\/\/president-ksgov.net\/presidentja-atifete-jahjaga-u-takua-sot-ne-paris-me-ministrin-e-puneve-te-jashtme-te-frances-laurent-fabius\/\",\"url\":\"https:\/\/president-ksgov.net\/presidentja-atifete-jahjaga-u-takua-sot-ne-paris-me-ministrin-e-puneve-te-jashtme-te-frances-laurent-fabius\/\",\"name\":\"Predsednica Atifete Jahjaga se sastala danas u Pariz sa Ministrom Inostranih poslova Francuske, g. Laurent Fabius - Predsednik Republike Kosovo - DR. VJOSA OSMANI - SADRIU\",\"isPartOf\":{\"@id\":\"https:\/\/president-ksgov.net\/#website\"},\"primaryImageOfPage\":{\"@id\":\"https:\/\/president-ksgov.net\/presidentja-atifete-jahjaga-u-takua-sot-ne-paris-me-ministrin-e-puneve-te-jashtme-te-frances-laurent-fabius\/#primaryimage\"},\"image\":{\"@id\":\"https:\/\/president-ksgov.net\/presidentja-atifete-jahjaga-u-takua-sot-ne-paris-me-ministrin-e-puneve-te-jashtme-te-frances-laurent-fabius\/#primaryimage\"},\"thumbnailUrl\":\"https:\/\/president-ksgov.net\/wp-content\/uploads\/05_06_2014_4110422_05_06_2014_Takim_me_ministrin_e_puneve_te_Jashtme_te_Frances_1.jpg\",\"datePublished\":\"2014-06-05T16:20:52+00:00\",\"dateModified\":\"2014-06-05T16:20:52+00:00\",\"author\":{\"@id\":\"https:\/\/president-ksgov.net\/#\/schema\/person\/bb4337a5fb147cb2046d80548172cbee\"},\"description\":\"Predsednica Atifete Jahjaga se sastala danas u Pariz sa Ministrom Inostranih poslova Francuske, g. Laurent Fabius - Predsednik Republike Kosovo - DR. VJOSA OSMANI - SADRIU -\",\"breadcrumb\":{\"@id\":\"https:\/\/president-ksgov.net\/presidentja-atifete-jahjaga-u-takua-sot-ne-paris-me-ministrin-e-puneve-te-jashtme-te-frances-laurent-fabius\/#breadcrumb\"},\"inLanguage\":\"sr-RS\",\"potentialAction\":[{\"@type\":\"ReadAction\",\"target\":[\"https:\/\/president-ksgov.net\/presidentja-atifete-jahjaga-u-takua-sot-ne-paris-me-ministrin-e-puneve-te-jashtme-te-frances-laurent-fabius\/\"]}]},{\"@type\":\"ImageObject\",\"inLanguage\":\"sr-RS\",\"@id\":\"https:\/\/president-ksgov.net\/presidentja-atifete-jahjaga-u-takua-sot-ne-paris-me-ministrin-e-puneve-te-jashtme-te-frances-laurent-fabius\/#primaryimage\",\"url\":\"https:\/\/president-ksgov.net\/wp-content\/uploads\/05_06_2014_4110422_05_06_2014_Takim_me_ministrin_e_puneve_te_Jashtme_te_Frances_1.jpg\",\"contentUrl\":\"https:\/\/president-ksgov.net\/wp-content\/uploads\/05_06_2014_4110422_05_06_2014_Takim_me_ministrin_e_puneve_te_Jashtme_te_Frances_1.jpg\",\"width\":863,\"height\":768},{\"@type\":\"BreadcrumbList\",\"@id\":\"https:\/\/president-ksgov.net\/presidentja-atifete-jahjaga-u-takua-sot-ne-paris-me-ministrin-e-puneve-te-jashtme-te-frances-laurent-fabius\/#breadcrumb\",\"itemListElement\":[{\"@type\":\"ListItem\",\"position\":1,\"name\":\"Home\",\"item\":\"https:\/\/president-ksgov.net\/sr\/\"},{\"@type\":\"ListItem\",\"position\":2,\"name\":\"Predsednica Atifete Jahjaga se sastala danas u Pariz sa Ministrom Inostranih poslova Francuske, g. Laurent Fabius\"}]},{\"@type\":\"WebSite\",\"@id\":\"https:\/\/president-ksgov.net\/#website\",\"url\":\"https:\/\/president-ksgov.net\/\",\"name\":\"Presidente e Republik\u00ebs s\u00eb Kosov\u00ebs\",\"description\":\"Presidente e Republik\u00ebs s\u00eb Kosov\u00ebs\",\"alternateName\":\"DR. VJOSA OSMANI - SADRIU\",\"potentialAction\":[{\"@type\":\"SearchAction\",\"target\":{\"@type\":\"EntryPoint\",\"urlTemplate\":\"https:\/\/president-ksgov.net\/?s={search_term_string}\"},\"query-input\":{\"@type\":\"PropertyValueSpecification\",\"valueRequired\":true,\"valueName\":\"search_term_string\"}}],\"inLanguage\":\"sr-RS\"},{\"@type\":\"Person\",\"@id\":\"https:\/\/president-ksgov.net\/#\/schema\/person\/bb4337a5fb147cb2046d80548172cbee\",\"name\":\"admin\",\"image\":{\"@type\":\"ImageObject\",\"inLanguage\":\"sr-RS\",\"@id\":\"https:\/\/president-ksgov.net\/#\/schema\/person\/image\/\",\"url\":\"https:\/\/secure.gravatar.com\/avatar\/36156ca0fa3b8d9d25174f146e16beea0cf28f37adf1b9e19b6c9c279a7c9dd3?s=96&d=mm&r=g\",\"contentUrl\":\"https:\/\/secure.gravatar.com\/avatar\/36156ca0fa3b8d9d25174f146e16beea0cf28f37adf1b9e19b6c9c279a7c9dd3?s=96&d=mm&r=g\",\"caption\":\"admin\"},\"sameAs\":[\"https:\/\/president-ksgov.net\"]}]}<\/script>\n<!-- \/ Yoast SEO plugin. -->","yoast_head_json":{"title":"Predsednica Atifete Jahjaga se sastala danas u Pariz sa Ministrom Inostranih poslova Francuske, g. Laurent Fabius - Predsednik Republike Kosovo - DR. VJOSA OSMANI - SADRIU","description":"Predsednica Atifete Jahjaga se sastala danas u Pariz sa Ministrom Inostranih poslova Francuske, g. Laurent Fabius - Predsednik Republike Kosovo - DR. VJOSA OSMANI - SADRIU -","robots":{"index":"index","follow":"follow","max-snippet":"max-snippet:-1","max-image-preview":"max-image-preview:large","max-video-preview":"max-video-preview:-1"},"canonical":"https:\/\/president-ksgov.net\/presidentja-atifete-jahjaga-u-takua-sot-ne-paris-me-ministrin-e-puneve-te-jashtme-te-frances-laurent-fabius\/","og_locale":"sr_RS","og_type":"article","og_title":"Predsednica Atifete Jahjaga se sastala danas u Pariz sa Ministrom Inostranih poslova Francuske, g. Laurent Fabius - Predsednik Republike Kosovo - DR. VJOSA OSMANI - SADRIU","og_description":"Predsednica Atifete Jahjaga se sastala danas u Pariz sa Ministrom Inostranih poslova Francuske, g. Laurent Fabius - Predsednik Republike Kosovo - DR. VJOSA OSMANI - SADRIU -","og_url":"https:\/\/president-ksgov.net\/presidentja-atifete-jahjaga-u-takua-sot-ne-paris-me-ministrin-e-puneve-te-jashtme-te-frances-laurent-fabius\/","og_site_name":"Predsednik Republike Kosovo - DR. VJOSA OSMANI - SADRIU","article_published_time":"2014-06-05T16:20:52+00:00","og_image":[{"width":863,"height":768,"url":"https:\/\/president-ksgov.net\/wp-content\/uploads\/05_06_2014_4110422_05_06_2014_Takim_me_ministrin_e_puneve_te_Jashtme_te_Frances_1.jpg","type":"image\/jpeg"}],"author":"admin","twitter_card":"summary_large_image","twitter_misc":{"\u041d\u0430\u043f\u0438\u0441\u0430\u043d\u043e \u043e\u0434":"admin","\u041f\u0440\u043e\u0446\u0435\u045a\u0435\u043d\u043e \u0432\u0440\u0435\u043c\u0435 \u0447\u0438\u0442\u0430\u045a\u0430":"2 \u043c\u0438\u043d\u0443\u0442\u0430"},"schema":{"@context":"https:\/\/schema.org","@graph":[{"@type":"WebPage","@id":"https:\/\/president-ksgov.net\/presidentja-atifete-jahjaga-u-takua-sot-ne-paris-me-ministrin-e-puneve-te-jashtme-te-frances-laurent-fabius\/","url":"https:\/\/president-ksgov.net\/presidentja-atifete-jahjaga-u-takua-sot-ne-paris-me-ministrin-e-puneve-te-jashtme-te-frances-laurent-fabius\/","name":"Predsednica Atifete Jahjaga se sastala danas u Pariz sa Ministrom Inostranih poslova Francuske, g. Laurent Fabius - Predsednik Republike Kosovo - DR. VJOSA OSMANI - SADRIU","isPartOf":{"@id":"https:\/\/president-ksgov.net\/#website"},"primaryImageOfPage":{"@id":"https:\/\/president-ksgov.net\/presidentja-atifete-jahjaga-u-takua-sot-ne-paris-me-ministrin-e-puneve-te-jashtme-te-frances-laurent-fabius\/#primaryimage"},"image":{"@id":"https:\/\/president-ksgov.net\/presidentja-atifete-jahjaga-u-takua-sot-ne-paris-me-ministrin-e-puneve-te-jashtme-te-frances-laurent-fabius\/#primaryimage"},"thumbnailUrl":"https:\/\/president-ksgov.net\/wp-content\/uploads\/05_06_2014_4110422_05_06_2014_Takim_me_ministrin_e_puneve_te_Jashtme_te_Frances_1.jpg","datePublished":"2014-06-05T16:20:52+00:00","dateModified":"2014-06-05T16:20:52+00:00","author":{"@id":"https:\/\/president-ksgov.net\/#\/schema\/person\/bb4337a5fb147cb2046d80548172cbee"},"description":"Predsednica Atifete Jahjaga se sastala danas u Pariz sa Ministrom Inostranih poslova Francuske, g. Laurent Fabius - Predsednik Republike Kosovo - DR. VJOSA OSMANI - SADRIU -","breadcrumb":{"@id":"https:\/\/president-ksgov.net\/presidentja-atifete-jahjaga-u-takua-sot-ne-paris-me-ministrin-e-puneve-te-jashtme-te-frances-laurent-fabius\/#breadcrumb"},"inLanguage":"sr-RS","potentialAction":[{"@type":"ReadAction","target":["https:\/\/president-ksgov.net\/presidentja-atifete-jahjaga-u-takua-sot-ne-paris-me-ministrin-e-puneve-te-jashtme-te-frances-laurent-fabius\/"]}]},{"@type":"ImageObject","inLanguage":"sr-RS","@id":"https:\/\/president-ksgov.net\/presidentja-atifete-jahjaga-u-takua-sot-ne-paris-me-ministrin-e-puneve-te-jashtme-te-frances-laurent-fabius\/#primaryimage","url":"https:\/\/president-ksgov.net\/wp-content\/uploads\/05_06_2014_4110422_05_06_2014_Takim_me_ministrin_e_puneve_te_Jashtme_te_Frances_1.jpg","contentUrl":"https:\/\/president-ksgov.net\/wp-content\/uploads\/05_06_2014_4110422_05_06_2014_Takim_me_ministrin_e_puneve_te_Jashtme_te_Frances_1.jpg","width":863,"height":768},{"@type":"BreadcrumbList","@id":"https:\/\/president-ksgov.net\/presidentja-atifete-jahjaga-u-takua-sot-ne-paris-me-ministrin-e-puneve-te-jashtme-te-frances-laurent-fabius\/#breadcrumb","itemListElement":[{"@type":"ListItem","position":1,"name":"Home","item":"https:\/\/president-ksgov.net\/sr\/"},{"@type":"ListItem","position":2,"name":"Predsednica Atifete Jahjaga se sastala danas u Pariz sa Ministrom Inostranih poslova Francuske, g. Laurent Fabius"}]},{"@type":"WebSite","@id":"https:\/\/president-ksgov.net\/#website","url":"https:\/\/president-ksgov.net\/","name":"Presidente e Republik\u00ebs s\u00eb Kosov\u00ebs","description":"Presidente e Republik\u00ebs s\u00eb Kosov\u00ebs","alternateName":"DR. VJOSA OSMANI - SADRIU","potentialAction":[{"@type":"SearchAction","target":{"@type":"EntryPoint","urlTemplate":"https:\/\/president-ksgov.net\/?s={search_term_string}"},"query-input":{"@type":"PropertyValueSpecification","valueRequired":true,"valueName":"search_term_string"}}],"inLanguage":"sr-RS"},{"@type":"Person","@id":"https:\/\/president-ksgov.net\/#\/schema\/person\/bb4337a5fb147cb2046d80548172cbee","name":"admin","image":{"@type":"ImageObject","inLanguage":"sr-RS","@id":"https:\/\/president-ksgov.net\/#\/schema\/person\/image\/","url":"https:\/\/secure.gravatar.com\/avatar\/36156ca0fa3b8d9d25174f146e16beea0cf28f37adf1b9e19b6c9c279a7c9dd3?s=96&d=mm&r=g","contentUrl":"https:\/\/secure.gravatar.com\/avatar\/36156ca0fa3b8d9d25174f146e16beea0cf28f37adf1b9e19b6c9c279a7c9dd3?s=96&d=mm&r=g","caption":"admin"},"sameAs":["https:\/\/president-ksgov.net"]}]}},"_links":{"self":[{"href":"https:\/\/president-ksgov.net\/sr\/wp-json\/wp\/v2\/posts\/77838","targetHints":{"allow":["GET"]}}],"collection":[{"href":"https:\/\/president-ksgov.net\/sr\/wp-json\/wp\/v2\/posts"}],"about":[{"href":"https:\/\/president-ksgov.net\/sr\/wp-json\/wp\/v2\/types\/post"}],"author":[{"embeddable":true,"href":"https:\/\/president-ksgov.net\/sr\/wp-json\/wp\/v2\/users\/1"}],"replies":[{"embeddable":true,"href":"https:\/\/president-ksgov.net\/sr\/wp-json\/wp\/v2\/comments?post=77838"}],"version-history":[{"count":0,"href":"https:\/\/president-ksgov.net\/sr\/wp-json\/wp\/v2\/posts\/77838\/revisions"}],"wp:featuredmedia":[{"embeddable":true,"href":"https:\/\/president-ksgov.net\/sr\/wp-json\/wp\/v2\/media\/44962"}],"wp:attachment":[{"href":"https:\/\/president-ksgov.net\/sr\/wp-json\/wp\/v2\/media?parent=77838"}],"wp:term":[{"taxonomy":"category","embeddable":true,"href":"https:\/\/president-ksgov.net\/sr\/wp-json\/wp\/v2\/categories?post=77838"},{"taxonomy":"post_tag","embeddable":true,"href":"https:\/\/president-ksgov.net\/sr\/wp-json\/wp\/v2\/tags?post=77838"}],"curies":[{"name":"wp","href":"https:\/\/api.w.org\/{rel}","templated":true}]}}