{"id":77836,"date":"2014-06-06T00:03:58","date_gmt":"2014-06-06T00:03:58","guid":{"rendered":"https:\/\/dev.president-ksgov.net\/govor-predsednice-jahjaga-na-globalni-samit-ena\/"},"modified":"2023-03-08T09:03:10","modified_gmt":"2023-03-08T09:03:10","slug":"govor-predsednice-jahjaga-na-globalni-samit-ena","status":"publish","type":"post","link":"https:\/\/president-ksgov.net\/sr\/govor-predsednice-jahjaga-na-globalni-samit-ena\/","title":{"rendered":"GOVOR PREDSEDNICE JAHJAGA NA GLOBALNI SAMIT &#142;ENA"},"content":{"rendered":"<p>Predsednica Republike Kosovo, gospo\u0111a Atifete Jahjaga danas je u\u010destvovala na zvani\u010dno otvaranje Globalnog Samita &#381;ena, koji se organizuje u Pariz, u kojem se razmatraju pitanja ekonomskog ja\u010danja &#382;ene i njene uloge u dru&#353;tvo.<\/p>\n<p>Zvani\u010dnom otvaranju Samita je prisustvovao i premijer Francuske, Manuel Valls, i zamenica Predsednika Vijetnama, Nguyen Thi Daan, i drugi visoki zvani\u010dnici. <\/p>\n<p>Predsednica Jahjaga je odr&#382;ala prigodni govor na zvani\u010dnom otvaranju Samita, koji objavljujemo u celosti:<\/p>\n<p>Po&#353;tovane dame i gospodo,<br \/>\nJako sam zadovoljna u\u010destvovati u Globalni Samit &#382;ena 2014. Doga\u0111aj ovaj koji cilja stalni podsticaj za potpuno u\u010de&#353;\u0107e &#382;ena, kao mo\u0107na bi\u0107a, u sva na&#353;a dru&#353;tva. <\/p>\n<p>Ponosno vam se obra\u0107am, jer vi predstavljate sve vrste ideja, biznisa i vizija koje \u0107e ohrabriti svet da prizna i upozna va&#382;nost ja\u010danja &#382;ene i realizacije masovnog uticaja koji ima ravnopravnost rodova na ekonomsk razvoj, socijalno blagostanje i demokratski razvoj jedne zemlje.<\/p>\n<p>Na po\u010detku &#382;elim pre svega da pohvalim Irene Natividad za ovu globalnu platformu koja nas zajedno okuplja svake godine i da se zahvalim u ime svake &#382;ene, posebno u ime &#382;ena Kosova, za mogu\u0107nost koju nam pru&#382;a za kori&#353;\u0107enje na&#353;eg glasa da istaknemo da napredak &#382;ena jeste neophodan za napredak dru&#353;tva.<\/p>\n<p>Ove godine, Samit uklju\u010duje osnovni uticaj u\u010de&#353;\u0107a &#382;ena na tome kako projiciramo ekonomije i na&#353;e lidere, kako predvi\u0111aju obzbediti stabilnost i odr&#382;avaju mir.<\/p>\n<p>Svaka od nas treba da uzima u obzir na\u010din na koji mo&#382;emo raditi zajedno da bismo menjale globalne percepcije o &#382;enama, snagu i uloge koje imamo unutar na&#353;ih dru&#353;tava i da razmatramo na&#353;e mogu\u0107nosti da zaista menjamo polo&#382;aj svih &#382;ena.<\/p>\n<p>Mi verujemo da preko ja\u010danja &#382;ena &#8211; ja\u010daju i porodica i dru&#353;tvo.<\/p>\n<p>&#381;ene imaju snage da redizajniraju politike, strategije i otvaraju vrata koja \u0107e garantovati veliki razvoj i prosperitet i da obezbede saglasnost me\u0111u zajednicama i nacijama.<\/p>\n<p>Na&#353; cilj jeste da obezbedimo da na&#353;i postupci budu odraz na&#353;eg po&#353;tovanja za individualna prava &#382;ena &#8211; njihovo pravo na &#382;ivot, pravo na progres i pravo na glas i izra&#382;avanje.<\/p>\n<p>Idu\u0107e godine mi \u0107emo bele&#382;iti okon\u010danje Razvojnih Ciljeva Milenijuma, direktno vezanih sa dostignu\u0107ima u oblasti ravnopravnosti rodova.<\/p>\n<p>Mi \u0107emo tako\u0111e bele&#382;iti i 20. godi&#353;njicu usvajanja Pekin&#353;ke Deklaracije i Platforme Delovanja 1995 godine.<\/p>\n<p>Pro&#353;le su takore\u0107i dve decenije od tada, i mi trebamo sebi postaviti pitanje &#8211; da li smo priznali \u010dinjenicu da bitka za prava &#382;ena je bitka za ljudska prava?<\/p>\n<p>Doliko smo daleko stigli tokom ovih dve decenije u bitku za smanjenje nivo nasilja u na&#353;im porodicama, na smanjenju siroma&#353;tva i obezbe\u0111enje pristupa u obrazovanje za svaku devojku?<\/p>\n<p>Mi danas &#382;ivimo u jednom svetu gde se devojkama i &#382;enama garantuju vi&#353;e prava i pru&#382;aju vi&#353;e mogu\u0107nosti nego pre dve decenije.<\/p>\n<p>Promene de doga\u0111aju i mogu\u0107nosti se konstantno stvaraju za ispoljavanje talenta &#382;ena i slamanje barijera.<\/p>\n<p>Ja sam &#382;ivi dokaz ovih izmena i stojim pred vama kao prva Predsednica &#382;ena u celom regionu Balkana.<\/p>\n<p>Povrh ovih korisnih dobiti mi se jo&#353; uvek suo\u010davamo sa fundamentalnim problemima, posebno sa potpunom participacijom &#382;ena u dru&#353;tvo, pristupu koji one imaju u resurse, uklju\u010duju\u0107i i zdravstvenu za&#353;titu, obrazovanje i op&#353;tu slobodu za napredak.<\/p>\n<p>Danas, tako\u0111e smo svedoci patne na&#353;ih sestara Nigerije. U severno Nigeriji, teroristi\u010dka grupa Boko Haram je otimala oko 300 u\u010denica koje se i dalje dr&#382;e zato\u010dene kao taoci.<br \/>\nVratite nam na\u0107e \u0107erke!<\/p>\n<p>Ima mnogo drugih devojaka i &#382;ena koje pate isto ali \u010dije sudbine i pri\u010de nisu glavni naslovi vesti i nepravde o kojima se na sazna i \u010dija imena ostaju nepoznati za nas.<\/p>\n<p>Ali, ukoliko ima i samo jedne jedine &#382;rtve, ona zaslu&#382;uje na&#353;u punu pa&#382;nju i globalnu bitku za pravdu.<\/p>\n<p>I po ovoj ta\u010dki, &#382;elim skrenuti va&#353;u pa&#382;nju na \u010dinjenicu kako se ova iskustva preokrenu u lokalnom kontekstu i da sa vama utvrdim na\u010din kako mi tranformiramo ove sveobuhvatna na\u010dela da ostvarili promene u Kosovo.<\/p>\n<p>Dame i gospodo,<br \/>\nKao &#353;to mnogi od vas znaju, &#382;ene Kosova su bile deo jedne tragedije izazvane od agresije nad mojom zemljom pre skoro dve decenije. One su bile nedeljiv deo svenacionalnog nastojanja za pre&#382;ivljavanje. Ova duga bitka je\u00a0 &#382;ene Kosova pretvorila na simultani na\u010din u odane borce za slobodu i pravo svakoga na &#382;ivot, te ih je pretvorila u najve\u0107e &#382;rtve dru&#353;tva.<\/p>\n<p>&#381;ene nastavljaju stisnuti i zadr&#382;e u sebi vidljive i one nevidljive znake &#382;rtvovanja. One su bile &#382;rtve seksualnog nasilja na Kosovu izvr&#353;enih od srpskih snaga koje su ciljale srozanje njihovog dostojanstva, njihovih porodica i njihove dece. &#381;rtve silovanja su kori&#353;\u0107ene kao sredstvo rata.<\/p>\n<p>Svaki put kad sam ih srela, primetila sam u njima znake patnje i neljudskog tretmana u obliku seksualnog nasilja, upotrebljene za politi\u010dku korist.<\/p>\n<p>Njihova nastojanja za pravdu, za razbijanje barijere njihovog stigmatizma u dru&#353;tvo je bilo jedno va&#382;no anga&#382;ovanje. Anga&#382;ovanje koje treba da uklju\u010di svakog \u010dlana dru&#353;tva kako bi se &#382;rtvama pru&#382;ila jedan ose\u010daj normalnosti, jedan druga\u010diji &#382;ivot od onoga kakvog su izvr&#353;ioci ovih stra&#353;nih zlo\u010dina bili planirali za njih.<\/p>\n<p>Me\u0111u svih prioriteta koji se me\u0111usobno takmi\u0107e u vezi sa stvaranjem nove dr&#382;ave, kao i mnogo diskusija koje ponekad su bile i ne senzitivne za pre&#382;ivele traume od strane &#382;rtava, mi smo se trudili da menjamo njihov ambijent.<\/p>\n<p>Jer njihov mir je i na&#353; mir. Bez njihovog mira Kosovo nije mogla na\u0107i mir.<br \/>\nZaklju\u010dno, pre nekoliko meseci, smo usvojili Zakon koji priznaje njihov status &#382;rtve rata, koji priznaje njihovo &#382;rtvovanje, zakon koji obezbe\u0111uje da te&#382;ina patnje koju one nose u sebi ne\u0107e se jo&#353; vi&#353;e ote&#382;avati zbog \u010dutanja koja okru&#382;uje ovu epizodu njihovog &#382;ivota.<br \/>\nJer, njihova prava su ljudska prava.<\/p>\n<p>Dame i gospodo,<br \/>\nTokom vi&#353;e od 15 godina, jo&#353; od vremena kada sam po\u010dela raditi sa Kosovskom Policijom, sam nastojila podneti pitanje ravnopravnosti rodova i njeno pravo da bude nedeljiv deo dru&#353;tva gde &#382;ena &#382;ivi. Vi&#353;e od tri godine, kada sam izabrana na \u010delo dr&#382;ave Kosovo, jedne nove dr&#382;ave koja je svoju nezavisnost proglasila 2008 godine, sam bila glas &#382;ena u dru&#353;tvo, glas ravnopravnosti za svakog gra\u0111anina u mojoj zemlji.<\/p>\n<p>Izabrana sam na \u010delo dr&#382;ave, u jedno vrlo va&#382;nom i kriti\u010dnom periodau za moju zemlju, kada uporedo sa njenom me\u0111unarodnom konsolidacijom, smo nastojali izgraditi jedno dru&#353;tvo zasnovano na demokratske vrednosti koje po&#353;tuje kulturni i etni\u010dki diverzitet.<\/p>\n<p>Na me\u0111unarodnom planu, moj izbor na \u010delo dr&#382;ave, kao prva &#382;ena ne samo u mojoj zemlji nego i u ceo region Zapadnog Balkana, je podrazumevalo jednu vrstu promene percepcije dru&#353;tva u rajonu iz kojeg dolazim kao patriarkalno dru&#353;tvo, gde &#382;ena ima malo govoriti\/kazati.<\/p>\n<p>Unutar dr&#382;ave, moj izbor je podrazumevao vi&#353;e nade za svaku devojku i svaku &#382;enu, da mi imamo mogu\u0107nosti i da smo sposobne da vodimo na&#353;e dr&#382;ave i da rukovodimo va&#382;ne procese kroz koje one prolaze.<\/p>\n<p>Moja zemlja je jedno od onih zemalja gde je tradicija \u010desto spre\u010davala &#382;ene da u&#382;ivaju ista prava i slobode, kao &#353;to su garantovanje ustavom i zakonima zemlje.<\/p>\n<p>Ali, kao zemlja sa jednom te&#353;kom pro&#353;lo&#353;\u0107u, mi smo bili svedoci \u010dinjenice kako su\u00a0 &#382;ene o\u010duvale strukturu na&#353;eg dru&#353;tva i za&#353;titile su na&#353;e porodice. Bile smo svedoci toga kako su &#382;ene na&#353;le snagu i hrabrosti da obnove na&#353;e ratom uni&#353;teno dru&#353;tvo i da daju nadu svojoj deci za njihovu bolju budu\u0107nost.<\/p>\n<p>Ali najvi&#353;e smo bile svedoci toga da trajni mir, razvijena demokratija i jedna napredna zemlja, za koju smo se zavetovali graditi, mogu se posti\u0107i samo ispunjavanjem ljudskih prava &#382;ena, njihovo pravo na pravdu, pravo na ravnopravno u\u010de&#353;\u0107e na stolovima odlu\u010divanja.<\/p>\n<p>Mi smo razbili standard koji je utvrdio da Predsednik dr&#382;ave treba da bude mu&#353;akrak biranjem prve &#382;ene za Predsednicu. Mi smo slu&#353;ili standard koji je utvr\u0111ivao da &#382;ene jednu marginaliziranu ulogu u njihovim vladam postavljaju\u0107i &#382;ene kao rukovoditelje najva&#382;nijih politi\u010dkih procesa zemlje, u dijalogu sa Srbijom, u istra&#382;ivanju stabilnosti u regionu i procesu integracije zemlje u Evropu. I tako\u0111e smo sru&#353;ili standard koji utvr\u0111uje da samo mu&#353;karci mogu voditi jedan grad biranjem prve &#382;ene predsednicom\u00a0 op&#353;tine.<\/p>\n<p>Ali dozvolite mi da ka&#382;em da nije bilo lako i usprkos ovih dostignu\u0107a. Nije bilo lako menjati pogled za nas &#382;ene koje vodimo sa ovim procesima i svakako nije bilo lako dokazati da se na&#353;a sposobnost i snaga oslanja na ljubav prema ljudima, na komuniciranje sa ljudime, na bliskost sa svakim gra\u0111aninom i na razumevanje koje pokazujemo prema drugima.<\/p>\n<p>Povrh sveg nije bilo lako dokazati da mi dajemo snagu dru&#353;tvu!<br \/>\nIpak mi &#382;ene na Kosovu, jo&#353; danas smo nosioci va&#382;nih procesa za na&#353;u zemlju, onako kao u ostalim delovima, ne samo Balkana nego i u mnogo zemalja sveta, nismo jo&#353; uspele menjati percepciju o nama i o na&#353;em znanju i na&#353;oj snazi.<\/p>\n<p>Ali mi smo odlu\u010dne da idemo napred. Da konsolidujemo ova dostignu\u0107a. Da na&#353;a dru&#353;tva \u010dinimo &#353;to vi&#353;e demokratskim, sa jednakim pravima. <\/p>\n<p>U na&#353;a dru&#353;tva, mada &#382;ivimo u Evropu, u regionu Zapadnog Balkana, mi nastavljamo se suo\u010diti sa zabranom &#353;kolovanja devojkama, zabranom njihovog elementarnog prava na vaspitanje i obrazovanje.<\/p>\n<p>Jo&#353; od prvog dana u kancelariji, pokrenula sam podr&#353;ku za sve &#382;ene i devojaka, \u010dije se pravo na &#353;kolovanje, obrazovanje i napredak osporavalo, zbog stare porodi\u010dne tradicije.<\/p>\n<p>Mi\u00a0 jo&#353; uvek smo patriarkalno dru&#353;tvo, ma koliko je svet koji nas okru&#382;uje izmenjen i koliko god smo mi sami nastojali menjati percepciju na&#353;ih gra\u0111ana o njemu. <\/p>\n<p>Te&#353;ka pro&#353;lost, neprekidni sukobi u regionu, preduga neprijateljstva i nivo razvoja na&#353;ih dru&#353;tava, naro\u010dito onaj ekonomski, je &#382;eni osporavalo njego pravo da bude ravnopravna u dru&#353;tvo.<\/p>\n<p>I s toga je sada do&#353;lo vreme da se ovaj svet menja, i da se &#382;ena vi&#353;e ne ceni samo za njen rad kao doma\u010dica unutar zidova doma svog, nego po njenom nivou obrazovanja i vaspitanja, prema njenom znanju i posebno hrabrosti za se suo\u010dava sa izazovima.<\/p>\n<p>Mi treba da verujemo na ja\u010danje &#382;ena, u nastojanje da im se garantuje nezavisnost u njhovom &#382;ivotu, pristup u svim resursima i da ima se pru&#382;a mogu\u0107nost za napredak. <\/p>\n<p>Jer jedna &#353;kolovana &#382;ena je jedna mogu\u0107nost vi&#353;e i za porodicu i celo dru&#353;tvo! I zato &#353;to jedna poja\u010dana &#382;ena jeste snaga za samo dru&#353;tvo!<\/p>\n<p>I s toga &#8211; dansa ponovo pozivamo za prava &#382;ene kao ljudska prava!<br \/>\nJe pravo na &#382;ivot jeste jedanko za svako ljudsko bi\u0107e!<br \/>\nJer pravo na rad jeste jednako pravo za svakog \u010doveka!<br \/>\nI jer pravo &#382;ene da bude obuhva\u0107ena u svaki segment &#382;ivota jeste isto toliko ljudsko pravo koliko i njena sloboda.<\/p>\n<p>Po&#353;tovane Dame i gospoda,<br \/>\nPro&#353;le godine Predsednik Obama je izjavio u Univerzitetu Cape Town da: &#8220;Mi mo&#382;emo meriti \u010dinjenicu koliko je dobro upore\u0111uju\u0107i jednu zemlju sa time kako ta zemlja u svom dru&#353;tvu tretira &#382;ene&#8220;.<\/p>\n<p>Zaista, u mnogo zemalja sveta smo videli kako su lideri utvrdili brzinu ostvarivanja ravnopravnosti rodova i kako je razvoj zemlje bio vezan sa socijalnim, ekonomskim i politi\u010dkim ja\u010danjem &#382;ena.<br \/>\n\u00a0<br \/>\nKao &#353;to je ravnopravnost rodova u\u010dinila ne samo moja draga prijateljica nego i prijateljica svih &#382;ena i mladih devojaka u celom svetu, po&#353;tovana Hillary Clinton, slamanjem barijera i postavljanjem novih standarda, glavno te&#382;i&#353;te celoga rada, anga&#382;ovanja i njene aktivnosti, uputiv&#353;i dr&#382;ave i dru&#353;tva da shvate i priznaju \u010dinjenicu da investiranje u &#382;ene garantuje naprednu ekonomiju, smisaonu demokratiju i blagostanje u svakom dru&#353;tvu.<br \/>\nOna je pre dve decenije pojasnila da su prava &#382;ena ludska prava, menjanjem jednom za uvek na\u010din kako svet podrazumeva ravnopravnost rodova.<br \/>\nMi smo, u zemljama poput Ujedinjeni Arapski Emirati, bili svedoci toga kako su &#382;ene lideri odigrale jednu klju\u010dnu ulogu u uspostavljanju ravnopravnosti rodova kao integralnog dela njihove agende nacionalnog razvoja.<\/p>\n<p>Podr&#353;ka Njenog Veli\u010danstva &#352;eikha Fatima bint Mubarak, jedna lider vizionar i jedan prime za devojke i &#382;ene u celom svetu, \u010dije opredeljenje za ja\u010danje &#382;ena, je pomoglo njenu zemlju da snizi stepen analfabetizma na 1% i zapo&#353;ljavanja na 6% &#382;ena u javnom sektoru. Sva dru&#353;tva imaju potrebu za takvim inspirativnim liderima.<\/p>\n<p>Po&#353;tovani lideri Samita.<\/p>\n<p>Mi najpre trabamo ponovo potvrditi \u010dinjenicu da su na&#353;e razlike manje nego na&#353;e jedinine, i da na&#353; zajedni\u010dki cilj jeste ostvarivanje na&#353;ih prava, jeste ljudsko i pravda, bez obzira na izazove koje imamo pred sobom.<\/p>\n<p>Mi razumemo da ima fundamentalne veze izme\u0111u ekonomskog, socijalnog i politi\u010dkog ja\u010danja &#382;ena. Kako bismo postigli ravnopravnost rodova, mi trebamo napredovati u sva ova tri fronta.<\/p>\n<p>Politike i na&#353;e pona&#353;anje treba da priznaje \u010dinjenicu da &#382;ene kada su oja\u010dane, one menjaju pristup u zdravstvenoj slu&#382;bi, vaspitanje i sudbinu njihove dece. Menjaju\u0107i jednom za uvek viciozni krug diskriminacije.<\/p>\n<p>Misija na&#353;e generacije jeste da menjamo pravac istorije i da iskorenimo sve forme diskriminacije prema &#382;enama i devojkama.<\/p>\n<p>Zajedno mi mo&#382;emo da gradimo jedan sveobuhvatni svet u kojem ravnopravnost rodova vi&#353;e ne\u0107e biti tema diskusije.<\/p>\n<p>&#381;elim se odvajat od vas sa jednim citatom jedne pesnikinje, autorica i aktivista ljudskih prava, koja se uskoro oprostila od &#382;ivota, Maya Angelou koja ka&#382;e: &#8220;Hrabrost je najva&#382;nija vrlina, jer bez hrabrosti, ne mo&#382;ete dosledno sprovesti nijednu drugu vrlinu&#8220;.<\/p>\n<p>Budite hrabre. Hvala vam.<\/p>\n","protected":false},"excerpt":{"rendered":"<p>Predsednica Republike Kosovo, gospo\u0111a Atifete Jahjaga danas je u\u010destvovala na zvani\u010dno otvaranje Globalnog Samita &#381;ena, koji se organizuje u Pariz, u kojem se razmatraju pitanja ekonomskog ja\u010danja &#382;ene i njene uloge u dru&#353;tvo.<\/p>\n","protected":false},"author":1,"featured_media":44882,"comment_status":"open","ping_status":"closed","sticky":false,"template":"","format":"standard","meta":{"_eb_attr":"","footnotes":""},"categories":[106],"tags":[],"class_list":["post-77836","post","type-post","status-publish","format-standard","has-post-thumbnail","hentry","category-govori"],"yoast_head":"<!-- This site is optimized with the Yoast SEO plugin v23.5 - https:\/\/yoast.com\/wordpress\/plugins\/seo\/ -->\n<title>GOVOR PREDSEDNICE JAHJAGA NA GLOBALNI SAMIT &#142;ENA - Predsednik Republike Kosovo - DR. VJOSA OSMANI - SADRIU<\/title>\n<meta name=\"description\" content=\"GOVOR PREDSEDNICE JAHJAGA NA GLOBALNI SAMIT &#142;ENA - Predsednik Republike Kosovo - DR. VJOSA OSMANI - SADRIU -\" \/>\n<meta name=\"robots\" content=\"index, follow, max-snippet:-1, max-image-preview:large, max-video-preview:-1\" \/>\n<link rel=\"canonical\" href=\"https:\/\/president-ksgov.net\/fjalimi-i-presidentes-jahjaga-ne-samitin-global-te-grave\/\" \/>\n<meta property=\"og:locale\" content=\"sr_RS\" \/>\n<meta property=\"og:type\" content=\"article\" \/>\n<meta property=\"og:title\" content=\"GOVOR PREDSEDNICE JAHJAGA NA GLOBALNI SAMIT &#142;ENA - Predsednik Republike Kosovo - DR. VJOSA OSMANI - SADRIU\" \/>\n<meta property=\"og:description\" content=\"GOVOR PREDSEDNICE JAHJAGA NA GLOBALNI SAMIT &#142;ENA - Predsednik Republike Kosovo - DR. VJOSA OSMANI - SADRIU -\" \/>\n<meta property=\"og:url\" content=\"https:\/\/president-ksgov.net\/fjalimi-i-presidentes-jahjaga-ne-samitin-global-te-grave\/\" \/>\n<meta property=\"og:site_name\" content=\"Predsednik Republike Kosovo - DR. VJOSA OSMANI - SADRIU\" \/>\n<meta property=\"article:published_time\" content=\"2014-06-06T00:03:58+00:00\" \/>\n<meta property=\"article:modified_time\" content=\"2023-03-08T09:03:10+00:00\" \/>\n<meta property=\"og:image\" content=\"https:\/\/president-ksgov.net\/wp-content\/uploads\/06_06_2014_2450683_0.jpg\" \/>\n\t<meta property=\"og:image:width\" content=\"1024\" \/>\n\t<meta property=\"og:image:height\" content=\"683\" \/>\n\t<meta property=\"og:image:type\" content=\"image\/jpeg\" \/>\n<meta name=\"author\" content=\"admin\" \/>\n<meta name=\"twitter:card\" content=\"summary_large_image\" \/>\n<meta name=\"twitter:label1\" content=\"\u041d\u0430\u043f\u0438\u0441\u0430\u043d\u043e \u043e\u0434\" \/>\n\t<meta name=\"twitter:data1\" content=\"admin\" \/>\n\t<meta name=\"twitter:label2\" content=\"\u041f\u0440\u043e\u0446\u0435\u045a\u0435\u043d\u043e \u0432\u0440\u0435\u043c\u0435 \u0447\u0438\u0442\u0430\u045a\u0430\" \/>\n\t<meta name=\"twitter:data2\" content=\"12 \u043c\u0438\u043d\u0443\u0442\u0430\" \/>\n<script type=\"application\/ld+json\" class=\"yoast-schema-graph\">{\"@context\":\"https:\/\/schema.org\",\"@graph\":[{\"@type\":\"WebPage\",\"@id\":\"https:\/\/president-ksgov.net\/fjalimi-i-presidentes-jahjaga-ne-samitin-global-te-grave\/\",\"url\":\"https:\/\/president-ksgov.net\/fjalimi-i-presidentes-jahjaga-ne-samitin-global-te-grave\/\",\"name\":\"GOVOR PREDSEDNICE JAHJAGA NA GLOBALNI SAMIT &#142;ENA - Predsednik Republike Kosovo - DR. VJOSA OSMANI - SADRIU\",\"isPartOf\":{\"@id\":\"https:\/\/president-ksgov.net\/#website\"},\"primaryImageOfPage\":{\"@id\":\"https:\/\/president-ksgov.net\/fjalimi-i-presidentes-jahjaga-ne-samitin-global-te-grave\/#primaryimage\"},\"image\":{\"@id\":\"https:\/\/president-ksgov.net\/fjalimi-i-presidentes-jahjaga-ne-samitin-global-te-grave\/#primaryimage\"},\"thumbnailUrl\":\"https:\/\/president-ksgov.net\/wp-content\/uploads\/06_06_2014_2450683_0.jpg\",\"datePublished\":\"2014-06-06T00:03:58+00:00\",\"dateModified\":\"2023-03-08T09:03:10+00:00\",\"author\":{\"@id\":\"https:\/\/president-ksgov.net\/#\/schema\/person\/bb4337a5fb147cb2046d80548172cbee\"},\"description\":\"GOVOR PREDSEDNICE JAHJAGA NA GLOBALNI SAMIT &#142;ENA - Predsednik Republike Kosovo - DR. VJOSA OSMANI - SADRIU -\",\"breadcrumb\":{\"@id\":\"https:\/\/president-ksgov.net\/fjalimi-i-presidentes-jahjaga-ne-samitin-global-te-grave\/#breadcrumb\"},\"inLanguage\":\"sr-RS\",\"potentialAction\":[{\"@type\":\"ReadAction\",\"target\":[\"https:\/\/president-ksgov.net\/fjalimi-i-presidentes-jahjaga-ne-samitin-global-te-grave\/\"]}]},{\"@type\":\"ImageObject\",\"inLanguage\":\"sr-RS\",\"@id\":\"https:\/\/president-ksgov.net\/fjalimi-i-presidentes-jahjaga-ne-samitin-global-te-grave\/#primaryimage\",\"url\":\"https:\/\/president-ksgov.net\/wp-content\/uploads\/06_06_2014_2450683_0.jpg\",\"contentUrl\":\"https:\/\/president-ksgov.net\/wp-content\/uploads\/06_06_2014_2450683_0.jpg\",\"width\":1024,\"height\":683},{\"@type\":\"BreadcrumbList\",\"@id\":\"https:\/\/president-ksgov.net\/fjalimi-i-presidentes-jahjaga-ne-samitin-global-te-grave\/#breadcrumb\",\"itemListElement\":[{\"@type\":\"ListItem\",\"position\":1,\"name\":\"Home\",\"item\":\"https:\/\/president-ksgov.net\/sr\/\"},{\"@type\":\"ListItem\",\"position\":2,\"name\":\"GOVOR PREDSEDNICE JAHJAGA NA GLOBALNI SAMIT &#142;ENA\"}]},{\"@type\":\"WebSite\",\"@id\":\"https:\/\/president-ksgov.net\/#website\",\"url\":\"https:\/\/president-ksgov.net\/\",\"name\":\"Presidente e Republik\u00ebs s\u00eb Kosov\u00ebs\",\"description\":\"Presidente e Republik\u00ebs s\u00eb Kosov\u00ebs\",\"alternateName\":\"DR. VJOSA OSMANI - SADRIU\",\"potentialAction\":[{\"@type\":\"SearchAction\",\"target\":{\"@type\":\"EntryPoint\",\"urlTemplate\":\"https:\/\/president-ksgov.net\/?s={search_term_string}\"},\"query-input\":{\"@type\":\"PropertyValueSpecification\",\"valueRequired\":true,\"valueName\":\"search_term_string\"}}],\"inLanguage\":\"sr-RS\"},{\"@type\":\"Person\",\"@id\":\"https:\/\/president-ksgov.net\/#\/schema\/person\/bb4337a5fb147cb2046d80548172cbee\",\"name\":\"admin\",\"image\":{\"@type\":\"ImageObject\",\"inLanguage\":\"sr-RS\",\"@id\":\"https:\/\/president-ksgov.net\/#\/schema\/person\/image\/\",\"url\":\"https:\/\/secure.gravatar.com\/avatar\/36156ca0fa3b8d9d25174f146e16beea0cf28f37adf1b9e19b6c9c279a7c9dd3?s=96&d=mm&r=g\",\"contentUrl\":\"https:\/\/secure.gravatar.com\/avatar\/36156ca0fa3b8d9d25174f146e16beea0cf28f37adf1b9e19b6c9c279a7c9dd3?s=96&d=mm&r=g\",\"caption\":\"admin\"},\"sameAs\":[\"https:\/\/president-ksgov.net\"]}]}<\/script>\n<!-- \/ Yoast SEO plugin. -->","yoast_head_json":{"title":"GOVOR PREDSEDNICE JAHJAGA NA GLOBALNI SAMIT &#142;ENA - Predsednik Republike Kosovo - DR. VJOSA OSMANI - SADRIU","description":"GOVOR PREDSEDNICE JAHJAGA NA GLOBALNI SAMIT &#142;ENA - Predsednik Republike Kosovo - DR. VJOSA OSMANI - SADRIU -","robots":{"index":"index","follow":"follow","max-snippet":"max-snippet:-1","max-image-preview":"max-image-preview:large","max-video-preview":"max-video-preview:-1"},"canonical":"https:\/\/president-ksgov.net\/fjalimi-i-presidentes-jahjaga-ne-samitin-global-te-grave\/","og_locale":"sr_RS","og_type":"article","og_title":"GOVOR PREDSEDNICE JAHJAGA NA GLOBALNI SAMIT &#142;ENA - Predsednik Republike Kosovo - DR. VJOSA OSMANI - SADRIU","og_description":"GOVOR PREDSEDNICE JAHJAGA NA GLOBALNI SAMIT &#142;ENA - Predsednik Republike Kosovo - DR. VJOSA OSMANI - SADRIU -","og_url":"https:\/\/president-ksgov.net\/fjalimi-i-presidentes-jahjaga-ne-samitin-global-te-grave\/","og_site_name":"Predsednik Republike Kosovo - DR. VJOSA OSMANI - SADRIU","article_published_time":"2014-06-06T00:03:58+00:00","article_modified_time":"2023-03-08T09:03:10+00:00","og_image":[{"width":1024,"height":683,"url":"https:\/\/president-ksgov.net\/wp-content\/uploads\/06_06_2014_2450683_0.jpg","type":"image\/jpeg"}],"author":"admin","twitter_card":"summary_large_image","twitter_misc":{"\u041d\u0430\u043f\u0438\u0441\u0430\u043d\u043e \u043e\u0434":"admin","\u041f\u0440\u043e\u0446\u0435\u045a\u0435\u043d\u043e \u0432\u0440\u0435\u043c\u0435 \u0447\u0438\u0442\u0430\u045a\u0430":"12 \u043c\u0438\u043d\u0443\u0442\u0430"},"schema":{"@context":"https:\/\/schema.org","@graph":[{"@type":"WebPage","@id":"https:\/\/president-ksgov.net\/fjalimi-i-presidentes-jahjaga-ne-samitin-global-te-grave\/","url":"https:\/\/president-ksgov.net\/fjalimi-i-presidentes-jahjaga-ne-samitin-global-te-grave\/","name":"GOVOR PREDSEDNICE JAHJAGA NA GLOBALNI SAMIT &#142;ENA - Predsednik Republike Kosovo - DR. VJOSA OSMANI - SADRIU","isPartOf":{"@id":"https:\/\/president-ksgov.net\/#website"},"primaryImageOfPage":{"@id":"https:\/\/president-ksgov.net\/fjalimi-i-presidentes-jahjaga-ne-samitin-global-te-grave\/#primaryimage"},"image":{"@id":"https:\/\/president-ksgov.net\/fjalimi-i-presidentes-jahjaga-ne-samitin-global-te-grave\/#primaryimage"},"thumbnailUrl":"https:\/\/president-ksgov.net\/wp-content\/uploads\/06_06_2014_2450683_0.jpg","datePublished":"2014-06-06T00:03:58+00:00","dateModified":"2023-03-08T09:03:10+00:00","author":{"@id":"https:\/\/president-ksgov.net\/#\/schema\/person\/bb4337a5fb147cb2046d80548172cbee"},"description":"GOVOR PREDSEDNICE JAHJAGA NA GLOBALNI SAMIT &#142;ENA - Predsednik Republike Kosovo - DR. VJOSA OSMANI - SADRIU -","breadcrumb":{"@id":"https:\/\/president-ksgov.net\/fjalimi-i-presidentes-jahjaga-ne-samitin-global-te-grave\/#breadcrumb"},"inLanguage":"sr-RS","potentialAction":[{"@type":"ReadAction","target":["https:\/\/president-ksgov.net\/fjalimi-i-presidentes-jahjaga-ne-samitin-global-te-grave\/"]}]},{"@type":"ImageObject","inLanguage":"sr-RS","@id":"https:\/\/president-ksgov.net\/fjalimi-i-presidentes-jahjaga-ne-samitin-global-te-grave\/#primaryimage","url":"https:\/\/president-ksgov.net\/wp-content\/uploads\/06_06_2014_2450683_0.jpg","contentUrl":"https:\/\/president-ksgov.net\/wp-content\/uploads\/06_06_2014_2450683_0.jpg","width":1024,"height":683},{"@type":"BreadcrumbList","@id":"https:\/\/president-ksgov.net\/fjalimi-i-presidentes-jahjaga-ne-samitin-global-te-grave\/#breadcrumb","itemListElement":[{"@type":"ListItem","position":1,"name":"Home","item":"https:\/\/president-ksgov.net\/sr\/"},{"@type":"ListItem","position":2,"name":"GOVOR PREDSEDNICE JAHJAGA NA GLOBALNI SAMIT &#142;ENA"}]},{"@type":"WebSite","@id":"https:\/\/president-ksgov.net\/#website","url":"https:\/\/president-ksgov.net\/","name":"Presidente e Republik\u00ebs s\u00eb Kosov\u00ebs","description":"Presidente e Republik\u00ebs s\u00eb Kosov\u00ebs","alternateName":"DR. VJOSA OSMANI - SADRIU","potentialAction":[{"@type":"SearchAction","target":{"@type":"EntryPoint","urlTemplate":"https:\/\/president-ksgov.net\/?s={search_term_string}"},"query-input":{"@type":"PropertyValueSpecification","valueRequired":true,"valueName":"search_term_string"}}],"inLanguage":"sr-RS"},{"@type":"Person","@id":"https:\/\/president-ksgov.net\/#\/schema\/person\/bb4337a5fb147cb2046d80548172cbee","name":"admin","image":{"@type":"ImageObject","inLanguage":"sr-RS","@id":"https:\/\/president-ksgov.net\/#\/schema\/person\/image\/","url":"https:\/\/secure.gravatar.com\/avatar\/36156ca0fa3b8d9d25174f146e16beea0cf28f37adf1b9e19b6c9c279a7c9dd3?s=96&d=mm&r=g","contentUrl":"https:\/\/secure.gravatar.com\/avatar\/36156ca0fa3b8d9d25174f146e16beea0cf28f37adf1b9e19b6c9c279a7c9dd3?s=96&d=mm&r=g","caption":"admin"},"sameAs":["https:\/\/president-ksgov.net"]}]}},"_links":{"self":[{"href":"https:\/\/president-ksgov.net\/sr\/wp-json\/wp\/v2\/posts\/77836","targetHints":{"allow":["GET"]}}],"collection":[{"href":"https:\/\/president-ksgov.net\/sr\/wp-json\/wp\/v2\/posts"}],"about":[{"href":"https:\/\/president-ksgov.net\/sr\/wp-json\/wp\/v2\/types\/post"}],"author":[{"embeddable":true,"href":"https:\/\/president-ksgov.net\/sr\/wp-json\/wp\/v2\/users\/1"}],"replies":[{"embeddable":true,"href":"https:\/\/president-ksgov.net\/sr\/wp-json\/wp\/v2\/comments?post=77836"}],"version-history":[{"count":1,"href":"https:\/\/president-ksgov.net\/sr\/wp-json\/wp\/v2\/posts\/77836\/revisions"}],"predecessor-version":[{"id":81672,"href":"https:\/\/president-ksgov.net\/sr\/wp-json\/wp\/v2\/posts\/77836\/revisions\/81672"}],"wp:featuredmedia":[{"embeddable":true,"href":"https:\/\/president-ksgov.net\/sr\/wp-json\/wp\/v2\/media\/44882"}],"wp:attachment":[{"href":"https:\/\/president-ksgov.net\/sr\/wp-json\/wp\/v2\/media?parent=77836"}],"wp:term":[{"taxonomy":"category","embeddable":true,"href":"https:\/\/president-ksgov.net\/sr\/wp-json\/wp\/v2\/categories?post=77836"},{"taxonomy":"post_tag","embeddable":true,"href":"https:\/\/president-ksgov.net\/sr\/wp-json\/wp\/v2\/tags?post=77836"}],"curies":[{"name":"wp","href":"https:\/\/api.w.org\/{rel}","templated":true}]}}