{"id":77807,"date":"2014-06-20T15:04:59","date_gmt":"2014-06-20T15:04:59","guid":{"rendered":"https:\/\/dev.president-ksgov.net\/predsednica-atifete-jahjaga-je-docekala-kancelara-republike-austrije-werner-faymann\/"},"modified":"2014-06-20T15:04:59","modified_gmt":"2014-06-20T15:04:59","slug":"predsednica-atifete-jahjaga-je-docekala-kancelara-republike-austrije-werner-faymann","status":"publish","type":"post","link":"https:\/\/president-ksgov.net\/sr\/predsednica-atifete-jahjaga-je-docekala-kancelara-republike-austrije-werner-faymann\/","title":{"rendered":"Predsednica Atifete Jahjaga je do\u010dekala Kancelara Republike Austrije, Werner Faymann"},"content":{"rendered":"<p>Predsednica Republike Kosova, gospo\u0111a Atifete Jahjaga, danas je do\u010dekala na sastanak kancelara  Republike Austrije, gospodina Werner Faymann, sa kojim je razgovarala o aktualnim zbivanjima u zemlji, za pro&#353;irenje saradnje izme\u0111u dve zemlje te o procesu integracije Kosova u regiona Balkana.<\/p>\n<p>Predsednica Jahjaga je visoko cenila pomoc koju je Republika Austrija dala Kosovu u svim etapama njene dr&#382;avotvornosti, ali i putem anga&#382;ovanja mirotvornih snaga Austrije u okviru KFOR-a, kao doprinos ne samo za bezbednost Kosova, nego i za stabilnost celog regiona Balkana.<\/p>\n<p>Predsednica Jahjaga je istakla da odnosi izmedu Kosova i Austrije su vrlo dobri i oni trebaju da se pro&#353;ire i u ostale oblasti, narocito u one ekonomske. Ona je rekla da Austrija je sna&#382;no podr&#382;ala integracione procese Kosova, i procenila va&#382;nost nastavka podr&#353;ke Kosovu na njenom putu evropskih integracija. Predsednica Jahjaga je rekla da institucije Kosova su posvecene da prodube reforme evropske agende u cilju ubrzanja procesa integracija. Predsednica Jahjaga je istakla da Kosovo je zakljucila pregovore za Sporazum o Stabilizaciji i Asociranju sa Evropskom Komisijom i ubrzo ocekuje njihovo uspe&#353;no zvanicno \/ slu&#382;beno objavljivanje. <\/p>\n<p>Ona je zatra&#382;ila podr&#353;ku Austrije procesu liberalizacije viza za gradane Kosova, nagla&#353;avajuci da Kosovo nastavlja biti jedina zemlja u regionu Balkana koja nije dobila liberalizaciju viza. Predsednica Jahjaga je istakla da Kosovo cini sva nastojanja za ispunjavanje svih kriterija koji se tra&#382;e za zakljucivanje procesa liberalizacije, koji bi omogucio njenim gradanima slobodno kretanje u zemljama EZ-e.<\/p>\n<p>Predsednica Jahjaga je rekla da je Kosovo cinila va&#382;ne korake napred u procesu njene demokratske konsolidacije, obuhvatajuci slobodne izbore, demokratske i sveobuhvatne, uz jedno zadovoljavajuce uce&#353;ce gradana. Ona je rekla da Kosovo dokazuje zrelost i demokratsku kulturu pri re&#353;avanju svih pitanja putem institucija, gradeci poverljive i transparentne procese koje povecavaju poverenje gradana u institucije zemlje i njihovo demokratsko funkcioniranje.<\/p>\n<p>Predsednica Jahjaga je ponovo potvrdila opredeljenje Republike Kosovo da bude faktor mira i stabilnosti u regionu, gradeci dobre odnose sa svim susednim dr&#382;avama, obuhvatajuci i Republiku Srbiju. Ona je rekla da je dijalog izmedu dve dr&#382;ave rezultirao sa va&#382;nim sporazumom koji doprinosi normalizaciji odnosa izmedu dve zemlje i istakla da je sada va&#382;no da ovi sporazumi u potpunosti sa&#382;ive i da se napredak u pravcu clanstva u Evropsku Zajednicu uslovljava po ovom osnovu.<\/p>\n<p>Predsednica Jahjaga je takode obavestila kancelara Faymann za nastojanja Kosova da ojaca vladanje reda i zakona, posebno u borbi protiv korupcije i organizovanog kriminala, i saradnje sa misijom EULEX-a u ovom aspektu.<br \/>\n\u00a0<br \/>\nAustrijski Kancelar Faymann je cestitao na uspesima Republici Kosovo i njenim gradanima u konsolidaciji dr&#382;ave i uspostavljanju jedne odr&#382;ive demokratije, koja ce otvarati put ekonomskim investicijama i jacanju evropske perspektive Kosova.<\/p>\n","protected":false},"excerpt":{"rendered":"<p>Predsednica Republike Kosova, gospo\u0111a Atifete Jahjaga, danas je do\u010dekala na sastanak kancelara  Republike Austrije, gospodina Werner Faymann, sa kojim je razgovarala o aktualnim zbivanjima u zemlji, za pro&#353;irenje saradnje izme\u0111u dve zemlje te o procesu integracije Kosova u regiona Balkana.<\/p>\n","protected":false},"author":1,"featured_media":44694,"comment_status":"open","ping_status":"closed","sticky":false,"template":"","format":"standard","meta":{"_eb_attr":"","footnotes":""},"categories":[101],"tags":[],"class_list":["post-77807","post","type-post","status-publish","format-standard","has-post-thumbnail","hentry","category-vesti"],"yoast_head":"<!-- This site is optimized with the Yoast SEO plugin v23.5 - https:\/\/yoast.com\/wordpress\/plugins\/seo\/ -->\n<title>Predsednica Atifete Jahjaga je do\u010dekala Kancelara Republike Austrije, Werner Faymann - Predsednik Republike Kosovo - DR. VJOSA OSMANI - SADRIU<\/title>\n<meta name=\"description\" content=\"Predsednica Atifete Jahjaga je do\u010dekala Kancelara Republike Austrije, Werner Faymann - Predsednik Republike Kosovo - DR. VJOSA OSMANI - SADRIU -\" \/>\n<meta name=\"robots\" content=\"index, follow, max-snippet:-1, max-image-preview:large, max-video-preview:-1\" \/>\n<link rel=\"canonical\" href=\"https:\/\/president-ksgov.net\/presidentja-atifete-jahjaga-priti-kryeministrin-e-republikes-se-austrise-werner-faymann\/\" \/>\n<meta property=\"og:locale\" content=\"sr_RS\" \/>\n<meta property=\"og:type\" content=\"article\" \/>\n<meta property=\"og:title\" content=\"Predsednica Atifete Jahjaga je do\u010dekala Kancelara Republike Austrije, Werner Faymann - Predsednik Republike Kosovo - DR. VJOSA OSMANI - SADRIU\" \/>\n<meta property=\"og:description\" content=\"Predsednica Atifete Jahjaga je do\u010dekala Kancelara Republike Austrije, Werner Faymann - Predsednik Republike Kosovo - DR. VJOSA OSMANI - SADRIU -\" \/>\n<meta property=\"og:url\" content=\"https:\/\/president-ksgov.net\/presidentja-atifete-jahjaga-priti-kryeministrin-e-republikes-se-austrise-werner-faymann\/\" \/>\n<meta property=\"og:site_name\" content=\"Predsednik Republike Kosovo - DR. VJOSA OSMANI - SADRIU\" \/>\n<meta property=\"article:published_time\" content=\"2014-06-20T15:04:59+00:00\" \/>\n<meta property=\"og:image\" content=\"https:\/\/president-ksgov.net\/wp-content\/uploads\/20_06_2014_5158571_Werner_Faymann1.jpg\" \/>\n\t<meta property=\"og:image:width\" content=\"1000\" \/>\n\t<meta property=\"og:image:height\" content=\"747\" \/>\n\t<meta property=\"og:image:type\" content=\"image\/jpeg\" \/>\n<meta name=\"author\" content=\"admin\" \/>\n<meta name=\"twitter:card\" content=\"summary_large_image\" \/>\n<meta name=\"twitter:label1\" content=\"\u041d\u0430\u043f\u0438\u0441\u0430\u043d\u043e \u043e\u0434\" \/>\n\t<meta name=\"twitter:data1\" content=\"admin\" \/>\n\t<meta name=\"twitter:label2\" content=\"\u041f\u0440\u043e\u0446\u0435\u045a\u0435\u043d\u043e \u0432\u0440\u0435\u043c\u0435 \u0447\u0438\u0442\u0430\u045a\u0430\" \/>\n\t<meta name=\"twitter:data2\" content=\"2 \u043c\u0438\u043d\u0443\u0442\u0430\" \/>\n<script type=\"application\/ld+json\" class=\"yoast-schema-graph\">{\"@context\":\"https:\/\/schema.org\",\"@graph\":[{\"@type\":\"WebPage\",\"@id\":\"https:\/\/president-ksgov.net\/presidentja-atifete-jahjaga-priti-kryeministrin-e-republikes-se-austrise-werner-faymann\/\",\"url\":\"https:\/\/president-ksgov.net\/presidentja-atifete-jahjaga-priti-kryeministrin-e-republikes-se-austrise-werner-faymann\/\",\"name\":\"Predsednica Atifete Jahjaga je do\u010dekala Kancelara Republike Austrije, Werner Faymann - Predsednik Republike Kosovo - DR. VJOSA OSMANI - SADRIU\",\"isPartOf\":{\"@id\":\"https:\/\/president-ksgov.net\/#website\"},\"primaryImageOfPage\":{\"@id\":\"https:\/\/president-ksgov.net\/presidentja-atifete-jahjaga-priti-kryeministrin-e-republikes-se-austrise-werner-faymann\/#primaryimage\"},\"image\":{\"@id\":\"https:\/\/president-ksgov.net\/presidentja-atifete-jahjaga-priti-kryeministrin-e-republikes-se-austrise-werner-faymann\/#primaryimage\"},\"thumbnailUrl\":\"https:\/\/president-ksgov.net\/wp-content\/uploads\/20_06_2014_5158571_Werner_Faymann1.jpg\",\"datePublished\":\"2014-06-20T15:04:59+00:00\",\"dateModified\":\"2014-06-20T15:04:59+00:00\",\"author\":{\"@id\":\"https:\/\/president-ksgov.net\/#\/schema\/person\/bb4337a5fb147cb2046d80548172cbee\"},\"description\":\"Predsednica Atifete Jahjaga je do\u010dekala Kancelara Republike Austrije, Werner Faymann - Predsednik Republike Kosovo - DR. VJOSA OSMANI - SADRIU -\",\"breadcrumb\":{\"@id\":\"https:\/\/president-ksgov.net\/presidentja-atifete-jahjaga-priti-kryeministrin-e-republikes-se-austrise-werner-faymann\/#breadcrumb\"},\"inLanguage\":\"sr-RS\",\"potentialAction\":[{\"@type\":\"ReadAction\",\"target\":[\"https:\/\/president-ksgov.net\/presidentja-atifete-jahjaga-priti-kryeministrin-e-republikes-se-austrise-werner-faymann\/\"]}]},{\"@type\":\"ImageObject\",\"inLanguage\":\"sr-RS\",\"@id\":\"https:\/\/president-ksgov.net\/presidentja-atifete-jahjaga-priti-kryeministrin-e-republikes-se-austrise-werner-faymann\/#primaryimage\",\"url\":\"https:\/\/president-ksgov.net\/wp-content\/uploads\/20_06_2014_5158571_Werner_Faymann1.jpg\",\"contentUrl\":\"https:\/\/president-ksgov.net\/wp-content\/uploads\/20_06_2014_5158571_Werner_Faymann1.jpg\",\"width\":1000,\"height\":747},{\"@type\":\"BreadcrumbList\",\"@id\":\"https:\/\/president-ksgov.net\/presidentja-atifete-jahjaga-priti-kryeministrin-e-republikes-se-austrise-werner-faymann\/#breadcrumb\",\"itemListElement\":[{\"@type\":\"ListItem\",\"position\":1,\"name\":\"Home\",\"item\":\"https:\/\/president-ksgov.net\/sr\/\"},{\"@type\":\"ListItem\",\"position\":2,\"name\":\"Predsednica Atifete Jahjaga je do\u010dekala Kancelara Republike Austrije, Werner Faymann\"}]},{\"@type\":\"WebSite\",\"@id\":\"https:\/\/president-ksgov.net\/#website\",\"url\":\"https:\/\/president-ksgov.net\/\",\"name\":\"Presidente e Republik\u00ebs s\u00eb Kosov\u00ebs\",\"description\":\"Presidente e Republik\u00ebs s\u00eb Kosov\u00ebs\",\"alternateName\":\"DR. VJOSA OSMANI - SADRIU\",\"potentialAction\":[{\"@type\":\"SearchAction\",\"target\":{\"@type\":\"EntryPoint\",\"urlTemplate\":\"https:\/\/president-ksgov.net\/?s={search_term_string}\"},\"query-input\":{\"@type\":\"PropertyValueSpecification\",\"valueRequired\":true,\"valueName\":\"search_term_string\"}}],\"inLanguage\":\"sr-RS\"},{\"@type\":\"Person\",\"@id\":\"https:\/\/president-ksgov.net\/#\/schema\/person\/bb4337a5fb147cb2046d80548172cbee\",\"name\":\"admin\",\"image\":{\"@type\":\"ImageObject\",\"inLanguage\":\"sr-RS\",\"@id\":\"https:\/\/president-ksgov.net\/#\/schema\/person\/image\/\",\"url\":\"https:\/\/secure.gravatar.com\/avatar\/36156ca0fa3b8d9d25174f146e16beea0cf28f37adf1b9e19b6c9c279a7c9dd3?s=96&d=mm&r=g\",\"contentUrl\":\"https:\/\/secure.gravatar.com\/avatar\/36156ca0fa3b8d9d25174f146e16beea0cf28f37adf1b9e19b6c9c279a7c9dd3?s=96&d=mm&r=g\",\"caption\":\"admin\"},\"sameAs\":[\"https:\/\/president-ksgov.net\"]}]}<\/script>\n<!-- \/ Yoast SEO plugin. -->","yoast_head_json":{"title":"Predsednica Atifete Jahjaga je do\u010dekala Kancelara Republike Austrije, Werner Faymann - Predsednik Republike Kosovo - DR. VJOSA OSMANI - SADRIU","description":"Predsednica Atifete Jahjaga je do\u010dekala Kancelara Republike Austrije, Werner Faymann - Predsednik Republike Kosovo - DR. VJOSA OSMANI - SADRIU -","robots":{"index":"index","follow":"follow","max-snippet":"max-snippet:-1","max-image-preview":"max-image-preview:large","max-video-preview":"max-video-preview:-1"},"canonical":"https:\/\/president-ksgov.net\/presidentja-atifete-jahjaga-priti-kryeministrin-e-republikes-se-austrise-werner-faymann\/","og_locale":"sr_RS","og_type":"article","og_title":"Predsednica Atifete Jahjaga je do\u010dekala Kancelara Republike Austrije, Werner Faymann - Predsednik Republike Kosovo - DR. VJOSA OSMANI - SADRIU","og_description":"Predsednica Atifete Jahjaga je do\u010dekala Kancelara Republike Austrije, Werner Faymann - Predsednik Republike Kosovo - DR. VJOSA OSMANI - SADRIU -","og_url":"https:\/\/president-ksgov.net\/presidentja-atifete-jahjaga-priti-kryeministrin-e-republikes-se-austrise-werner-faymann\/","og_site_name":"Predsednik Republike Kosovo - DR. VJOSA OSMANI - SADRIU","article_published_time":"2014-06-20T15:04:59+00:00","og_image":[{"width":1000,"height":747,"url":"https:\/\/president-ksgov.net\/wp-content\/uploads\/20_06_2014_5158571_Werner_Faymann1.jpg","type":"image\/jpeg"}],"author":"admin","twitter_card":"summary_large_image","twitter_misc":{"\u041d\u0430\u043f\u0438\u0441\u0430\u043d\u043e \u043e\u0434":"admin","\u041f\u0440\u043e\u0446\u0435\u045a\u0435\u043d\u043e \u0432\u0440\u0435\u043c\u0435 \u0447\u0438\u0442\u0430\u045a\u0430":"2 \u043c\u0438\u043d\u0443\u0442\u0430"},"schema":{"@context":"https:\/\/schema.org","@graph":[{"@type":"WebPage","@id":"https:\/\/president-ksgov.net\/presidentja-atifete-jahjaga-priti-kryeministrin-e-republikes-se-austrise-werner-faymann\/","url":"https:\/\/president-ksgov.net\/presidentja-atifete-jahjaga-priti-kryeministrin-e-republikes-se-austrise-werner-faymann\/","name":"Predsednica Atifete Jahjaga je do\u010dekala Kancelara Republike Austrije, Werner Faymann - Predsednik Republike Kosovo - DR. VJOSA OSMANI - SADRIU","isPartOf":{"@id":"https:\/\/president-ksgov.net\/#website"},"primaryImageOfPage":{"@id":"https:\/\/president-ksgov.net\/presidentja-atifete-jahjaga-priti-kryeministrin-e-republikes-se-austrise-werner-faymann\/#primaryimage"},"image":{"@id":"https:\/\/president-ksgov.net\/presidentja-atifete-jahjaga-priti-kryeministrin-e-republikes-se-austrise-werner-faymann\/#primaryimage"},"thumbnailUrl":"https:\/\/president-ksgov.net\/wp-content\/uploads\/20_06_2014_5158571_Werner_Faymann1.jpg","datePublished":"2014-06-20T15:04:59+00:00","dateModified":"2014-06-20T15:04:59+00:00","author":{"@id":"https:\/\/president-ksgov.net\/#\/schema\/person\/bb4337a5fb147cb2046d80548172cbee"},"description":"Predsednica Atifete Jahjaga je do\u010dekala Kancelara Republike Austrije, Werner Faymann - Predsednik Republike Kosovo - DR. VJOSA OSMANI - SADRIU -","breadcrumb":{"@id":"https:\/\/president-ksgov.net\/presidentja-atifete-jahjaga-priti-kryeministrin-e-republikes-se-austrise-werner-faymann\/#breadcrumb"},"inLanguage":"sr-RS","potentialAction":[{"@type":"ReadAction","target":["https:\/\/president-ksgov.net\/presidentja-atifete-jahjaga-priti-kryeministrin-e-republikes-se-austrise-werner-faymann\/"]}]},{"@type":"ImageObject","inLanguage":"sr-RS","@id":"https:\/\/president-ksgov.net\/presidentja-atifete-jahjaga-priti-kryeministrin-e-republikes-se-austrise-werner-faymann\/#primaryimage","url":"https:\/\/president-ksgov.net\/wp-content\/uploads\/20_06_2014_5158571_Werner_Faymann1.jpg","contentUrl":"https:\/\/president-ksgov.net\/wp-content\/uploads\/20_06_2014_5158571_Werner_Faymann1.jpg","width":1000,"height":747},{"@type":"BreadcrumbList","@id":"https:\/\/president-ksgov.net\/presidentja-atifete-jahjaga-priti-kryeministrin-e-republikes-se-austrise-werner-faymann\/#breadcrumb","itemListElement":[{"@type":"ListItem","position":1,"name":"Home","item":"https:\/\/president-ksgov.net\/sr\/"},{"@type":"ListItem","position":2,"name":"Predsednica Atifete Jahjaga je do\u010dekala Kancelara Republike Austrije, Werner Faymann"}]},{"@type":"WebSite","@id":"https:\/\/president-ksgov.net\/#website","url":"https:\/\/president-ksgov.net\/","name":"Presidente e Republik\u00ebs s\u00eb Kosov\u00ebs","description":"Presidente e Republik\u00ebs s\u00eb Kosov\u00ebs","alternateName":"DR. VJOSA OSMANI - SADRIU","potentialAction":[{"@type":"SearchAction","target":{"@type":"EntryPoint","urlTemplate":"https:\/\/president-ksgov.net\/?s={search_term_string}"},"query-input":{"@type":"PropertyValueSpecification","valueRequired":true,"valueName":"search_term_string"}}],"inLanguage":"sr-RS"},{"@type":"Person","@id":"https:\/\/president-ksgov.net\/#\/schema\/person\/bb4337a5fb147cb2046d80548172cbee","name":"admin","image":{"@type":"ImageObject","inLanguage":"sr-RS","@id":"https:\/\/president-ksgov.net\/#\/schema\/person\/image\/","url":"https:\/\/secure.gravatar.com\/avatar\/36156ca0fa3b8d9d25174f146e16beea0cf28f37adf1b9e19b6c9c279a7c9dd3?s=96&d=mm&r=g","contentUrl":"https:\/\/secure.gravatar.com\/avatar\/36156ca0fa3b8d9d25174f146e16beea0cf28f37adf1b9e19b6c9c279a7c9dd3?s=96&d=mm&r=g","caption":"admin"},"sameAs":["https:\/\/president-ksgov.net"]}]}},"_links":{"self":[{"href":"https:\/\/president-ksgov.net\/sr\/wp-json\/wp\/v2\/posts\/77807","targetHints":{"allow":["GET"]}}],"collection":[{"href":"https:\/\/president-ksgov.net\/sr\/wp-json\/wp\/v2\/posts"}],"about":[{"href":"https:\/\/president-ksgov.net\/sr\/wp-json\/wp\/v2\/types\/post"}],"author":[{"embeddable":true,"href":"https:\/\/president-ksgov.net\/sr\/wp-json\/wp\/v2\/users\/1"}],"replies":[{"embeddable":true,"href":"https:\/\/president-ksgov.net\/sr\/wp-json\/wp\/v2\/comments?post=77807"}],"version-history":[{"count":0,"href":"https:\/\/president-ksgov.net\/sr\/wp-json\/wp\/v2\/posts\/77807\/revisions"}],"wp:featuredmedia":[{"embeddable":true,"href":"https:\/\/president-ksgov.net\/sr\/wp-json\/wp\/v2\/media\/44694"}],"wp:attachment":[{"href":"https:\/\/president-ksgov.net\/sr\/wp-json\/wp\/v2\/media?parent=77807"}],"wp:term":[{"taxonomy":"category","embeddable":true,"href":"https:\/\/president-ksgov.net\/sr\/wp-json\/wp\/v2\/categories?post=77807"},{"taxonomy":"post_tag","embeddable":true,"href":"https:\/\/president-ksgov.net\/sr\/wp-json\/wp\/v2\/tags?post=77807"}],"curies":[{"name":"wp","href":"https:\/\/api.w.org\/{rel}","templated":true}]}}