{"id":77794,"date":"2014-06-25T14:44:11","date_gmt":"2014-06-25T14:44:11","guid":{"rendered":"https:\/\/dev.president-ksgov.net\/govor-predsednice-u-proces-saradnje-jugoistocne-evrope\/"},"modified":"2023-03-08T09:03:09","modified_gmt":"2023-03-08T09:03:09","slug":"govor-predsednice-u-proces-saradnje-jugoistocne-evrope","status":"publish","type":"post","link":"https:\/\/president-ksgov.net\/sr\/govor-predsednice-u-proces-saradnje-jugoistocne-evrope\/","title":{"rendered":"GOVOR PREDSEDNICE U PROCES SARADNJE JUGOISTO\u010cNE EVROPE"},"content":{"rendered":"<p>Posebno je zadovoljstvo biti danas sa vama, kada ispunjavamo jo&#353; jedno va&#382;no dostignu\u0107e kao region &#8211; ono o obuhvatu i pro&#353;irenoj saradnji prema obuhva\u0107enom prostoru i va&#382;nosti, dok se zavetujemo za unapre\u0111enje ovog momentuma evropskih integracija putem reformi u na&#353;im zemljama i putem saradnje koji ide preko na&#353;ih granica.<\/p>\n<p>Po&#353;tovani Predsednice Basescu<br \/>\nPo&#353;tovani Predsednici,<br \/>\nMinistri, Ambasadori,<br \/>\nDame i Gospodo;<\/p>\n<p>Posebno je zadovoljstvo biti danas sa vama, kada ispunjavamo jo&#353; jedno va&#382;no dostignuce kao region &#8211; ono o obuhvatu i pro&#353;irenoj saradnji prema obuhvacenom prostoru i va&#382;nosti, dok se zavetujemo za unapredenje ovog momentuma evropskih integracija putem reformi u na&#353;im zemljama i putem saradnje koji ide preko na&#353;ih granica.<\/p>\n<p>&#381;elim izraziti moju zahvalnost Predsedniku Rumunije i domacinu ovogodi&#353;njeg Procesa Saradnje Jugoistocne Evrope, g. Basescu, za poziv da Kosovo bude gost i ucenik ovoga foruma za prijem Kosova kao ravnopravnog ucesnika.<\/p>\n<p>Posebno se &#382;elim zahvaliti svim susednim zemljama za njihovu cvrstu podr&#353;ku koja je omogucila na&#353;e prisustvo ovde. Takode i predstavnicima Evropske Zajednice, posebno Komisioneru Stefan Fule, ne samo za uzimanje u obzir va&#382;nosti uce&#353;ca Kosova ovome forumu nego isto tako i\u00a0 za davanje konteksta i smisla putem konkretnih postupaka &#8211; kao &#353;to je potreba pro&#353;irenja medu susednih odnosa &#8211; politike pro&#353;irenja tokom njegovog mandata u Bruksel.<\/p>\n<p>Posebno sam sretna &#353;to danas mogu izraziti moje cestitke Predsedniku Nishani i zemljama regiona za odluku EZ-e o davanju Albaniji statusa zemlje kandidata i da prizna odlucnost njenih gradana i institucija za pomeranje napred reformi i za pribli&#382;avanje Evropskoj Uniji. Predsednice Nishani, jako smo ponosni za napredak koji ste postigli.<\/p>\n<p>Za nas ostale, koji jo&#353; uvek smo u toku utiranja puta u pravcu Evropske Unije, ovo je jedan testament i jasan signal da su vrata ostala otvorena za svaku zemlju koja &#382;eli prigrliti vrednosti i reforme i koji gaji aspiracije postanka clanom EZ-e.<\/p>\n<p>I ovaj momentum u sebi sadr&#382;i jednu posebnu va&#382;nost, kada se sastajemo zajedno na stotu godi&#353;njicu Prvog Svetskog Rata u ovoj platformi regionalne saradnje, jednog misaonog pokazatelja i razlicitosti izmedu tada&#353;njeg i sada&#353;njeg vremena.<\/p>\n<p>Dok je mnogo dovedeno u pitanje, tokom pro&#353;le decenije, odr&#382;ivost politike pro&#353;irenja i uzroka i efekata ove politike frustracije unutar zemalja clanica zbog visokog nivo nezaposlenosti, Zapadni Balkan je bio ujedinjen u aspiraciji za clanstvo u EZ-e kao jedinoj agendi koja nas spaja.<\/p>\n<p>Upravo je ova perspektiva koja se dokazala da je jedno nezamislivo sredstvo transformacije jedne regije koja se cesto usprotivila izmenama. I verujem da je ono &#353;to nam je momentalno pri ruci, ovaj momentum, treba da se vrednuje i unapreduje, kako od strane regiona tako i od strane EZ-e, kao jedna jedina garancija napretka koji smo postigli, kao konkretan dokaz da smo naucili od pro&#353;losti.<\/p>\n<p>Mir u Evropi, umnogome je nahranjen od Evropske Unije &#8211; je doveo ne samo do povecanje i razvoja bez presedana, nego je doveo i do politicke stabilnosti, slobode kretanja i dubljeg razumevanja\u00a0 izmedu ljudi i nacija. Isto to &#382;elimo i za na&#353;e zemlje i gradane. Istorijski je slucaj za nas da preduzmemo ovaj korak napred. Prilika je da mi vi&#353;e nikada se ne vratimo strahotama pro&#353;losti. <\/p>\n<p>Kljucne zemlje EZ-e su videle istorijske izmene koje ova unija je cinila s druge strane gvozdene zavese, i mi, zemlje Zapadnog Balkana, najbolje razumemo potencijal koji ovaj projekat sadr&#382;i za menjanje na&#353;ih zemalja i menjanje toka istorije.<\/p>\n<p>Oslanjajuci se na ovu buducu saradnju za jedan trajni mir i stabilnost, mi, zemlje regiona, smo razumeli da trebamo raditi zajedno. Mi smo imali jednu te&#353;ku pro&#353;lost, jednu pro&#353;lost iz koje moguce da se nismo jo&#353; potpuno oporavili i cije posledice jo&#353; uvek nastavljamo ispa&#353;tati, ali smo u toku ujedinjenja u pravcu obecavajuce vizije za slobodu, mir, stabilnost i prosperitet. Za sve, za svakog gradanina, i kao Predsednica Kosova sam odlucna da ovo posvecenje sprovodim na Kosovu.<\/p>\n<p>Po&#353;tovani predstavnici PSJE,<\/p>\n<p>Na&#353; put u EZ-e je uslovljen na&#353;om sposobno&#353;cu za izgradnju dobrih susednih odnosa, koji podrazumevaju po&#353;tovanje za odr&#382;ive vrednosti na&#353;ih dru&#353;tava i za integritet na&#353;ih odnosnih zemalja. Dobri odnosi se ne grade samo sa potpisivanjem sporazuma, nego sa primenom tih sporazuma. Ne putem barikada. Nego putem, u potpunom smislu reci, dijaloga koji ce udaljiti te prepreke u pravcu saradnje. <\/p>\n<p>Kao mlada zemlja u regionu, Republika Kosovo je dala prioritet izgradnji dobrih odnosa. Za nas, izgradnja ustrajnih odnosa za partnerstvo nije samo politicka odlucnost nego i potreba ukoliko &#382;elimo da krenemo napred u pravcu pobolj&#353;anja &#382;ivota na&#353;ih gradana i da obezbedimo stabilnost regiona.<\/p>\n<p>Mi smo dokazali ovu odlucnost u procesu dijaloga sa Republikom Srbijom, jedna odn najte&#382;ih politickih odnosa, koji je zahtevao jednu veliku hrabrost. Ali mi smo to ucinili jer &#382;elimo da idemo napred.<\/p>\n<p>Ohrabrena sam sa izmenama koje smo videli u regionu i sa podr&#353;kom koju smo dobili od medunarodne zajednice, koja je stala uz nas pru&#382;ajuci nam jasnu perspektivu, Kosovu i Srbiji, u na&#353;em kretanju u pravcu Evropske Unije.<\/p>\n<p>Po&#353;tovani Predsednice Basescu,<\/p>\n<p>Po&#353;tovani predsednici dr&#382;ava i Ekselencije,<\/p>\n<p>Proces u kojem se nalazimo je nepovratan. Mi cemo nastaviti biti faktor mira i stabilnosti i promoteri dobro-susednih odnosa.<\/p>\n<p>Sa gledi&#353;ta ovoga samita, rado ocekujem cinjenicu da ova perspektiva je\u00a0 po&#353;tovana i jo&#353; jednom izra&#382;avam moju zahvalnost za organizatore i zemlje ucesnice za njihovu pomoc zemljama koje imaju aspiracije zbli&#382;avanja sa EZ-e, postajuci putem ovih samita i njihove sveobuhvatne prirode, olak&#353;avajuci dobrih susednih odnosa. Kosovo i njene institucije ce ovome stolu dati na&#353; doprinos, kao ravnopravni, u pravcu pobolj&#353;anja &#382;ivota\u00a0 gradana i produbljivanja susednih odnosa i ekonomskih odnosa izmedu zemalja regiona.<\/p>\n<p>U nastavku ovoga bitno je da na&#353;a saradnja bude svestrana i sveobuhvatna. Nijedna saradnja u regionu nece biti kompletirana bez uce&#353;ca Kosova; nijedna regionalna politika nece biti potpuno implementirana bez ukljucivanja Kosova i Evropska Zajednica nece biti potpuna bez potpunog clanstva zemalja Zapadnog Balkana.<\/p>\n<p>Projekat Evropske Zajednice ce nastaviti biti jedina nezamenjiva opcija koja ce imati najveci uticaj i pozitivnu ulogu transformiranja u na&#353;e medusobno vezane i zavisne ekonomije i u razvoju na&#353;ih dru&#353;tva.<\/p>\n<p>Mi trebamo jacati mir.<\/p>\n<p>Hvala vam.<\/p>\n","protected":false},"excerpt":{"rendered":"<p>Posebno je zadovoljstvo biti danas sa vama, kada ispunjavamo jo&#353; jedno va&#382;no dostignu\u0107e kao region &#8211; ono o obuhvatu i pro&#353;irenoj saradnji prema obuhva\u0107enom prostoru i va&#382;nosti, dok se zavetujemo za unapre\u0111enje ovog momentuma evropskih integracija putem reformi u na&#353;im zemljama i putem saradnje koji ide preko na&#353;ih granica.<\/p>\n","protected":false},"author":1,"featured_media":44567,"comment_status":"open","ping_status":"closed","sticky":false,"template":"","format":"standard","meta":{"_eb_attr":"","footnotes":""},"categories":[106],"tags":[],"class_list":["post-77794","post","type-post","status-publish","format-standard","has-post-thumbnail","hentry","category-govori"],"yoast_head":"<!-- This site is optimized with the Yoast SEO plugin v23.5 - https:\/\/yoast.com\/wordpress\/plugins\/seo\/ -->\n<title>GOVOR PREDSEDNICE U PROCES SARADNJE JUGOISTO\u010cNE EVROPE - Predsednik Republike Kosovo - DR. VJOSA OSMANI - SADRIU<\/title>\n<meta name=\"description\" content=\"GOVOR PREDSEDNICE U PROCES SARADNJE JUGOISTO\u010cNE EVROPE - Predsednik Republike Kosovo - DR. VJOSA OSMANI - SADRIU -\" \/>\n<meta name=\"robots\" content=\"index, follow, max-snippet:-1, max-image-preview:large, max-video-preview:-1\" \/>\n<link rel=\"canonical\" href=\"https:\/\/president-ksgov.net\/fjalimi-i-presidentes-jahjaga-ne-procesin-e-bashkepunimit-te-evropes-juglindore\/\" \/>\n<meta property=\"og:locale\" content=\"sr_RS\" \/>\n<meta property=\"og:type\" content=\"article\" \/>\n<meta property=\"og:title\" content=\"GOVOR PREDSEDNICE U PROCES SARADNJE JUGOISTO\u010cNE EVROPE - Predsednik Republike Kosovo - DR. VJOSA OSMANI - SADRIU\" \/>\n<meta property=\"og:description\" content=\"GOVOR PREDSEDNICE U PROCES SARADNJE JUGOISTO\u010cNE EVROPE - Predsednik Republike Kosovo - DR. VJOSA OSMANI - SADRIU -\" \/>\n<meta property=\"og:url\" content=\"https:\/\/president-ksgov.net\/fjalimi-i-presidentes-jahjaga-ne-procesin-e-bashkepunimit-te-evropes-juglindore\/\" \/>\n<meta property=\"og:site_name\" content=\"Predsednik Republike Kosovo - DR. VJOSA OSMANI - SADRIU\" \/>\n<meta property=\"article:published_time\" content=\"2014-06-25T14:44:11+00:00\" \/>\n<meta property=\"article:modified_time\" content=\"2023-03-08T09:03:09+00:00\" \/>\n<meta property=\"og:image\" content=\"https:\/\/president-ksgov.net\/wp-content\/uploads\/25_06_2014_2138157_25_06_2014_01.jpg\" \/>\n\t<meta property=\"og:image:width\" content=\"1024\" \/>\n\t<meta property=\"og:image:height\" content=\"635\" \/>\n\t<meta property=\"og:image:type\" content=\"image\/jpeg\" \/>\n<meta name=\"author\" content=\"admin\" \/>\n<meta name=\"twitter:card\" content=\"summary_large_image\" \/>\n<meta name=\"twitter:label1\" content=\"\u041d\u0430\u043f\u0438\u0441\u0430\u043d\u043e \u043e\u0434\" \/>\n\t<meta name=\"twitter:data1\" content=\"admin\" \/>\n\t<meta name=\"twitter:label2\" content=\"\u041f\u0440\u043e\u0446\u0435\u045a\u0435\u043d\u043e \u0432\u0440\u0435\u043c\u0435 \u0447\u0438\u0442\u0430\u045a\u0430\" \/>\n\t<meta name=\"twitter:data2\" content=\"5 \u043c\u0438\u043d\u0443\u0442\u0430\" \/>\n<script type=\"application\/ld+json\" class=\"yoast-schema-graph\">{\"@context\":\"https:\/\/schema.org\",\"@graph\":[{\"@type\":\"WebPage\",\"@id\":\"https:\/\/president-ksgov.net\/fjalimi-i-presidentes-jahjaga-ne-procesin-e-bashkepunimit-te-evropes-juglindore\/\",\"url\":\"https:\/\/president-ksgov.net\/fjalimi-i-presidentes-jahjaga-ne-procesin-e-bashkepunimit-te-evropes-juglindore\/\",\"name\":\"GOVOR PREDSEDNICE U PROCES SARADNJE JUGOISTO\u010cNE EVROPE - Predsednik Republike Kosovo - DR. VJOSA OSMANI - SADRIU\",\"isPartOf\":{\"@id\":\"https:\/\/president-ksgov.net\/#website\"},\"primaryImageOfPage\":{\"@id\":\"https:\/\/president-ksgov.net\/fjalimi-i-presidentes-jahjaga-ne-procesin-e-bashkepunimit-te-evropes-juglindore\/#primaryimage\"},\"image\":{\"@id\":\"https:\/\/president-ksgov.net\/fjalimi-i-presidentes-jahjaga-ne-procesin-e-bashkepunimit-te-evropes-juglindore\/#primaryimage\"},\"thumbnailUrl\":\"https:\/\/president-ksgov.net\/wp-content\/uploads\/25_06_2014_2138157_25_06_2014_01.jpg\",\"datePublished\":\"2014-06-25T14:44:11+00:00\",\"dateModified\":\"2023-03-08T09:03:09+00:00\",\"author\":{\"@id\":\"https:\/\/president-ksgov.net\/#\/schema\/person\/bb4337a5fb147cb2046d80548172cbee\"},\"description\":\"GOVOR PREDSEDNICE U PROCES SARADNJE JUGOISTO\u010cNE EVROPE - Predsednik Republike Kosovo - DR. VJOSA OSMANI - SADRIU -\",\"breadcrumb\":{\"@id\":\"https:\/\/president-ksgov.net\/fjalimi-i-presidentes-jahjaga-ne-procesin-e-bashkepunimit-te-evropes-juglindore\/#breadcrumb\"},\"inLanguage\":\"sr-RS\",\"potentialAction\":[{\"@type\":\"ReadAction\",\"target\":[\"https:\/\/president-ksgov.net\/fjalimi-i-presidentes-jahjaga-ne-procesin-e-bashkepunimit-te-evropes-juglindore\/\"]}]},{\"@type\":\"ImageObject\",\"inLanguage\":\"sr-RS\",\"@id\":\"https:\/\/president-ksgov.net\/fjalimi-i-presidentes-jahjaga-ne-procesin-e-bashkepunimit-te-evropes-juglindore\/#primaryimage\",\"url\":\"https:\/\/president-ksgov.net\/wp-content\/uploads\/25_06_2014_2138157_25_06_2014_01.jpg\",\"contentUrl\":\"https:\/\/president-ksgov.net\/wp-content\/uploads\/25_06_2014_2138157_25_06_2014_01.jpg\",\"width\":1024,\"height\":635},{\"@type\":\"BreadcrumbList\",\"@id\":\"https:\/\/president-ksgov.net\/fjalimi-i-presidentes-jahjaga-ne-procesin-e-bashkepunimit-te-evropes-juglindore\/#breadcrumb\",\"itemListElement\":[{\"@type\":\"ListItem\",\"position\":1,\"name\":\"Home\",\"item\":\"https:\/\/president-ksgov.net\/sr\/\"},{\"@type\":\"ListItem\",\"position\":2,\"name\":\"GOVOR PREDSEDNICE U PROCES SARADNJE JUGOISTO\u010cNE EVROPE\"}]},{\"@type\":\"WebSite\",\"@id\":\"https:\/\/president-ksgov.net\/#website\",\"url\":\"https:\/\/president-ksgov.net\/\",\"name\":\"Presidente e Republik\u00ebs s\u00eb Kosov\u00ebs\",\"description\":\"Presidente e Republik\u00ebs s\u00eb Kosov\u00ebs\",\"alternateName\":\"DR. VJOSA OSMANI - SADRIU\",\"potentialAction\":[{\"@type\":\"SearchAction\",\"target\":{\"@type\":\"EntryPoint\",\"urlTemplate\":\"https:\/\/president-ksgov.net\/?s={search_term_string}\"},\"query-input\":{\"@type\":\"PropertyValueSpecification\",\"valueRequired\":true,\"valueName\":\"search_term_string\"}}],\"inLanguage\":\"sr-RS\"},{\"@type\":\"Person\",\"@id\":\"https:\/\/president-ksgov.net\/#\/schema\/person\/bb4337a5fb147cb2046d80548172cbee\",\"name\":\"admin\",\"image\":{\"@type\":\"ImageObject\",\"inLanguage\":\"sr-RS\",\"@id\":\"https:\/\/president-ksgov.net\/#\/schema\/person\/image\/\",\"url\":\"https:\/\/secure.gravatar.com\/avatar\/36156ca0fa3b8d9d25174f146e16beea0cf28f37adf1b9e19b6c9c279a7c9dd3?s=96&d=mm&r=g\",\"contentUrl\":\"https:\/\/secure.gravatar.com\/avatar\/36156ca0fa3b8d9d25174f146e16beea0cf28f37adf1b9e19b6c9c279a7c9dd3?s=96&d=mm&r=g\",\"caption\":\"admin\"},\"sameAs\":[\"https:\/\/president-ksgov.net\"]}]}<\/script>\n<!-- \/ Yoast SEO plugin. -->","yoast_head_json":{"title":"GOVOR PREDSEDNICE U PROCES SARADNJE JUGOISTO\u010cNE EVROPE - Predsednik Republike Kosovo - DR. VJOSA OSMANI - SADRIU","description":"GOVOR PREDSEDNICE U PROCES SARADNJE JUGOISTO\u010cNE EVROPE - Predsednik Republike Kosovo - DR. VJOSA OSMANI - SADRIU -","robots":{"index":"index","follow":"follow","max-snippet":"max-snippet:-1","max-image-preview":"max-image-preview:large","max-video-preview":"max-video-preview:-1"},"canonical":"https:\/\/president-ksgov.net\/fjalimi-i-presidentes-jahjaga-ne-procesin-e-bashkepunimit-te-evropes-juglindore\/","og_locale":"sr_RS","og_type":"article","og_title":"GOVOR PREDSEDNICE U PROCES SARADNJE JUGOISTO\u010cNE EVROPE - Predsednik Republike Kosovo - DR. VJOSA OSMANI - SADRIU","og_description":"GOVOR PREDSEDNICE U PROCES SARADNJE JUGOISTO\u010cNE EVROPE - Predsednik Republike Kosovo - DR. VJOSA OSMANI - SADRIU -","og_url":"https:\/\/president-ksgov.net\/fjalimi-i-presidentes-jahjaga-ne-procesin-e-bashkepunimit-te-evropes-juglindore\/","og_site_name":"Predsednik Republike Kosovo - DR. VJOSA OSMANI - SADRIU","article_published_time":"2014-06-25T14:44:11+00:00","article_modified_time":"2023-03-08T09:03:09+00:00","og_image":[{"width":1024,"height":635,"url":"https:\/\/president-ksgov.net\/wp-content\/uploads\/25_06_2014_2138157_25_06_2014_01.jpg","type":"image\/jpeg"}],"author":"admin","twitter_card":"summary_large_image","twitter_misc":{"\u041d\u0430\u043f\u0438\u0441\u0430\u043d\u043e \u043e\u0434":"admin","\u041f\u0440\u043e\u0446\u0435\u045a\u0435\u043d\u043e \u0432\u0440\u0435\u043c\u0435 \u0447\u0438\u0442\u0430\u045a\u0430":"5 \u043c\u0438\u043d\u0443\u0442\u0430"},"schema":{"@context":"https:\/\/schema.org","@graph":[{"@type":"WebPage","@id":"https:\/\/president-ksgov.net\/fjalimi-i-presidentes-jahjaga-ne-procesin-e-bashkepunimit-te-evropes-juglindore\/","url":"https:\/\/president-ksgov.net\/fjalimi-i-presidentes-jahjaga-ne-procesin-e-bashkepunimit-te-evropes-juglindore\/","name":"GOVOR PREDSEDNICE U PROCES SARADNJE JUGOISTO\u010cNE EVROPE - Predsednik Republike Kosovo - DR. VJOSA OSMANI - SADRIU","isPartOf":{"@id":"https:\/\/president-ksgov.net\/#website"},"primaryImageOfPage":{"@id":"https:\/\/president-ksgov.net\/fjalimi-i-presidentes-jahjaga-ne-procesin-e-bashkepunimit-te-evropes-juglindore\/#primaryimage"},"image":{"@id":"https:\/\/president-ksgov.net\/fjalimi-i-presidentes-jahjaga-ne-procesin-e-bashkepunimit-te-evropes-juglindore\/#primaryimage"},"thumbnailUrl":"https:\/\/president-ksgov.net\/wp-content\/uploads\/25_06_2014_2138157_25_06_2014_01.jpg","datePublished":"2014-06-25T14:44:11+00:00","dateModified":"2023-03-08T09:03:09+00:00","author":{"@id":"https:\/\/president-ksgov.net\/#\/schema\/person\/bb4337a5fb147cb2046d80548172cbee"},"description":"GOVOR PREDSEDNICE U PROCES SARADNJE JUGOISTO\u010cNE EVROPE - Predsednik Republike Kosovo - DR. VJOSA OSMANI - SADRIU -","breadcrumb":{"@id":"https:\/\/president-ksgov.net\/fjalimi-i-presidentes-jahjaga-ne-procesin-e-bashkepunimit-te-evropes-juglindore\/#breadcrumb"},"inLanguage":"sr-RS","potentialAction":[{"@type":"ReadAction","target":["https:\/\/president-ksgov.net\/fjalimi-i-presidentes-jahjaga-ne-procesin-e-bashkepunimit-te-evropes-juglindore\/"]}]},{"@type":"ImageObject","inLanguage":"sr-RS","@id":"https:\/\/president-ksgov.net\/fjalimi-i-presidentes-jahjaga-ne-procesin-e-bashkepunimit-te-evropes-juglindore\/#primaryimage","url":"https:\/\/president-ksgov.net\/wp-content\/uploads\/25_06_2014_2138157_25_06_2014_01.jpg","contentUrl":"https:\/\/president-ksgov.net\/wp-content\/uploads\/25_06_2014_2138157_25_06_2014_01.jpg","width":1024,"height":635},{"@type":"BreadcrumbList","@id":"https:\/\/president-ksgov.net\/fjalimi-i-presidentes-jahjaga-ne-procesin-e-bashkepunimit-te-evropes-juglindore\/#breadcrumb","itemListElement":[{"@type":"ListItem","position":1,"name":"Home","item":"https:\/\/president-ksgov.net\/sr\/"},{"@type":"ListItem","position":2,"name":"GOVOR PREDSEDNICE U PROCES SARADNJE JUGOISTO\u010cNE EVROPE"}]},{"@type":"WebSite","@id":"https:\/\/president-ksgov.net\/#website","url":"https:\/\/president-ksgov.net\/","name":"Presidente e Republik\u00ebs s\u00eb Kosov\u00ebs","description":"Presidente e Republik\u00ebs s\u00eb Kosov\u00ebs","alternateName":"DR. VJOSA OSMANI - SADRIU","potentialAction":[{"@type":"SearchAction","target":{"@type":"EntryPoint","urlTemplate":"https:\/\/president-ksgov.net\/?s={search_term_string}"},"query-input":{"@type":"PropertyValueSpecification","valueRequired":true,"valueName":"search_term_string"}}],"inLanguage":"sr-RS"},{"@type":"Person","@id":"https:\/\/president-ksgov.net\/#\/schema\/person\/bb4337a5fb147cb2046d80548172cbee","name":"admin","image":{"@type":"ImageObject","inLanguage":"sr-RS","@id":"https:\/\/president-ksgov.net\/#\/schema\/person\/image\/","url":"https:\/\/secure.gravatar.com\/avatar\/36156ca0fa3b8d9d25174f146e16beea0cf28f37adf1b9e19b6c9c279a7c9dd3?s=96&d=mm&r=g","contentUrl":"https:\/\/secure.gravatar.com\/avatar\/36156ca0fa3b8d9d25174f146e16beea0cf28f37adf1b9e19b6c9c279a7c9dd3?s=96&d=mm&r=g","caption":"admin"},"sameAs":["https:\/\/president-ksgov.net"]}]}},"_links":{"self":[{"href":"https:\/\/president-ksgov.net\/sr\/wp-json\/wp\/v2\/posts\/77794","targetHints":{"allow":["GET"]}}],"collection":[{"href":"https:\/\/president-ksgov.net\/sr\/wp-json\/wp\/v2\/posts"}],"about":[{"href":"https:\/\/president-ksgov.net\/sr\/wp-json\/wp\/v2\/types\/post"}],"author":[{"embeddable":true,"href":"https:\/\/president-ksgov.net\/sr\/wp-json\/wp\/v2\/users\/1"}],"replies":[{"embeddable":true,"href":"https:\/\/president-ksgov.net\/sr\/wp-json\/wp\/v2\/comments?post=77794"}],"version-history":[{"count":1,"href":"https:\/\/president-ksgov.net\/sr\/wp-json\/wp\/v2\/posts\/77794\/revisions"}],"predecessor-version":[{"id":81671,"href":"https:\/\/president-ksgov.net\/sr\/wp-json\/wp\/v2\/posts\/77794\/revisions\/81671"}],"wp:featuredmedia":[{"embeddable":true,"href":"https:\/\/president-ksgov.net\/sr\/wp-json\/wp\/v2\/media\/44567"}],"wp:attachment":[{"href":"https:\/\/president-ksgov.net\/sr\/wp-json\/wp\/v2\/media?parent=77794"}],"wp:term":[{"taxonomy":"category","embeddable":true,"href":"https:\/\/president-ksgov.net\/sr\/wp-json\/wp\/v2\/categories?post=77794"},{"taxonomy":"post_tag","embeddable":true,"href":"https:\/\/president-ksgov.net\/sr\/wp-json\/wp\/v2\/tags?post=77794"}],"curies":[{"name":"wp","href":"https:\/\/api.w.org\/{rel}","templated":true}]}}