{"id":77790,"date":"2014-06-26T17:31:29","date_gmt":"2014-06-26T17:31:29","guid":{"rendered":"https:\/\/dev.president-ksgov.net\/govor-predsednice-jahjaga-na-otvaranju-izlobe-slika-ena-korisnice-organizacije-medica-kosova\/"},"modified":"2023-03-08T09:03:09","modified_gmt":"2023-03-08T09:03:09","slug":"govor-predsednice-jahjaga-na-otvaranju-izlobe-slika-ena-korisnice-organizacije-medica-kosova","status":"publish","type":"post","link":"https:\/\/president-ksgov.net\/sr\/govor-predsednice-jahjaga-na-otvaranju-izlobe-slika-ena-korisnice-organizacije-medica-kosova\/","title":{"rendered":"Govor Predsednice Jahjaga na otvaranju Izlo&#158;be slika &#158;ena korisnice organizacije &#147;Medica Kosova&#147;"},"content":{"rendered":"<p>Otvaranje ove izlo&#382;be koja donosi neme pri\u010de pre&#382;ivelih mizernih zlo\u010dina, seksualnog nasilja tokom rata, ima za cilj prikazati bol i hrabrost i iznad svega njihov poziv upu\u0107en nama radi istovremenog upoznavanja patnji i prava na &#382;ivot.<\/p>\n<p>Po&#353;tovana Ministar \u010citaku,<br \/>\nPo&#353;tovani ambasadori prijateljskih zemalja u Republici Kosovo,<br \/>\nPo&#353;tovani komandant KFOR-a,<br \/>\nPosebno Vi drage prijateljice, sa kojima sam jako \u010desto razgovarala, posebno ovih zadnjih tri godine,<\/p>\n<p>Otvaranje ove izlo&#382;be koja donosi neme pri\u010de pre&#382;ivelih mizernih zlo\u010dina, seksualnog nasilja tokom rata, ima za cilj prikazati bol i hrabrost i iznad svega njihov poziv upu\u0107en nama radi istovremenog upoznavanja patnji i prava na &#382;ivot.<\/p>\n<p>Bolno je na&#353;e suo\u010davanje sa nemim patnjama ovoga mizernog rata, koji je za sobom ostavio, razorene &#382;ivote, slomljene du&#353;e, i neprekidni poziv za pravdu.<br \/>\nTokom 15 godina nismo uspeli razumeti bol ovih &#382;ena, ovih devojaka, da razumemo da na&#353;a &#353;utnja za njihove patnje je bila i jeste nepravda za njih i da priznanje njihove boli jeste ljudsko pravo.<\/p>\n<p>Onako kako jasno dokazuju jasno dokazuju, nema podele me\u0111u nas i njih, njihova bol je bol svakog od nas. S toga suo\u010davanje dru&#353;tva sa ovom te&#353;kom ratnom ranom, jeste na&#353;a obaveza za po&#353;tovanje njihovog ljudskog prava.<\/p>\n<p>Vi ste na&#353;le snagu unutar sebe radi prevazila&#382;enja ove nezamislive du&#353;evne boli, radi kretanja napred i radi izgradnje budu\u0107nosti va&#353;e dece.<br \/>\nPitanje za&#353;to ja jeste hrabrost i va&#353;a\u00a0 smelost &#382;ivota i jedan sna&#382;an poziv za pravdu.<\/p>\n<p>Svesni smo da va&#353;a du&#353;evna rana ne mo&#382;e ni\u010dim nadoknaditi, ali ja vam garantujem da \u0107u u\u010diniti sve &#353;to mogu da vi u&#382;ivate svako pravo koje vam zakonom i me\u0111unarodnim normama pripada, kao civilnim &#382;rtvama rata.<\/p>\n<p>I ovo je bio cilj i bio je poseban naglasak za osnivanje Nacionalnog Saveta za pre&#382;ivele\u00a0 seksualnog nasilja tokom rata.<\/p>\n<p>Po&#353;tovani u\u010desnici,<br \/>\nDrage prijateljice<\/p>\n<p>Danas u celome svetu se bele&#382;i me\u0111unarodni dan za podr&#353;ku &#382;rtvama torture, te s toga vas hrabrim da svi zajedno nalazimo snagu, da slu&#353;amo glas hrabrosti i nade da ove &#382;ene nas prate putem ovih umetni\u010dkih dela.<\/p>\n<p>I sa ovim porukama da njima ka&#382;emo da one nisu same. &#352;utnja je slomljena i mi \u0107emo se osigurati da njihov glas vi&#353;e ne zata&#353;ka. Mi ne mo&#382;emo menjati pro&#353;lost, ali \u0107emo raditi da budu\u0107nost ne bude predodre\u0111ena od ove pro&#353;losti.<\/p>\n<p>Kao &#353;to sam vi&#353;e puta rekla, po ovom pitanju nismo mi i one &#8211; jesmo mi i jesmo jedno.<br \/>\n&#381;elim vas pohvaliti i \u010destitati za ovu inicijativu i za ovaj posao. &#381;elim re\u010di da za ove tri godine zaredom ja sam \u010desto do&#353;la kod vas i videla do&#382;ivljaj svake &#382;ene putem ovih umetni\u010dkih dela. I one govore mnogo, za one koji &#382;ele da ih pro\u010ditaju.<\/p>\n<p>Zahvaljujem.<br \/>\n\u00a0<\/p>\n","protected":false},"excerpt":{"rendered":"<p>Otvaranje ove izlo&#382;be koja donosi neme pri\u010de pre&#382;ivelih mizernih zlo\u010dina, seksualnog nasilja tokom rata, ima za cilj prikazati bol i hrabrost i iznad svega njihov poziv upu\u0107en nama radi istovremenog upoznavanja patnji i prava na &#382;ivot.<\/p>\n","protected":false},"author":1,"featured_media":44503,"comment_status":"open","ping_status":"closed","sticky":false,"template":"","format":"standard","meta":{"_eb_attr":"","footnotes":""},"categories":[106],"tags":[],"class_list":["post-77790","post","type-post","status-publish","format-standard","has-post-thumbnail","hentry","category-govori"],"yoast_head":"<!-- This site is optimized with the Yoast SEO plugin v23.5 - https:\/\/yoast.com\/wordpress\/plugins\/seo\/ -->\n<title>Govor Predsednice Jahjaga na otvaranju Izlo&#158;be slika &#158;ena korisnice organizacije &#147;Medica Kosova&#147; - Predsednik Republike Kosovo - DR. VJOSA OSMANI - SADRIU<\/title>\n<meta name=\"description\" content=\"Govor Predsednice Jahjaga na otvaranju Izlo&#158;be slika &#158;ena korisnice organizacije &#147;Medica Kosova&#147; - Predsednik Republike Kosovo - DR. VJOSA OSMANI - SADRIU -\" \/>\n<meta name=\"robots\" content=\"index, follow, max-snippet:-1, max-image-preview:large, max-video-preview:-1\" \/>\n<link rel=\"canonical\" href=\"https:\/\/president-ksgov.net\/fjalimi-i-presidentes-jahjaga-ne-hapjen-e-ekspozites-se-pikturave-te-grave-perfituese-te-organizates-medica-kosova\/\" \/>\n<meta property=\"og:locale\" content=\"sr_RS\" \/>\n<meta property=\"og:type\" content=\"article\" \/>\n<meta property=\"og:title\" content=\"Govor Predsednice Jahjaga na otvaranju Izlo&#158;be slika &#158;ena korisnice organizacije &#147;Medica Kosova&#147; - Predsednik Republike Kosovo - DR. VJOSA OSMANI - SADRIU\" \/>\n<meta property=\"og:description\" content=\"Govor Predsednice Jahjaga na otvaranju Izlo&#158;be slika &#158;ena korisnice organizacije &#147;Medica Kosova&#147; - Predsednik Republike Kosovo - DR. VJOSA OSMANI - SADRIU -\" \/>\n<meta property=\"og:url\" content=\"https:\/\/president-ksgov.net\/fjalimi-i-presidentes-jahjaga-ne-hapjen-e-ekspozites-se-pikturave-te-grave-perfituese-te-organizates-medica-kosova\/\" \/>\n<meta property=\"og:site_name\" content=\"Predsednik Republike Kosovo - DR. VJOSA OSMANI - SADRIU\" \/>\n<meta property=\"article:published_time\" content=\"2014-06-26T17:31:29+00:00\" \/>\n<meta property=\"article:modified_time\" content=\"2023-03-08T09:03:09+00:00\" \/>\n<meta property=\"og:image\" content=\"https:\/\/president-ksgov.net\/wp-content\/uploads\/26_06_2014_7423831_000.jpg\" \/>\n\t<meta property=\"og:image:width\" content=\"1024\" \/>\n\t<meta property=\"og:image:height\" content=\"683\" \/>\n\t<meta property=\"og:image:type\" content=\"image\/jpeg\" \/>\n<meta name=\"author\" content=\"admin\" \/>\n<meta name=\"twitter:card\" content=\"summary_large_image\" \/>\n<meta name=\"twitter:label1\" content=\"\u041d\u0430\u043f\u0438\u0441\u0430\u043d\u043e \u043e\u0434\" \/>\n\t<meta name=\"twitter:data1\" content=\"admin\" \/>\n\t<meta name=\"twitter:label2\" content=\"\u041f\u0440\u043e\u0446\u0435\u045a\u0435\u043d\u043e \u0432\u0440\u0435\u043c\u0435 \u0447\u0438\u0442\u0430\u045a\u0430\" \/>\n\t<meta name=\"twitter:data2\" content=\"2 \u043c\u0438\u043d\u0443\u0442\u0430\" \/>\n<script type=\"application\/ld+json\" class=\"yoast-schema-graph\">{\"@context\":\"https:\/\/schema.org\",\"@graph\":[{\"@type\":\"WebPage\",\"@id\":\"https:\/\/president-ksgov.net\/fjalimi-i-presidentes-jahjaga-ne-hapjen-e-ekspozites-se-pikturave-te-grave-perfituese-te-organizates-medica-kosova\/\",\"url\":\"https:\/\/president-ksgov.net\/fjalimi-i-presidentes-jahjaga-ne-hapjen-e-ekspozites-se-pikturave-te-grave-perfituese-te-organizates-medica-kosova\/\",\"name\":\"Govor Predsednice Jahjaga na otvaranju Izlo&#158;be slika &#158;ena korisnice organizacije &#147;Medica Kosova&#147; - Predsednik Republike Kosovo - DR. VJOSA OSMANI - SADRIU\",\"isPartOf\":{\"@id\":\"https:\/\/president-ksgov.net\/#website\"},\"primaryImageOfPage\":{\"@id\":\"https:\/\/president-ksgov.net\/fjalimi-i-presidentes-jahjaga-ne-hapjen-e-ekspozites-se-pikturave-te-grave-perfituese-te-organizates-medica-kosova\/#primaryimage\"},\"image\":{\"@id\":\"https:\/\/president-ksgov.net\/fjalimi-i-presidentes-jahjaga-ne-hapjen-e-ekspozites-se-pikturave-te-grave-perfituese-te-organizates-medica-kosova\/#primaryimage\"},\"thumbnailUrl\":\"https:\/\/president-ksgov.net\/wp-content\/uploads\/26_06_2014_7423831_000.jpg\",\"datePublished\":\"2014-06-26T17:31:29+00:00\",\"dateModified\":\"2023-03-08T09:03:09+00:00\",\"author\":{\"@id\":\"https:\/\/president-ksgov.net\/#\/schema\/person\/bb4337a5fb147cb2046d80548172cbee\"},\"description\":\"Govor Predsednice Jahjaga na otvaranju Izlo&#158;be slika &#158;ena korisnice organizacije &#147;Medica Kosova&#147; - Predsednik Republike Kosovo - DR. VJOSA OSMANI - SADRIU -\",\"breadcrumb\":{\"@id\":\"https:\/\/president-ksgov.net\/fjalimi-i-presidentes-jahjaga-ne-hapjen-e-ekspozites-se-pikturave-te-grave-perfituese-te-organizates-medica-kosova\/#breadcrumb\"},\"inLanguage\":\"sr-RS\",\"potentialAction\":[{\"@type\":\"ReadAction\",\"target\":[\"https:\/\/president-ksgov.net\/fjalimi-i-presidentes-jahjaga-ne-hapjen-e-ekspozites-se-pikturave-te-grave-perfituese-te-organizates-medica-kosova\/\"]}]},{\"@type\":\"ImageObject\",\"inLanguage\":\"sr-RS\",\"@id\":\"https:\/\/president-ksgov.net\/fjalimi-i-presidentes-jahjaga-ne-hapjen-e-ekspozites-se-pikturave-te-grave-perfituese-te-organizates-medica-kosova\/#primaryimage\",\"url\":\"https:\/\/president-ksgov.net\/wp-content\/uploads\/26_06_2014_7423831_000.jpg\",\"contentUrl\":\"https:\/\/president-ksgov.net\/wp-content\/uploads\/26_06_2014_7423831_000.jpg\",\"width\":1024,\"height\":683},{\"@type\":\"BreadcrumbList\",\"@id\":\"https:\/\/president-ksgov.net\/fjalimi-i-presidentes-jahjaga-ne-hapjen-e-ekspozites-se-pikturave-te-grave-perfituese-te-organizates-medica-kosova\/#breadcrumb\",\"itemListElement\":[{\"@type\":\"ListItem\",\"position\":1,\"name\":\"Home\",\"item\":\"https:\/\/president-ksgov.net\/sr\/\"},{\"@type\":\"ListItem\",\"position\":2,\"name\":\"Govor Predsednice Jahjaga na otvaranju Izlo&#158;be slika &#158;ena korisnice organizacije &#147;Medica Kosova&#147;\"}]},{\"@type\":\"WebSite\",\"@id\":\"https:\/\/president-ksgov.net\/#website\",\"url\":\"https:\/\/president-ksgov.net\/\",\"name\":\"Presidente e Republik\u00ebs s\u00eb Kosov\u00ebs\",\"description\":\"Presidente e Republik\u00ebs s\u00eb Kosov\u00ebs\",\"alternateName\":\"DR. VJOSA OSMANI - SADRIU\",\"potentialAction\":[{\"@type\":\"SearchAction\",\"target\":{\"@type\":\"EntryPoint\",\"urlTemplate\":\"https:\/\/president-ksgov.net\/?s={search_term_string}\"},\"query-input\":{\"@type\":\"PropertyValueSpecification\",\"valueRequired\":true,\"valueName\":\"search_term_string\"}}],\"inLanguage\":\"sr-RS\"},{\"@type\":\"Person\",\"@id\":\"https:\/\/president-ksgov.net\/#\/schema\/person\/bb4337a5fb147cb2046d80548172cbee\",\"name\":\"admin\",\"image\":{\"@type\":\"ImageObject\",\"inLanguage\":\"sr-RS\",\"@id\":\"https:\/\/president-ksgov.net\/#\/schema\/person\/image\/\",\"url\":\"https:\/\/secure.gravatar.com\/avatar\/36156ca0fa3b8d9d25174f146e16beea0cf28f37adf1b9e19b6c9c279a7c9dd3?s=96&d=mm&r=g\",\"contentUrl\":\"https:\/\/secure.gravatar.com\/avatar\/36156ca0fa3b8d9d25174f146e16beea0cf28f37adf1b9e19b6c9c279a7c9dd3?s=96&d=mm&r=g\",\"caption\":\"admin\"},\"sameAs\":[\"https:\/\/president-ksgov.net\"]}]}<\/script>\n<!-- \/ Yoast SEO plugin. -->","yoast_head_json":{"title":"Govor Predsednice Jahjaga na otvaranju Izlo&#158;be slika &#158;ena korisnice organizacije &#147;Medica Kosova&#147; - Predsednik Republike Kosovo - DR. VJOSA OSMANI - SADRIU","description":"Govor Predsednice Jahjaga na otvaranju Izlo&#158;be slika &#158;ena korisnice organizacije &#147;Medica Kosova&#147; - Predsednik Republike Kosovo - DR. VJOSA OSMANI - SADRIU -","robots":{"index":"index","follow":"follow","max-snippet":"max-snippet:-1","max-image-preview":"max-image-preview:large","max-video-preview":"max-video-preview:-1"},"canonical":"https:\/\/president-ksgov.net\/fjalimi-i-presidentes-jahjaga-ne-hapjen-e-ekspozites-se-pikturave-te-grave-perfituese-te-organizates-medica-kosova\/","og_locale":"sr_RS","og_type":"article","og_title":"Govor Predsednice Jahjaga na otvaranju Izlo&#158;be slika &#158;ena korisnice organizacije &#147;Medica Kosova&#147; - Predsednik Republike Kosovo - DR. VJOSA OSMANI - SADRIU","og_description":"Govor Predsednice Jahjaga na otvaranju Izlo&#158;be slika &#158;ena korisnice organizacije &#147;Medica Kosova&#147; - Predsednik Republike Kosovo - DR. VJOSA OSMANI - SADRIU -","og_url":"https:\/\/president-ksgov.net\/fjalimi-i-presidentes-jahjaga-ne-hapjen-e-ekspozites-se-pikturave-te-grave-perfituese-te-organizates-medica-kosova\/","og_site_name":"Predsednik Republike Kosovo - DR. VJOSA OSMANI - SADRIU","article_published_time":"2014-06-26T17:31:29+00:00","article_modified_time":"2023-03-08T09:03:09+00:00","og_image":[{"width":1024,"height":683,"url":"https:\/\/president-ksgov.net\/wp-content\/uploads\/26_06_2014_7423831_000.jpg","type":"image\/jpeg"}],"author":"admin","twitter_card":"summary_large_image","twitter_misc":{"\u041d\u0430\u043f\u0438\u0441\u0430\u043d\u043e \u043e\u0434":"admin","\u041f\u0440\u043e\u0446\u0435\u045a\u0435\u043d\u043e \u0432\u0440\u0435\u043c\u0435 \u0447\u0438\u0442\u0430\u045a\u0430":"2 \u043c\u0438\u043d\u0443\u0442\u0430"},"schema":{"@context":"https:\/\/schema.org","@graph":[{"@type":"WebPage","@id":"https:\/\/president-ksgov.net\/fjalimi-i-presidentes-jahjaga-ne-hapjen-e-ekspozites-se-pikturave-te-grave-perfituese-te-organizates-medica-kosova\/","url":"https:\/\/president-ksgov.net\/fjalimi-i-presidentes-jahjaga-ne-hapjen-e-ekspozites-se-pikturave-te-grave-perfituese-te-organizates-medica-kosova\/","name":"Govor Predsednice Jahjaga na otvaranju Izlo&#158;be slika &#158;ena korisnice organizacije &#147;Medica Kosova&#147; - Predsednik Republike Kosovo - DR. VJOSA OSMANI - SADRIU","isPartOf":{"@id":"https:\/\/president-ksgov.net\/#website"},"primaryImageOfPage":{"@id":"https:\/\/president-ksgov.net\/fjalimi-i-presidentes-jahjaga-ne-hapjen-e-ekspozites-se-pikturave-te-grave-perfituese-te-organizates-medica-kosova\/#primaryimage"},"image":{"@id":"https:\/\/president-ksgov.net\/fjalimi-i-presidentes-jahjaga-ne-hapjen-e-ekspozites-se-pikturave-te-grave-perfituese-te-organizates-medica-kosova\/#primaryimage"},"thumbnailUrl":"https:\/\/president-ksgov.net\/wp-content\/uploads\/26_06_2014_7423831_000.jpg","datePublished":"2014-06-26T17:31:29+00:00","dateModified":"2023-03-08T09:03:09+00:00","author":{"@id":"https:\/\/president-ksgov.net\/#\/schema\/person\/bb4337a5fb147cb2046d80548172cbee"},"description":"Govor Predsednice Jahjaga na otvaranju Izlo&#158;be slika &#158;ena korisnice organizacije &#147;Medica Kosova&#147; - Predsednik Republike Kosovo - DR. VJOSA OSMANI - SADRIU -","breadcrumb":{"@id":"https:\/\/president-ksgov.net\/fjalimi-i-presidentes-jahjaga-ne-hapjen-e-ekspozites-se-pikturave-te-grave-perfituese-te-organizates-medica-kosova\/#breadcrumb"},"inLanguage":"sr-RS","potentialAction":[{"@type":"ReadAction","target":["https:\/\/president-ksgov.net\/fjalimi-i-presidentes-jahjaga-ne-hapjen-e-ekspozites-se-pikturave-te-grave-perfituese-te-organizates-medica-kosova\/"]}]},{"@type":"ImageObject","inLanguage":"sr-RS","@id":"https:\/\/president-ksgov.net\/fjalimi-i-presidentes-jahjaga-ne-hapjen-e-ekspozites-se-pikturave-te-grave-perfituese-te-organizates-medica-kosova\/#primaryimage","url":"https:\/\/president-ksgov.net\/wp-content\/uploads\/26_06_2014_7423831_000.jpg","contentUrl":"https:\/\/president-ksgov.net\/wp-content\/uploads\/26_06_2014_7423831_000.jpg","width":1024,"height":683},{"@type":"BreadcrumbList","@id":"https:\/\/president-ksgov.net\/fjalimi-i-presidentes-jahjaga-ne-hapjen-e-ekspozites-se-pikturave-te-grave-perfituese-te-organizates-medica-kosova\/#breadcrumb","itemListElement":[{"@type":"ListItem","position":1,"name":"Home","item":"https:\/\/president-ksgov.net\/sr\/"},{"@type":"ListItem","position":2,"name":"Govor Predsednice Jahjaga na otvaranju Izlo&#158;be slika &#158;ena korisnice organizacije &#147;Medica Kosova&#147;"}]},{"@type":"WebSite","@id":"https:\/\/president-ksgov.net\/#website","url":"https:\/\/president-ksgov.net\/","name":"Presidente e Republik\u00ebs s\u00eb Kosov\u00ebs","description":"Presidente e Republik\u00ebs s\u00eb Kosov\u00ebs","alternateName":"DR. VJOSA OSMANI - SADRIU","potentialAction":[{"@type":"SearchAction","target":{"@type":"EntryPoint","urlTemplate":"https:\/\/president-ksgov.net\/?s={search_term_string}"},"query-input":{"@type":"PropertyValueSpecification","valueRequired":true,"valueName":"search_term_string"}}],"inLanguage":"sr-RS"},{"@type":"Person","@id":"https:\/\/president-ksgov.net\/#\/schema\/person\/bb4337a5fb147cb2046d80548172cbee","name":"admin","image":{"@type":"ImageObject","inLanguage":"sr-RS","@id":"https:\/\/president-ksgov.net\/#\/schema\/person\/image\/","url":"https:\/\/secure.gravatar.com\/avatar\/36156ca0fa3b8d9d25174f146e16beea0cf28f37adf1b9e19b6c9c279a7c9dd3?s=96&d=mm&r=g","contentUrl":"https:\/\/secure.gravatar.com\/avatar\/36156ca0fa3b8d9d25174f146e16beea0cf28f37adf1b9e19b6c9c279a7c9dd3?s=96&d=mm&r=g","caption":"admin"},"sameAs":["https:\/\/president-ksgov.net"]}]}},"_links":{"self":[{"href":"https:\/\/president-ksgov.net\/sr\/wp-json\/wp\/v2\/posts\/77790","targetHints":{"allow":["GET"]}}],"collection":[{"href":"https:\/\/president-ksgov.net\/sr\/wp-json\/wp\/v2\/posts"}],"about":[{"href":"https:\/\/president-ksgov.net\/sr\/wp-json\/wp\/v2\/types\/post"}],"author":[{"embeddable":true,"href":"https:\/\/president-ksgov.net\/sr\/wp-json\/wp\/v2\/users\/1"}],"replies":[{"embeddable":true,"href":"https:\/\/president-ksgov.net\/sr\/wp-json\/wp\/v2\/comments?post=77790"}],"version-history":[{"count":1,"href":"https:\/\/president-ksgov.net\/sr\/wp-json\/wp\/v2\/posts\/77790\/revisions"}],"predecessor-version":[{"id":81670,"href":"https:\/\/president-ksgov.net\/sr\/wp-json\/wp\/v2\/posts\/77790\/revisions\/81670"}],"wp:featuredmedia":[{"embeddable":true,"href":"https:\/\/president-ksgov.net\/sr\/wp-json\/wp\/v2\/media\/44503"}],"wp:attachment":[{"href":"https:\/\/president-ksgov.net\/sr\/wp-json\/wp\/v2\/media?parent=77790"}],"wp:term":[{"taxonomy":"category","embeddable":true,"href":"https:\/\/president-ksgov.net\/sr\/wp-json\/wp\/v2\/categories?post=77790"},{"taxonomy":"post_tag","embeddable":true,"href":"https:\/\/president-ksgov.net\/sr\/wp-json\/wp\/v2\/tags?post=77790"}],"curies":[{"name":"wp","href":"https:\/\/api.w.org\/{rel}","templated":true}]}}