{"id":77786,"date":"2014-07-03T21:37:38","date_gmt":"2014-07-03T21:37:38","guid":{"rendered":"https:\/\/dev.president-ksgov.net\/predsednica-atifete-jahjaga-prisustvovala-doceku-povodom-godinjice-nezavisnosti-sad-e\/"},"modified":"2014-07-03T21:37:38","modified_gmt":"2014-07-03T21:37:38","slug":"predsednica-atifete-jahjaga-prisustvovala-doceku-povodom-godinjice-nezavisnosti-sad-e","status":"publish","type":"post","link":"https:\/\/president-ksgov.net\/sr\/predsednica-atifete-jahjaga-prisustvovala-doceku-povodom-godinjice-nezavisnosti-sad-e\/","title":{"rendered":"Predsednica Atifete Jahjaga prisustvovala do\u010deku povodom godi&#154;njice nezavisnosti SAD-e"},"content":{"rendered":"<p>Predsednica Republike Kosovo, gospo\u0111a Atifete Jahjaga danas je prisustvovala do\u010deku organizovanog od Ambasade SAD-e u Pri&#353;tini, povodom godi&#353;njice nezavisnosti Sjedinjenih Ameri\u010dkih Dr&#382;ava.<\/p>\n<p>Pozdravljajuci Ambasadora SAD-e u Kosovo,\u00a0 g. Tracey Ann Jacobson i prisutne, visoke medunarodne i domace zvanicnike, Predsednica Jahjaga je rekla:<\/p>\n<p>Draga ambasador Jacobsson,<br \/>\n\u00a0<br \/>\nU ime gradana Republike Kosovo, institucija zemlje i u moje licno ime, cestitam Vama i americkom narodu Dan Nezavisnosti.<\/p>\n<p>&#381;elim da svi zajedno di&#382;emo zdravicu da cestitamo Sjedinjenim Americkim Dr&#382;avama Dan Nezavisnosti, i da bele&#382;imo i slavimo vecno prijateljstvo i partnerstvo izmedu naroda Kosova i naroda Amerike. Ujedinjeni u na&#353;em zajednickom cilju za slobodu, ravnopravnost i demokratiju.<\/p>\n<p>Draga Ambasador, od srca Vam zahvaljujem i do&#382;ivotno Vam zahvaljujem za Va&#353;u pomoc, da mi danas &#382;ivimo u miru. I ovo ima jedno posebno znacenje za narod Kosova i za sve gradane Republike Kosovo,<br \/>\nZahvaljujemo Vam za stalno poverenje u na&#353;u viziju izgradnje jedne dr&#382;ave i da uspostavimo jednu demokratiju i jednu na&#353;u daljnju viziju kojoj mi iz dana u dan dajemo oblik i koju sve vi&#353;e i vi&#353;e pojacamo.\u00a0 <\/p>\n<p>Cestitam ambasadore!<br \/>\n\u00a0<\/p>\n","protected":false},"excerpt":{"rendered":"<p>Predsednica Republike Kosovo, gospo\u0111a Atifete Jahjaga danas je prisustvovala do\u010deku organizovanog od Ambasade SAD-e u Pri&#353;tini, povodom godi&#353;njice nezavisnosti Sjedinjenih Ameri\u010dkih Dr&#382;ava.<\/p>\n","protected":false},"author":1,"featured_media":44475,"comment_status":"open","ping_status":"closed","sticky":false,"template":"","format":"standard","meta":{"_eb_attr":"","footnotes":""},"categories":[101],"tags":[],"class_list":["post-77786","post","type-post","status-publish","format-standard","has-post-thumbnail","hentry","category-vesti"],"yoast_head":"<!-- This site is optimized with the Yoast SEO plugin v23.5 - https:\/\/yoast.com\/wordpress\/plugins\/seo\/ -->\n<title>Predsednica Atifete Jahjaga prisustvovala do\u010deku povodom godi&#154;njice nezavisnosti SAD-e - Predsednik Republike Kosovo - DR. VJOSA OSMANI - SADRIU<\/title>\n<meta name=\"description\" content=\"Predsednica Atifete Jahjaga prisustvovala do\u010deku povodom godi&#154;njice nezavisnosti SAD-e - Predsednik Republike Kosovo - DR. VJOSA OSMANI - SADRIU -\" \/>\n<meta name=\"robots\" content=\"index, follow, max-snippet:-1, max-image-preview:large, max-video-preview:-1\" \/>\n<link rel=\"canonical\" href=\"https:\/\/president-ksgov.net\/presidentja-atifete-jahjaga-mori-pjese-ne-pritjen-me-rastin-e-pervjetorit-te-pavaresise-se-shba-se\/\" \/>\n<meta property=\"og:locale\" content=\"sr_RS\" \/>\n<meta property=\"og:type\" content=\"article\" \/>\n<meta property=\"og:title\" content=\"Predsednica Atifete Jahjaga prisustvovala do\u010deku povodom godi&#154;njice nezavisnosti SAD-e - Predsednik Republike Kosovo - DR. VJOSA OSMANI - SADRIU\" \/>\n<meta property=\"og:description\" content=\"Predsednica Atifete Jahjaga prisustvovala do\u010deku povodom godi&#154;njice nezavisnosti SAD-e - Predsednik Republike Kosovo - DR. VJOSA OSMANI - SADRIU -\" \/>\n<meta property=\"og:url\" content=\"https:\/\/president-ksgov.net\/presidentja-atifete-jahjaga-mori-pjese-ne-pritjen-me-rastin-e-pervjetorit-te-pavaresise-se-shba-se\/\" \/>\n<meta property=\"og:site_name\" content=\"Predsednik Republike Kosovo - DR. VJOSA OSMANI - SADRIU\" \/>\n<meta property=\"article:published_time\" content=\"2014-07-03T21:37:38+00:00\" \/>\n<meta property=\"og:image\" content=\"https:\/\/president-ksgov.net\/wp-content\/uploads\/03_07_2014_8511478_03_07__0_.jpg\" \/>\n\t<meta property=\"og:image:width\" content=\"1024\" \/>\n\t<meta property=\"og:image:height\" content=\"683\" \/>\n\t<meta property=\"og:image:type\" content=\"image\/jpeg\" \/>\n<meta name=\"author\" content=\"admin\" \/>\n<meta name=\"twitter:card\" content=\"summary_large_image\" \/>\n<meta name=\"twitter:label1\" content=\"\u041d\u0430\u043f\u0438\u0441\u0430\u043d\u043e \u043e\u0434\" \/>\n\t<meta name=\"twitter:data1\" content=\"admin\" \/>\n\t<meta name=\"twitter:label2\" content=\"\u041f\u0440\u043e\u0446\u0435\u045a\u0435\u043d\u043e \u0432\u0440\u0435\u043c\u0435 \u0447\u0438\u0442\u0430\u045a\u0430\" \/>\n\t<meta name=\"twitter:data2\" content=\"1 \u043c\u0438\u043d\u0443\u0442\" \/>\n<script type=\"application\/ld+json\" class=\"yoast-schema-graph\">{\"@context\":\"https:\/\/schema.org\",\"@graph\":[{\"@type\":\"WebPage\",\"@id\":\"https:\/\/president-ksgov.net\/presidentja-atifete-jahjaga-mori-pjese-ne-pritjen-me-rastin-e-pervjetorit-te-pavaresise-se-shba-se\/\",\"url\":\"https:\/\/president-ksgov.net\/presidentja-atifete-jahjaga-mori-pjese-ne-pritjen-me-rastin-e-pervjetorit-te-pavaresise-se-shba-se\/\",\"name\":\"Predsednica Atifete Jahjaga prisustvovala do\u010deku povodom godi&#154;njice nezavisnosti SAD-e - Predsednik Republike Kosovo - DR. VJOSA OSMANI - SADRIU\",\"isPartOf\":{\"@id\":\"https:\/\/president-ksgov.net\/#website\"},\"primaryImageOfPage\":{\"@id\":\"https:\/\/president-ksgov.net\/presidentja-atifete-jahjaga-mori-pjese-ne-pritjen-me-rastin-e-pervjetorit-te-pavaresise-se-shba-se\/#primaryimage\"},\"image\":{\"@id\":\"https:\/\/president-ksgov.net\/presidentja-atifete-jahjaga-mori-pjese-ne-pritjen-me-rastin-e-pervjetorit-te-pavaresise-se-shba-se\/#primaryimage\"},\"thumbnailUrl\":\"https:\/\/president-ksgov.net\/wp-content\/uploads\/03_07_2014_8511478_03_07__0_.jpg\",\"datePublished\":\"2014-07-03T21:37:38+00:00\",\"dateModified\":\"2014-07-03T21:37:38+00:00\",\"author\":{\"@id\":\"https:\/\/president-ksgov.net\/#\/schema\/person\/bb4337a5fb147cb2046d80548172cbee\"},\"description\":\"Predsednica Atifete Jahjaga prisustvovala do\u010deku povodom godi&#154;njice nezavisnosti SAD-e - Predsednik Republike Kosovo - DR. VJOSA OSMANI - SADRIU -\",\"breadcrumb\":{\"@id\":\"https:\/\/president-ksgov.net\/presidentja-atifete-jahjaga-mori-pjese-ne-pritjen-me-rastin-e-pervjetorit-te-pavaresise-se-shba-se\/#breadcrumb\"},\"inLanguage\":\"sr-RS\",\"potentialAction\":[{\"@type\":\"ReadAction\",\"target\":[\"https:\/\/president-ksgov.net\/presidentja-atifete-jahjaga-mori-pjese-ne-pritjen-me-rastin-e-pervjetorit-te-pavaresise-se-shba-se\/\"]}]},{\"@type\":\"ImageObject\",\"inLanguage\":\"sr-RS\",\"@id\":\"https:\/\/president-ksgov.net\/presidentja-atifete-jahjaga-mori-pjese-ne-pritjen-me-rastin-e-pervjetorit-te-pavaresise-se-shba-se\/#primaryimage\",\"url\":\"https:\/\/president-ksgov.net\/wp-content\/uploads\/03_07_2014_8511478_03_07__0_.jpg\",\"contentUrl\":\"https:\/\/president-ksgov.net\/wp-content\/uploads\/03_07_2014_8511478_03_07__0_.jpg\",\"width\":1024,\"height\":683},{\"@type\":\"BreadcrumbList\",\"@id\":\"https:\/\/president-ksgov.net\/presidentja-atifete-jahjaga-mori-pjese-ne-pritjen-me-rastin-e-pervjetorit-te-pavaresise-se-shba-se\/#breadcrumb\",\"itemListElement\":[{\"@type\":\"ListItem\",\"position\":1,\"name\":\"Home\",\"item\":\"https:\/\/president-ksgov.net\/sr\/\"},{\"@type\":\"ListItem\",\"position\":2,\"name\":\"Predsednica Atifete Jahjaga prisustvovala do\u010deku povodom godi&#154;njice nezavisnosti SAD-e\"}]},{\"@type\":\"WebSite\",\"@id\":\"https:\/\/president-ksgov.net\/#website\",\"url\":\"https:\/\/president-ksgov.net\/\",\"name\":\"Presidente e Republik\u00ebs s\u00eb Kosov\u00ebs\",\"description\":\"Presidente e Republik\u00ebs s\u00eb Kosov\u00ebs\",\"alternateName\":\"DR. VJOSA OSMANI - SADRIU\",\"potentialAction\":[{\"@type\":\"SearchAction\",\"target\":{\"@type\":\"EntryPoint\",\"urlTemplate\":\"https:\/\/president-ksgov.net\/?s={search_term_string}\"},\"query-input\":{\"@type\":\"PropertyValueSpecification\",\"valueRequired\":true,\"valueName\":\"search_term_string\"}}],\"inLanguage\":\"sr-RS\"},{\"@type\":\"Person\",\"@id\":\"https:\/\/president-ksgov.net\/#\/schema\/person\/bb4337a5fb147cb2046d80548172cbee\",\"name\":\"admin\",\"image\":{\"@type\":\"ImageObject\",\"inLanguage\":\"sr-RS\",\"@id\":\"https:\/\/president-ksgov.net\/#\/schema\/person\/image\/\",\"url\":\"https:\/\/secure.gravatar.com\/avatar\/36156ca0fa3b8d9d25174f146e16beea0cf28f37adf1b9e19b6c9c279a7c9dd3?s=96&d=mm&r=g\",\"contentUrl\":\"https:\/\/secure.gravatar.com\/avatar\/36156ca0fa3b8d9d25174f146e16beea0cf28f37adf1b9e19b6c9c279a7c9dd3?s=96&d=mm&r=g\",\"caption\":\"admin\"},\"sameAs\":[\"https:\/\/president-ksgov.net\"]}]}<\/script>\n<!-- \/ Yoast SEO plugin. -->","yoast_head_json":{"title":"Predsednica Atifete Jahjaga prisustvovala do\u010deku povodom godi&#154;njice nezavisnosti SAD-e - Predsednik Republike Kosovo - DR. VJOSA OSMANI - SADRIU","description":"Predsednica Atifete Jahjaga prisustvovala do\u010deku povodom godi&#154;njice nezavisnosti SAD-e - Predsednik Republike Kosovo - DR. VJOSA OSMANI - SADRIU -","robots":{"index":"index","follow":"follow","max-snippet":"max-snippet:-1","max-image-preview":"max-image-preview:large","max-video-preview":"max-video-preview:-1"},"canonical":"https:\/\/president-ksgov.net\/presidentja-atifete-jahjaga-mori-pjese-ne-pritjen-me-rastin-e-pervjetorit-te-pavaresise-se-shba-se\/","og_locale":"sr_RS","og_type":"article","og_title":"Predsednica Atifete Jahjaga prisustvovala do\u010deku povodom godi&#154;njice nezavisnosti SAD-e - Predsednik Republike Kosovo - DR. VJOSA OSMANI - SADRIU","og_description":"Predsednica Atifete Jahjaga prisustvovala do\u010deku povodom godi&#154;njice nezavisnosti SAD-e - Predsednik Republike Kosovo - DR. VJOSA OSMANI - SADRIU -","og_url":"https:\/\/president-ksgov.net\/presidentja-atifete-jahjaga-mori-pjese-ne-pritjen-me-rastin-e-pervjetorit-te-pavaresise-se-shba-se\/","og_site_name":"Predsednik Republike Kosovo - DR. VJOSA OSMANI - SADRIU","article_published_time":"2014-07-03T21:37:38+00:00","og_image":[{"width":1024,"height":683,"url":"https:\/\/president-ksgov.net\/wp-content\/uploads\/03_07_2014_8511478_03_07__0_.jpg","type":"image\/jpeg"}],"author":"admin","twitter_card":"summary_large_image","twitter_misc":{"\u041d\u0430\u043f\u0438\u0441\u0430\u043d\u043e \u043e\u0434":"admin","\u041f\u0440\u043e\u0446\u0435\u045a\u0435\u043d\u043e \u0432\u0440\u0435\u043c\u0435 \u0447\u0438\u0442\u0430\u045a\u0430":"1 \u043c\u0438\u043d\u0443\u0442"},"schema":{"@context":"https:\/\/schema.org","@graph":[{"@type":"WebPage","@id":"https:\/\/president-ksgov.net\/presidentja-atifete-jahjaga-mori-pjese-ne-pritjen-me-rastin-e-pervjetorit-te-pavaresise-se-shba-se\/","url":"https:\/\/president-ksgov.net\/presidentja-atifete-jahjaga-mori-pjese-ne-pritjen-me-rastin-e-pervjetorit-te-pavaresise-se-shba-se\/","name":"Predsednica Atifete Jahjaga prisustvovala do\u010deku povodom godi&#154;njice nezavisnosti SAD-e - Predsednik Republike Kosovo - DR. VJOSA OSMANI - SADRIU","isPartOf":{"@id":"https:\/\/president-ksgov.net\/#website"},"primaryImageOfPage":{"@id":"https:\/\/president-ksgov.net\/presidentja-atifete-jahjaga-mori-pjese-ne-pritjen-me-rastin-e-pervjetorit-te-pavaresise-se-shba-se\/#primaryimage"},"image":{"@id":"https:\/\/president-ksgov.net\/presidentja-atifete-jahjaga-mori-pjese-ne-pritjen-me-rastin-e-pervjetorit-te-pavaresise-se-shba-se\/#primaryimage"},"thumbnailUrl":"https:\/\/president-ksgov.net\/wp-content\/uploads\/03_07_2014_8511478_03_07__0_.jpg","datePublished":"2014-07-03T21:37:38+00:00","dateModified":"2014-07-03T21:37:38+00:00","author":{"@id":"https:\/\/president-ksgov.net\/#\/schema\/person\/bb4337a5fb147cb2046d80548172cbee"},"description":"Predsednica Atifete Jahjaga prisustvovala do\u010deku povodom godi&#154;njice nezavisnosti SAD-e - Predsednik Republike Kosovo - DR. VJOSA OSMANI - SADRIU -","breadcrumb":{"@id":"https:\/\/president-ksgov.net\/presidentja-atifete-jahjaga-mori-pjese-ne-pritjen-me-rastin-e-pervjetorit-te-pavaresise-se-shba-se\/#breadcrumb"},"inLanguage":"sr-RS","potentialAction":[{"@type":"ReadAction","target":["https:\/\/president-ksgov.net\/presidentja-atifete-jahjaga-mori-pjese-ne-pritjen-me-rastin-e-pervjetorit-te-pavaresise-se-shba-se\/"]}]},{"@type":"ImageObject","inLanguage":"sr-RS","@id":"https:\/\/president-ksgov.net\/presidentja-atifete-jahjaga-mori-pjese-ne-pritjen-me-rastin-e-pervjetorit-te-pavaresise-se-shba-se\/#primaryimage","url":"https:\/\/president-ksgov.net\/wp-content\/uploads\/03_07_2014_8511478_03_07__0_.jpg","contentUrl":"https:\/\/president-ksgov.net\/wp-content\/uploads\/03_07_2014_8511478_03_07__0_.jpg","width":1024,"height":683},{"@type":"BreadcrumbList","@id":"https:\/\/president-ksgov.net\/presidentja-atifete-jahjaga-mori-pjese-ne-pritjen-me-rastin-e-pervjetorit-te-pavaresise-se-shba-se\/#breadcrumb","itemListElement":[{"@type":"ListItem","position":1,"name":"Home","item":"https:\/\/president-ksgov.net\/sr\/"},{"@type":"ListItem","position":2,"name":"Predsednica Atifete Jahjaga prisustvovala do\u010deku povodom godi&#154;njice nezavisnosti SAD-e"}]},{"@type":"WebSite","@id":"https:\/\/president-ksgov.net\/#website","url":"https:\/\/president-ksgov.net\/","name":"Presidente e Republik\u00ebs s\u00eb Kosov\u00ebs","description":"Presidente e Republik\u00ebs s\u00eb Kosov\u00ebs","alternateName":"DR. VJOSA OSMANI - SADRIU","potentialAction":[{"@type":"SearchAction","target":{"@type":"EntryPoint","urlTemplate":"https:\/\/president-ksgov.net\/?s={search_term_string}"},"query-input":{"@type":"PropertyValueSpecification","valueRequired":true,"valueName":"search_term_string"}}],"inLanguage":"sr-RS"},{"@type":"Person","@id":"https:\/\/president-ksgov.net\/#\/schema\/person\/bb4337a5fb147cb2046d80548172cbee","name":"admin","image":{"@type":"ImageObject","inLanguage":"sr-RS","@id":"https:\/\/president-ksgov.net\/#\/schema\/person\/image\/","url":"https:\/\/secure.gravatar.com\/avatar\/36156ca0fa3b8d9d25174f146e16beea0cf28f37adf1b9e19b6c9c279a7c9dd3?s=96&d=mm&r=g","contentUrl":"https:\/\/secure.gravatar.com\/avatar\/36156ca0fa3b8d9d25174f146e16beea0cf28f37adf1b9e19b6c9c279a7c9dd3?s=96&d=mm&r=g","caption":"admin"},"sameAs":["https:\/\/president-ksgov.net"]}]}},"_links":{"self":[{"href":"https:\/\/president-ksgov.net\/sr\/wp-json\/wp\/v2\/posts\/77786","targetHints":{"allow":["GET"]}}],"collection":[{"href":"https:\/\/president-ksgov.net\/sr\/wp-json\/wp\/v2\/posts"}],"about":[{"href":"https:\/\/president-ksgov.net\/sr\/wp-json\/wp\/v2\/types\/post"}],"author":[{"embeddable":true,"href":"https:\/\/president-ksgov.net\/sr\/wp-json\/wp\/v2\/users\/1"}],"replies":[{"embeddable":true,"href":"https:\/\/president-ksgov.net\/sr\/wp-json\/wp\/v2\/comments?post=77786"}],"version-history":[{"count":0,"href":"https:\/\/president-ksgov.net\/sr\/wp-json\/wp\/v2\/posts\/77786\/revisions"}],"wp:featuredmedia":[{"embeddable":true,"href":"https:\/\/president-ksgov.net\/sr\/wp-json\/wp\/v2\/media\/44475"}],"wp:attachment":[{"href":"https:\/\/president-ksgov.net\/sr\/wp-json\/wp\/v2\/media?parent=77786"}],"wp:term":[{"taxonomy":"category","embeddable":true,"href":"https:\/\/president-ksgov.net\/sr\/wp-json\/wp\/v2\/categories?post=77786"},{"taxonomy":"post_tag","embeddable":true,"href":"https:\/\/president-ksgov.net\/sr\/wp-json\/wp\/v2\/tags?post=77786"}],"curies":[{"name":"wp","href":"https:\/\/api.w.org\/{rel}","templated":true}]}}