{"id":77784,"date":"2014-07-07T14:31:44","date_gmt":"2014-07-07T14:31:44","guid":{"rendered":"https:\/\/dev.president-ksgov.net\/predsednica-atifete-jahjaga-docekala-politickog-direktora-ministarstva-inostranih-poslova-austrije-jan-kickert\/"},"modified":"2014-07-07T14:31:44","modified_gmt":"2014-07-07T14:31:44","slug":"predsednica-atifete-jahjaga-docekala-politickog-direktora-ministarstva-inostranih-poslova-austrije-jan-kickert","status":"publish","type":"post","link":"https:\/\/president-ksgov.net\/sr\/predsednica-atifete-jahjaga-docekala-politickog-direktora-ministarstva-inostranih-poslova-austrije-jan-kickert\/","title":{"rendered":"Predsednica Atifete Jahjaga do\u010dekala politi\u010dkog direktora Ministarstva Inostranih Poslova Austrije, Jan Kickert"},"content":{"rendered":"<p>Predsednica Republike Kosovo, gospo\u0111a Atifete Jahjaga, danas je do\u010dekala na sastanku politi\u010dkog direktora za Evropska i Me\u0111unarodna Pitanja pri Ministarstvu Inostranih Poslova Austrije, gospodina Jan Kickert, sa kojim je razgovarala o aktualnim politi\u010dkim zbivanjima u zemlji.<\/p>\n<p>Predsednica Jahjaga i gospodin Kickert su razgovarali o demokratskim procesima kroz koje prolazi Kosovo, pribli&#382;avanju zemlje EZ-e, nakon zavr&#353;etka Pregovora za Sporazum o Stabilizaciji i Asociranju, o va&#382;nim izbornim procesima, koji su ostvareni na Kosovu, kako oni op&#353;tinski tako i oni op&#353;ti izbori za Skup&#353;tinu Kosova, koji su okvalifikovani kao pravedni, demokratski i slobodni. Ona je rekla da proces op&#353;tih prevremenih izbora u zemlji je uspe&#353;no okoncan i otvoren je put uspostavljanju novih institucija Kosova.<\/p>\n<p>Predsednica Jahjaga je istakla da Kosovo ostvarila znacajni napredak posebno na putu evropskih integracija i ocenila va&#382;nost inicijalizacije, tokom ovog meseca, SSA izmedu Republike Kosovo i EZ-e, i otvaranja mogucnosti gradanima Kosova za slobodno kretanje u zemljama EZ-e, putem procesa liberalizacije viza.<\/p>\n<p>Predsednica Jahjaga je rekla da je Kosovo faktor mira i stabilnosti u regionu i promoter dobrosusedstva, i to je dokazala i u procesu dijaloga za normalizaciju odnosa i sa Republikom Srbijom. Ona je rekla da svi postignuti sporazumi u dijalogu treba da sa sprovode u praksu &#353;to bi pomoglo i slobodno kretanje gradana u svakom delu Kosova bez barikada.<\/p>\n<p>Politicki direktor u Inostrano Ministarstvo Republike Slovenije, gospodin Jan Kickert, je istakao napredak Kosova u evropskoj agendi i njeno uce&#353;ce i u regionalnim inicijativama. On je rekao da put evropskih integracija za sve zemlje Zapadnog Balkana je otvoren i istakao va&#382;nost nastavljanja dijaloga za normalizaciju odnosa izmedu Kosova i Srbije.<\/p>\n","protected":false},"excerpt":{"rendered":"<p>Predsednica Republike Kosovo, gospo\u0111a Atifete Jahjaga, danas je do\u010dekala na sastanku politi\u010dkog direktora za Evropska i Me\u0111unarodna Pitanja pri Ministarstvu Inostranih Poslova Austrije, gospodina Jan Kickert, sa kojim je razgovarala o aktualnim politi\u010dkim zbivanjima u zemlji.<\/p>\n","protected":false},"author":1,"featured_media":44470,"comment_status":"open","ping_status":"closed","sticky":false,"template":"","format":"standard","meta":{"_eb_attr":"","footnotes":""},"categories":[101],"tags":[],"class_list":["post-77784","post","type-post","status-publish","format-standard","has-post-thumbnail","hentry","category-vesti"],"yoast_head":"<!-- This site is optimized with the Yoast SEO plugin v23.5 - https:\/\/yoast.com\/wordpress\/plugins\/seo\/ -->\n<title>Predsednica Atifete Jahjaga do\u010dekala politi\u010dkog direktora Ministarstva Inostranih Poslova Austrije, Jan Kickert - Predsednik Republike Kosovo - DR. VJOSA OSMANI - SADRIU<\/title>\n<meta name=\"description\" content=\"Predsednica Atifete Jahjaga do\u010dekala politi\u010dkog direktora Ministarstva Inostranih Poslova Austrije, Jan Kickert - Predsednik Republike Kosovo - DR. VJOSA OSMANI - SADRIU -\" \/>\n<meta name=\"robots\" content=\"index, follow, max-snippet:-1, max-image-preview:large, max-video-preview:-1\" \/>\n<link rel=\"canonical\" href=\"https:\/\/president-ksgov.net\/presidentja-atifete-jahjaga-priti-drejtorin-politik-ne-ministrine-e-puneve-te-jashtme-te-austrise-jan-kickert\/\" \/>\n<meta property=\"og:locale\" content=\"sr_RS\" \/>\n<meta property=\"og:type\" content=\"article\" \/>\n<meta property=\"og:title\" content=\"Predsednica Atifete Jahjaga do\u010dekala politi\u010dkog direktora Ministarstva Inostranih Poslova Austrije, Jan Kickert - Predsednik Republike Kosovo - DR. VJOSA OSMANI - SADRIU\" \/>\n<meta property=\"og:description\" content=\"Predsednica Atifete Jahjaga do\u010dekala politi\u010dkog direktora Ministarstva Inostranih Poslova Austrije, Jan Kickert - Predsednik Republike Kosovo - DR. VJOSA OSMANI - SADRIU -\" \/>\n<meta property=\"og:url\" content=\"https:\/\/president-ksgov.net\/presidentja-atifete-jahjaga-priti-drejtorin-politik-ne-ministrine-e-puneve-te-jashtme-te-austrise-jan-kickert\/\" \/>\n<meta property=\"og:site_name\" content=\"Predsednik Republike Kosovo - DR. VJOSA OSMANI - SADRIU\" \/>\n<meta property=\"article:published_time\" content=\"2014-07-07T14:31:44+00:00\" \/>\n<meta property=\"og:image\" content=\"https:\/\/president-ksgov.net\/wp-content\/uploads\/07_07_2014_3217872_Presidentja_Atifete_Jahjaga_priti_drejtorin_politik_ne_Ministrine_e_Puneve_te_Jashtme_te_Austrise__Jan_Kickert.jpg\" \/>\n\t<meta property=\"og:image:width\" content=\"1024\" \/>\n\t<meta property=\"og:image:height\" content=\"749\" \/>\n\t<meta property=\"og:image:type\" content=\"image\/jpeg\" \/>\n<meta name=\"author\" content=\"admin\" \/>\n<meta name=\"twitter:card\" content=\"summary_large_image\" \/>\n<meta name=\"twitter:label1\" content=\"\u041d\u0430\u043f\u0438\u0441\u0430\u043d\u043e \u043e\u0434\" \/>\n\t<meta name=\"twitter:data1\" content=\"admin\" \/>\n\t<meta name=\"twitter:label2\" content=\"\u041f\u0440\u043e\u0446\u0435\u045a\u0435\u043d\u043e \u0432\u0440\u0435\u043c\u0435 \u0447\u0438\u0442\u0430\u045a\u0430\" \/>\n\t<meta name=\"twitter:data2\" content=\"1 \u043c\u0438\u043d\u0443\u0442\" \/>\n<script type=\"application\/ld+json\" class=\"yoast-schema-graph\">{\"@context\":\"https:\/\/schema.org\",\"@graph\":[{\"@type\":\"WebPage\",\"@id\":\"https:\/\/president-ksgov.net\/presidentja-atifete-jahjaga-priti-drejtorin-politik-ne-ministrine-e-puneve-te-jashtme-te-austrise-jan-kickert\/\",\"url\":\"https:\/\/president-ksgov.net\/presidentja-atifete-jahjaga-priti-drejtorin-politik-ne-ministrine-e-puneve-te-jashtme-te-austrise-jan-kickert\/\",\"name\":\"Predsednica Atifete Jahjaga do\u010dekala politi\u010dkog direktora Ministarstva Inostranih Poslova Austrije, Jan Kickert - Predsednik Republike Kosovo - DR. VJOSA OSMANI - SADRIU\",\"isPartOf\":{\"@id\":\"https:\/\/president-ksgov.net\/#website\"},\"primaryImageOfPage\":{\"@id\":\"https:\/\/president-ksgov.net\/presidentja-atifete-jahjaga-priti-drejtorin-politik-ne-ministrine-e-puneve-te-jashtme-te-austrise-jan-kickert\/#primaryimage\"},\"image\":{\"@id\":\"https:\/\/president-ksgov.net\/presidentja-atifete-jahjaga-priti-drejtorin-politik-ne-ministrine-e-puneve-te-jashtme-te-austrise-jan-kickert\/#primaryimage\"},\"thumbnailUrl\":\"https:\/\/president-ksgov.net\/wp-content\/uploads\/07_07_2014_3217872_Presidentja_Atifete_Jahjaga_priti_drejtorin_politik_ne_Ministrine_e_Puneve_te_Jashtme_te_Austrise__Jan_Kickert.jpg\",\"datePublished\":\"2014-07-07T14:31:44+00:00\",\"dateModified\":\"2014-07-07T14:31:44+00:00\",\"author\":{\"@id\":\"https:\/\/president-ksgov.net\/#\/schema\/person\/bb4337a5fb147cb2046d80548172cbee\"},\"description\":\"Predsednica Atifete Jahjaga do\u010dekala politi\u010dkog direktora Ministarstva Inostranih Poslova Austrije, Jan Kickert - Predsednik Republike Kosovo - DR. VJOSA OSMANI - SADRIU -\",\"breadcrumb\":{\"@id\":\"https:\/\/president-ksgov.net\/presidentja-atifete-jahjaga-priti-drejtorin-politik-ne-ministrine-e-puneve-te-jashtme-te-austrise-jan-kickert\/#breadcrumb\"},\"inLanguage\":\"sr-RS\",\"potentialAction\":[{\"@type\":\"ReadAction\",\"target\":[\"https:\/\/president-ksgov.net\/presidentja-atifete-jahjaga-priti-drejtorin-politik-ne-ministrine-e-puneve-te-jashtme-te-austrise-jan-kickert\/\"]}]},{\"@type\":\"ImageObject\",\"inLanguage\":\"sr-RS\",\"@id\":\"https:\/\/president-ksgov.net\/presidentja-atifete-jahjaga-priti-drejtorin-politik-ne-ministrine-e-puneve-te-jashtme-te-austrise-jan-kickert\/#primaryimage\",\"url\":\"https:\/\/president-ksgov.net\/wp-content\/uploads\/07_07_2014_3217872_Presidentja_Atifete_Jahjaga_priti_drejtorin_politik_ne_Ministrine_e_Puneve_te_Jashtme_te_Austrise__Jan_Kickert.jpg\",\"contentUrl\":\"https:\/\/president-ksgov.net\/wp-content\/uploads\/07_07_2014_3217872_Presidentja_Atifete_Jahjaga_priti_drejtorin_politik_ne_Ministrine_e_Puneve_te_Jashtme_te_Austrise__Jan_Kickert.jpg\",\"width\":1024,\"height\":749},{\"@type\":\"BreadcrumbList\",\"@id\":\"https:\/\/president-ksgov.net\/presidentja-atifete-jahjaga-priti-drejtorin-politik-ne-ministrine-e-puneve-te-jashtme-te-austrise-jan-kickert\/#breadcrumb\",\"itemListElement\":[{\"@type\":\"ListItem\",\"position\":1,\"name\":\"Home\",\"item\":\"https:\/\/president-ksgov.net\/sr\/\"},{\"@type\":\"ListItem\",\"position\":2,\"name\":\"Predsednica Atifete Jahjaga do\u010dekala politi\u010dkog direktora Ministarstva Inostranih Poslova Austrije, Jan Kickert\"}]},{\"@type\":\"WebSite\",\"@id\":\"https:\/\/president-ksgov.net\/#website\",\"url\":\"https:\/\/president-ksgov.net\/\",\"name\":\"Presidente e Republik\u00ebs s\u00eb Kosov\u00ebs\",\"description\":\"Presidente e Republik\u00ebs s\u00eb Kosov\u00ebs\",\"alternateName\":\"DR. VJOSA OSMANI - SADRIU\",\"potentialAction\":[{\"@type\":\"SearchAction\",\"target\":{\"@type\":\"EntryPoint\",\"urlTemplate\":\"https:\/\/president-ksgov.net\/?s={search_term_string}\"},\"query-input\":{\"@type\":\"PropertyValueSpecification\",\"valueRequired\":true,\"valueName\":\"search_term_string\"}}],\"inLanguage\":\"sr-RS\"},{\"@type\":\"Person\",\"@id\":\"https:\/\/president-ksgov.net\/#\/schema\/person\/bb4337a5fb147cb2046d80548172cbee\",\"name\":\"admin\",\"image\":{\"@type\":\"ImageObject\",\"inLanguage\":\"sr-RS\",\"@id\":\"https:\/\/president-ksgov.net\/#\/schema\/person\/image\/\",\"url\":\"https:\/\/secure.gravatar.com\/avatar\/36156ca0fa3b8d9d25174f146e16beea0cf28f37adf1b9e19b6c9c279a7c9dd3?s=96&d=mm&r=g\",\"contentUrl\":\"https:\/\/secure.gravatar.com\/avatar\/36156ca0fa3b8d9d25174f146e16beea0cf28f37adf1b9e19b6c9c279a7c9dd3?s=96&d=mm&r=g\",\"caption\":\"admin\"},\"sameAs\":[\"https:\/\/president-ksgov.net\"]}]}<\/script>\n<!-- \/ Yoast SEO plugin. -->","yoast_head_json":{"title":"Predsednica Atifete Jahjaga do\u010dekala politi\u010dkog direktora Ministarstva Inostranih Poslova Austrije, Jan Kickert - Predsednik Republike Kosovo - DR. VJOSA OSMANI - SADRIU","description":"Predsednica Atifete Jahjaga do\u010dekala politi\u010dkog direktora Ministarstva Inostranih Poslova Austrije, Jan Kickert - Predsednik Republike Kosovo - DR. VJOSA OSMANI - SADRIU -","robots":{"index":"index","follow":"follow","max-snippet":"max-snippet:-1","max-image-preview":"max-image-preview:large","max-video-preview":"max-video-preview:-1"},"canonical":"https:\/\/president-ksgov.net\/presidentja-atifete-jahjaga-priti-drejtorin-politik-ne-ministrine-e-puneve-te-jashtme-te-austrise-jan-kickert\/","og_locale":"sr_RS","og_type":"article","og_title":"Predsednica Atifete Jahjaga do\u010dekala politi\u010dkog direktora Ministarstva Inostranih Poslova Austrije, Jan Kickert - Predsednik Republike Kosovo - DR. VJOSA OSMANI - SADRIU","og_description":"Predsednica Atifete Jahjaga do\u010dekala politi\u010dkog direktora Ministarstva Inostranih Poslova Austrije, Jan Kickert - Predsednik Republike Kosovo - DR. VJOSA OSMANI - SADRIU -","og_url":"https:\/\/president-ksgov.net\/presidentja-atifete-jahjaga-priti-drejtorin-politik-ne-ministrine-e-puneve-te-jashtme-te-austrise-jan-kickert\/","og_site_name":"Predsednik Republike Kosovo - DR. VJOSA OSMANI - SADRIU","article_published_time":"2014-07-07T14:31:44+00:00","og_image":[{"width":1024,"height":749,"url":"https:\/\/president-ksgov.net\/wp-content\/uploads\/07_07_2014_3217872_Presidentja_Atifete_Jahjaga_priti_drejtorin_politik_ne_Ministrine_e_Puneve_te_Jashtme_te_Austrise__Jan_Kickert.jpg","type":"image\/jpeg"}],"author":"admin","twitter_card":"summary_large_image","twitter_misc":{"\u041d\u0430\u043f\u0438\u0441\u0430\u043d\u043e \u043e\u0434":"admin","\u041f\u0440\u043e\u0446\u0435\u045a\u0435\u043d\u043e \u0432\u0440\u0435\u043c\u0435 \u0447\u0438\u0442\u0430\u045a\u0430":"1 \u043c\u0438\u043d\u0443\u0442"},"schema":{"@context":"https:\/\/schema.org","@graph":[{"@type":"WebPage","@id":"https:\/\/president-ksgov.net\/presidentja-atifete-jahjaga-priti-drejtorin-politik-ne-ministrine-e-puneve-te-jashtme-te-austrise-jan-kickert\/","url":"https:\/\/president-ksgov.net\/presidentja-atifete-jahjaga-priti-drejtorin-politik-ne-ministrine-e-puneve-te-jashtme-te-austrise-jan-kickert\/","name":"Predsednica Atifete Jahjaga do\u010dekala politi\u010dkog direktora Ministarstva Inostranih Poslova Austrije, Jan Kickert - Predsednik Republike Kosovo - DR. VJOSA OSMANI - SADRIU","isPartOf":{"@id":"https:\/\/president-ksgov.net\/#website"},"primaryImageOfPage":{"@id":"https:\/\/president-ksgov.net\/presidentja-atifete-jahjaga-priti-drejtorin-politik-ne-ministrine-e-puneve-te-jashtme-te-austrise-jan-kickert\/#primaryimage"},"image":{"@id":"https:\/\/president-ksgov.net\/presidentja-atifete-jahjaga-priti-drejtorin-politik-ne-ministrine-e-puneve-te-jashtme-te-austrise-jan-kickert\/#primaryimage"},"thumbnailUrl":"https:\/\/president-ksgov.net\/wp-content\/uploads\/07_07_2014_3217872_Presidentja_Atifete_Jahjaga_priti_drejtorin_politik_ne_Ministrine_e_Puneve_te_Jashtme_te_Austrise__Jan_Kickert.jpg","datePublished":"2014-07-07T14:31:44+00:00","dateModified":"2014-07-07T14:31:44+00:00","author":{"@id":"https:\/\/president-ksgov.net\/#\/schema\/person\/bb4337a5fb147cb2046d80548172cbee"},"description":"Predsednica Atifete Jahjaga do\u010dekala politi\u010dkog direktora Ministarstva Inostranih Poslova Austrije, Jan Kickert - Predsednik Republike Kosovo - DR. VJOSA OSMANI - SADRIU -","breadcrumb":{"@id":"https:\/\/president-ksgov.net\/presidentja-atifete-jahjaga-priti-drejtorin-politik-ne-ministrine-e-puneve-te-jashtme-te-austrise-jan-kickert\/#breadcrumb"},"inLanguage":"sr-RS","potentialAction":[{"@type":"ReadAction","target":["https:\/\/president-ksgov.net\/presidentja-atifete-jahjaga-priti-drejtorin-politik-ne-ministrine-e-puneve-te-jashtme-te-austrise-jan-kickert\/"]}]},{"@type":"ImageObject","inLanguage":"sr-RS","@id":"https:\/\/president-ksgov.net\/presidentja-atifete-jahjaga-priti-drejtorin-politik-ne-ministrine-e-puneve-te-jashtme-te-austrise-jan-kickert\/#primaryimage","url":"https:\/\/president-ksgov.net\/wp-content\/uploads\/07_07_2014_3217872_Presidentja_Atifete_Jahjaga_priti_drejtorin_politik_ne_Ministrine_e_Puneve_te_Jashtme_te_Austrise__Jan_Kickert.jpg","contentUrl":"https:\/\/president-ksgov.net\/wp-content\/uploads\/07_07_2014_3217872_Presidentja_Atifete_Jahjaga_priti_drejtorin_politik_ne_Ministrine_e_Puneve_te_Jashtme_te_Austrise__Jan_Kickert.jpg","width":1024,"height":749},{"@type":"BreadcrumbList","@id":"https:\/\/president-ksgov.net\/presidentja-atifete-jahjaga-priti-drejtorin-politik-ne-ministrine-e-puneve-te-jashtme-te-austrise-jan-kickert\/#breadcrumb","itemListElement":[{"@type":"ListItem","position":1,"name":"Home","item":"https:\/\/president-ksgov.net\/sr\/"},{"@type":"ListItem","position":2,"name":"Predsednica Atifete Jahjaga do\u010dekala politi\u010dkog direktora Ministarstva Inostranih Poslova Austrije, Jan Kickert"}]},{"@type":"WebSite","@id":"https:\/\/president-ksgov.net\/#website","url":"https:\/\/president-ksgov.net\/","name":"Presidente e Republik\u00ebs s\u00eb Kosov\u00ebs","description":"Presidente e Republik\u00ebs s\u00eb Kosov\u00ebs","alternateName":"DR. VJOSA OSMANI - SADRIU","potentialAction":[{"@type":"SearchAction","target":{"@type":"EntryPoint","urlTemplate":"https:\/\/president-ksgov.net\/?s={search_term_string}"},"query-input":{"@type":"PropertyValueSpecification","valueRequired":true,"valueName":"search_term_string"}}],"inLanguage":"sr-RS"},{"@type":"Person","@id":"https:\/\/president-ksgov.net\/#\/schema\/person\/bb4337a5fb147cb2046d80548172cbee","name":"admin","image":{"@type":"ImageObject","inLanguage":"sr-RS","@id":"https:\/\/president-ksgov.net\/#\/schema\/person\/image\/","url":"https:\/\/secure.gravatar.com\/avatar\/36156ca0fa3b8d9d25174f146e16beea0cf28f37adf1b9e19b6c9c279a7c9dd3?s=96&d=mm&r=g","contentUrl":"https:\/\/secure.gravatar.com\/avatar\/36156ca0fa3b8d9d25174f146e16beea0cf28f37adf1b9e19b6c9c279a7c9dd3?s=96&d=mm&r=g","caption":"admin"},"sameAs":["https:\/\/president-ksgov.net"]}]}},"_links":{"self":[{"href":"https:\/\/president-ksgov.net\/sr\/wp-json\/wp\/v2\/posts\/77784","targetHints":{"allow":["GET"]}}],"collection":[{"href":"https:\/\/president-ksgov.net\/sr\/wp-json\/wp\/v2\/posts"}],"about":[{"href":"https:\/\/president-ksgov.net\/sr\/wp-json\/wp\/v2\/types\/post"}],"author":[{"embeddable":true,"href":"https:\/\/president-ksgov.net\/sr\/wp-json\/wp\/v2\/users\/1"}],"replies":[{"embeddable":true,"href":"https:\/\/president-ksgov.net\/sr\/wp-json\/wp\/v2\/comments?post=77784"}],"version-history":[{"count":0,"href":"https:\/\/president-ksgov.net\/sr\/wp-json\/wp\/v2\/posts\/77784\/revisions"}],"wp:featuredmedia":[{"embeddable":true,"href":"https:\/\/president-ksgov.net\/sr\/wp-json\/wp\/v2\/media\/44470"}],"wp:attachment":[{"href":"https:\/\/president-ksgov.net\/sr\/wp-json\/wp\/v2\/media?parent=77784"}],"wp:term":[{"taxonomy":"category","embeddable":true,"href":"https:\/\/president-ksgov.net\/sr\/wp-json\/wp\/v2\/categories?post=77784"},{"taxonomy":"post_tag","embeddable":true,"href":"https:\/\/president-ksgov.net\/sr\/wp-json\/wp\/v2\/tags?post=77784"}],"curies":[{"name":"wp","href":"https:\/\/api.w.org\/{rel}","templated":true}]}}