{"id":77779,"date":"2014-07-13T13:03:19","date_gmt":"2014-07-13T13:03:19","guid":{"rendered":"https:\/\/dev.president-ksgov.net\/predsednica-jahjaga-docekala-pomocnika-dravnog-sekretara-sad-e-za-evropu-i-aziju-ambasadora-victoria-nuland\/"},"modified":"2014-07-13T13:03:19","modified_gmt":"2014-07-13T13:03:19","slug":"predsednica-jahjaga-docekala-pomocnika-dravnog-sekretara-sad-e-za-evropu-i-aziju-ambasadora-victoria-nuland","status":"publish","type":"post","link":"https:\/\/president-ksgov.net\/sr\/predsednica-jahjaga-docekala-pomocnika-dravnog-sekretara-sad-e-za-evropu-i-aziju-ambasadora-victoria-nuland\/","title":{"rendered":"Predsednica Jahjaga do\u010dekala Pomo\u0107nika Dr&#158;avnog Sekretara SAD-e za Evropu i Aziju, ambasadora Victoria Nuland"},"content":{"rendered":"<p>Predsednica Republike Kosovo, g\u0111a. Atifete Jahjaga danas je do\u010dekala na sastanku Pomo\u0107nika Dr&#382;avnog Sekretara  SAD-e za Evropu i Aziju, ambasadora Victoria Nuland, sa kojom je razgovarala o napretku Kosova i aktualnim zbivanjima u zemlji i regionu.<\/p>\n<p>Predsednica Jahjaga se zahvalila Pomo\u0107niku Sekretara Nuland za vanrednu podr&#353;ku SAD-e za ja\u010danje mira i stabilnosti u Kosovo i regionu i ohrabrila stalnu podr&#353;ku SAD-e za kretanje Kosova u pravcu \u010dlanstva u Evropsku Zajednicu i NATO.<\/p>\n<p>Predsednica Jahjaga je rekla da anga&#382;ovanjem u intenzivni dijalog sa Republikom Srbijom, Republika Kosovo &#382;eli da ostvari normalizaciju odnosa i oja\u010da svoj suverenitet. Predsednica je istakla da je do sada postignut va&#382;an napredak, ali sprovo\u0111enje postignutih sporazuma uz pomo\u0107 EZ-e su bitni faktor, uklju\u010duju\u0107i i udaljavanje barikada koje su ozbiljna prepreka za izgradnju dobrosusednih odnosa izme\u0111u dve zemalje.<\/p>\n<p>Predsednica Jahjaga je osigurala Pomo\u010dnika Sekretara Nuland da \u0107e dijalog sa Srbijom nastaviti biti prioritet i istakla potrebu uslovljavanja kretanja Kosova i Srbije u pravcu EZ-e sa napredovanjem sprovo\u0111enja postignutih sporazuma u Bruksel.<\/p>\n<p>Predsednica Jahjaga je tako\u0111e istakla radikalizaciju i njenu opasnost koju ta pojava predstavlja za bezbednost Kosovo i regiona, ali je rekla da je Kosovo za uzvrat odgovorila konstruktivnim pona&#353;anjem preduzimanjem sna&#382;nih zakonskih bezbednosnih mera za otklanjanje ove pretnje isti\u010du\u0107i da ve\u0107ina gra\u0111ana Kosova je protiv ovog negativnog fenomena. Kosovo ne\u0107e biti bezbedno mesto ili tranzitni put za ove elemente i radit \u0107e uz usko partnerstvo sa na&#353;im saveznicima radi adresiranja ovih pretnji. <\/p>\n<p>&#352;to se ti\u010de formiranja nove Vlade, Predsednica Jahjaga je visoko cenila uspe&#353;no okon\u010danje izbornog procesa u Kosovo i rekla da je ona posve\u0107ena da deluje kao faktor jedinstva radi obezbe\u0111enja demokratskog funkcioniranja institucija u jednom kredibilnom, transparentnom i sveobuhvatnom procesu isti\u010du\u0107i da nove institucije treba dea vode Kosovo i agendu napred u pravcu EZ-e.<\/p>\n<p>Pomo\u0107nik Sekretara Nuland je ponovo istakla san&#382;nu podr&#353;ku Ameri\u010dke Vlade za Kosovo i njeno anga&#382;ovanje u pravcu &#353;ire Evro-atlantske integracije. Ona je istakla va&#382;nost dijaloga Kosovo-Srbija i unapre\u0111enje sprovo\u0111enja sporazuma o normalizaciji postignutih u Bruksel 19. Aprila 2013 godine. Ona je pohvalila procene Predsednice u borbi protiv nasilnog ekstremizma i korupcije i saglasila se sa potrebom stalne saradnje.<br \/>\n\u00a0<\/p>\n","protected":false},"excerpt":{"rendered":"<p>Predsednica Republike Kosovo, g\u0111a. Atifete Jahjaga danas je do\u010dekala na sastanku Pomo\u0107nika Dr&#382;avnog Sekretara  SAD-e za Evropu i Aziju, ambasadora Victoria Nuland, sa kojom je razgovarala o napretku Kosova i aktualnim zbivanjima u zemlji i regionu.<\/p>\n","protected":false},"author":1,"featured_media":44447,"comment_status":"open","ping_status":"closed","sticky":false,"template":"","format":"standard","meta":{"_eb_attr":"","footnotes":""},"categories":[101],"tags":[],"class_list":["post-77779","post","type-post","status-publish","format-standard","has-post-thumbnail","hentry","category-vesti"],"yoast_head":"<!-- This site is optimized with the Yoast SEO plugin v23.5 - https:\/\/yoast.com\/wordpress\/plugins\/seo\/ -->\n<title>Predsednica Jahjaga do\u010dekala Pomo\u0107nika Dr&#158;avnog Sekretara SAD-e za Evropu i Aziju, ambasadora Victoria Nuland - Predsednik Republike Kosovo - DR. VJOSA OSMANI - SADRIU<\/title>\n<meta name=\"description\" content=\"Predsednica Jahjaga do\u010dekala Pomo\u0107nika Dr&#158;avnog Sekretara SAD-e za Evropu i Aziju, ambasadora Victoria Nuland - Predsednik Republike Kosovo - DR. VJOSA OSMANI - SADRIU -\" \/>\n<meta name=\"robots\" content=\"index, follow, max-snippet:-1, max-image-preview:large, max-video-preview:-1\" \/>\n<link rel=\"canonical\" href=\"https:\/\/president-ksgov.net\/presidentja-jahjaga-priti-ndihmessekretaren-e-shtetit-te-shba-ve-per-evrope-dhe-azi-ambasadoren-victoria-nuland\/\" \/>\n<meta property=\"og:locale\" content=\"sr_RS\" \/>\n<meta property=\"og:type\" content=\"article\" \/>\n<meta property=\"og:title\" content=\"Predsednica Jahjaga do\u010dekala Pomo\u0107nika Dr&#158;avnog Sekretara SAD-e za Evropu i Aziju, ambasadora Victoria Nuland - Predsednik Republike Kosovo - DR. VJOSA OSMANI - SADRIU\" \/>\n<meta property=\"og:description\" content=\"Predsednica Jahjaga do\u010dekala Pomo\u0107nika Dr&#158;avnog Sekretara SAD-e za Evropu i Aziju, ambasadora Victoria Nuland - Predsednik Republike Kosovo - DR. VJOSA OSMANI - SADRIU -\" \/>\n<meta property=\"og:url\" content=\"https:\/\/president-ksgov.net\/presidentja-jahjaga-priti-ndihmessekretaren-e-shtetit-te-shba-ve-per-evrope-dhe-azi-ambasadoren-victoria-nuland\/\" \/>\n<meta property=\"og:site_name\" content=\"Predsednik Republike Kosovo - DR. VJOSA OSMANI - SADRIU\" \/>\n<meta property=\"article:published_time\" content=\"2014-07-13T13:03:19+00:00\" \/>\n<meta property=\"og:image\" content=\"https:\/\/president-ksgov.net\/wp-content\/uploads\/04_09_2014_3829306_13_07_2014_Takim_0_ndihmessekratarja.jpg\" \/>\n\t<meta property=\"og:image:width\" content=\"1024\" \/>\n\t<meta property=\"og:image:height\" content=\"683\" \/>\n\t<meta property=\"og:image:type\" content=\"image\/jpeg\" \/>\n<meta name=\"author\" content=\"admin\" \/>\n<meta name=\"twitter:card\" content=\"summary_large_image\" \/>\n<meta name=\"twitter:label1\" content=\"\u041d\u0430\u043f\u0438\u0441\u0430\u043d\u043e \u043e\u0434\" \/>\n\t<meta name=\"twitter:data1\" content=\"admin\" \/>\n\t<meta name=\"twitter:label2\" content=\"\u041f\u0440\u043e\u0446\u0435\u045a\u0435\u043d\u043e \u0432\u0440\u0435\u043c\u0435 \u0447\u0438\u0442\u0430\u045a\u0430\" \/>\n\t<meta name=\"twitter:data2\" content=\"2 \u043c\u0438\u043d\u0443\u0442\u0430\" \/>\n<script type=\"application\/ld+json\" class=\"yoast-schema-graph\">{\"@context\":\"https:\/\/schema.org\",\"@graph\":[{\"@type\":\"WebPage\",\"@id\":\"https:\/\/president-ksgov.net\/presidentja-jahjaga-priti-ndihmessekretaren-e-shtetit-te-shba-ve-per-evrope-dhe-azi-ambasadoren-victoria-nuland\/\",\"url\":\"https:\/\/president-ksgov.net\/presidentja-jahjaga-priti-ndihmessekretaren-e-shtetit-te-shba-ve-per-evrope-dhe-azi-ambasadoren-victoria-nuland\/\",\"name\":\"Predsednica Jahjaga do\u010dekala Pomo\u0107nika Dr&#158;avnog Sekretara SAD-e za Evropu i Aziju, ambasadora Victoria Nuland - Predsednik Republike Kosovo - DR. VJOSA OSMANI - SADRIU\",\"isPartOf\":{\"@id\":\"https:\/\/president-ksgov.net\/#website\"},\"primaryImageOfPage\":{\"@id\":\"https:\/\/president-ksgov.net\/presidentja-jahjaga-priti-ndihmessekretaren-e-shtetit-te-shba-ve-per-evrope-dhe-azi-ambasadoren-victoria-nuland\/#primaryimage\"},\"image\":{\"@id\":\"https:\/\/president-ksgov.net\/presidentja-jahjaga-priti-ndihmessekretaren-e-shtetit-te-shba-ve-per-evrope-dhe-azi-ambasadoren-victoria-nuland\/#primaryimage\"},\"thumbnailUrl\":\"https:\/\/president-ksgov.net\/wp-content\/uploads\/04_09_2014_3829306_13_07_2014_Takim_0_ndihmessekratarja.jpg\",\"datePublished\":\"2014-07-13T13:03:19+00:00\",\"dateModified\":\"2014-07-13T13:03:19+00:00\",\"author\":{\"@id\":\"https:\/\/president-ksgov.net\/#\/schema\/person\/bb4337a5fb147cb2046d80548172cbee\"},\"description\":\"Predsednica Jahjaga do\u010dekala Pomo\u0107nika Dr&#158;avnog Sekretara SAD-e za Evropu i Aziju, ambasadora Victoria Nuland - Predsednik Republike Kosovo - DR. VJOSA OSMANI - SADRIU -\",\"breadcrumb\":{\"@id\":\"https:\/\/president-ksgov.net\/presidentja-jahjaga-priti-ndihmessekretaren-e-shtetit-te-shba-ve-per-evrope-dhe-azi-ambasadoren-victoria-nuland\/#breadcrumb\"},\"inLanguage\":\"sr-RS\",\"potentialAction\":[{\"@type\":\"ReadAction\",\"target\":[\"https:\/\/president-ksgov.net\/presidentja-jahjaga-priti-ndihmessekretaren-e-shtetit-te-shba-ve-per-evrope-dhe-azi-ambasadoren-victoria-nuland\/\"]}]},{\"@type\":\"ImageObject\",\"inLanguage\":\"sr-RS\",\"@id\":\"https:\/\/president-ksgov.net\/presidentja-jahjaga-priti-ndihmessekretaren-e-shtetit-te-shba-ve-per-evrope-dhe-azi-ambasadoren-victoria-nuland\/#primaryimage\",\"url\":\"https:\/\/president-ksgov.net\/wp-content\/uploads\/04_09_2014_3829306_13_07_2014_Takim_0_ndihmessekratarja.jpg\",\"contentUrl\":\"https:\/\/president-ksgov.net\/wp-content\/uploads\/04_09_2014_3829306_13_07_2014_Takim_0_ndihmessekratarja.jpg\",\"width\":1024,\"height\":683},{\"@type\":\"BreadcrumbList\",\"@id\":\"https:\/\/president-ksgov.net\/presidentja-jahjaga-priti-ndihmessekretaren-e-shtetit-te-shba-ve-per-evrope-dhe-azi-ambasadoren-victoria-nuland\/#breadcrumb\",\"itemListElement\":[{\"@type\":\"ListItem\",\"position\":1,\"name\":\"Home\",\"item\":\"https:\/\/president-ksgov.net\/sr\/\"},{\"@type\":\"ListItem\",\"position\":2,\"name\":\"Predsednica Jahjaga do\u010dekala Pomo\u0107nika Dr&#158;avnog Sekretara SAD-e za Evropu i Aziju, ambasadora Victoria Nuland\"}]},{\"@type\":\"WebSite\",\"@id\":\"https:\/\/president-ksgov.net\/#website\",\"url\":\"https:\/\/president-ksgov.net\/\",\"name\":\"Presidente e Republik\u00ebs s\u00eb Kosov\u00ebs\",\"description\":\"Presidente e Republik\u00ebs s\u00eb Kosov\u00ebs\",\"alternateName\":\"DR. VJOSA OSMANI - SADRIU\",\"potentialAction\":[{\"@type\":\"SearchAction\",\"target\":{\"@type\":\"EntryPoint\",\"urlTemplate\":\"https:\/\/president-ksgov.net\/?s={search_term_string}\"},\"query-input\":{\"@type\":\"PropertyValueSpecification\",\"valueRequired\":true,\"valueName\":\"search_term_string\"}}],\"inLanguage\":\"sr-RS\"},{\"@type\":\"Person\",\"@id\":\"https:\/\/president-ksgov.net\/#\/schema\/person\/bb4337a5fb147cb2046d80548172cbee\",\"name\":\"admin\",\"image\":{\"@type\":\"ImageObject\",\"inLanguage\":\"sr-RS\",\"@id\":\"https:\/\/president-ksgov.net\/#\/schema\/person\/image\/\",\"url\":\"https:\/\/secure.gravatar.com\/avatar\/36156ca0fa3b8d9d25174f146e16beea0cf28f37adf1b9e19b6c9c279a7c9dd3?s=96&d=mm&r=g\",\"contentUrl\":\"https:\/\/secure.gravatar.com\/avatar\/36156ca0fa3b8d9d25174f146e16beea0cf28f37adf1b9e19b6c9c279a7c9dd3?s=96&d=mm&r=g\",\"caption\":\"admin\"},\"sameAs\":[\"https:\/\/president-ksgov.net\"]}]}<\/script>\n<!-- \/ Yoast SEO plugin. -->","yoast_head_json":{"title":"Predsednica Jahjaga do\u010dekala Pomo\u0107nika Dr&#158;avnog Sekretara SAD-e za Evropu i Aziju, ambasadora Victoria Nuland - Predsednik Republike Kosovo - DR. VJOSA OSMANI - SADRIU","description":"Predsednica Jahjaga do\u010dekala Pomo\u0107nika Dr&#158;avnog Sekretara SAD-e za Evropu i Aziju, ambasadora Victoria Nuland - Predsednik Republike Kosovo - DR. VJOSA OSMANI - SADRIU -","robots":{"index":"index","follow":"follow","max-snippet":"max-snippet:-1","max-image-preview":"max-image-preview:large","max-video-preview":"max-video-preview:-1"},"canonical":"https:\/\/president-ksgov.net\/presidentja-jahjaga-priti-ndihmessekretaren-e-shtetit-te-shba-ve-per-evrope-dhe-azi-ambasadoren-victoria-nuland\/","og_locale":"sr_RS","og_type":"article","og_title":"Predsednica Jahjaga do\u010dekala Pomo\u0107nika Dr&#158;avnog Sekretara SAD-e za Evropu i Aziju, ambasadora Victoria Nuland - Predsednik Republike Kosovo - DR. VJOSA OSMANI - SADRIU","og_description":"Predsednica Jahjaga do\u010dekala Pomo\u0107nika Dr&#158;avnog Sekretara SAD-e za Evropu i Aziju, ambasadora Victoria Nuland - Predsednik Republike Kosovo - DR. VJOSA OSMANI - SADRIU -","og_url":"https:\/\/president-ksgov.net\/presidentja-jahjaga-priti-ndihmessekretaren-e-shtetit-te-shba-ve-per-evrope-dhe-azi-ambasadoren-victoria-nuland\/","og_site_name":"Predsednik Republike Kosovo - DR. VJOSA OSMANI - SADRIU","article_published_time":"2014-07-13T13:03:19+00:00","og_image":[{"width":1024,"height":683,"url":"https:\/\/president-ksgov.net\/wp-content\/uploads\/04_09_2014_3829306_13_07_2014_Takim_0_ndihmessekratarja.jpg","type":"image\/jpeg"}],"author":"admin","twitter_card":"summary_large_image","twitter_misc":{"\u041d\u0430\u043f\u0438\u0441\u0430\u043d\u043e \u043e\u0434":"admin","\u041f\u0440\u043e\u0446\u0435\u045a\u0435\u043d\u043e \u0432\u0440\u0435\u043c\u0435 \u0447\u0438\u0442\u0430\u045a\u0430":"2 \u043c\u0438\u043d\u0443\u0442\u0430"},"schema":{"@context":"https:\/\/schema.org","@graph":[{"@type":"WebPage","@id":"https:\/\/president-ksgov.net\/presidentja-jahjaga-priti-ndihmessekretaren-e-shtetit-te-shba-ve-per-evrope-dhe-azi-ambasadoren-victoria-nuland\/","url":"https:\/\/president-ksgov.net\/presidentja-jahjaga-priti-ndihmessekretaren-e-shtetit-te-shba-ve-per-evrope-dhe-azi-ambasadoren-victoria-nuland\/","name":"Predsednica Jahjaga do\u010dekala Pomo\u0107nika Dr&#158;avnog Sekretara SAD-e za Evropu i Aziju, ambasadora Victoria Nuland - Predsednik Republike Kosovo - DR. VJOSA OSMANI - SADRIU","isPartOf":{"@id":"https:\/\/president-ksgov.net\/#website"},"primaryImageOfPage":{"@id":"https:\/\/president-ksgov.net\/presidentja-jahjaga-priti-ndihmessekretaren-e-shtetit-te-shba-ve-per-evrope-dhe-azi-ambasadoren-victoria-nuland\/#primaryimage"},"image":{"@id":"https:\/\/president-ksgov.net\/presidentja-jahjaga-priti-ndihmessekretaren-e-shtetit-te-shba-ve-per-evrope-dhe-azi-ambasadoren-victoria-nuland\/#primaryimage"},"thumbnailUrl":"https:\/\/president-ksgov.net\/wp-content\/uploads\/04_09_2014_3829306_13_07_2014_Takim_0_ndihmessekratarja.jpg","datePublished":"2014-07-13T13:03:19+00:00","dateModified":"2014-07-13T13:03:19+00:00","author":{"@id":"https:\/\/president-ksgov.net\/#\/schema\/person\/bb4337a5fb147cb2046d80548172cbee"},"description":"Predsednica Jahjaga do\u010dekala Pomo\u0107nika Dr&#158;avnog Sekretara SAD-e za Evropu i Aziju, ambasadora Victoria Nuland - Predsednik Republike Kosovo - DR. VJOSA OSMANI - SADRIU -","breadcrumb":{"@id":"https:\/\/president-ksgov.net\/presidentja-jahjaga-priti-ndihmessekretaren-e-shtetit-te-shba-ve-per-evrope-dhe-azi-ambasadoren-victoria-nuland\/#breadcrumb"},"inLanguage":"sr-RS","potentialAction":[{"@type":"ReadAction","target":["https:\/\/president-ksgov.net\/presidentja-jahjaga-priti-ndihmessekretaren-e-shtetit-te-shba-ve-per-evrope-dhe-azi-ambasadoren-victoria-nuland\/"]}]},{"@type":"ImageObject","inLanguage":"sr-RS","@id":"https:\/\/president-ksgov.net\/presidentja-jahjaga-priti-ndihmessekretaren-e-shtetit-te-shba-ve-per-evrope-dhe-azi-ambasadoren-victoria-nuland\/#primaryimage","url":"https:\/\/president-ksgov.net\/wp-content\/uploads\/04_09_2014_3829306_13_07_2014_Takim_0_ndihmessekratarja.jpg","contentUrl":"https:\/\/president-ksgov.net\/wp-content\/uploads\/04_09_2014_3829306_13_07_2014_Takim_0_ndihmessekratarja.jpg","width":1024,"height":683},{"@type":"BreadcrumbList","@id":"https:\/\/president-ksgov.net\/presidentja-jahjaga-priti-ndihmessekretaren-e-shtetit-te-shba-ve-per-evrope-dhe-azi-ambasadoren-victoria-nuland\/#breadcrumb","itemListElement":[{"@type":"ListItem","position":1,"name":"Home","item":"https:\/\/president-ksgov.net\/sr\/"},{"@type":"ListItem","position":2,"name":"Predsednica Jahjaga do\u010dekala Pomo\u0107nika Dr&#158;avnog Sekretara SAD-e za Evropu i Aziju, ambasadora Victoria Nuland"}]},{"@type":"WebSite","@id":"https:\/\/president-ksgov.net\/#website","url":"https:\/\/president-ksgov.net\/","name":"Presidente e Republik\u00ebs s\u00eb Kosov\u00ebs","description":"Presidente e Republik\u00ebs s\u00eb Kosov\u00ebs","alternateName":"DR. VJOSA OSMANI - SADRIU","potentialAction":[{"@type":"SearchAction","target":{"@type":"EntryPoint","urlTemplate":"https:\/\/president-ksgov.net\/?s={search_term_string}"},"query-input":{"@type":"PropertyValueSpecification","valueRequired":true,"valueName":"search_term_string"}}],"inLanguage":"sr-RS"},{"@type":"Person","@id":"https:\/\/president-ksgov.net\/#\/schema\/person\/bb4337a5fb147cb2046d80548172cbee","name":"admin","image":{"@type":"ImageObject","inLanguage":"sr-RS","@id":"https:\/\/president-ksgov.net\/#\/schema\/person\/image\/","url":"https:\/\/secure.gravatar.com\/avatar\/36156ca0fa3b8d9d25174f146e16beea0cf28f37adf1b9e19b6c9c279a7c9dd3?s=96&d=mm&r=g","contentUrl":"https:\/\/secure.gravatar.com\/avatar\/36156ca0fa3b8d9d25174f146e16beea0cf28f37adf1b9e19b6c9c279a7c9dd3?s=96&d=mm&r=g","caption":"admin"},"sameAs":["https:\/\/president-ksgov.net"]}]}},"_links":{"self":[{"href":"https:\/\/president-ksgov.net\/sr\/wp-json\/wp\/v2\/posts\/77779","targetHints":{"allow":["GET"]}}],"collection":[{"href":"https:\/\/president-ksgov.net\/sr\/wp-json\/wp\/v2\/posts"}],"about":[{"href":"https:\/\/president-ksgov.net\/sr\/wp-json\/wp\/v2\/types\/post"}],"author":[{"embeddable":true,"href":"https:\/\/president-ksgov.net\/sr\/wp-json\/wp\/v2\/users\/1"}],"replies":[{"embeddable":true,"href":"https:\/\/president-ksgov.net\/sr\/wp-json\/wp\/v2\/comments?post=77779"}],"version-history":[{"count":0,"href":"https:\/\/president-ksgov.net\/sr\/wp-json\/wp\/v2\/posts\/77779\/revisions"}],"wp:featuredmedia":[{"embeddable":true,"href":"https:\/\/president-ksgov.net\/sr\/wp-json\/wp\/v2\/media\/44447"}],"wp:attachment":[{"href":"https:\/\/president-ksgov.net\/sr\/wp-json\/wp\/v2\/media?parent=77779"}],"wp:term":[{"taxonomy":"category","embeddable":true,"href":"https:\/\/president-ksgov.net\/sr\/wp-json\/wp\/v2\/categories?post=77779"},{"taxonomy":"post_tag","embeddable":true,"href":"https:\/\/president-ksgov.net\/sr\/wp-json\/wp\/v2\/tags?post=77779"}],"curies":[{"name":"wp","href":"https:\/\/api.w.org\/{rel}","templated":true}]}}