{"id":77775,"date":"2014-07-15T14:39:06","date_gmt":"2014-07-15T14:39:06","guid":{"rendered":"https:\/\/dev.president-ksgov.net\/govor-predsednice-atifete-jahjaga-u-samit-brdo-brioni\/"},"modified":"2023-03-08T09:03:09","modified_gmt":"2023-03-08T09:03:09","slug":"govor-predsednice-atifete-jahjaga-u-samit-brdo-brioni","status":"publish","type":"post","link":"https:\/\/president-ksgov.net\/sr\/govor-predsednice-atifete-jahjaga-u-samit-brdo-brioni\/","title":{"rendered":"Govor Predsednice Atifete Jahjaga u Samit Brdo &#8211; Brioni"},"content":{"rendered":"<p>Predsednica Republike Kosovo, gospo\u0111a Atifete Jahjaga prisustvuje Samitu Brdo-Brioni, tre\u0107i po redu, koji je ove godine organizovan u Dubrovniku. Ona prisustvuje samitu u drustvu inostranog minitra, Enver Hoxhaj.<\/p>\n<p>Domacin Samita, koji je jedna zajednicka inicijativa predsednika Slovenije i Hrvatske za pomaganje zamljama regiona Zapadnog Balkana u procesu evropskih integracija, je Predsednik Republike Hrvatske, gospodin Ivo Josipovic, a u njemu ucestvuju i predsednici zemalja regiona.<br \/>\n\u00a0<br \/>\nSamitu prisustvuje i Kancelar Savezne Republike Nemacke, gospoda Angela Merkel.<br \/>\n\u00a0<br \/>\nPredsednica Jahjaga tokom dana&#353;njeg rada Samita je odr&#382;ala govor koji donosimo u nastavku.<br \/>\n\u00a0<br \/>\nKancelar Merkel,<br \/>\n\u00a0<br \/>\n&#381;elim da se pridru&#382;im mojim kolegama iz regiona i izrazim Vam dobrodo&#353;licu na ovaj Samit, te da se zahvalim za va&#353;e uce&#353;ce. Zadovoljstvo nam je da se sretnemo u ovom formatu, koji na najbolji nacin izra&#382;ava promene koje su ostvarene tokom nekoliko proteklih godina , promene koje bi bile nemoguce bez visoko cenjene pomoci Nemacke i va&#353;e konstruktivne uloge podr&#382;avajuci nas i hrabreci nas da prigrlimo reforme i otvorimo perspektivu Evropske Zajednice na&#353;im doticnim zemljama.<br \/>\n\u00a0<br \/>\nClanstvo u Evropsku Zajednicu ostaje glavna agenda koja nas ujedini, koja odr&#382;ava mir i stabilnost regiona, koja je katalizator promena za jacanje saradnje i partnerstva iznedu nas i gradana zemalja koje predstavljamo.<br \/>\n\u00a0<br \/>\nMi ne tra&#382;imo kraci put; naprotiv, na&#353; napredak u pravcu EZ-e treba da se uslovljava sa na&#353;om voljom za tranformiranje na&#353;ih zemalja i za normalizovanje odnosa izmedu na&#353;ih dr&#382;ava. &#381;elim naglasiti da va&#353;a stalna pomoc i anga&#382;ovanje za odr&#382;avanje ove ustrajne perspektive za sve zemlje ce determinirati buducnost ovog regiona.<br \/>\n\u00a0<br \/>\nMoja zemlja, Republika Kosovo, je odlucna u kretanju napred. Mi smo prevazi&#353;li jedan veliki deo prethodnih godina jacajuci na&#353;u demokratiju &#8211; mi smo konsolidovali na&#353;e institucije, osigurali smo njihovo demokratsko funkcioniranje i neprestano smo interaktivno delovali sa na&#353;im manjinskim zajednicama radi potpune integracije istih u politicki i dru&#353;tveni &#382;ivot Kosova.<br \/>\n\u00a0<br \/>\nOvaj unutra&#353;nji uspeh dr&#382;avotvornosti je imao i medunarodni znacaj, po&#353;to zemlje iz celoga sveta su nastavile da priznaju na&#353;u dr&#382;avnost. &#381;elim da se zahvalim zemljama regiona za podr&#353;ku u ovom procesu konsolidacije.<br \/>\n\u00a0<br \/>\nTokom dve protekle godine, smo dosta na&#353;eg vremena posvetili pobolj&#353;anju odnosa sa Srbijom. Kao &#353;to smo dokazali u dijalogu sa Srbijom, podr&#382;anog od EZ-e, mi nismo cekali da se normalizacija ostvari, nego mi smo stvorili normalizaciju, u prvom redu sa srpskom zajednicom na Kosovu, osiguravajuci njihovu potpunu integraciju, a potom sa Srbijom, iznala&#382;enjem zajednickih tacaka adresiranja mnogih pitanja koja dospiju do sr&#382;i izazova sa kojima se suocavamo kao region &#8211; uspostavljanje dobrosusednih odnosa, vladanje zakona, zlocin i preko granicna korupcija, da spomenemo samo neke.<br \/>\n\u00a0<br \/>\nNeki su sporazumi vec postignuti, ali istinit uspeh ovoga procesa treba da se meri sa njihovim potpunim sprovodenjem. Sa ovim podrazumevamo isto tako i smelost i politicku volju za oslobadanje od pro&#353;losti radi kretanja napred u partnerstvo i saradnju.<br \/>\n\u00a0<br \/>\nDok prevazidemo neprijateljstva iz 1990-ih godina, nadam se da cemo biti u stanje da ostvarimo jedan drugaciji dinamizam izmedu regiona i ostalog dela Evrope, koji ce nam pomoci da adresiramo na&#353;e zajednicke brige i isprepletene izazove.<br \/>\n\u00a0<br \/>\nKosovo, kao i sve ostale zemlje regiona, suocava se sa ozbiljnim ekonomskim izazovima, uglavnom zbog slabe performanse privatnog sektora, ali isto tako i zbog izolacije i nedostatka pristupa evropskom i daljem tr&#382;i&#353;tu. Vi&#353;e od 30% stanovni&#353;tva Kosova je nezaposleno, i pogodena grupa su mladi, koji predstavljaju polovinu stanovni&#353;tva Kosova.<br \/>\n\u00a0<br \/>\nPromena ovih trendova ce biti na&#353; glavni izazov iduce decenije i ubedena sam da cemo moci promeniti ih samo radeci zajedno jedan sa drugim kao region radi pobolj&#353;anja na&#353;e infrastrukture, i da se pripojimo ostalom delu Evrope kao jednoj vrednosti u njeno okrilje.<br \/>\n\u00a0<br \/>\nNa&#353;a regija je dinamicna i ima mnogo toga za ponuditi, ne samo u termine prirodnih izvora i energetskog potencijala, nego i u onaj va&#382;niji, ljudski kapital.<br \/>\n\u00a0<\/p>\n","protected":false},"excerpt":{"rendered":"<p>Predsednica Republike Kosovo, gospo\u0111a Atifete Jahjaga prisustvuje Samitu Brdo-Brioni, tre\u0107i po redu, koji je ove godine organizovan u Dubrovniku. Ona prisustvuje samitu u drustvu inostranog minitra, Enver Hoxhaj.<\/p>\n","protected":false},"author":1,"featured_media":44374,"comment_status":"open","ping_status":"closed","sticky":false,"template":"","format":"standard","meta":{"_eb_attr":"","footnotes":""},"categories":[106],"tags":[],"class_list":["post-77775","post","type-post","status-publish","format-standard","has-post-thumbnail","hentry","category-govori"],"yoast_head":"<!-- This site is optimized with the Yoast SEO plugin v23.5 - https:\/\/yoast.com\/wordpress\/plugins\/seo\/ -->\n<title>Govor Predsednice Atifete Jahjaga u Samit Brdo - Brioni - Predsednik Republike Kosovo - DR. VJOSA OSMANI - SADRIU<\/title>\n<meta name=\"description\" content=\"Govor Predsednice Atifete Jahjaga u Samit Brdo - Brioni - Predsednik Republike Kosovo - DR. VJOSA OSMANI - SADRIU -\" \/>\n<meta name=\"robots\" content=\"index, follow, max-snippet:-1, max-image-preview:large, max-video-preview:-1\" \/>\n<link rel=\"canonical\" href=\"https:\/\/president-ksgov.net\/fjalimi-i-presidentes-atifete-jahjaga-ne-samitin-berdo-brioni\/\" \/>\n<meta property=\"og:locale\" content=\"sr_RS\" \/>\n<meta property=\"og:type\" content=\"article\" \/>\n<meta property=\"og:title\" content=\"Govor Predsednice Atifete Jahjaga u Samit Brdo - Brioni - Predsednik Republike Kosovo - DR. VJOSA OSMANI - SADRIU\" \/>\n<meta property=\"og:description\" content=\"Govor Predsednice Atifete Jahjaga u Samit Brdo - Brioni - Predsednik Republike Kosovo - DR. VJOSA OSMANI - SADRIU -\" \/>\n<meta property=\"og:url\" content=\"https:\/\/president-ksgov.net\/fjalimi-i-presidentes-atifete-jahjaga-ne-samitin-berdo-brioni\/\" \/>\n<meta property=\"og:site_name\" content=\"Predsednik Republike Kosovo - DR. VJOSA OSMANI - SADRIU\" \/>\n<meta property=\"article:published_time\" content=\"2014-07-15T14:39:06+00:00\" \/>\n<meta property=\"article:modified_time\" content=\"2023-03-08T09:03:09+00:00\" \/>\n<meta property=\"og:image\" content=\"https:\/\/president-ksgov.net\/wp-content\/uploads\/04_09_2014_2225803_001_15072014.jpg\" \/>\n\t<meta property=\"og:image:width\" content=\"1024\" \/>\n\t<meta property=\"og:image:height\" content=\"683\" \/>\n\t<meta property=\"og:image:type\" content=\"image\/jpeg\" \/>\n<meta name=\"author\" content=\"admin\" \/>\n<meta name=\"twitter:card\" content=\"summary_large_image\" \/>\n<meta name=\"twitter:label1\" content=\"\u041d\u0430\u043f\u0438\u0441\u0430\u043d\u043e \u043e\u0434\" \/>\n\t<meta name=\"twitter:data1\" content=\"admin\" \/>\n\t<meta name=\"twitter:label2\" content=\"\u041f\u0440\u043e\u0446\u0435\u045a\u0435\u043d\u043e \u0432\u0440\u0435\u043c\u0435 \u0447\u0438\u0442\u0430\u045a\u0430\" \/>\n\t<meta name=\"twitter:data2\" content=\"3 \u043c\u0438\u043d\u0443\u0442\u0430\" \/>\n<script type=\"application\/ld+json\" class=\"yoast-schema-graph\">{\"@context\":\"https:\/\/schema.org\",\"@graph\":[{\"@type\":\"WebPage\",\"@id\":\"https:\/\/president-ksgov.net\/fjalimi-i-presidentes-atifete-jahjaga-ne-samitin-berdo-brioni\/\",\"url\":\"https:\/\/president-ksgov.net\/fjalimi-i-presidentes-atifete-jahjaga-ne-samitin-berdo-brioni\/\",\"name\":\"Govor Predsednice Atifete Jahjaga u Samit Brdo - Brioni - Predsednik Republike Kosovo - DR. VJOSA OSMANI - SADRIU\",\"isPartOf\":{\"@id\":\"https:\/\/president-ksgov.net\/#website\"},\"primaryImageOfPage\":{\"@id\":\"https:\/\/president-ksgov.net\/fjalimi-i-presidentes-atifete-jahjaga-ne-samitin-berdo-brioni\/#primaryimage\"},\"image\":{\"@id\":\"https:\/\/president-ksgov.net\/fjalimi-i-presidentes-atifete-jahjaga-ne-samitin-berdo-brioni\/#primaryimage\"},\"thumbnailUrl\":\"https:\/\/president-ksgov.net\/wp-content\/uploads\/04_09_2014_2225803_001_15072014.jpg\",\"datePublished\":\"2014-07-15T14:39:06+00:00\",\"dateModified\":\"2023-03-08T09:03:09+00:00\",\"author\":{\"@id\":\"https:\/\/president-ksgov.net\/#\/schema\/person\/bb4337a5fb147cb2046d80548172cbee\"},\"description\":\"Govor Predsednice Atifete Jahjaga u Samit Brdo - Brioni - Predsednik Republike Kosovo - DR. VJOSA OSMANI - SADRIU -\",\"breadcrumb\":{\"@id\":\"https:\/\/president-ksgov.net\/fjalimi-i-presidentes-atifete-jahjaga-ne-samitin-berdo-brioni\/#breadcrumb\"},\"inLanguage\":\"sr-RS\",\"potentialAction\":[{\"@type\":\"ReadAction\",\"target\":[\"https:\/\/president-ksgov.net\/fjalimi-i-presidentes-atifete-jahjaga-ne-samitin-berdo-brioni\/\"]}]},{\"@type\":\"ImageObject\",\"inLanguage\":\"sr-RS\",\"@id\":\"https:\/\/president-ksgov.net\/fjalimi-i-presidentes-atifete-jahjaga-ne-samitin-berdo-brioni\/#primaryimage\",\"url\":\"https:\/\/president-ksgov.net\/wp-content\/uploads\/04_09_2014_2225803_001_15072014.jpg\",\"contentUrl\":\"https:\/\/president-ksgov.net\/wp-content\/uploads\/04_09_2014_2225803_001_15072014.jpg\",\"width\":1024,\"height\":683},{\"@type\":\"BreadcrumbList\",\"@id\":\"https:\/\/president-ksgov.net\/fjalimi-i-presidentes-atifete-jahjaga-ne-samitin-berdo-brioni\/#breadcrumb\",\"itemListElement\":[{\"@type\":\"ListItem\",\"position\":1,\"name\":\"Home\",\"item\":\"https:\/\/president-ksgov.net\/sr\/\"},{\"@type\":\"ListItem\",\"position\":2,\"name\":\"Govor Predsednice Atifete Jahjaga u Samit Brdo &#8211; Brioni\"}]},{\"@type\":\"WebSite\",\"@id\":\"https:\/\/president-ksgov.net\/#website\",\"url\":\"https:\/\/president-ksgov.net\/\",\"name\":\"Presidente e Republik\u00ebs s\u00eb Kosov\u00ebs\",\"description\":\"Presidente e Republik\u00ebs s\u00eb Kosov\u00ebs\",\"alternateName\":\"DR. VJOSA OSMANI - SADRIU\",\"potentialAction\":[{\"@type\":\"SearchAction\",\"target\":{\"@type\":\"EntryPoint\",\"urlTemplate\":\"https:\/\/president-ksgov.net\/?s={search_term_string}\"},\"query-input\":{\"@type\":\"PropertyValueSpecification\",\"valueRequired\":true,\"valueName\":\"search_term_string\"}}],\"inLanguage\":\"sr-RS\"},{\"@type\":\"Person\",\"@id\":\"https:\/\/president-ksgov.net\/#\/schema\/person\/bb4337a5fb147cb2046d80548172cbee\",\"name\":\"admin\",\"image\":{\"@type\":\"ImageObject\",\"inLanguage\":\"sr-RS\",\"@id\":\"https:\/\/president-ksgov.net\/#\/schema\/person\/image\/\",\"url\":\"https:\/\/secure.gravatar.com\/avatar\/36156ca0fa3b8d9d25174f146e16beea0cf28f37adf1b9e19b6c9c279a7c9dd3?s=96&d=mm&r=g\",\"contentUrl\":\"https:\/\/secure.gravatar.com\/avatar\/36156ca0fa3b8d9d25174f146e16beea0cf28f37adf1b9e19b6c9c279a7c9dd3?s=96&d=mm&r=g\",\"caption\":\"admin\"},\"sameAs\":[\"https:\/\/president-ksgov.net\"]}]}<\/script>\n<!-- \/ Yoast SEO plugin. -->","yoast_head_json":{"title":"Govor Predsednice Atifete Jahjaga u Samit Brdo - Brioni - Predsednik Republike Kosovo - DR. VJOSA OSMANI - SADRIU","description":"Govor Predsednice Atifete Jahjaga u Samit Brdo - Brioni - Predsednik Republike Kosovo - DR. VJOSA OSMANI - SADRIU -","robots":{"index":"index","follow":"follow","max-snippet":"max-snippet:-1","max-image-preview":"max-image-preview:large","max-video-preview":"max-video-preview:-1"},"canonical":"https:\/\/president-ksgov.net\/fjalimi-i-presidentes-atifete-jahjaga-ne-samitin-berdo-brioni\/","og_locale":"sr_RS","og_type":"article","og_title":"Govor Predsednice Atifete Jahjaga u Samit Brdo - Brioni - Predsednik Republike Kosovo - DR. VJOSA OSMANI - SADRIU","og_description":"Govor Predsednice Atifete Jahjaga u Samit Brdo - Brioni - Predsednik Republike Kosovo - DR. VJOSA OSMANI - SADRIU -","og_url":"https:\/\/president-ksgov.net\/fjalimi-i-presidentes-atifete-jahjaga-ne-samitin-berdo-brioni\/","og_site_name":"Predsednik Republike Kosovo - DR. VJOSA OSMANI - SADRIU","article_published_time":"2014-07-15T14:39:06+00:00","article_modified_time":"2023-03-08T09:03:09+00:00","og_image":[{"width":1024,"height":683,"url":"https:\/\/president-ksgov.net\/wp-content\/uploads\/04_09_2014_2225803_001_15072014.jpg","type":"image\/jpeg"}],"author":"admin","twitter_card":"summary_large_image","twitter_misc":{"\u041d\u0430\u043f\u0438\u0441\u0430\u043d\u043e \u043e\u0434":"admin","\u041f\u0440\u043e\u0446\u0435\u045a\u0435\u043d\u043e \u0432\u0440\u0435\u043c\u0435 \u0447\u0438\u0442\u0430\u045a\u0430":"3 \u043c\u0438\u043d\u0443\u0442\u0430"},"schema":{"@context":"https:\/\/schema.org","@graph":[{"@type":"WebPage","@id":"https:\/\/president-ksgov.net\/fjalimi-i-presidentes-atifete-jahjaga-ne-samitin-berdo-brioni\/","url":"https:\/\/president-ksgov.net\/fjalimi-i-presidentes-atifete-jahjaga-ne-samitin-berdo-brioni\/","name":"Govor Predsednice Atifete Jahjaga u Samit Brdo - Brioni - Predsednik Republike Kosovo - DR. VJOSA OSMANI - SADRIU","isPartOf":{"@id":"https:\/\/president-ksgov.net\/#website"},"primaryImageOfPage":{"@id":"https:\/\/president-ksgov.net\/fjalimi-i-presidentes-atifete-jahjaga-ne-samitin-berdo-brioni\/#primaryimage"},"image":{"@id":"https:\/\/president-ksgov.net\/fjalimi-i-presidentes-atifete-jahjaga-ne-samitin-berdo-brioni\/#primaryimage"},"thumbnailUrl":"https:\/\/president-ksgov.net\/wp-content\/uploads\/04_09_2014_2225803_001_15072014.jpg","datePublished":"2014-07-15T14:39:06+00:00","dateModified":"2023-03-08T09:03:09+00:00","author":{"@id":"https:\/\/president-ksgov.net\/#\/schema\/person\/bb4337a5fb147cb2046d80548172cbee"},"description":"Govor Predsednice Atifete Jahjaga u Samit Brdo - Brioni - Predsednik Republike Kosovo - DR. VJOSA OSMANI - SADRIU -","breadcrumb":{"@id":"https:\/\/president-ksgov.net\/fjalimi-i-presidentes-atifete-jahjaga-ne-samitin-berdo-brioni\/#breadcrumb"},"inLanguage":"sr-RS","potentialAction":[{"@type":"ReadAction","target":["https:\/\/president-ksgov.net\/fjalimi-i-presidentes-atifete-jahjaga-ne-samitin-berdo-brioni\/"]}]},{"@type":"ImageObject","inLanguage":"sr-RS","@id":"https:\/\/president-ksgov.net\/fjalimi-i-presidentes-atifete-jahjaga-ne-samitin-berdo-brioni\/#primaryimage","url":"https:\/\/president-ksgov.net\/wp-content\/uploads\/04_09_2014_2225803_001_15072014.jpg","contentUrl":"https:\/\/president-ksgov.net\/wp-content\/uploads\/04_09_2014_2225803_001_15072014.jpg","width":1024,"height":683},{"@type":"BreadcrumbList","@id":"https:\/\/president-ksgov.net\/fjalimi-i-presidentes-atifete-jahjaga-ne-samitin-berdo-brioni\/#breadcrumb","itemListElement":[{"@type":"ListItem","position":1,"name":"Home","item":"https:\/\/president-ksgov.net\/sr\/"},{"@type":"ListItem","position":2,"name":"Govor Predsednice Atifete Jahjaga u Samit Brdo &#8211; Brioni"}]},{"@type":"WebSite","@id":"https:\/\/president-ksgov.net\/#website","url":"https:\/\/president-ksgov.net\/","name":"Presidente e Republik\u00ebs s\u00eb Kosov\u00ebs","description":"Presidente e Republik\u00ebs s\u00eb Kosov\u00ebs","alternateName":"DR. VJOSA OSMANI - SADRIU","potentialAction":[{"@type":"SearchAction","target":{"@type":"EntryPoint","urlTemplate":"https:\/\/president-ksgov.net\/?s={search_term_string}"},"query-input":{"@type":"PropertyValueSpecification","valueRequired":true,"valueName":"search_term_string"}}],"inLanguage":"sr-RS"},{"@type":"Person","@id":"https:\/\/president-ksgov.net\/#\/schema\/person\/bb4337a5fb147cb2046d80548172cbee","name":"admin","image":{"@type":"ImageObject","inLanguage":"sr-RS","@id":"https:\/\/president-ksgov.net\/#\/schema\/person\/image\/","url":"https:\/\/secure.gravatar.com\/avatar\/36156ca0fa3b8d9d25174f146e16beea0cf28f37adf1b9e19b6c9c279a7c9dd3?s=96&d=mm&r=g","contentUrl":"https:\/\/secure.gravatar.com\/avatar\/36156ca0fa3b8d9d25174f146e16beea0cf28f37adf1b9e19b6c9c279a7c9dd3?s=96&d=mm&r=g","caption":"admin"},"sameAs":["https:\/\/president-ksgov.net"]}]}},"_links":{"self":[{"href":"https:\/\/president-ksgov.net\/sr\/wp-json\/wp\/v2\/posts\/77775","targetHints":{"allow":["GET"]}}],"collection":[{"href":"https:\/\/president-ksgov.net\/sr\/wp-json\/wp\/v2\/posts"}],"about":[{"href":"https:\/\/president-ksgov.net\/sr\/wp-json\/wp\/v2\/types\/post"}],"author":[{"embeddable":true,"href":"https:\/\/president-ksgov.net\/sr\/wp-json\/wp\/v2\/users\/1"}],"replies":[{"embeddable":true,"href":"https:\/\/president-ksgov.net\/sr\/wp-json\/wp\/v2\/comments?post=77775"}],"version-history":[{"count":1,"href":"https:\/\/president-ksgov.net\/sr\/wp-json\/wp\/v2\/posts\/77775\/revisions"}],"predecessor-version":[{"id":81669,"href":"https:\/\/president-ksgov.net\/sr\/wp-json\/wp\/v2\/posts\/77775\/revisions\/81669"}],"wp:featuredmedia":[{"embeddable":true,"href":"https:\/\/president-ksgov.net\/sr\/wp-json\/wp\/v2\/media\/44374"}],"wp:attachment":[{"href":"https:\/\/president-ksgov.net\/sr\/wp-json\/wp\/v2\/media?parent=77775"}],"wp:term":[{"taxonomy":"category","embeddable":true,"href":"https:\/\/president-ksgov.net\/sr\/wp-json\/wp\/v2\/categories?post=77775"},{"taxonomy":"post_tag","embeddable":true,"href":"https:\/\/president-ksgov.net\/sr\/wp-json\/wp\/v2\/tags?post=77775"}],"curies":[{"name":"wp","href":"https:\/\/api.w.org\/{rel}","templated":true}]}}