{"id":77742,"date":"2014-08-20T12:52:13","date_gmt":"2014-08-20T12:52:13","guid":{"rendered":"https:\/\/dev.president-ksgov.net\/govor-predsednice-jahjaga-na-svecanosti-polaganja-zakletve-dobrovoljaca-korpusa-mira-sad-e\/"},"modified":"2023-03-08T09:03:09","modified_gmt":"2023-03-08T09:03:09","slug":"govor-predsednice-jahjaga-na-svecanosti-polaganja-zakletve-dobrovoljaca-korpusa-mira-sad-e","status":"publish","type":"post","link":"https:\/\/president-ksgov.net\/sr\/govor-predsednice-jahjaga-na-svecanosti-polaganja-zakletve-dobrovoljaca-korpusa-mira-sad-e\/","title":{"rendered":"GOVOR PREDSEDNICE JAHJAGA NA SVE\u010cANOSTI POLAGANJA ZAKLETVE DOBROVOLJACA KORPUSA MIRA SAD-e"},"content":{"rendered":"<p>Imam cast i zadovoljstvo da Vam. u ime institucija zemlje i gradana Kosova, po&#382;elim dobrodo&#353;licu dobrovoljcima Korpusa Mira  u Republici Kosovo. Takode &#382;elim da vam cestitam za odluku da va&#353; program pro&#353;irite i u na&#353;u zemlju, cineci Kosovo 140-tu dr&#382;avu koja koristi va&#353;e ambasadore dobre volje, partnerstva i prijateljstva.<\/p>\n<p>Po&#353;tovana Ambasador Jacobson,<br \/>\nPo&#353;tovani ambasador Ismajli<br \/>\nPo&#353;tovana direktorica Korpusa Mira, gospoda Hessler-Radelet,<br \/>\nPo&#353;tovani dobrovoljci Korpusa Mira,<br \/>\nPo&#353;tovani ucesnici, Dame i Gospodo,<\/p>\n<p>Imam cast i zadovoljstvo da Vam. u ime institucija zemlje i gradana Kosova, po&#382;elim dobrodo&#353;licu dobrovoljcima Korpusa Mira\u00a0 u Republici Kosovo. Takode &#382;elim da vam cestitam za odluku da va&#353; program pro&#353;irite i u na&#353;u zemlju, cineci Kosovo 140-tu dr&#382;avu koja koristi va&#353;e ambasadore dobre volje, partnerstva i prijateljstva.<\/p>\n<p>Ja znam da ste vi ovde u Kosovo docekani srdacno i otvorena srca i sada verujem da su vas, kosovske porodice, va&#353;e porodice gde cete boraviti na Kosovu, su vas vec uverile da na&#353;a dr&#382;ava,\u00a0 na&#353; narod i na&#353;i gradani i zemlja gde cete biti, ima jednu dugu tradiciju gostoprimstva. Posebno su ponosni za vecito partnerstvo i prijateljstvo naroda Kosova, dr&#382;ave Kosovo, sa Sjedinjenim Americkim Dr&#382;avama.<\/p>\n<p>Tokom va&#353;eg rada na Kosovu, ubedena sam da cete do&#382;iveti posebne momente. Znam da cete imati i radosne do&#382;ivljaje, ali cete do&#382;iveti i &#382;alosne momente\u00a0 Podelicete dobro i zlo sa gradanima\u00a0 Kosova. Znam da cete cesto u kasnim nocnim satima, kada budete sedeli u na&#353;e &#8220;odaje&#8220;, u kuce va&#353;ih novih porodica, plakat cete\u00a0 sa 2 miliona posebnih ispovedanja\u00a0 i do&#382;ivljaja\u00a0 zadnjeg rata koji je jo&#353; sve&#382;, u du&#353;e i mislima mnogih gradana Kosova. Ali svako jutro, kada vi polazite na va&#353;e novo radno mesto, bicete zapanjeni voljom, posvetom i smelo&#353;cu mnogih devojaka i momaka Kosova, koju ima svaki gradanin Kosova, da bude sastavni deo i deo procesa izgradnje njihove nove dr&#382;ave, dr&#382;ave Kosovo. I upravo je ovaj optimizam i ova energija koje cine Kosovo jednom nezaboravnom zemljom, jedno neponovljivo iskustvo za vas. &#381;elim da ka&#382;em da kao institucije Kosova mi smo ponosni sa na&#353;im dostignucima, ali se ne zadovoljavamo sa njima. Mi &#382;elimo da Kosovo pretvorimo u jednu zemlju velikih mogucnosti i\u00a0 ravnopravnih mogucnosti za sve. Ocekujemo od vas da va&#353;im primerom dobrovoljnog anga&#382;ovanja doprinosite realizaciji ove na&#353;e zajednicke vizije.<\/p>\n<p>&#381;elim da se zahvalim ambasadoru Jacobson jer se secam da smo, prvih dana njene misije na Kosovu, razgovarale kako, po mogucnosti &#353;to pre, dovesti na Kosovu Korpus Mira, tako da za manje od godinu dana, mi smo ostvarile ovu tako veliku inicijativu, koja inicijativa u vi&#353;e dr&#382;ava oduzima cele godine a da se ne ostvaruje.<\/p>\n<p>&#381;elim da vama, dobrovoljcima Korpusa Mira, cestitam &#353;to ste do&#353;li i povecali broj ambasadora dobre volje ovde na Kosovu sa radom, posvetom, i va&#353;im anga&#382;ovanjem skupa sa svim gradanima Kosova, ali posebno &#382;elim da ovo intenzivirate i ono &#353;to ja smatram da je najvece bogatstvo na&#353;e dr&#382;ave, 60 posto stanovni&#353;tva je omladina na&#353;e dr&#382;ave, da budete sastavni deo izgradnje na&#353;e zajednicke vizije.<\/p>\n<p>Posebno zahvaljujem izvanredno profesionalno osoblje Korpusa Mira ovde na Kosovu za jedan blistav rad koji ste cinili za realizaciju ovoga projekta. Ja znam da ce ovaj projekat i ovo uspostavljanje Korpusa Mira ovde na Kosovu doprineti daljnjem jacanju na&#353;eg vecitog prijateljstva izmedu naroda Kosova i naroda Amerike.<\/p>\n<p>Blagosiljao Bog na&#353; narod i na&#353;e dr&#382;ave!<\/p>\n<p>Hvala vam!<\/p>\n","protected":false},"excerpt":{"rendered":"<p>Imam cast i zadovoljstvo da Vam. u ime institucija zemlje i gradana Kosova, po&#382;elim dobrodo&#353;licu dobrovoljcima Korpusa Mira  u Republici Kosovo. Takode &#382;elim da vam cestitam za odluku da va&#353; program pro&#353;irite i u na&#353;u zemlju, cineci Kosovo 140-tu dr&#382;avu koja koristi va&#353;e ambasadore dobre volje, partnerstva i prijateljstva.<\/p>\n","protected":false},"author":1,"featured_media":44116,"comment_status":"open","ping_status":"closed","sticky":false,"template":"","format":"standard","meta":{"_eb_attr":"","footnotes":""},"categories":[106],"tags":[],"class_list":["post-77742","post","type-post","status-publish","format-standard","has-post-thumbnail","hentry","category-govori"],"yoast_head":"<!-- This site is optimized with the Yoast SEO plugin v23.5 - https:\/\/yoast.com\/wordpress\/plugins\/seo\/ -->\n<title>GOVOR PREDSEDNICE JAHJAGA NA SVE\u010cANOSTI POLAGANJA ZAKLETVE DOBROVOLJACA KORPUSA MIRA SAD-e - Predsednik Republike Kosovo - DR. VJOSA OSMANI - SADRIU<\/title>\n<meta name=\"description\" content=\"GOVOR PREDSEDNICE JAHJAGA NA SVE\u010cANOSTI POLAGANJA ZAKLETVE DOBROVOLJACA KORPUSA MIRA SAD-e - Predsednik Republike Kosovo - DR. VJOSA OSMANI - SADRIU -\" \/>\n<meta name=\"robots\" content=\"index, follow, max-snippet:-1, max-image-preview:large, max-video-preview:-1\" \/>\n<link rel=\"canonical\" href=\"https:\/\/president-ksgov.net\/fjala-e-presidentes-jahjaga-ne-ceremonine-e-dhenies-se-betimit-te-vullnetareve-te-korpusit-te-paqes-se-shba-ve\/\" \/>\n<meta property=\"og:locale\" content=\"sr_RS\" \/>\n<meta property=\"og:type\" content=\"article\" \/>\n<meta property=\"og:title\" content=\"GOVOR PREDSEDNICE JAHJAGA NA SVE\u010cANOSTI POLAGANJA ZAKLETVE DOBROVOLJACA KORPUSA MIRA SAD-e - Predsednik Republike Kosovo - DR. VJOSA OSMANI - SADRIU\" \/>\n<meta property=\"og:description\" content=\"GOVOR PREDSEDNICE JAHJAGA NA SVE\u010cANOSTI POLAGANJA ZAKLETVE DOBROVOLJACA KORPUSA MIRA SAD-e - Predsednik Republike Kosovo - DR. VJOSA OSMANI - SADRIU -\" \/>\n<meta property=\"og:url\" content=\"https:\/\/president-ksgov.net\/fjala-e-presidentes-jahjaga-ne-ceremonine-e-dhenies-se-betimit-te-vullnetareve-te-korpusit-te-paqes-se-shba-ve\/\" \/>\n<meta property=\"og:site_name\" content=\"Predsednik Republike Kosovo - DR. VJOSA OSMANI - SADRIU\" \/>\n<meta property=\"article:published_time\" content=\"2014-08-20T12:52:13+00:00\" \/>\n<meta property=\"article:modified_time\" content=\"2023-03-08T09:03:09+00:00\" \/>\n<meta property=\"og:image\" content=\"https:\/\/president-ksgov.net\/wp-content\/uploads\/04_09_2014_5137742_20_08_2014_1_vullnetaret.jpg\" \/>\n\t<meta property=\"og:image:width\" content=\"962\" \/>\n\t<meta property=\"og:image:height\" content=\"768\" \/>\n\t<meta property=\"og:image:type\" content=\"image\/jpeg\" \/>\n<meta name=\"author\" content=\"admin\" \/>\n<meta name=\"twitter:card\" content=\"summary_large_image\" \/>\n<meta name=\"twitter:label1\" content=\"\u041d\u0430\u043f\u0438\u0441\u0430\u043d\u043e \u043e\u0434\" \/>\n\t<meta name=\"twitter:data1\" content=\"admin\" \/>\n\t<meta name=\"twitter:label2\" content=\"\u041f\u0440\u043e\u0446\u0435\u045a\u0435\u043d\u043e \u0432\u0440\u0435\u043c\u0435 \u0447\u0438\u0442\u0430\u045a\u0430\" \/>\n\t<meta name=\"twitter:data2\" content=\"3 \u043c\u0438\u043d\u0443\u0442\u0430\" \/>\n<script type=\"application\/ld+json\" class=\"yoast-schema-graph\">{\"@context\":\"https:\/\/schema.org\",\"@graph\":[{\"@type\":\"WebPage\",\"@id\":\"https:\/\/president-ksgov.net\/fjala-e-presidentes-jahjaga-ne-ceremonine-e-dhenies-se-betimit-te-vullnetareve-te-korpusit-te-paqes-se-shba-ve\/\",\"url\":\"https:\/\/president-ksgov.net\/fjala-e-presidentes-jahjaga-ne-ceremonine-e-dhenies-se-betimit-te-vullnetareve-te-korpusit-te-paqes-se-shba-ve\/\",\"name\":\"GOVOR PREDSEDNICE JAHJAGA NA SVE\u010cANOSTI POLAGANJA ZAKLETVE DOBROVOLJACA KORPUSA MIRA SAD-e - Predsednik Republike Kosovo - DR. VJOSA OSMANI - SADRIU\",\"isPartOf\":{\"@id\":\"https:\/\/president-ksgov.net\/#website\"},\"primaryImageOfPage\":{\"@id\":\"https:\/\/president-ksgov.net\/fjala-e-presidentes-jahjaga-ne-ceremonine-e-dhenies-se-betimit-te-vullnetareve-te-korpusit-te-paqes-se-shba-ve\/#primaryimage\"},\"image\":{\"@id\":\"https:\/\/president-ksgov.net\/fjala-e-presidentes-jahjaga-ne-ceremonine-e-dhenies-se-betimit-te-vullnetareve-te-korpusit-te-paqes-se-shba-ve\/#primaryimage\"},\"thumbnailUrl\":\"https:\/\/president-ksgov.net\/wp-content\/uploads\/04_09_2014_5137742_20_08_2014_1_vullnetaret.jpg\",\"datePublished\":\"2014-08-20T12:52:13+00:00\",\"dateModified\":\"2023-03-08T09:03:09+00:00\",\"author\":{\"@id\":\"https:\/\/president-ksgov.net\/#\/schema\/person\/bb4337a5fb147cb2046d80548172cbee\"},\"description\":\"GOVOR PREDSEDNICE JAHJAGA NA SVE\u010cANOSTI POLAGANJA ZAKLETVE DOBROVOLJACA KORPUSA MIRA SAD-e - Predsednik Republike Kosovo - DR. VJOSA OSMANI - SADRIU -\",\"breadcrumb\":{\"@id\":\"https:\/\/president-ksgov.net\/fjala-e-presidentes-jahjaga-ne-ceremonine-e-dhenies-se-betimit-te-vullnetareve-te-korpusit-te-paqes-se-shba-ve\/#breadcrumb\"},\"inLanguage\":\"sr-RS\",\"potentialAction\":[{\"@type\":\"ReadAction\",\"target\":[\"https:\/\/president-ksgov.net\/fjala-e-presidentes-jahjaga-ne-ceremonine-e-dhenies-se-betimit-te-vullnetareve-te-korpusit-te-paqes-se-shba-ve\/\"]}]},{\"@type\":\"ImageObject\",\"inLanguage\":\"sr-RS\",\"@id\":\"https:\/\/president-ksgov.net\/fjala-e-presidentes-jahjaga-ne-ceremonine-e-dhenies-se-betimit-te-vullnetareve-te-korpusit-te-paqes-se-shba-ve\/#primaryimage\",\"url\":\"https:\/\/president-ksgov.net\/wp-content\/uploads\/04_09_2014_5137742_20_08_2014_1_vullnetaret.jpg\",\"contentUrl\":\"https:\/\/president-ksgov.net\/wp-content\/uploads\/04_09_2014_5137742_20_08_2014_1_vullnetaret.jpg\",\"width\":962,\"height\":768},{\"@type\":\"BreadcrumbList\",\"@id\":\"https:\/\/president-ksgov.net\/fjala-e-presidentes-jahjaga-ne-ceremonine-e-dhenies-se-betimit-te-vullnetareve-te-korpusit-te-paqes-se-shba-ve\/#breadcrumb\",\"itemListElement\":[{\"@type\":\"ListItem\",\"position\":1,\"name\":\"Home\",\"item\":\"https:\/\/president-ksgov.net\/sr\/\"},{\"@type\":\"ListItem\",\"position\":2,\"name\":\"GOVOR PREDSEDNICE JAHJAGA NA SVE\u010cANOSTI POLAGANJA ZAKLETVE DOBROVOLJACA KORPUSA MIRA SAD-e\"}]},{\"@type\":\"WebSite\",\"@id\":\"https:\/\/president-ksgov.net\/#website\",\"url\":\"https:\/\/president-ksgov.net\/\",\"name\":\"Presidente e Republik\u00ebs s\u00eb Kosov\u00ebs\",\"description\":\"Presidente e Republik\u00ebs s\u00eb Kosov\u00ebs\",\"alternateName\":\"DR. VJOSA OSMANI - SADRIU\",\"potentialAction\":[{\"@type\":\"SearchAction\",\"target\":{\"@type\":\"EntryPoint\",\"urlTemplate\":\"https:\/\/president-ksgov.net\/?s={search_term_string}\"},\"query-input\":{\"@type\":\"PropertyValueSpecification\",\"valueRequired\":true,\"valueName\":\"search_term_string\"}}],\"inLanguage\":\"sr-RS\"},{\"@type\":\"Person\",\"@id\":\"https:\/\/president-ksgov.net\/#\/schema\/person\/bb4337a5fb147cb2046d80548172cbee\",\"name\":\"admin\",\"image\":{\"@type\":\"ImageObject\",\"inLanguage\":\"sr-RS\",\"@id\":\"https:\/\/president-ksgov.net\/#\/schema\/person\/image\/\",\"url\":\"https:\/\/secure.gravatar.com\/avatar\/36156ca0fa3b8d9d25174f146e16beea0cf28f37adf1b9e19b6c9c279a7c9dd3?s=96&d=mm&r=g\",\"contentUrl\":\"https:\/\/secure.gravatar.com\/avatar\/36156ca0fa3b8d9d25174f146e16beea0cf28f37adf1b9e19b6c9c279a7c9dd3?s=96&d=mm&r=g\",\"caption\":\"admin\"},\"sameAs\":[\"https:\/\/president-ksgov.net\"]}]}<\/script>\n<!-- \/ Yoast SEO plugin. -->","yoast_head_json":{"title":"GOVOR PREDSEDNICE JAHJAGA NA SVE\u010cANOSTI POLAGANJA ZAKLETVE DOBROVOLJACA KORPUSA MIRA SAD-e - Predsednik Republike Kosovo - DR. VJOSA OSMANI - SADRIU","description":"GOVOR PREDSEDNICE JAHJAGA NA SVE\u010cANOSTI POLAGANJA ZAKLETVE DOBROVOLJACA KORPUSA MIRA SAD-e - Predsednik Republike Kosovo - DR. VJOSA OSMANI - SADRIU -","robots":{"index":"index","follow":"follow","max-snippet":"max-snippet:-1","max-image-preview":"max-image-preview:large","max-video-preview":"max-video-preview:-1"},"canonical":"https:\/\/president-ksgov.net\/fjala-e-presidentes-jahjaga-ne-ceremonine-e-dhenies-se-betimit-te-vullnetareve-te-korpusit-te-paqes-se-shba-ve\/","og_locale":"sr_RS","og_type":"article","og_title":"GOVOR PREDSEDNICE JAHJAGA NA SVE\u010cANOSTI POLAGANJA ZAKLETVE DOBROVOLJACA KORPUSA MIRA SAD-e - Predsednik Republike Kosovo - DR. VJOSA OSMANI - SADRIU","og_description":"GOVOR PREDSEDNICE JAHJAGA NA SVE\u010cANOSTI POLAGANJA ZAKLETVE DOBROVOLJACA KORPUSA MIRA SAD-e - Predsednik Republike Kosovo - DR. VJOSA OSMANI - SADRIU -","og_url":"https:\/\/president-ksgov.net\/fjala-e-presidentes-jahjaga-ne-ceremonine-e-dhenies-se-betimit-te-vullnetareve-te-korpusit-te-paqes-se-shba-ve\/","og_site_name":"Predsednik Republike Kosovo - DR. VJOSA OSMANI - SADRIU","article_published_time":"2014-08-20T12:52:13+00:00","article_modified_time":"2023-03-08T09:03:09+00:00","og_image":[{"width":962,"height":768,"url":"https:\/\/president-ksgov.net\/wp-content\/uploads\/04_09_2014_5137742_20_08_2014_1_vullnetaret.jpg","type":"image\/jpeg"}],"author":"admin","twitter_card":"summary_large_image","twitter_misc":{"\u041d\u0430\u043f\u0438\u0441\u0430\u043d\u043e \u043e\u0434":"admin","\u041f\u0440\u043e\u0446\u0435\u045a\u0435\u043d\u043e \u0432\u0440\u0435\u043c\u0435 \u0447\u0438\u0442\u0430\u045a\u0430":"3 \u043c\u0438\u043d\u0443\u0442\u0430"},"schema":{"@context":"https:\/\/schema.org","@graph":[{"@type":"WebPage","@id":"https:\/\/president-ksgov.net\/fjala-e-presidentes-jahjaga-ne-ceremonine-e-dhenies-se-betimit-te-vullnetareve-te-korpusit-te-paqes-se-shba-ve\/","url":"https:\/\/president-ksgov.net\/fjala-e-presidentes-jahjaga-ne-ceremonine-e-dhenies-se-betimit-te-vullnetareve-te-korpusit-te-paqes-se-shba-ve\/","name":"GOVOR PREDSEDNICE JAHJAGA NA SVE\u010cANOSTI POLAGANJA ZAKLETVE DOBROVOLJACA KORPUSA MIRA SAD-e - Predsednik Republike Kosovo - DR. VJOSA OSMANI - SADRIU","isPartOf":{"@id":"https:\/\/president-ksgov.net\/#website"},"primaryImageOfPage":{"@id":"https:\/\/president-ksgov.net\/fjala-e-presidentes-jahjaga-ne-ceremonine-e-dhenies-se-betimit-te-vullnetareve-te-korpusit-te-paqes-se-shba-ve\/#primaryimage"},"image":{"@id":"https:\/\/president-ksgov.net\/fjala-e-presidentes-jahjaga-ne-ceremonine-e-dhenies-se-betimit-te-vullnetareve-te-korpusit-te-paqes-se-shba-ve\/#primaryimage"},"thumbnailUrl":"https:\/\/president-ksgov.net\/wp-content\/uploads\/04_09_2014_5137742_20_08_2014_1_vullnetaret.jpg","datePublished":"2014-08-20T12:52:13+00:00","dateModified":"2023-03-08T09:03:09+00:00","author":{"@id":"https:\/\/president-ksgov.net\/#\/schema\/person\/bb4337a5fb147cb2046d80548172cbee"},"description":"GOVOR PREDSEDNICE JAHJAGA NA SVE\u010cANOSTI POLAGANJA ZAKLETVE DOBROVOLJACA KORPUSA MIRA SAD-e - Predsednik Republike Kosovo - DR. VJOSA OSMANI - SADRIU -","breadcrumb":{"@id":"https:\/\/president-ksgov.net\/fjala-e-presidentes-jahjaga-ne-ceremonine-e-dhenies-se-betimit-te-vullnetareve-te-korpusit-te-paqes-se-shba-ve\/#breadcrumb"},"inLanguage":"sr-RS","potentialAction":[{"@type":"ReadAction","target":["https:\/\/president-ksgov.net\/fjala-e-presidentes-jahjaga-ne-ceremonine-e-dhenies-se-betimit-te-vullnetareve-te-korpusit-te-paqes-se-shba-ve\/"]}]},{"@type":"ImageObject","inLanguage":"sr-RS","@id":"https:\/\/president-ksgov.net\/fjala-e-presidentes-jahjaga-ne-ceremonine-e-dhenies-se-betimit-te-vullnetareve-te-korpusit-te-paqes-se-shba-ve\/#primaryimage","url":"https:\/\/president-ksgov.net\/wp-content\/uploads\/04_09_2014_5137742_20_08_2014_1_vullnetaret.jpg","contentUrl":"https:\/\/president-ksgov.net\/wp-content\/uploads\/04_09_2014_5137742_20_08_2014_1_vullnetaret.jpg","width":962,"height":768},{"@type":"BreadcrumbList","@id":"https:\/\/president-ksgov.net\/fjala-e-presidentes-jahjaga-ne-ceremonine-e-dhenies-se-betimit-te-vullnetareve-te-korpusit-te-paqes-se-shba-ve\/#breadcrumb","itemListElement":[{"@type":"ListItem","position":1,"name":"Home","item":"https:\/\/president-ksgov.net\/sr\/"},{"@type":"ListItem","position":2,"name":"GOVOR PREDSEDNICE JAHJAGA NA SVE\u010cANOSTI POLAGANJA ZAKLETVE DOBROVOLJACA KORPUSA MIRA SAD-e"}]},{"@type":"WebSite","@id":"https:\/\/president-ksgov.net\/#website","url":"https:\/\/president-ksgov.net\/","name":"Presidente e Republik\u00ebs s\u00eb Kosov\u00ebs","description":"Presidente e Republik\u00ebs s\u00eb Kosov\u00ebs","alternateName":"DR. VJOSA OSMANI - SADRIU","potentialAction":[{"@type":"SearchAction","target":{"@type":"EntryPoint","urlTemplate":"https:\/\/president-ksgov.net\/?s={search_term_string}"},"query-input":{"@type":"PropertyValueSpecification","valueRequired":true,"valueName":"search_term_string"}}],"inLanguage":"sr-RS"},{"@type":"Person","@id":"https:\/\/president-ksgov.net\/#\/schema\/person\/bb4337a5fb147cb2046d80548172cbee","name":"admin","image":{"@type":"ImageObject","inLanguage":"sr-RS","@id":"https:\/\/president-ksgov.net\/#\/schema\/person\/image\/","url":"https:\/\/secure.gravatar.com\/avatar\/36156ca0fa3b8d9d25174f146e16beea0cf28f37adf1b9e19b6c9c279a7c9dd3?s=96&d=mm&r=g","contentUrl":"https:\/\/secure.gravatar.com\/avatar\/36156ca0fa3b8d9d25174f146e16beea0cf28f37adf1b9e19b6c9c279a7c9dd3?s=96&d=mm&r=g","caption":"admin"},"sameAs":["https:\/\/president-ksgov.net"]}]}},"_links":{"self":[{"href":"https:\/\/president-ksgov.net\/sr\/wp-json\/wp\/v2\/posts\/77742","targetHints":{"allow":["GET"]}}],"collection":[{"href":"https:\/\/president-ksgov.net\/sr\/wp-json\/wp\/v2\/posts"}],"about":[{"href":"https:\/\/president-ksgov.net\/sr\/wp-json\/wp\/v2\/types\/post"}],"author":[{"embeddable":true,"href":"https:\/\/president-ksgov.net\/sr\/wp-json\/wp\/v2\/users\/1"}],"replies":[{"embeddable":true,"href":"https:\/\/president-ksgov.net\/sr\/wp-json\/wp\/v2\/comments?post=77742"}],"version-history":[{"count":1,"href":"https:\/\/president-ksgov.net\/sr\/wp-json\/wp\/v2\/posts\/77742\/revisions"}],"predecessor-version":[{"id":81668,"href":"https:\/\/president-ksgov.net\/sr\/wp-json\/wp\/v2\/posts\/77742\/revisions\/81668"}],"wp:featuredmedia":[{"embeddable":true,"href":"https:\/\/president-ksgov.net\/sr\/wp-json\/wp\/v2\/media\/44116"}],"wp:attachment":[{"href":"https:\/\/president-ksgov.net\/sr\/wp-json\/wp\/v2\/media?parent=77742"}],"wp:term":[{"taxonomy":"category","embeddable":true,"href":"https:\/\/president-ksgov.net\/sr\/wp-json\/wp\/v2\/categories?post=77742"},{"taxonomy":"post_tag","embeddable":true,"href":"https:\/\/president-ksgov.net\/sr\/wp-json\/wp\/v2\/tags?post=77742"}],"curies":[{"name":"wp","href":"https:\/\/api.w.org\/{rel}","templated":true}]}}