{"id":77734,"date":"2014-08-25T19:07:01","date_gmt":"2014-08-25T19:07:01","guid":{"rendered":"https:\/\/dev.president-ksgov.net\/govor-predsednice-jahjaga-u-evropski-forum-alpbach-u-austriju-2\/"},"modified":"2014-08-25T19:07:01","modified_gmt":"2014-08-25T19:07:01","slug":"govor-predsednice-jahjaga-u-evropski-forum-alpbach-u-austriju-2","status":"publish","type":"post","link":"https:\/\/president-ksgov.net\/sr\/govor-predsednice-jahjaga-u-evropski-forum-alpbach-u-austriju-2\/","title":{"rendered":"Govor Predsednice Jahjaga u Evropski  Forum Alpbach u Austriju"},"content":{"rendered":"<p>Predsednica Republike Kosovo, gospo\u0111a Atifete Jahjaga, danas je u\u010destvovala u panelu &#8220;Od pomirenja ka integraciji&#8220; u okviru Evropskog Foruma Alpbach u Austriju, zajedno sa predsednikom Republike Albanije, gospodinom BujarNishani, i u\u010desnicima iz raznih me\u0111unarodnih organizacija i regiona Jugoisto\u010dne Evrope, prisutni u panel. Predsednica Jahjaga je govorila o kretanju Kosova i regiona u pravcu Evrope, anga&#382;ovanju za izgradnju dobro-susednih odnosa, uspostavljanju pravde za &#382;rtve rata i o obuhvatu mladih u va&#382;nim procesima njihovih zemalja.<\/p>\n<p>U\u010desnik u radove panela gde su govorili predsednica Jahjaga i predsednik Nishani, je bio\u00a0 i predsednik Austrije, dr. Heinz Fischer. Pre po\u010detka radova panela &#8220;Od pomirenja ka integraciji&#8220;, u znak po&#353;tovanja za u\u010de&#353;\u0107e predsednice Jahjaga i predsednika Nishani\u00a0 u Evropskom Forumu Alpbach, austrijsko predsedni&#353;tvo i organizatori Foruma su organizovali jedan sve\u010dani defile garde Landa Tiroli.<\/p>\n<p>U nastavku sledi ceo govor Predsednice Republike Kosovo, gospo\u0111e Atifete Jahjaga u Evropskom Forumu Alpbach:<\/p>\n<p>Po\u010da&#353;\u0107ena sam da se danas nalazim ovde me\u0111u vama, u jednom od najva&#382;nijih Foruma u Austriju, koji je do sada prikupio jedan veliki broj dr&#382;avnih rukovodilaca, akademski svet, a naro\u010dito studente iz raznih zemalja sveta. Jo&#353; vi&#353;e sam po\u010da&#353;\u0107ena da se danas nalazim ovde zajedno sa predsednikom Albanije, gospodinom Nishani i sa po&#353;tovanim u\u010desnicima iz ostalih zemalja regiona, u jednoj prijateljskoj zemlji na&#353;e regije kao &#353;to je Austrija, koja nastavlja biti dosljedno posve\u0107ena za pribli&#382;avanje Balkana Evropi.<\/p>\n<p>&#381;elim da na po\u010detku zahvalim Predsedniku Fischer za njegovu viziju i verovanje za jednu Ujedinjenu Evropu, sa Balkanom unutar nje i tako\u0111e organizatore ovog Foruma, koji putem tretiranja raznih pitanja sveta, kroz niz decenija su istog podigli na nivou vrlo va&#382;nog Foruma za zajedni\u010dku budu\u0107nost.<\/p>\n<p>Posebno sam po\u010da&#353;\u0107ena da ovde danas vidim omladince i omladinke i iz moje zemlje Kosova, ali i iz ostalih zemalja regiona Balkana, iz Srbije, da zajedno tretiraju njihove svakodnevne teme a tako\u0111e i teme njihovog razvoja. Bez predrasuda, bez nacionalnih razlika (koje su nekada predstavljale prepreke), ravnopravni, u cilju iznala&#382;enja re&#353;enja za jednu bolju budu\u0107nost, u jednom integriranom svetu. To je ne&#353;to izvanredno kada mladi koji dolaze iz regiona Zapadnog Balkana, koji je ina\u010de proizvodio vi&#353;e istorije nego &#353;to mo&#382;e konzumirati, kao &#353;to bi rekao biv&#353;i Britanski premijer Churshill, da posmatramo jedan drugog bez mr&#382;nje, zavisti i balkanskog gneva, dokazuju\u0107i da pomirenje izme\u0111u ljudi i naroda je mogu\u0107e i da integritet u potpunosti zavili od njihove volje.<\/p>\n<p>Vi ste izvor stalnog napretka va&#353;ih zemalja i istovremeno najja\u010di most saradnje, koji menja percepciju jednog prema drugom i jednog za drugog.<\/p>\n<p>Sastajemo se danas zajedno, u jednoj prijateljskoj zemlji u jednom periodu kada regija Balkana poku&#353;ava menjati percepciju sveta prema njemu i u vreme kada izmene u zemljama ove regije su postavile primetljive znakove tokom nekoliko zadnjih godina. Dalje od nasilja i hegemonije, razaranja i uni&#353;tenja ljudskih &#382;ivota, dalje od starih neprijateljstva i me\u0111usobno nepodno&#353;ljivog odnosa, danas regija Zapadnog Balkana, mada polagano, pokazuje volju za saradnju i zajedni\u010dki &#382;ivot, koji vodi u pravcu zavr&#353;avanja procesa evropsko-atlantske integracije.<\/p>\n<p>Ovaj zajedni\u010dki &#382;ivot podrazumeva pomirenje &#8211; me\u0111u ljudima &#8211; koji su sumnjivo posmatrali jedan drugog. Pravedno i potpuno pomirenje- sa pravdom koja \u0107e se uspostaviti, radi le\u010denja du&#353;e svih onih &#382;rtava krvavih ratova &#8211; naro\u010dito za silovane &#382;ene i za porodice onih koji se danas jo&#353; uvek vode kao nestali. Pomirenje ima smisla kada se priznaju realnosti! Jer ovo menja i pristup suseda jednog prema drugom i ubrzava put u pravcu EZ-e.<\/p>\n<p>Sa svaku od zemalja regiona Zapadnog Balkana, EZ-e ima smisao jedne poticajne snage za mir, stabilnost i bezbednost svih, i iznad sveg jer je naj nezamenjiva opcija za ve\u0107i uticaj na transformaciju na&#353;ih ekonomija i politika. To je projekat na&#353;ih gra\u0111ana, bez razlike, u svakoj dr&#382;avi Jugoisto\u010dne Evrope i jedina alternativa za svakog od nas. Kosovo je deo zajedni\u010dkog anga&#382;ovanja i nastojanja za integracije u EZ-e, isto toliko koliko sna&#382;no i doprinosi za stabilnost i dobro- susedne odnose. Projekat EZ-e ima potpuni smisao samo onda kada zavr&#353;ava sa \u010dlanstvom svih zemalja u evropsku porodicu, kao ravnopravne u saradnju i pomirenju jedna sa drugom.<\/p>\n","protected":false},"excerpt":{"rendered":"<p>Predsednica Republike Kosovo, gospo\u0111a Atifete Jahjaga, danas je u\u010destvovala u panelu &#8220;Od pomirenja ka integraciji&#8220; u okviru Evropskog Foruma Alpbach u Austriju, zajedno sa predsednikom Republike Albanije, gospodinom BujarNishani, i u\u010desnicima iz raznih me\u0111unarodnih organizacija i regiona Jugoisto\u010dne Evrope, prisutni u panel. Predsednica Jahjaga je govorila o kretanju Kosova i regiona u pravcu Evrope, anga&#382;ovanju za izgradnju dobro-susednih odnosa, uspostavljanju pravde za &#382;rtve rata i o obuhvatu mladih u va&#382;nim procesima njihovih zemalja.<\/p>\n","protected":false},"author":1,"featured_media":44015,"comment_status":"open","ping_status":"closed","sticky":false,"template":"","format":"standard","meta":{"_eb_attr":"","footnotes":""},"categories":[101],"tags":[],"class_list":["post-77734","post","type-post","status-publish","format-standard","has-post-thumbnail","hentry","category-vesti"],"yoast_head":"<!-- This site is optimized with the Yoast SEO plugin v23.5 - https:\/\/yoast.com\/wordpress\/plugins\/seo\/ -->\n<title>Govor Predsednice Jahjaga u Evropski Forum Alpbach u Austriju - Predsednik Republike Kosovo - DR. VJOSA OSMANI - SADRIU<\/title>\n<meta name=\"description\" content=\"Govor Predsednice Jahjaga u Evropski Forum Alpbach u Austriju - Predsednik Republike Kosovo - DR. VJOSA OSMANI - SADRIU -\" \/>\n<meta name=\"robots\" content=\"index, follow, max-snippet:-1, max-image-preview:large, max-video-preview:-1\" \/>\n<link rel=\"canonical\" href=\"https:\/\/president-ksgov.net\/fjalimi-i-presidentes-jahjaga-ne-forumin-evropian-alpbach-ne-austri-2\/\" \/>\n<meta property=\"og:locale\" content=\"sr_RS\" \/>\n<meta property=\"og:type\" content=\"article\" \/>\n<meta property=\"og:title\" content=\"Govor Predsednice Jahjaga u Evropski Forum Alpbach u Austriju - Predsednik Republike Kosovo - DR. VJOSA OSMANI - SADRIU\" \/>\n<meta property=\"og:description\" content=\"Govor Predsednice Jahjaga u Evropski Forum Alpbach u Austriju - Predsednik Republike Kosovo - DR. VJOSA OSMANI - SADRIU -\" \/>\n<meta property=\"og:url\" content=\"https:\/\/president-ksgov.net\/fjalimi-i-presidentes-jahjaga-ne-forumin-evropian-alpbach-ne-austri-2\/\" \/>\n<meta property=\"og:site_name\" content=\"Predsednik Republike Kosovo - DR. VJOSA OSMANI - SADRIU\" \/>\n<meta property=\"article:published_time\" content=\"2014-08-25T19:07:01+00:00\" \/>\n<meta property=\"og:image\" content=\"https:\/\/president-ksgov.net\/wp-content\/uploads\/04_09_2014_6026019_0_fjalimi_Alpbach_2508.jpg\" \/>\n\t<meta property=\"og:image:width\" content=\"1000\" \/>\n\t<meta property=\"og:image:height\" content=\"612\" \/>\n\t<meta property=\"og:image:type\" content=\"image\/jpeg\" \/>\n<meta name=\"author\" content=\"admin\" \/>\n<meta name=\"twitter:card\" content=\"summary_large_image\" \/>\n<meta name=\"twitter:label1\" content=\"\u041d\u0430\u043f\u0438\u0441\u0430\u043d\u043e \u043e\u0434\" \/>\n\t<meta name=\"twitter:data1\" content=\"admin\" \/>\n\t<meta name=\"twitter:label2\" content=\"\u041f\u0440\u043e\u0446\u0435\u045a\u0435\u043d\u043e \u0432\u0440\u0435\u043c\u0435 \u0447\u0438\u0442\u0430\u045a\u0430\" \/>\n\t<meta name=\"twitter:data2\" content=\"4 \u043c\u0438\u043d\u0443\u0442\u0430\" \/>\n<script type=\"application\/ld+json\" class=\"yoast-schema-graph\">{\"@context\":\"https:\/\/schema.org\",\"@graph\":[{\"@type\":\"WebPage\",\"@id\":\"https:\/\/president-ksgov.net\/fjalimi-i-presidentes-jahjaga-ne-forumin-evropian-alpbach-ne-austri-2\/\",\"url\":\"https:\/\/president-ksgov.net\/fjalimi-i-presidentes-jahjaga-ne-forumin-evropian-alpbach-ne-austri-2\/\",\"name\":\"Govor Predsednice Jahjaga u Evropski Forum Alpbach u Austriju - Predsednik Republike Kosovo - DR. VJOSA OSMANI - SADRIU\",\"isPartOf\":{\"@id\":\"https:\/\/president-ksgov.net\/#website\"},\"primaryImageOfPage\":{\"@id\":\"https:\/\/president-ksgov.net\/fjalimi-i-presidentes-jahjaga-ne-forumin-evropian-alpbach-ne-austri-2\/#primaryimage\"},\"image\":{\"@id\":\"https:\/\/president-ksgov.net\/fjalimi-i-presidentes-jahjaga-ne-forumin-evropian-alpbach-ne-austri-2\/#primaryimage\"},\"thumbnailUrl\":\"https:\/\/president-ksgov.net\/wp-content\/uploads\/04_09_2014_6026019_0_fjalimi_Alpbach_2508.jpg\",\"datePublished\":\"2014-08-25T19:07:01+00:00\",\"dateModified\":\"2014-08-25T19:07:01+00:00\",\"author\":{\"@id\":\"https:\/\/president-ksgov.net\/#\/schema\/person\/bb4337a5fb147cb2046d80548172cbee\"},\"description\":\"Govor Predsednice Jahjaga u Evropski Forum Alpbach u Austriju - Predsednik Republike Kosovo - DR. VJOSA OSMANI - SADRIU -\",\"breadcrumb\":{\"@id\":\"https:\/\/president-ksgov.net\/fjalimi-i-presidentes-jahjaga-ne-forumin-evropian-alpbach-ne-austri-2\/#breadcrumb\"},\"inLanguage\":\"sr-RS\",\"potentialAction\":[{\"@type\":\"ReadAction\",\"target\":[\"https:\/\/president-ksgov.net\/fjalimi-i-presidentes-jahjaga-ne-forumin-evropian-alpbach-ne-austri-2\/\"]}]},{\"@type\":\"ImageObject\",\"inLanguage\":\"sr-RS\",\"@id\":\"https:\/\/president-ksgov.net\/fjalimi-i-presidentes-jahjaga-ne-forumin-evropian-alpbach-ne-austri-2\/#primaryimage\",\"url\":\"https:\/\/president-ksgov.net\/wp-content\/uploads\/04_09_2014_6026019_0_fjalimi_Alpbach_2508.jpg\",\"contentUrl\":\"https:\/\/president-ksgov.net\/wp-content\/uploads\/04_09_2014_6026019_0_fjalimi_Alpbach_2508.jpg\",\"width\":1000,\"height\":612},{\"@type\":\"BreadcrumbList\",\"@id\":\"https:\/\/president-ksgov.net\/fjalimi-i-presidentes-jahjaga-ne-forumin-evropian-alpbach-ne-austri-2\/#breadcrumb\",\"itemListElement\":[{\"@type\":\"ListItem\",\"position\":1,\"name\":\"Home\",\"item\":\"https:\/\/president-ksgov.net\/sr\/\"},{\"@type\":\"ListItem\",\"position\":2,\"name\":\"Govor Predsednice Jahjaga u Evropski Forum Alpbach u Austriju\"}]},{\"@type\":\"WebSite\",\"@id\":\"https:\/\/president-ksgov.net\/#website\",\"url\":\"https:\/\/president-ksgov.net\/\",\"name\":\"Presidente e Republik\u00ebs s\u00eb Kosov\u00ebs\",\"description\":\"Presidente e Republik\u00ebs s\u00eb Kosov\u00ebs\",\"alternateName\":\"DR. VJOSA OSMANI - SADRIU\",\"potentialAction\":[{\"@type\":\"SearchAction\",\"target\":{\"@type\":\"EntryPoint\",\"urlTemplate\":\"https:\/\/president-ksgov.net\/?s={search_term_string}\"},\"query-input\":{\"@type\":\"PropertyValueSpecification\",\"valueRequired\":true,\"valueName\":\"search_term_string\"}}],\"inLanguage\":\"sr-RS\"},{\"@type\":\"Person\",\"@id\":\"https:\/\/president-ksgov.net\/#\/schema\/person\/bb4337a5fb147cb2046d80548172cbee\",\"name\":\"admin\",\"image\":{\"@type\":\"ImageObject\",\"inLanguage\":\"sr-RS\",\"@id\":\"https:\/\/president-ksgov.net\/#\/schema\/person\/image\/\",\"url\":\"https:\/\/secure.gravatar.com\/avatar\/36156ca0fa3b8d9d25174f146e16beea0cf28f37adf1b9e19b6c9c279a7c9dd3?s=96&d=mm&r=g\",\"contentUrl\":\"https:\/\/secure.gravatar.com\/avatar\/36156ca0fa3b8d9d25174f146e16beea0cf28f37adf1b9e19b6c9c279a7c9dd3?s=96&d=mm&r=g\",\"caption\":\"admin\"},\"sameAs\":[\"https:\/\/president-ksgov.net\"]}]}<\/script>\n<!-- \/ Yoast SEO plugin. -->","yoast_head_json":{"title":"Govor Predsednice Jahjaga u Evropski Forum Alpbach u Austriju - Predsednik Republike Kosovo - DR. VJOSA OSMANI - SADRIU","description":"Govor Predsednice Jahjaga u Evropski Forum Alpbach u Austriju - Predsednik Republike Kosovo - DR. VJOSA OSMANI - SADRIU -","robots":{"index":"index","follow":"follow","max-snippet":"max-snippet:-1","max-image-preview":"max-image-preview:large","max-video-preview":"max-video-preview:-1"},"canonical":"https:\/\/president-ksgov.net\/fjalimi-i-presidentes-jahjaga-ne-forumin-evropian-alpbach-ne-austri-2\/","og_locale":"sr_RS","og_type":"article","og_title":"Govor Predsednice Jahjaga u Evropski Forum Alpbach u Austriju - Predsednik Republike Kosovo - DR. VJOSA OSMANI - SADRIU","og_description":"Govor Predsednice Jahjaga u Evropski Forum Alpbach u Austriju - Predsednik Republike Kosovo - DR. VJOSA OSMANI - SADRIU -","og_url":"https:\/\/president-ksgov.net\/fjalimi-i-presidentes-jahjaga-ne-forumin-evropian-alpbach-ne-austri-2\/","og_site_name":"Predsednik Republike Kosovo - DR. VJOSA OSMANI - SADRIU","article_published_time":"2014-08-25T19:07:01+00:00","og_image":[{"width":1000,"height":612,"url":"https:\/\/president-ksgov.net\/wp-content\/uploads\/04_09_2014_6026019_0_fjalimi_Alpbach_2508.jpg","type":"image\/jpeg"}],"author":"admin","twitter_card":"summary_large_image","twitter_misc":{"\u041d\u0430\u043f\u0438\u0441\u0430\u043d\u043e \u043e\u0434":"admin","\u041f\u0440\u043e\u0446\u0435\u045a\u0435\u043d\u043e \u0432\u0440\u0435\u043c\u0435 \u0447\u0438\u0442\u0430\u045a\u0430":"4 \u043c\u0438\u043d\u0443\u0442\u0430"},"schema":{"@context":"https:\/\/schema.org","@graph":[{"@type":"WebPage","@id":"https:\/\/president-ksgov.net\/fjalimi-i-presidentes-jahjaga-ne-forumin-evropian-alpbach-ne-austri-2\/","url":"https:\/\/president-ksgov.net\/fjalimi-i-presidentes-jahjaga-ne-forumin-evropian-alpbach-ne-austri-2\/","name":"Govor Predsednice Jahjaga u Evropski Forum Alpbach u Austriju - Predsednik Republike Kosovo - DR. VJOSA OSMANI - SADRIU","isPartOf":{"@id":"https:\/\/president-ksgov.net\/#website"},"primaryImageOfPage":{"@id":"https:\/\/president-ksgov.net\/fjalimi-i-presidentes-jahjaga-ne-forumin-evropian-alpbach-ne-austri-2\/#primaryimage"},"image":{"@id":"https:\/\/president-ksgov.net\/fjalimi-i-presidentes-jahjaga-ne-forumin-evropian-alpbach-ne-austri-2\/#primaryimage"},"thumbnailUrl":"https:\/\/president-ksgov.net\/wp-content\/uploads\/04_09_2014_6026019_0_fjalimi_Alpbach_2508.jpg","datePublished":"2014-08-25T19:07:01+00:00","dateModified":"2014-08-25T19:07:01+00:00","author":{"@id":"https:\/\/president-ksgov.net\/#\/schema\/person\/bb4337a5fb147cb2046d80548172cbee"},"description":"Govor Predsednice Jahjaga u Evropski Forum Alpbach u Austriju - Predsednik Republike Kosovo - DR. VJOSA OSMANI - SADRIU -","breadcrumb":{"@id":"https:\/\/president-ksgov.net\/fjalimi-i-presidentes-jahjaga-ne-forumin-evropian-alpbach-ne-austri-2\/#breadcrumb"},"inLanguage":"sr-RS","potentialAction":[{"@type":"ReadAction","target":["https:\/\/president-ksgov.net\/fjalimi-i-presidentes-jahjaga-ne-forumin-evropian-alpbach-ne-austri-2\/"]}]},{"@type":"ImageObject","inLanguage":"sr-RS","@id":"https:\/\/president-ksgov.net\/fjalimi-i-presidentes-jahjaga-ne-forumin-evropian-alpbach-ne-austri-2\/#primaryimage","url":"https:\/\/president-ksgov.net\/wp-content\/uploads\/04_09_2014_6026019_0_fjalimi_Alpbach_2508.jpg","contentUrl":"https:\/\/president-ksgov.net\/wp-content\/uploads\/04_09_2014_6026019_0_fjalimi_Alpbach_2508.jpg","width":1000,"height":612},{"@type":"BreadcrumbList","@id":"https:\/\/president-ksgov.net\/fjalimi-i-presidentes-jahjaga-ne-forumin-evropian-alpbach-ne-austri-2\/#breadcrumb","itemListElement":[{"@type":"ListItem","position":1,"name":"Home","item":"https:\/\/president-ksgov.net\/sr\/"},{"@type":"ListItem","position":2,"name":"Govor Predsednice Jahjaga u Evropski Forum Alpbach u Austriju"}]},{"@type":"WebSite","@id":"https:\/\/president-ksgov.net\/#website","url":"https:\/\/president-ksgov.net\/","name":"Presidente e Republik\u00ebs s\u00eb Kosov\u00ebs","description":"Presidente e Republik\u00ebs s\u00eb Kosov\u00ebs","alternateName":"DR. VJOSA OSMANI - SADRIU","potentialAction":[{"@type":"SearchAction","target":{"@type":"EntryPoint","urlTemplate":"https:\/\/president-ksgov.net\/?s={search_term_string}"},"query-input":{"@type":"PropertyValueSpecification","valueRequired":true,"valueName":"search_term_string"}}],"inLanguage":"sr-RS"},{"@type":"Person","@id":"https:\/\/president-ksgov.net\/#\/schema\/person\/bb4337a5fb147cb2046d80548172cbee","name":"admin","image":{"@type":"ImageObject","inLanguage":"sr-RS","@id":"https:\/\/president-ksgov.net\/#\/schema\/person\/image\/","url":"https:\/\/secure.gravatar.com\/avatar\/36156ca0fa3b8d9d25174f146e16beea0cf28f37adf1b9e19b6c9c279a7c9dd3?s=96&d=mm&r=g","contentUrl":"https:\/\/secure.gravatar.com\/avatar\/36156ca0fa3b8d9d25174f146e16beea0cf28f37adf1b9e19b6c9c279a7c9dd3?s=96&d=mm&r=g","caption":"admin"},"sameAs":["https:\/\/president-ksgov.net"]}]}},"_links":{"self":[{"href":"https:\/\/president-ksgov.net\/sr\/wp-json\/wp\/v2\/posts\/77734","targetHints":{"allow":["GET"]}}],"collection":[{"href":"https:\/\/president-ksgov.net\/sr\/wp-json\/wp\/v2\/posts"}],"about":[{"href":"https:\/\/president-ksgov.net\/sr\/wp-json\/wp\/v2\/types\/post"}],"author":[{"embeddable":true,"href":"https:\/\/president-ksgov.net\/sr\/wp-json\/wp\/v2\/users\/1"}],"replies":[{"embeddable":true,"href":"https:\/\/president-ksgov.net\/sr\/wp-json\/wp\/v2\/comments?post=77734"}],"version-history":[{"count":0,"href":"https:\/\/president-ksgov.net\/sr\/wp-json\/wp\/v2\/posts\/77734\/revisions"}],"wp:featuredmedia":[{"embeddable":true,"href":"https:\/\/president-ksgov.net\/sr\/wp-json\/wp\/v2\/media\/44015"}],"wp:attachment":[{"href":"https:\/\/president-ksgov.net\/sr\/wp-json\/wp\/v2\/media?parent=77734"}],"wp:term":[{"taxonomy":"category","embeddable":true,"href":"https:\/\/president-ksgov.net\/sr\/wp-json\/wp\/v2\/categories?post=77734"},{"taxonomy":"post_tag","embeddable":true,"href":"https:\/\/president-ksgov.net\/sr\/wp-json\/wp\/v2\/tags?post=77734"}],"curies":[{"name":"wp","href":"https:\/\/api.w.org\/{rel}","templated":true}]}}