{"id":77730,"date":"2014-08-29T22:52:31","date_gmt":"2014-08-29T22:52:31","guid":{"rendered":"https:\/\/dev.president-ksgov.net\/predsednica-atifete-jahjaga-se-sastala-sa-predsednikom-pakistana-mamnoon-hussain\/"},"modified":"2014-08-29T22:52:31","modified_gmt":"2014-08-29T22:52:31","slug":"predsednica-atifete-jahjaga-se-sastala-sa-predsednikom-pakistana-mamnoon-hussain","status":"publish","type":"post","link":"https:\/\/president-ksgov.net\/sr\/predsednica-atifete-jahjaga-se-sastala-sa-predsednikom-pakistana-mamnoon-hussain\/","title":{"rendered":"Predsednica Atifete Jahjaga se sastala sa Predsednikom Pakistana, Mamnoon Hussain"},"content":{"rendered":"<p>Predsednica Republike Kosovo, gospo\u0111a Atifete Jahjaga, danas se, u Ankara Turske, sastala sa Predsednikom Pakistana, gospodinom Mamnoon Hussain, sa kojim je razgovarala o odnosima izme\u0111u dve zemlje i me\u0111unarodnoj konsolidaciji Kosova.<\/p>\n<p>Predsednica Jahjaga i Predsednik Hussain su istakli potrebu pro&#353;irenje saradnje izme\u0111u dve zemlje u svim oblastima, sa posebnim naglaskom u oblasti ekonomije.<\/p>\n<p>Predsednica Jahjaga je rekla da pomo\u0107 Pakistana za Kosovo, jo&#353; od zavr&#353;etka rata, putem u\u010de&#353;\u0107e u me\u0111unarodne misije, je bila va&#382;na i istakla potrebu izgradnje dobrih odnosa izme\u0111u dve zemlje.<\/p>\n<p>Govore\u0107i o procesu me\u0111unarodne konsolidacije Kosova, Predsednica Jahjaga je istakla da, osim \u010dlanstva u svim regionalnim inicijativama, EZ-e i NATO, Kosovo cilja sprovo\u0111enje procesa \u010dlanstva i u OUN i za to je neophodna pomo\u0107 zemalja koje nas podr&#382;avaju. Predsednica Jahjaga je rekla da Pakistan, kao zemlja od uticaja u delu Azije, mo&#382;e pomo\u0107i Kosovo u proces priznavanja i \u010dlanstva u razne me\u0111unarodne inicijative, posebno za priznavanje nezavisnosti od strane \u010dlanica Organizacije Islamske Konferencije.<\/p>\n<p>Predsednica Jahjaga je istakla da Kosovo igra jednu va&#382;nu ulogu faktora mira i stabilnosti u regionu Zapadnog Balkana i kao promoter dobro-susedstva. Ona je rekla da se Kosovo gradi kao jedna demokratska i sveobuhvatna dr&#382;ava i pru&#382;a veliki potencijal za inostrane investicije, uklju\u010duju\u0107i i dobru zakonsku infrastrukturu koja poma&#382;e klimu biznisa.<\/p>\n<p>Predsednica Jahjaga je pozvala Predsednika Hussain da poseti Kosovo u jednom, za njega, povoljnom periodu.<\/p>\n<p>Predsednik Pakistana, gospodin Mamnoon Hussain, je rekao da Pakistan visoko ceni odnose sa Kosovom i prou\u010dava mogu\u0107nosti pro&#353;irenja saradnje izme\u0111u dve zemlje putem trgova\u010dke razmene, i raznim posetama. On je rekao da \u0107e\u00a0 pomo\u0107\u00a0 Pakistana za Kosovo nastaviti biti potpuna i osigurao Predsednicu Jahjaga za potpunu podr&#353;ku njegove zemlje u procesu me\u0111unarodne konsolidacije Kosova, posebno njenog \u010dlanstva u va&#382;nim me\u0111unarodnim organizacijama, uklju\u010duju\u0107i tu i Organizaciju Islamske Konferencije.<\/p>\n","protected":false},"excerpt":{"rendered":"<p>Predsednica Republike Kosovo, gospo\u0111a Atifete Jahjaga, danas se, u Ankara Turske, sastala sa Predsednikom Pakistana, gospodinom Mamnoon Hussain, sa kojim je razgovarala o odnosima izme\u0111u dve zemlje i me\u0111unarodnoj konsolidaciji Kosova.<\/p>\n","protected":false},"author":1,"featured_media":43948,"comment_status":"open","ping_status":"closed","sticky":false,"template":"","format":"standard","meta":{"_eb_attr":"","footnotes":""},"categories":[101],"tags":[],"class_list":["post-77730","post","type-post","status-publish","format-standard","has-post-thumbnail","hentry","category-vesti"],"yoast_head":"<!-- This site is optimized with the Yoast SEO plugin v23.5 - https:\/\/yoast.com\/wordpress\/plugins\/seo\/ -->\n<title>Predsednica Atifete Jahjaga se sastala sa Predsednikom Pakistana, Mamnoon Hussain - Predsednik Republike Kosovo - DR. VJOSA OSMANI - SADRIU<\/title>\n<meta name=\"description\" content=\"Predsednica Atifete Jahjaga se sastala sa Predsednikom Pakistana, Mamnoon Hussain - Predsednik Republike Kosovo - DR. VJOSA OSMANI - SADRIU -\" \/>\n<meta name=\"robots\" content=\"index, follow, max-snippet:-1, max-image-preview:large, max-video-preview:-1\" \/>\n<link rel=\"canonical\" href=\"https:\/\/president-ksgov.net\/presidentja-atifete-jahjaga-u-takua-me-presidentin-e-pakistanit-mamnoon-hussain\/\" \/>\n<meta property=\"og:locale\" content=\"sr_RS\" \/>\n<meta property=\"og:type\" content=\"article\" \/>\n<meta property=\"og:title\" content=\"Predsednica Atifete Jahjaga se sastala sa Predsednikom Pakistana, Mamnoon Hussain - Predsednik Republike Kosovo - DR. VJOSA OSMANI - SADRIU\" \/>\n<meta property=\"og:description\" content=\"Predsednica Atifete Jahjaga se sastala sa Predsednikom Pakistana, Mamnoon Hussain - Predsednik Republike Kosovo - DR. VJOSA OSMANI - SADRIU -\" \/>\n<meta property=\"og:url\" content=\"https:\/\/president-ksgov.net\/presidentja-atifete-jahjaga-u-takua-me-presidentin-e-pakistanit-mamnoon-hussain\/\" \/>\n<meta property=\"og:site_name\" content=\"Predsednik Republike Kosovo - DR. VJOSA OSMANI - SADRIU\" \/>\n<meta property=\"article:published_time\" content=\"2014-08-29T22:52:31+00:00\" \/>\n<meta property=\"og:image\" content=\"https:\/\/president-ksgov.net\/wp-content\/uploads\/04_09_2014_5153179_29_gusht_2014_1_Hussain.jpg\" \/>\n\t<meta property=\"og:image:width\" content=\"974\" \/>\n\t<meta property=\"og:image:height\" content=\"768\" \/>\n\t<meta property=\"og:image:type\" content=\"image\/jpeg\" \/>\n<meta name=\"author\" content=\"admin\" \/>\n<meta name=\"twitter:card\" content=\"summary_large_image\" \/>\n<meta name=\"twitter:label1\" content=\"\u041d\u0430\u043f\u0438\u0441\u0430\u043d\u043e \u043e\u0434\" \/>\n\t<meta name=\"twitter:data1\" content=\"admin\" \/>\n\t<meta name=\"twitter:label2\" content=\"\u041f\u0440\u043e\u0446\u0435\u045a\u0435\u043d\u043e \u0432\u0440\u0435\u043c\u0435 \u0447\u0438\u0442\u0430\u045a\u0430\" \/>\n\t<meta name=\"twitter:data2\" content=\"2 \u043c\u0438\u043d\u0443\u0442\u0430\" \/>\n<script type=\"application\/ld+json\" class=\"yoast-schema-graph\">{\"@context\":\"https:\/\/schema.org\",\"@graph\":[{\"@type\":\"WebPage\",\"@id\":\"https:\/\/president-ksgov.net\/presidentja-atifete-jahjaga-u-takua-me-presidentin-e-pakistanit-mamnoon-hussain\/\",\"url\":\"https:\/\/president-ksgov.net\/presidentja-atifete-jahjaga-u-takua-me-presidentin-e-pakistanit-mamnoon-hussain\/\",\"name\":\"Predsednica Atifete Jahjaga se sastala sa Predsednikom Pakistana, Mamnoon Hussain - Predsednik Republike Kosovo - DR. VJOSA OSMANI - SADRIU\",\"isPartOf\":{\"@id\":\"https:\/\/president-ksgov.net\/#website\"},\"primaryImageOfPage\":{\"@id\":\"https:\/\/president-ksgov.net\/presidentja-atifete-jahjaga-u-takua-me-presidentin-e-pakistanit-mamnoon-hussain\/#primaryimage\"},\"image\":{\"@id\":\"https:\/\/president-ksgov.net\/presidentja-atifete-jahjaga-u-takua-me-presidentin-e-pakistanit-mamnoon-hussain\/#primaryimage\"},\"thumbnailUrl\":\"https:\/\/president-ksgov.net\/wp-content\/uploads\/04_09_2014_5153179_29_gusht_2014_1_Hussain.jpg\",\"datePublished\":\"2014-08-29T22:52:31+00:00\",\"dateModified\":\"2014-08-29T22:52:31+00:00\",\"author\":{\"@id\":\"https:\/\/president-ksgov.net\/#\/schema\/person\/bb4337a5fb147cb2046d80548172cbee\"},\"description\":\"Predsednica Atifete Jahjaga se sastala sa Predsednikom Pakistana, Mamnoon Hussain - Predsednik Republike Kosovo - DR. VJOSA OSMANI - SADRIU -\",\"breadcrumb\":{\"@id\":\"https:\/\/president-ksgov.net\/presidentja-atifete-jahjaga-u-takua-me-presidentin-e-pakistanit-mamnoon-hussain\/#breadcrumb\"},\"inLanguage\":\"sr-RS\",\"potentialAction\":[{\"@type\":\"ReadAction\",\"target\":[\"https:\/\/president-ksgov.net\/presidentja-atifete-jahjaga-u-takua-me-presidentin-e-pakistanit-mamnoon-hussain\/\"]}]},{\"@type\":\"ImageObject\",\"inLanguage\":\"sr-RS\",\"@id\":\"https:\/\/president-ksgov.net\/presidentja-atifete-jahjaga-u-takua-me-presidentin-e-pakistanit-mamnoon-hussain\/#primaryimage\",\"url\":\"https:\/\/president-ksgov.net\/wp-content\/uploads\/04_09_2014_5153179_29_gusht_2014_1_Hussain.jpg\",\"contentUrl\":\"https:\/\/president-ksgov.net\/wp-content\/uploads\/04_09_2014_5153179_29_gusht_2014_1_Hussain.jpg\",\"width\":974,\"height\":768},{\"@type\":\"BreadcrumbList\",\"@id\":\"https:\/\/president-ksgov.net\/presidentja-atifete-jahjaga-u-takua-me-presidentin-e-pakistanit-mamnoon-hussain\/#breadcrumb\",\"itemListElement\":[{\"@type\":\"ListItem\",\"position\":1,\"name\":\"Home\",\"item\":\"https:\/\/president-ksgov.net\/sr\/\"},{\"@type\":\"ListItem\",\"position\":2,\"name\":\"Predsednica Atifete Jahjaga se sastala sa Predsednikom Pakistana, Mamnoon Hussain\"}]},{\"@type\":\"WebSite\",\"@id\":\"https:\/\/president-ksgov.net\/#website\",\"url\":\"https:\/\/president-ksgov.net\/\",\"name\":\"Presidente e Republik\u00ebs s\u00eb Kosov\u00ebs\",\"description\":\"Presidente e Republik\u00ebs s\u00eb Kosov\u00ebs\",\"alternateName\":\"DR. VJOSA OSMANI - SADRIU\",\"potentialAction\":[{\"@type\":\"SearchAction\",\"target\":{\"@type\":\"EntryPoint\",\"urlTemplate\":\"https:\/\/president-ksgov.net\/?s={search_term_string}\"},\"query-input\":{\"@type\":\"PropertyValueSpecification\",\"valueRequired\":true,\"valueName\":\"search_term_string\"}}],\"inLanguage\":\"sr-RS\"},{\"@type\":\"Person\",\"@id\":\"https:\/\/president-ksgov.net\/#\/schema\/person\/bb4337a5fb147cb2046d80548172cbee\",\"name\":\"admin\",\"image\":{\"@type\":\"ImageObject\",\"inLanguage\":\"sr-RS\",\"@id\":\"https:\/\/president-ksgov.net\/#\/schema\/person\/image\/\",\"url\":\"https:\/\/secure.gravatar.com\/avatar\/36156ca0fa3b8d9d25174f146e16beea0cf28f37adf1b9e19b6c9c279a7c9dd3?s=96&d=mm&r=g\",\"contentUrl\":\"https:\/\/secure.gravatar.com\/avatar\/36156ca0fa3b8d9d25174f146e16beea0cf28f37adf1b9e19b6c9c279a7c9dd3?s=96&d=mm&r=g\",\"caption\":\"admin\"},\"sameAs\":[\"https:\/\/president-ksgov.net\"]}]}<\/script>\n<!-- \/ Yoast SEO plugin. -->","yoast_head_json":{"title":"Predsednica Atifete Jahjaga se sastala sa Predsednikom Pakistana, Mamnoon Hussain - Predsednik Republike Kosovo - DR. VJOSA OSMANI - SADRIU","description":"Predsednica Atifete Jahjaga se sastala sa Predsednikom Pakistana, Mamnoon Hussain - Predsednik Republike Kosovo - DR. VJOSA OSMANI - SADRIU -","robots":{"index":"index","follow":"follow","max-snippet":"max-snippet:-1","max-image-preview":"max-image-preview:large","max-video-preview":"max-video-preview:-1"},"canonical":"https:\/\/president-ksgov.net\/presidentja-atifete-jahjaga-u-takua-me-presidentin-e-pakistanit-mamnoon-hussain\/","og_locale":"sr_RS","og_type":"article","og_title":"Predsednica Atifete Jahjaga se sastala sa Predsednikom Pakistana, Mamnoon Hussain - Predsednik Republike Kosovo - DR. VJOSA OSMANI - SADRIU","og_description":"Predsednica Atifete Jahjaga se sastala sa Predsednikom Pakistana, Mamnoon Hussain - Predsednik Republike Kosovo - DR. VJOSA OSMANI - SADRIU -","og_url":"https:\/\/president-ksgov.net\/presidentja-atifete-jahjaga-u-takua-me-presidentin-e-pakistanit-mamnoon-hussain\/","og_site_name":"Predsednik Republike Kosovo - DR. VJOSA OSMANI - SADRIU","article_published_time":"2014-08-29T22:52:31+00:00","og_image":[{"width":974,"height":768,"url":"https:\/\/president-ksgov.net\/wp-content\/uploads\/04_09_2014_5153179_29_gusht_2014_1_Hussain.jpg","type":"image\/jpeg"}],"author":"admin","twitter_card":"summary_large_image","twitter_misc":{"\u041d\u0430\u043f\u0438\u0441\u0430\u043d\u043e \u043e\u0434":"admin","\u041f\u0440\u043e\u0446\u0435\u045a\u0435\u043d\u043e \u0432\u0440\u0435\u043c\u0435 \u0447\u0438\u0442\u0430\u045a\u0430":"2 \u043c\u0438\u043d\u0443\u0442\u0430"},"schema":{"@context":"https:\/\/schema.org","@graph":[{"@type":"WebPage","@id":"https:\/\/president-ksgov.net\/presidentja-atifete-jahjaga-u-takua-me-presidentin-e-pakistanit-mamnoon-hussain\/","url":"https:\/\/president-ksgov.net\/presidentja-atifete-jahjaga-u-takua-me-presidentin-e-pakistanit-mamnoon-hussain\/","name":"Predsednica Atifete Jahjaga se sastala sa Predsednikom Pakistana, Mamnoon Hussain - Predsednik Republike Kosovo - DR. VJOSA OSMANI - SADRIU","isPartOf":{"@id":"https:\/\/president-ksgov.net\/#website"},"primaryImageOfPage":{"@id":"https:\/\/president-ksgov.net\/presidentja-atifete-jahjaga-u-takua-me-presidentin-e-pakistanit-mamnoon-hussain\/#primaryimage"},"image":{"@id":"https:\/\/president-ksgov.net\/presidentja-atifete-jahjaga-u-takua-me-presidentin-e-pakistanit-mamnoon-hussain\/#primaryimage"},"thumbnailUrl":"https:\/\/president-ksgov.net\/wp-content\/uploads\/04_09_2014_5153179_29_gusht_2014_1_Hussain.jpg","datePublished":"2014-08-29T22:52:31+00:00","dateModified":"2014-08-29T22:52:31+00:00","author":{"@id":"https:\/\/president-ksgov.net\/#\/schema\/person\/bb4337a5fb147cb2046d80548172cbee"},"description":"Predsednica Atifete Jahjaga se sastala sa Predsednikom Pakistana, Mamnoon Hussain - Predsednik Republike Kosovo - DR. VJOSA OSMANI - SADRIU -","breadcrumb":{"@id":"https:\/\/president-ksgov.net\/presidentja-atifete-jahjaga-u-takua-me-presidentin-e-pakistanit-mamnoon-hussain\/#breadcrumb"},"inLanguage":"sr-RS","potentialAction":[{"@type":"ReadAction","target":["https:\/\/president-ksgov.net\/presidentja-atifete-jahjaga-u-takua-me-presidentin-e-pakistanit-mamnoon-hussain\/"]}]},{"@type":"ImageObject","inLanguage":"sr-RS","@id":"https:\/\/president-ksgov.net\/presidentja-atifete-jahjaga-u-takua-me-presidentin-e-pakistanit-mamnoon-hussain\/#primaryimage","url":"https:\/\/president-ksgov.net\/wp-content\/uploads\/04_09_2014_5153179_29_gusht_2014_1_Hussain.jpg","contentUrl":"https:\/\/president-ksgov.net\/wp-content\/uploads\/04_09_2014_5153179_29_gusht_2014_1_Hussain.jpg","width":974,"height":768},{"@type":"BreadcrumbList","@id":"https:\/\/president-ksgov.net\/presidentja-atifete-jahjaga-u-takua-me-presidentin-e-pakistanit-mamnoon-hussain\/#breadcrumb","itemListElement":[{"@type":"ListItem","position":1,"name":"Home","item":"https:\/\/president-ksgov.net\/sr\/"},{"@type":"ListItem","position":2,"name":"Predsednica Atifete Jahjaga se sastala sa Predsednikom Pakistana, Mamnoon Hussain"}]},{"@type":"WebSite","@id":"https:\/\/president-ksgov.net\/#website","url":"https:\/\/president-ksgov.net\/","name":"Presidente e Republik\u00ebs s\u00eb Kosov\u00ebs","description":"Presidente e Republik\u00ebs s\u00eb Kosov\u00ebs","alternateName":"DR. VJOSA OSMANI - SADRIU","potentialAction":[{"@type":"SearchAction","target":{"@type":"EntryPoint","urlTemplate":"https:\/\/president-ksgov.net\/?s={search_term_string}"},"query-input":{"@type":"PropertyValueSpecification","valueRequired":true,"valueName":"search_term_string"}}],"inLanguage":"sr-RS"},{"@type":"Person","@id":"https:\/\/president-ksgov.net\/#\/schema\/person\/bb4337a5fb147cb2046d80548172cbee","name":"admin","image":{"@type":"ImageObject","inLanguage":"sr-RS","@id":"https:\/\/president-ksgov.net\/#\/schema\/person\/image\/","url":"https:\/\/secure.gravatar.com\/avatar\/36156ca0fa3b8d9d25174f146e16beea0cf28f37adf1b9e19b6c9c279a7c9dd3?s=96&d=mm&r=g","contentUrl":"https:\/\/secure.gravatar.com\/avatar\/36156ca0fa3b8d9d25174f146e16beea0cf28f37adf1b9e19b6c9c279a7c9dd3?s=96&d=mm&r=g","caption":"admin"},"sameAs":["https:\/\/president-ksgov.net"]}]}},"_links":{"self":[{"href":"https:\/\/president-ksgov.net\/sr\/wp-json\/wp\/v2\/posts\/77730","targetHints":{"allow":["GET"]}}],"collection":[{"href":"https:\/\/president-ksgov.net\/sr\/wp-json\/wp\/v2\/posts"}],"about":[{"href":"https:\/\/president-ksgov.net\/sr\/wp-json\/wp\/v2\/types\/post"}],"author":[{"embeddable":true,"href":"https:\/\/president-ksgov.net\/sr\/wp-json\/wp\/v2\/users\/1"}],"replies":[{"embeddable":true,"href":"https:\/\/president-ksgov.net\/sr\/wp-json\/wp\/v2\/comments?post=77730"}],"version-history":[{"count":0,"href":"https:\/\/president-ksgov.net\/sr\/wp-json\/wp\/v2\/posts\/77730\/revisions"}],"wp:featuredmedia":[{"embeddable":true,"href":"https:\/\/president-ksgov.net\/sr\/wp-json\/wp\/v2\/media\/43948"}],"wp:attachment":[{"href":"https:\/\/president-ksgov.net\/sr\/wp-json\/wp\/v2\/media?parent=77730"}],"wp:term":[{"taxonomy":"category","embeddable":true,"href":"https:\/\/president-ksgov.net\/sr\/wp-json\/wp\/v2\/categories?post=77730"},{"taxonomy":"post_tag","embeddable":true,"href":"https:\/\/president-ksgov.net\/sr\/wp-json\/wp\/v2\/tags?post=77730"}],"curies":[{"name":"wp","href":"https:\/\/api.w.org\/{rel}","templated":true}]}}