{"id":77727,"date":"2014-09-01T23:01:50","date_gmt":"2014-09-01T23:01:50","guid":{"rendered":"https:\/\/dev.president-ksgov.net\/cestitka-predsednice-jahjaga-povodom-pocetka-nove-kolske-godine\/"},"modified":"2014-09-01T23:01:50","modified_gmt":"2014-09-01T23:01:50","slug":"cestitka-predsednice-jahjaga-povodom-pocetka-nove-kolske-godine","status":"publish","type":"post","link":"https:\/\/president-ksgov.net\/sr\/cestitka-predsednice-jahjaga-povodom-pocetka-nove-kolske-godine\/","title":{"rendered":"\u010cestitka Predsednice Jahjaga povodom po\u010detka nove &#154;kolske godine"},"content":{"rendered":"<p>Predsednica Republike Kosovo, gospo\u0111a Atifete Jahjaga je, povodom po\u010detka nove 2014\/2015 &#353;kolske godine, uputila \u010destitke u\u010denicima, nastavnicima i roditeljima.<\/p>\n<p>U \u010destitki se ka&#382;e:<\/p>\n<p>Na dan po\u010detka jo&#353; jedne nove &#353;kolske godine,\u010destitam svim u\u010denicima, nastavnicima i roditeljima uz &#382;elju\u00a0 za jednu uspe&#353;nu i naprednu godinu.<\/p>\n<p>Posebne \u010destitke za sve u\u010denike koji danas po prvi put sede u &#353;kolske klupe, sa po\u010detkom jednog novog i va&#382;nog poglavlja za njihov &#382;ivot, od danas ispunjenog sa izazovima i zahtevima za znanjem i novim razvojem.<\/p>\n<p>Nastavnicima Republike Kosovo \u010destitam jednu naprednu godinu i neprestano anga&#382;ovanje za uredan tok nastavnog procesa i posve\u0107enje uz stalnu spremnost za pra\u0107enje savremenih vaspitno-obrazovnih tokova i prenos kod u\u010denika onog znanja i vaspitanja koje zahteva dana&#353;nje vreme, vreme vrlo dinami\u010dnog razvoja dru&#353;tva.<\/p>\n<p>Danas Kosovu je potrebno jedno kvalitetno obrazovanje, sa jednim reformiranim obrazovnim sistemom i profesionalnim osposobljavanjem za predavanje. Treba isto tako potpuno anga&#382;ovanje svih na&#353;ih institucija za pru&#382;anje jednog pravednog obrazovnog sistema, koji \u0107e na&#353;oj deci omogu\u0107iti jedno kvalitetno &#353;kolovanje. Obrazovanje je osnov izgradnje dru&#353;tva, sna&#382;an temelj budu\u0107nosti na&#353;e zemlje i njenog op&#353;teg razvoja.<\/p>\n<p>Ova godina treba da obele&#382;ava veliki preokret u obrazovni sistem, jedan preokret koji \u0107e pomo\u0107i i u\u010denika, i u\u010ditelja, i roditelje za izgradnju jedne budu\u0107nosti zasnovane na znanje koje \u0107e menjati na&#353;u sada&#353;njost.<\/p>\n<p>Reforma u obrazovanje je neophodna jer \u0107e na&#353;u decu i omladinu odr&#382;ati u otad&#382;binu, koji \u0107e svojim doprinosom pomo\u0107i svoju dr&#382;avu.<\/p>\n<p>Uz nadu da \u0107e ova &#353;kolska godina sve nas na\u0107i anga&#382;ovane i sa ve\u0107im rezultatima, \u010destitam i &#382;elim jedan uredan po\u010detak i jednu godinu sveukupnog preokreta i uspeha.<\/p>\n","protected":false},"excerpt":{"rendered":"<p>Predsednica Republike Kosovo, gospo\u0111a Atifete Jahjaga je, povodom po\u010detka nove 2014\/2015 &#353;kolske godine, uputila \u010destitke u\u010denicima, nastavnicima i roditeljima.<\/p>\n","protected":false},"author":1,"featured_media":86338,"comment_status":"open","ping_status":"closed","sticky":false,"template":"","format":"standard","meta":{"_eb_attr":"","footnotes":""},"categories":[101],"tags":[],"class_list":["post-77727","post","type-post","status-publish","format-standard","has-post-thumbnail","hentry","category-vesti"],"yoast_head":"<!-- This site is optimized with the Yoast SEO plugin v23.5 - https:\/\/yoast.com\/wordpress\/plugins\/seo\/ -->\n<title>\u010cestitka Predsednice Jahjaga povodom po\u010detka nove &#154;kolske godine - Predsednik Republike Kosovo - DR. VJOSA OSMANI - SADRIU<\/title>\n<meta name=\"description\" content=\"\u010cestitka Predsednice Jahjaga povodom po\u010detka nove &#154;kolske godine - Predsednik Republike Kosovo - DR. VJOSA OSMANI - SADRIU -\" \/>\n<meta name=\"robots\" content=\"index, follow, max-snippet:-1, max-image-preview:large, max-video-preview:-1\" \/>\n<link rel=\"canonical\" href=\"https:\/\/president-ksgov.net\/urimi-i-presidentes-jahjaga-me-rastin-e-fillimit-te-vitit-te-ri-shkollor\/\" \/>\n<meta property=\"og:locale\" content=\"sr_RS\" \/>\n<meta property=\"og:type\" content=\"article\" \/>\n<meta property=\"og:title\" content=\"\u010cestitka Predsednice Jahjaga povodom po\u010detka nove &#154;kolske godine - Predsednik Republike Kosovo - DR. VJOSA OSMANI - SADRIU\" \/>\n<meta property=\"og:description\" content=\"\u010cestitka Predsednice Jahjaga povodom po\u010detka nove &#154;kolske godine - Predsednik Republike Kosovo - DR. VJOSA OSMANI - SADRIU -\" \/>\n<meta property=\"og:url\" content=\"https:\/\/president-ksgov.net\/urimi-i-presidentes-jahjaga-me-rastin-e-fillimit-te-vitit-te-ri-shkollor\/\" \/>\n<meta property=\"og:site_name\" content=\"Predsednik Republike Kosovo - DR. VJOSA OSMANI - SADRIU\" \/>\n<meta property=\"article:published_time\" content=\"2014-09-01T23:01:50+00:00\" \/>\n<meta property=\"og:image\" content=\"https:\/\/president-ksgov.net\/wp-content\/uploads\/Zyra-e-Presidentes-Featured-Image1-e1678970937938.png\" \/>\n\t<meta property=\"og:image:width\" content=\"1024\" \/>\n\t<meta property=\"og:image:height\" content=\"716\" \/>\n\t<meta property=\"og:image:type\" content=\"image\/png\" \/>\n<meta name=\"author\" content=\"admin\" \/>\n<meta name=\"twitter:card\" content=\"summary_large_image\" \/>\n<meta name=\"twitter:label1\" content=\"\u041d\u0430\u043f\u0438\u0441\u0430\u043d\u043e \u043e\u0434\" \/>\n\t<meta name=\"twitter:data1\" content=\"admin\" \/>\n\t<meta name=\"twitter:label2\" content=\"\u041f\u0440\u043e\u0446\u0435\u045a\u0435\u043d\u043e \u0432\u0440\u0435\u043c\u0435 \u0447\u0438\u0442\u0430\u045a\u0430\" \/>\n\t<meta name=\"twitter:data2\" content=\"2 \u043c\u0438\u043d\u0443\u0442\u0430\" \/>\n<script type=\"application\/ld+json\" class=\"yoast-schema-graph\">{\"@context\":\"https:\/\/schema.org\",\"@graph\":[{\"@type\":\"WebPage\",\"@id\":\"https:\/\/president-ksgov.net\/urimi-i-presidentes-jahjaga-me-rastin-e-fillimit-te-vitit-te-ri-shkollor\/\",\"url\":\"https:\/\/president-ksgov.net\/urimi-i-presidentes-jahjaga-me-rastin-e-fillimit-te-vitit-te-ri-shkollor\/\",\"name\":\"\u010cestitka Predsednice Jahjaga povodom po\u010detka nove &#154;kolske godine - Predsednik Republike Kosovo - DR. VJOSA OSMANI - SADRIU\",\"isPartOf\":{\"@id\":\"https:\/\/president-ksgov.net\/#website\"},\"primaryImageOfPage\":{\"@id\":\"https:\/\/president-ksgov.net\/urimi-i-presidentes-jahjaga-me-rastin-e-fillimit-te-vitit-te-ri-shkollor\/#primaryimage\"},\"image\":{\"@id\":\"https:\/\/president-ksgov.net\/urimi-i-presidentes-jahjaga-me-rastin-e-fillimit-te-vitit-te-ri-shkollor\/#primaryimage\"},\"thumbnailUrl\":\"https:\/\/president-ksgov.net\/wp-content\/uploads\/Zyra-e-Presidentes-Featured-Image1-e1678970937938.png\",\"datePublished\":\"2014-09-01T23:01:50+00:00\",\"dateModified\":\"2014-09-01T23:01:50+00:00\",\"author\":{\"@id\":\"https:\/\/president-ksgov.net\/#\/schema\/person\/bb4337a5fb147cb2046d80548172cbee\"},\"description\":\"\u010cestitka Predsednice Jahjaga povodom po\u010detka nove &#154;kolske godine - Predsednik Republike Kosovo - DR. VJOSA OSMANI - SADRIU -\",\"breadcrumb\":{\"@id\":\"https:\/\/president-ksgov.net\/urimi-i-presidentes-jahjaga-me-rastin-e-fillimit-te-vitit-te-ri-shkollor\/#breadcrumb\"},\"inLanguage\":\"sr-RS\",\"potentialAction\":[{\"@type\":\"ReadAction\",\"target\":[\"https:\/\/president-ksgov.net\/urimi-i-presidentes-jahjaga-me-rastin-e-fillimit-te-vitit-te-ri-shkollor\/\"]}]},{\"@type\":\"ImageObject\",\"inLanguage\":\"sr-RS\",\"@id\":\"https:\/\/president-ksgov.net\/urimi-i-presidentes-jahjaga-me-rastin-e-fillimit-te-vitit-te-ri-shkollor\/#primaryimage\",\"url\":\"https:\/\/president-ksgov.net\/wp-content\/uploads\/Zyra-e-Presidentes-Featured-Image1-e1678970937938.png\",\"contentUrl\":\"https:\/\/president-ksgov.net\/wp-content\/uploads\/Zyra-e-Presidentes-Featured-Image1-e1678970937938.png\",\"width\":1024,\"height\":716},{\"@type\":\"BreadcrumbList\",\"@id\":\"https:\/\/president-ksgov.net\/urimi-i-presidentes-jahjaga-me-rastin-e-fillimit-te-vitit-te-ri-shkollor\/#breadcrumb\",\"itemListElement\":[{\"@type\":\"ListItem\",\"position\":1,\"name\":\"Home\",\"item\":\"https:\/\/president-ksgov.net\/sr\/\"},{\"@type\":\"ListItem\",\"position\":2,\"name\":\"\u010cestitka Predsednice Jahjaga povodom po\u010detka nove &#154;kolske godine\"}]},{\"@type\":\"WebSite\",\"@id\":\"https:\/\/president-ksgov.net\/#website\",\"url\":\"https:\/\/president-ksgov.net\/\",\"name\":\"Presidente e Republik\u00ebs s\u00eb Kosov\u00ebs\",\"description\":\"Presidente e Republik\u00ebs s\u00eb Kosov\u00ebs\",\"alternateName\":\"DR. VJOSA OSMANI - SADRIU\",\"potentialAction\":[{\"@type\":\"SearchAction\",\"target\":{\"@type\":\"EntryPoint\",\"urlTemplate\":\"https:\/\/president-ksgov.net\/?s={search_term_string}\"},\"query-input\":{\"@type\":\"PropertyValueSpecification\",\"valueRequired\":true,\"valueName\":\"search_term_string\"}}],\"inLanguage\":\"sr-RS\"},{\"@type\":\"Person\",\"@id\":\"https:\/\/president-ksgov.net\/#\/schema\/person\/bb4337a5fb147cb2046d80548172cbee\",\"name\":\"admin\",\"image\":{\"@type\":\"ImageObject\",\"inLanguage\":\"sr-RS\",\"@id\":\"https:\/\/president-ksgov.net\/#\/schema\/person\/image\/\",\"url\":\"https:\/\/secure.gravatar.com\/avatar\/36156ca0fa3b8d9d25174f146e16beea0cf28f37adf1b9e19b6c9c279a7c9dd3?s=96&d=mm&r=g\",\"contentUrl\":\"https:\/\/secure.gravatar.com\/avatar\/36156ca0fa3b8d9d25174f146e16beea0cf28f37adf1b9e19b6c9c279a7c9dd3?s=96&d=mm&r=g\",\"caption\":\"admin\"},\"sameAs\":[\"https:\/\/president-ksgov.net\"]}]}<\/script>\n<!-- \/ Yoast SEO plugin. -->","yoast_head_json":{"title":"\u010cestitka Predsednice Jahjaga povodom po\u010detka nove &#154;kolske godine - Predsednik Republike Kosovo - DR. VJOSA OSMANI - SADRIU","description":"\u010cestitka Predsednice Jahjaga povodom po\u010detka nove &#154;kolske godine - Predsednik Republike Kosovo - DR. VJOSA OSMANI - SADRIU -","robots":{"index":"index","follow":"follow","max-snippet":"max-snippet:-1","max-image-preview":"max-image-preview:large","max-video-preview":"max-video-preview:-1"},"canonical":"https:\/\/president-ksgov.net\/urimi-i-presidentes-jahjaga-me-rastin-e-fillimit-te-vitit-te-ri-shkollor\/","og_locale":"sr_RS","og_type":"article","og_title":"\u010cestitka Predsednice Jahjaga povodom po\u010detka nove &#154;kolske godine - Predsednik Republike Kosovo - DR. VJOSA OSMANI - SADRIU","og_description":"\u010cestitka Predsednice Jahjaga povodom po\u010detka nove &#154;kolske godine - Predsednik Republike Kosovo - DR. VJOSA OSMANI - SADRIU -","og_url":"https:\/\/president-ksgov.net\/urimi-i-presidentes-jahjaga-me-rastin-e-fillimit-te-vitit-te-ri-shkollor\/","og_site_name":"Predsednik Republike Kosovo - DR. VJOSA OSMANI - SADRIU","article_published_time":"2014-09-01T23:01:50+00:00","og_image":[{"width":1024,"height":716,"url":"https:\/\/president-ksgov.net\/wp-content\/uploads\/Zyra-e-Presidentes-Featured-Image1-e1678970937938.png","type":"image\/png"}],"author":"admin","twitter_card":"summary_large_image","twitter_misc":{"\u041d\u0430\u043f\u0438\u0441\u0430\u043d\u043e \u043e\u0434":"admin","\u041f\u0440\u043e\u0446\u0435\u045a\u0435\u043d\u043e \u0432\u0440\u0435\u043c\u0435 \u0447\u0438\u0442\u0430\u045a\u0430":"2 \u043c\u0438\u043d\u0443\u0442\u0430"},"schema":{"@context":"https:\/\/schema.org","@graph":[{"@type":"WebPage","@id":"https:\/\/president-ksgov.net\/urimi-i-presidentes-jahjaga-me-rastin-e-fillimit-te-vitit-te-ri-shkollor\/","url":"https:\/\/president-ksgov.net\/urimi-i-presidentes-jahjaga-me-rastin-e-fillimit-te-vitit-te-ri-shkollor\/","name":"\u010cestitka Predsednice Jahjaga povodom po\u010detka nove &#154;kolske godine - Predsednik Republike Kosovo - DR. VJOSA OSMANI - SADRIU","isPartOf":{"@id":"https:\/\/president-ksgov.net\/#website"},"primaryImageOfPage":{"@id":"https:\/\/president-ksgov.net\/urimi-i-presidentes-jahjaga-me-rastin-e-fillimit-te-vitit-te-ri-shkollor\/#primaryimage"},"image":{"@id":"https:\/\/president-ksgov.net\/urimi-i-presidentes-jahjaga-me-rastin-e-fillimit-te-vitit-te-ri-shkollor\/#primaryimage"},"thumbnailUrl":"https:\/\/president-ksgov.net\/wp-content\/uploads\/Zyra-e-Presidentes-Featured-Image1-e1678970937938.png","datePublished":"2014-09-01T23:01:50+00:00","dateModified":"2014-09-01T23:01:50+00:00","author":{"@id":"https:\/\/president-ksgov.net\/#\/schema\/person\/bb4337a5fb147cb2046d80548172cbee"},"description":"\u010cestitka Predsednice Jahjaga povodom po\u010detka nove &#154;kolske godine - Predsednik Republike Kosovo - DR. VJOSA OSMANI - SADRIU -","breadcrumb":{"@id":"https:\/\/president-ksgov.net\/urimi-i-presidentes-jahjaga-me-rastin-e-fillimit-te-vitit-te-ri-shkollor\/#breadcrumb"},"inLanguage":"sr-RS","potentialAction":[{"@type":"ReadAction","target":["https:\/\/president-ksgov.net\/urimi-i-presidentes-jahjaga-me-rastin-e-fillimit-te-vitit-te-ri-shkollor\/"]}]},{"@type":"ImageObject","inLanguage":"sr-RS","@id":"https:\/\/president-ksgov.net\/urimi-i-presidentes-jahjaga-me-rastin-e-fillimit-te-vitit-te-ri-shkollor\/#primaryimage","url":"https:\/\/president-ksgov.net\/wp-content\/uploads\/Zyra-e-Presidentes-Featured-Image1-e1678970937938.png","contentUrl":"https:\/\/president-ksgov.net\/wp-content\/uploads\/Zyra-e-Presidentes-Featured-Image1-e1678970937938.png","width":1024,"height":716},{"@type":"BreadcrumbList","@id":"https:\/\/president-ksgov.net\/urimi-i-presidentes-jahjaga-me-rastin-e-fillimit-te-vitit-te-ri-shkollor\/#breadcrumb","itemListElement":[{"@type":"ListItem","position":1,"name":"Home","item":"https:\/\/president-ksgov.net\/sr\/"},{"@type":"ListItem","position":2,"name":"\u010cestitka Predsednice Jahjaga povodom po\u010detka nove &#154;kolske godine"}]},{"@type":"WebSite","@id":"https:\/\/president-ksgov.net\/#website","url":"https:\/\/president-ksgov.net\/","name":"Presidente e Republik\u00ebs s\u00eb Kosov\u00ebs","description":"Presidente e Republik\u00ebs s\u00eb Kosov\u00ebs","alternateName":"DR. VJOSA OSMANI - SADRIU","potentialAction":[{"@type":"SearchAction","target":{"@type":"EntryPoint","urlTemplate":"https:\/\/president-ksgov.net\/?s={search_term_string}"},"query-input":{"@type":"PropertyValueSpecification","valueRequired":true,"valueName":"search_term_string"}}],"inLanguage":"sr-RS"},{"@type":"Person","@id":"https:\/\/president-ksgov.net\/#\/schema\/person\/bb4337a5fb147cb2046d80548172cbee","name":"admin","image":{"@type":"ImageObject","inLanguage":"sr-RS","@id":"https:\/\/president-ksgov.net\/#\/schema\/person\/image\/","url":"https:\/\/secure.gravatar.com\/avatar\/36156ca0fa3b8d9d25174f146e16beea0cf28f37adf1b9e19b6c9c279a7c9dd3?s=96&d=mm&r=g","contentUrl":"https:\/\/secure.gravatar.com\/avatar\/36156ca0fa3b8d9d25174f146e16beea0cf28f37adf1b9e19b6c9c279a7c9dd3?s=96&d=mm&r=g","caption":"admin"},"sameAs":["https:\/\/president-ksgov.net"]}]}},"_links":{"self":[{"href":"https:\/\/president-ksgov.net\/sr\/wp-json\/wp\/v2\/posts\/77727","targetHints":{"allow":["GET"]}}],"collection":[{"href":"https:\/\/president-ksgov.net\/sr\/wp-json\/wp\/v2\/posts"}],"about":[{"href":"https:\/\/president-ksgov.net\/sr\/wp-json\/wp\/v2\/types\/post"}],"author":[{"embeddable":true,"href":"https:\/\/president-ksgov.net\/sr\/wp-json\/wp\/v2\/users\/1"}],"replies":[{"embeddable":true,"href":"https:\/\/president-ksgov.net\/sr\/wp-json\/wp\/v2\/comments?post=77727"}],"version-history":[{"count":0,"href":"https:\/\/president-ksgov.net\/sr\/wp-json\/wp\/v2\/posts\/77727\/revisions"}],"wp:featuredmedia":[{"embeddable":true,"href":"https:\/\/president-ksgov.net\/sr\/wp-json\/wp\/v2\/media\/86338"}],"wp:attachment":[{"href":"https:\/\/president-ksgov.net\/sr\/wp-json\/wp\/v2\/media?parent=77727"}],"wp:term":[{"taxonomy":"category","embeddable":true,"href":"https:\/\/president-ksgov.net\/sr\/wp-json\/wp\/v2\/categories?post=77727"},{"taxonomy":"post_tag","embeddable":true,"href":"https:\/\/president-ksgov.net\/sr\/wp-json\/wp\/v2\/tags?post=77727"}],"curies":[{"name":"wp","href":"https:\/\/api.w.org\/{rel}","templated":true}]}}